{"id":6779,"date":"2023-05-04T19:03:34","date_gmt":"2023-05-04T17:03:34","guid":{"rendered":"https:\/\/www.asajacyl.com\/soria\/?p=6779"},"modified":"2023-05-11T17:20:35","modified_gmt":"2023-05-11T15:20:35","slug":"ana-pastor-nueva-presidenta-de-asaja-soria","status":"publish","type":"post","link":"https:\/\/www.asajacyl.com\/soria\/asaja-soria-informa\/ana-pastor-nueva-presidenta-de-asaja-soria","title":{"rendered":"<strong>ANA PASTOR, NUEVA PRESIDENTA DE ASAJA SORIA<\/strong>"},"content":{"rendered":"\n\n\n<h2>Tras seis a\u00f1os como miembro de la directiva, esta agricultora de Santa Mar\u00eda del Prado toma las riendas de la OPA<\/h2>\n<h2>Primera mujer que lidera una organizaci\u00f3n profesional agraria en Castilla y Le\u00f3n<\/h2>\n<p>ASAJA Soria tiene nueva presidenta: Ana Pastor Soria. As\u00ed lo ratificaron en asamblea general ordinaria el jueves d\u00eda 4 de mayo los socios de la organizaci\u00f3n con su respaldo masivo por aclamaci\u00f3n a la \u00fanica candidatura presentada, para sustituir de esta forma a Carmelo G\u00f3mez Sanz, quien dese\u00f3 la mejor de las suertes a su sucesora, y fue el encargado de exponer el balance sindical y coordinar las tareas de votaci\u00f3n, lectura de cuentas y ruegos y preguntas.<\/p>\n<p>El Sal\u00f3n de Actos de la Escuela de Ingenier\u00edas Agrarias del Campus \u201cDuques de Soria\u201d se qued\u00f3 peque\u00f1o para acoger a tantos socios que asistieron, dado adem\u00e1s que este a\u00f1o hab\u00eda elecciones a la presidencia y que muchos tambi\u00e9n -incluidas autoridades, responsables de otras ASAJA y entidades diversas- quisieron acercarse a despedir a Carmelo G\u00f3mez despu\u00e9s de cuatro legislaturas.<\/p>\n<p><img loading=\"lazy\" decoding=\"async\" class=\"aligncenter size-full wp-image-6790\" src=\"https:\/\/www.asajacyl.com\/soria\/wp-content\/uploads\/sites\/9\/2023\/05\/IMG_8594.jpg\" alt=\"\" width=\"2500\" height=\"1875\" srcset=\"https:\/\/www.asajacyl.com\/soria\/wp-content\/uploads\/sites\/9\/2023\/05\/IMG_8594.jpg 2500w, https:\/\/www.asajacyl.com\/soria\/wp-content\/uploads\/sites\/9\/2023\/05\/IMG_8594-300x225.jpg 300w, https:\/\/www.asajacyl.com\/soria\/wp-content\/uploads\/sites\/9\/2023\/05\/IMG_8594-1024x768.jpg 1024w, https:\/\/www.asajacyl.com\/soria\/wp-content\/uploads\/sites\/9\/2023\/05\/IMG_8594-768x576.jpg 768w, https:\/\/www.asajacyl.com\/soria\/wp-content\/uploads\/sites\/9\/2023\/05\/IMG_8594-1536x1152.jpg 1536w, https:\/\/www.asajacyl.com\/soria\/wp-content\/uploads\/sites\/9\/2023\/05\/IMG_8594-2048x1536.jpg 2048w, https:\/\/www.asajacyl.com\/soria\/wp-content\/uploads\/sites\/9\/2023\/05\/IMG_8594-696x522.jpg 696w, https:\/\/www.asajacyl.com\/soria\/wp-content\/uploads\/sites\/9\/2023\/05\/IMG_8594-1068x801.jpg 1068w, https:\/\/www.asajacyl.com\/soria\/wp-content\/uploads\/sites\/9\/2023\/05\/IMG_8594-1920x1440.jpg 1920w, https:\/\/www.asajacyl.com\/soria\/wp-content\/uploads\/sites\/9\/2023\/05\/IMG_8594-560x420.jpg 560w, https:\/\/www.asajacyl.com\/soria\/wp-content\/uploads\/sites\/9\/2023\/05\/IMG_8594-80x60.jpg 80w\" sizes=\"(max-width: 2500px) 100vw, 2500px\" \/><\/p>\n<p><img loading=\"lazy\" decoding=\"async\" class=\"aligncenter size-full wp-image-6792\" src=\"https:\/\/www.asajacyl.com\/soria\/wp-content\/uploads\/sites\/9\/2023\/05\/IMG_8596.jpg\" alt=\"\" width=\"2500\" height=\"1875\" srcset=\"https:\/\/www.asajacyl.com\/soria\/wp-content\/uploads\/sites\/9\/2023\/05\/IMG_8596.jpg 2500w, https:\/\/www.asajacyl.com\/soria\/wp-content\/uploads\/sites\/9\/2023\/05\/IMG_8596-300x225.jpg 300w, https:\/\/www.asajacyl.com\/soria\/wp-content\/uploads\/sites\/9\/2023\/05\/IMG_8596-1024x768.jpg 1024w, https:\/\/www.asajacyl.com\/soria\/wp-content\/uploads\/sites\/9\/2023\/05\/IMG_8596-768x576.jpg 768w, https:\/\/www.asajacyl.com\/soria\/wp-content\/uploads\/sites\/9\/2023\/05\/IMG_8596-1536x1152.jpg 1536w, https:\/\/www.asajacyl.com\/soria\/wp-content\/uploads\/sites\/9\/2023\/05\/IMG_8596-2048x1536.jpg 2048w, https:\/\/www.asajacyl.com\/soria\/wp-content\/uploads\/sites\/9\/2023\/05\/IMG_8596-696x522.jpg 696w, https:\/\/www.asajacyl.com\/soria\/wp-content\/uploads\/sites\/9\/2023\/05\/IMG_8596-1068x801.jpg 1068w, https:\/\/www.asajacyl.com\/soria\/wp-content\/uploads\/sites\/9\/2023\/05\/IMG_8596-1920x1440.jpg 1920w, https:\/\/www.asajacyl.com\/soria\/wp-content\/uploads\/sites\/9\/2023\/05\/IMG_8596-560x420.jpg 560w, https:\/\/www.asajacyl.com\/soria\/wp-content\/uploads\/sites\/9\/2023\/05\/IMG_8596-80x60.jpg 80w\" sizes=\"(max-width: 2500px) 100vw, 2500px\" \/><em>En el proceso democr\u00e1tico, los socios decidieron elegir a la nueva presidenta por aclamaci\u00f3n.<\/em><\/p>\n<p>Ana Pastor tiene 32 a\u00f1os y es originaria de la localidad de Santa Mar\u00eda del Prado, a poco m\u00e1s de 10 kil\u00f3metros de Almaz\u00e1n. Es agricultora profesional. Llevaba alrededor de seis a\u00f1os en la junta directiva y de ellos los dos \u00faltimos ha ejercido de vicepresidenta. Tambi\u00e9n es vocal del comit\u00e9 ejecutivo nacional de ASAJA. A partir de ahora se convierte en la primera mujer que lidera una organizaci\u00f3n profesional agraria en la regi\u00f3n.<\/p>\n<p><img loading=\"lazy\" decoding=\"async\" class=\"aligncenter size-full wp-image-6780\" src=\"https:\/\/www.asajacyl.com\/soria\/wp-content\/uploads\/sites\/9\/2023\/05\/IMG_8655.jpg\" alt=\"\" width=\"2500\" height=\"1875\" srcset=\"https:\/\/www.asajacyl.com\/soria\/wp-content\/uploads\/sites\/9\/2023\/05\/IMG_8655.jpg 2500w, https:\/\/www.asajacyl.com\/soria\/wp-content\/uploads\/sites\/9\/2023\/05\/IMG_8655-300x225.jpg 300w, https:\/\/www.asajacyl.com\/soria\/wp-content\/uploads\/sites\/9\/2023\/05\/IMG_8655-1024x768.jpg 1024w, https:\/\/www.asajacyl.com\/soria\/wp-content\/uploads\/sites\/9\/2023\/05\/IMG_8655-768x576.jpg 768w, https:\/\/www.asajacyl.com\/soria\/wp-content\/uploads\/sites\/9\/2023\/05\/IMG_8655-1536x1152.jpg 1536w, https:\/\/www.asajacyl.com\/soria\/wp-content\/uploads\/sites\/9\/2023\/05\/IMG_8655-2048x1536.jpg 2048w, https:\/\/www.asajacyl.com\/soria\/wp-content\/uploads\/sites\/9\/2023\/05\/IMG_8655-696x522.jpg 696w, https:\/\/www.asajacyl.com\/soria\/wp-content\/uploads\/sites\/9\/2023\/05\/IMG_8655-1068x801.jpg 1068w, https:\/\/www.asajacyl.com\/soria\/wp-content\/uploads\/sites\/9\/2023\/05\/IMG_8655-1920x1440.jpg 1920w, https:\/\/www.asajacyl.com\/soria\/wp-content\/uploads\/sites\/9\/2023\/05\/IMG_8655-560x420.jpg 560w, https:\/\/www.asajacyl.com\/soria\/wp-content\/uploads\/sites\/9\/2023\/05\/IMG_8655-80x60.jpg 80w\" sizes=\"(max-width: 2500px) 100vw, 2500px\" \/><em>Ana Pastor, flanqueda por el secretario general del MAPA y el presidente nacional de ASAJA junto a miembros de la directiva entrante y de los que ya no renovaban.<\/em><\/p>\n<p>Junto a Ana Pastor, el resto de la junta directiva queda conformada por Alejandro Aguado Gonz\u00e1lez, Fernando Borque Sanz, Sergio Moreno Rodrig\u00e1lvarez, Carmelo G\u00f3mez Sanz, Miguel \u00c1ngel Lozano Guti\u00e9rrez, Montse Gil Tejedor, Iv\u00e1n Rebollar Romero, Rub\u00e9n Sotillos Crespo, Jos\u00e9 Luis Romero Iglesias, Samuel Gonzalo Casado, Restituto Nafr\u00eda Bo\u00edllos, Pedro Revuelto Dur\u00e1n, Diego Escalada Molina, Julio Jos\u00e9 Rodrig\u00e1lvarez Pinilla y Carlos Mart\u00ednez Tom\u00e1s.<\/p>\n<p><img loading=\"lazy\" decoding=\"async\" class=\"aligncenter size-full wp-image-6784\" src=\"https:\/\/www.asajacyl.com\/soria\/wp-content\/uploads\/sites\/9\/2023\/05\/IMG_8693.jpg\" alt=\"\" width=\"2500\" height=\"1875\" srcset=\"https:\/\/www.asajacyl.com\/soria\/wp-content\/uploads\/sites\/9\/2023\/05\/IMG_8693.jpg 2500w, https:\/\/www.asajacyl.com\/soria\/wp-content\/uploads\/sites\/9\/2023\/05\/IMG_8693-300x225.jpg 300w, https:\/\/www.asajacyl.com\/soria\/wp-content\/uploads\/sites\/9\/2023\/05\/IMG_8693-1024x768.jpg 1024w, https:\/\/www.asajacyl.com\/soria\/wp-content\/uploads\/sites\/9\/2023\/05\/IMG_8693-768x576.jpg 768w, https:\/\/www.asajacyl.com\/soria\/wp-content\/uploads\/sites\/9\/2023\/05\/IMG_8693-1536x1152.jpg 1536w, https:\/\/www.asajacyl.com\/soria\/wp-content\/uploads\/sites\/9\/2023\/05\/IMG_8693-2048x1536.jpg 2048w, https:\/\/www.asajacyl.com\/soria\/wp-content\/uploads\/sites\/9\/2023\/05\/IMG_8693-696x522.jpg 696w, https:\/\/www.asajacyl.com\/soria\/wp-content\/uploads\/sites\/9\/2023\/05\/IMG_8693-1068x801.jpg 1068w, https:\/\/www.asajacyl.com\/soria\/wp-content\/uploads\/sites\/9\/2023\/05\/IMG_8693-1920x1440.jpg 1920w, https:\/\/www.asajacyl.com\/soria\/wp-content\/uploads\/sites\/9\/2023\/05\/IMG_8693-560x420.jpg 560w, https:\/\/www.asajacyl.com\/soria\/wp-content\/uploads\/sites\/9\/2023\/05\/IMG_8693-80x60.jpg 80w\" sizes=\"(max-width: 2500px) 100vw, 2500px\" \/><em>Ana Pastor se dirige a un abarrotado Sal\u00f3n de Actos del Campus para dar su primer discurso como presidenta de ASAJA Soria.<\/em><\/p>\n<p>Nada m\u00e1s ser elegida, la presidenta ofreci\u00f3 unas pinceladas de sus intenciones al frente de la OPA y asever\u00f3 que \u201cme voy a encontrar con problemas ya casi cr\u00f3nicos, que conozco y sufro al igual que el resto del sector, como la burocracia, la crisis de precios y los desequilibrios en la cadena alimentaria\u201d. Asimismo, mencion\u00f3 otros aspectos, como \u201cla sequ\u00eda terrible de esta campa\u00f1a, el comercio exterior y el control de fronteras en puertos de entrada por la llegada de producciones de terceros pa\u00edses, adem\u00e1s de otros muchos que requerir\u00e1n nuevas actitudes y nuevas miras, como la digitalizaci\u00f3n del sector agrario, la preocupaci\u00f3n por el cambio clim\u00e1tico y la profunda transformaci\u00f3n que se espera para los pr\u00f3ximos a\u00f1os a la vista de que m\u00e1s del 55 por ciento de los agricultores y ganaderos de Soria supera ya casi la edad de jubilaci\u00f3n\u201d. Para Pastor, \u201cesto nos impone como uno de los primeros objetivos transmitir a la gente joven la necesidad de unir sus fuerzas a trav\u00e9s de la asociaci\u00f3n y a la vez va a exigir a la organizaci\u00f3n estar pendiente de las nuevas necesidades que queramos para nuestras empresas y de los nuevos retos que este nuevo orden nos vaya trayendo\u201d.<\/p>\n<p><img loading=\"lazy\" decoding=\"async\" class=\"aligncenter size-full wp-image-6781\" src=\"https:\/\/www.asajacyl.com\/soria\/wp-content\/uploads\/sites\/9\/2023\/05\/IMG_8659.jpg\" alt=\"\" width=\"1875\" height=\"2500\" srcset=\"https:\/\/www.asajacyl.com\/soria\/wp-content\/uploads\/sites\/9\/2023\/05\/IMG_8659.jpg 1875w, https:\/\/www.asajacyl.com\/soria\/wp-content\/uploads\/sites\/9\/2023\/05\/IMG_8659-225x300.jpg 225w, https:\/\/www.asajacyl.com\/soria\/wp-content\/uploads\/sites\/9\/2023\/05\/IMG_8659-768x1024.jpg 768w, https:\/\/www.asajacyl.com\/soria\/wp-content\/uploads\/sites\/9\/2023\/05\/IMG_8659-1152x1536.jpg 1152w, https:\/\/www.asajacyl.com\/soria\/wp-content\/uploads\/sites\/9\/2023\/05\/IMG_8659-1536x2048.jpg 1536w, https:\/\/www.asajacyl.com\/soria\/wp-content\/uploads\/sites\/9\/2023\/05\/IMG_8659-696x928.jpg 696w, https:\/\/www.asajacyl.com\/soria\/wp-content\/uploads\/sites\/9\/2023\/05\/IMG_8659-1068x1424.jpg 1068w, https:\/\/www.asajacyl.com\/soria\/wp-content\/uploads\/sites\/9\/2023\/05\/IMG_8659-315x420.jpg 315w\" sizes=\"(max-width: 1875px) 100vw, 1875px\" \/><em>Sequ\u00eda, precios, y necesidad de dar la batalla juntos fueron algunas de las primeras palabras de su alocuci\u00f3n.<\/em><\/p>\n<p>Pastor tuvo tambi\u00e9n palabras muy afectuosas para su predecesor, del que dijo que \u201csi la provincia de Soria ha tenido una figura y l\u00edder indiscutible en el \u00e1mbito agr\u00edcola y ganadero durante su historia reciente, ese ha sido Carmelo G\u00f3mez, que se despide de la presidencia de esta organizaci\u00f3n a la que ha hecho crecer durante 16 a\u00f1os. Sin \u00e9l, sinceramente ahora yo no estar\u00eda aqu\u00ed. Su apoyo y \u00e1nimo ha sido, es y va a ser determinante en mi nuevo desempe\u00f1o\u201d. La nueva presidenta dej\u00f3 las cartas bien al descubierto y adelant\u00f3 que \u201ccuento con \u00e9l para la junta directiva y le agradezco, y creo que en nombre de muchos, los desvelos y el trabajo que ha desarrollado en favor del campo provincial. Eso en lo profesional, pero en lo personal tambi\u00e9n quiero destacar su honestidad y compa\u00f1erismo\u201d. Esa admiraci\u00f3n y respeto fue la t\u00f3nica de la asamblea, que se puso completamente en pie para aplaudir al que ha sido presidente de ASAJA desde 2007, despu\u00e9s de una emotiva intervenci\u00f3n con diferentes agradecimientos antes de dar paso a la votaci\u00f3n que pon\u00eda punto final a su cometido en la presidencia.<\/p>\n<p><img loading=\"lazy\" decoding=\"async\" class=\"aligncenter size-full wp-image-6783\" src=\"https:\/\/www.asajacyl.com\/soria\/wp-content\/uploads\/sites\/9\/2023\/05\/IMG_8646.jpg\" alt=\"\" width=\"2500\" height=\"1875\" srcset=\"https:\/\/www.asajacyl.com\/soria\/wp-content\/uploads\/sites\/9\/2023\/05\/IMG_8646.jpg 2500w, https:\/\/www.asajacyl.com\/soria\/wp-content\/uploads\/sites\/9\/2023\/05\/IMG_8646-300x225.jpg 300w, https:\/\/www.asajacyl.com\/soria\/wp-content\/uploads\/sites\/9\/2023\/05\/IMG_8646-1024x768.jpg 1024w, https:\/\/www.asajacyl.com\/soria\/wp-content\/uploads\/sites\/9\/2023\/05\/IMG_8646-768x576.jpg 768w, https:\/\/www.asajacyl.com\/soria\/wp-content\/uploads\/sites\/9\/2023\/05\/IMG_8646-1536x1152.jpg 1536w, https:\/\/www.asajacyl.com\/soria\/wp-content\/uploads\/sites\/9\/2023\/05\/IMG_8646-2048x1536.jpg 2048w, https:\/\/www.asajacyl.com\/soria\/wp-content\/uploads\/sites\/9\/2023\/05\/IMG_8646-696x522.jpg 696w, https:\/\/www.asajacyl.com\/soria\/wp-content\/uploads\/sites\/9\/2023\/05\/IMG_8646-1068x801.jpg 1068w, https:\/\/www.asajacyl.com\/soria\/wp-content\/uploads\/sites\/9\/2023\/05\/IMG_8646-1920x1440.jpg 1920w, https:\/\/www.asajacyl.com\/soria\/wp-content\/uploads\/sites\/9\/2023\/05\/IMG_8646-560x420.jpg 560w, https:\/\/www.asajacyl.com\/soria\/wp-content\/uploads\/sites\/9\/2023\/05\/IMG_8646-80x60.jpg 80w\" sizes=\"(max-width: 2500px) 100vw, 2500px\" \/><em>Carmelo G\u00f3mez levant\u00f3 al auditorio de sus asientos despu\u00e9s de unas breves palabras muy emotivas en su adi\u00f3s a la presidencia de ASAJA.<\/em><\/p>\n<p>Asisti\u00f3 a esta asamblea el presidente de ASAJA en Castilla y Le\u00f3n, Donaciano Dujo, quien fue el primero en felicitar a la nueva presidenta, y solicit\u00f3 a los profesionales de la agroganader\u00eda presentes que no escatimasen en ning\u00fan momento ayuda y confianza en el proyecto de Ana Pastor. Asimismo, el m\u00e1ximo responsable regional de la organizaci\u00f3n se dirigi\u00f3 a los profesionales del campo que se hab\u00edan citado en el Sal\u00f3n de Actos del Campus de Soria para hablarles de las nefastas perspectivas que hay de la cosecha de este a\u00f1o y, posteriormente, agradeci\u00f3 a G\u00f3mez y a su equipo t\u00e9cnico por ser \u00abun referente en el tema reivindicativo en Castilla y Le\u00f3n y en Espa\u00f1a\u00bb.\u00a0<\/p>\n<p>Dujo apunt\u00f3 adem\u00e1s que \u201cse suele decir que lo m\u00e1s importante que un presidente agrario logra en el mandato es lo que consigue para el campo y en lo que no permite que suceda en contra del sector, pero es tambi\u00e9n muy bonito el afecto generado, las personas a las que se conoce, los amigos que se hacen por el camino\u201d.<\/p>\n<p><img loading=\"lazy\" decoding=\"async\" class=\"aligncenter  wp-image-6787\" src=\"https:\/\/www.asajacyl.com\/soria\/wp-content\/uploads\/sites\/9\/2023\/05\/PHOTO-2023-05-04-12-18-06.jpg\" alt=\"\" width=\"1036\" height=\"777\" srcset=\"https:\/\/www.asajacyl.com\/soria\/wp-content\/uploads\/sites\/9\/2023\/05\/PHOTO-2023-05-04-12-18-06.jpg 1024w, https:\/\/www.asajacyl.com\/soria\/wp-content\/uploads\/sites\/9\/2023\/05\/PHOTO-2023-05-04-12-18-06-300x225.jpg 300w, https:\/\/www.asajacyl.com\/soria\/wp-content\/uploads\/sites\/9\/2023\/05\/PHOTO-2023-05-04-12-18-06-768x576.jpg 768w, https:\/\/www.asajacyl.com\/soria\/wp-content\/uploads\/sites\/9\/2023\/05\/PHOTO-2023-05-04-12-18-06-696x522.jpg 696w, https:\/\/www.asajacyl.com\/soria\/wp-content\/uploads\/sites\/9\/2023\/05\/PHOTO-2023-05-04-12-18-06-560x420.jpg 560w, https:\/\/www.asajacyl.com\/soria\/wp-content\/uploads\/sites\/9\/2023\/05\/PHOTO-2023-05-04-12-18-06-80x60.jpg 80w\" sizes=\"(max-width: 1036px) 100vw, 1036px\" \/><\/p>\n<p><em>Dujo fue muy cr\u00edtico con la nueva PAC y habl\u00f3 sobre los da\u00f1os de la fauna salvaje, la falta de lluvia y las pasadas elecciones del campo.<\/em><\/p>\n<p>A la vez, elogi\u00f3 la labor de los t\u00e9cnicos de ASAJA Soria y del resto de la regi\u00f3n en todo lo referente a la tramitaci\u00f3n de la PAC. En este sentido, argument\u00f3 que \u201ces una barbaridad y no tiene sentido. Prima el abandono de la producci\u00f3n y a los no profesionales. Adem\u00e1s, con esta sequ\u00eda lo que pedimos es flexibilidad en la PAC para que no nos obliguen a gastar de m\u00e1s\u201d.<\/p>\n<p>Tambi\u00e9n se refiri\u00f3 a la necesidad de que \u201clas administraciones den la cara por nosotros, como nosotros la hemos dado siempre por la sociedad, que tengan en cuenta la situaci\u00f3n de falta de lluvias y que el seguro, que es una herramienta muy importante, se adapte a los tiempos y d\u00e9 seguridad de rentas\u201d. En su alocuci\u00f3n tambi\u00e9n dej\u00f3 muy claro que \u201cel conjunto de Castilla y Le\u00f3n pide una declaraci\u00f3n inmediata de sequ\u00eda a la Consejer\u00eda de Agricultura y al Gobierno central para paliar la grave situaci\u00f3n\u201d. Por \u00faltimo, Dujo mencion\u00f3 un sinf\u00edn de asuntos de actualidad, entre los que destac\u00f3 que \u201cno queremos que aquello que trabajamos se lo lleve la fauna salvaje. A eso se tienen que dedicar los responsables pol\u00edticos y no a prohibirnos cosechar\u201d. Tambi\u00e9n record\u00f3 los excelentes resultados electorales de ASAJA Soria y por ello agradeci\u00f3 a todos los socios presentes \u201cel respaldo y la confianza en la reciente consulta sobre representatividad de las organizaciones agrarias\u201d.<\/p>\n<p>\u00a0<\/p>\n<p>La asamblea tambi\u00e9n cont\u00f3 con la presencia del presidente nacional de ASAJA, Pedro Barato, quien comenz\u00f3 su alocuci\u00f3n con palabras de cari\u00f1o para Carmelo G\u00f3mez, de quien se deshizo en elogios, tanto en su vertiente reivindicativa y profesional como en lo personal, y dijo que \u201cCarmelo es una persona honrada y sencilla que siempre ha estado ah\u00ed en los momentos duros por el inter\u00e9s general, muy terco en batallar siempre por el campo de su provincia\u201d.<\/p>\n<p>Adem\u00e1s, le ten\u00eda una sorpresa preparada. El env\u00edo de una carta al ministro Luis Planas para que tenga a bien conceder a Carmelo G\u00f3mez Sanz la medalla al M\u00e9rito Agrario por su trayectoria en la lucha, compromiso y trabajo por el campo.<\/p>\n<p>Ya en lo m\u00e1s estrictamente sectorial, Pedro Barato dio un dato muy preocupante: \u201cel 75 por ciento del cereal de secano de Espa\u00f1a se ha perdido. Hay algunas zonas en las que queda algo de agua, pero existen muchos problemas tanto en las zonas de secano como en la ganader\u00eda extensiva\u201d. Se refiri\u00f3 adem\u00e1s a la ausencia de paja este a\u00f1o ya en casi todo el territorio nacional, \u201cun problema de primera magnitud, que no aguanta parches y que de cara a la campa\u00f1a de septiembre supone otro problema\u201d.<\/p>\n<p><em><img loading=\"lazy\" decoding=\"async\" class=\"aligncenter size-full wp-image-6786\" src=\"https:\/\/www.asajacyl.com\/soria\/wp-content\/uploads\/sites\/9\/2023\/05\/IMG_8715.jpg\" alt=\"\" width=\"2500\" height=\"1875\" srcset=\"https:\/\/www.asajacyl.com\/soria\/wp-content\/uploads\/sites\/9\/2023\/05\/IMG_8715.jpg 2500w, https:\/\/www.asajacyl.com\/soria\/wp-content\/uploads\/sites\/9\/2023\/05\/IMG_8715-300x225.jpg 300w, https:\/\/www.asajacyl.com\/soria\/wp-content\/uploads\/sites\/9\/2023\/05\/IMG_8715-1024x768.jpg 1024w, https:\/\/www.asajacyl.com\/soria\/wp-content\/uploads\/sites\/9\/2023\/05\/IMG_8715-768x576.jpg 768w, https:\/\/www.asajacyl.com\/soria\/wp-content\/uploads\/sites\/9\/2023\/05\/IMG_8715-1536x1152.jpg 1536w, https:\/\/www.asajacyl.com\/soria\/wp-content\/uploads\/sites\/9\/2023\/05\/IMG_8715-2048x1536.jpg 2048w, https:\/\/www.asajacyl.com\/soria\/wp-content\/uploads\/sites\/9\/2023\/05\/IMG_8715-696x522.jpg 696w, https:\/\/www.asajacyl.com\/soria\/wp-content\/uploads\/sites\/9\/2023\/05\/IMG_8715-1068x801.jpg 1068w, https:\/\/www.asajacyl.com\/soria\/wp-content\/uploads\/sites\/9\/2023\/05\/IMG_8715-1920x1440.jpg 1920w, https:\/\/www.asajacyl.com\/soria\/wp-content\/uploads\/sites\/9\/2023\/05\/IMG_8715-560x420.jpg 560w, https:\/\/www.asajacyl.com\/soria\/wp-content\/uploads\/sites\/9\/2023\/05\/IMG_8715-80x60.jpg 80w\" sizes=\"(max-width: 2500px) 100vw, 2500px\" \/>Pedro Barato pidi\u00f3 que el Gobierno act\u00fae con medidas y ayudas directas porque el 75 por ciento del secano de Espa\u00f1a ya no se va a segar.<\/em><\/p>\n<p>El presidente nacional de ASAJA enfatiz\u00f3 tambi\u00e9n que \u00abno se puede jugar con la alimentaci\u00f3n\u00bb y adelant\u00f3 que habr\u00e1 situaciones complicadas que \u00abno tendr\u00e1n arreglo\u00bb, por lo que pidi\u00f3 al Gobierno soluciones y que se \u00abdeje de jugar con las cosas de comer, que ponga en marcha un plan de choque urgente por las condiciones de sequ\u00eda con medidas y plazos concretos\u201d. Por \u00faltimo, elogi\u00f3 las \u201cganas y la ilusi\u00f3n de la nueva presidenta, a la que considero una persona inteligente y perfectamente capaz de llevar las riendas de ASAJA en Soria\u201d.<\/p>\n<p>La clausura corri\u00f3 a cargo del secretario general de MAPA, Fernando Miranda, quien dese\u00f3 \u201cmucha suerte a Ana Pastor en su nuevo cometido\u201d y reconoci\u00f3 el \u201cgran trabajo de Carmelo G\u00f3mez al frente de ASAJA durante 16 a\u00f1os\u201d. Miranda no ocult\u00f3 la necesidad de que las administraciones hagan un esfuerzo com\u00fan, en este contexto de sequ\u00eda, para \u201cque cada uno haga el suyo y as\u00ed poder hacer frente a esta situaci\u00f3n, que se une a unos precios de los inputs que ya en 2022 eran lo nunca visto en fertilizantes, maquinaria o semillas\u201d.<\/p>\n<p><img loading=\"lazy\" decoding=\"async\" class=\"aligncenter size-full wp-image-6788\" src=\"https:\/\/www.asajacyl.com\/soria\/wp-content\/uploads\/sites\/9\/2023\/05\/IMG_8726.jpg\" alt=\"\" width=\"2500\" height=\"1875\" srcset=\"https:\/\/www.asajacyl.com\/soria\/wp-content\/uploads\/sites\/9\/2023\/05\/IMG_8726.jpg 2500w, https:\/\/www.asajacyl.com\/soria\/wp-content\/uploads\/sites\/9\/2023\/05\/IMG_8726-300x225.jpg 300w, https:\/\/www.asajacyl.com\/soria\/wp-content\/uploads\/sites\/9\/2023\/05\/IMG_8726-1024x768.jpg 1024w, https:\/\/www.asajacyl.com\/soria\/wp-content\/uploads\/sites\/9\/2023\/05\/IMG_8726-768x576.jpg 768w, https:\/\/www.asajacyl.com\/soria\/wp-content\/uploads\/sites\/9\/2023\/05\/IMG_8726-1536x1152.jpg 1536w, https:\/\/www.asajacyl.com\/soria\/wp-content\/uploads\/sites\/9\/2023\/05\/IMG_8726-2048x1536.jpg 2048w, https:\/\/www.asajacyl.com\/soria\/wp-content\/uploads\/sites\/9\/2023\/05\/IMG_8726-696x522.jpg 696w, https:\/\/www.asajacyl.com\/soria\/wp-content\/uploads\/sites\/9\/2023\/05\/IMG_8726-1068x801.jpg 1068w, https:\/\/www.asajacyl.com\/soria\/wp-content\/uploads\/sites\/9\/2023\/05\/IMG_8726-1920x1440.jpg 1920w, https:\/\/www.asajacyl.com\/soria\/wp-content\/uploads\/sites\/9\/2023\/05\/IMG_8726-560x420.jpg 560w, https:\/\/www.asajacyl.com\/soria\/wp-content\/uploads\/sites\/9\/2023\/05\/IMG_8726-80x60.jpg 80w\" sizes=\"(max-width: 2500px) 100vw, 2500px\" \/><em>El secretario general del Ministerio de Agricultura apunt\u00f3 y reconoci\u00f3 las dificultades por las que est\u00e1 pasando el sector primario en Espa\u00f1a.<\/em><\/p>\n<p>Respecto a ASAJA en general, agradeci\u00f3 la invitaci\u00f3n para clausurar esta asamblea y reconoci\u00f3 que es una organizaci\u00f3n que \u201cest\u00e1 d\u00eda a d\u00eda al pie del ca\u00f1\u00f3n, buscando soluciones en com\u00fan, colaborando, dando su punto de vista para mejorar el sector\u201d.<\/p>\n","protected":false},"excerpt":{"rendered":"<p>Tras seis a\u00f1os como miembro de la directiva, esta agricultora de Santa Mar\u00eda del Prado toma las riendas de la OPA Primera mujer que lidera una organizaci\u00f3n profesional agraria en Castilla y Le\u00f3n ASAJA Soria tiene nueva presidenta: Ana Pastor Soria. As\u00ed lo ratificaron en asamblea general ordinaria el jueves d\u00eda 4 de mayo los [&hellip;]<\/p>\n","protected":false},"author":12,"featured_media":6785,"comment_status":"open","ping_status":"open","sticky":false,"template":"","format":"standard","meta":{"footnotes":""},"categories":[10,25],"tags":[],"yoast_head":"<!-- This site is optimized with the Yoast SEO plugin v24.5 - https:\/\/yoast.com\/wordpress\/plugins\/seo\/ -->\n<title>ANA PASTOR, NUEVA PRESIDENTA DE ASAJA SORIA - ASAJA Soria<\/title>\n<meta name=\"description\" content=\"Tras seis a\u00f1os como miembro de la directiva, esta agricultora de Santa Mar\u00eda del Prado toma las riendas de la OPA Primera mujer que lidera una\" \/>\n<meta name=\"robots\" content=\"index, follow, max-snippet:-1, max-image-preview:large, max-video-preview:-1\" \/>\n<link rel=\"canonical\" href=\"https:\/\/www.asajacyl.com\/soria\/asaja-soria-informa\/ana-pastor-nueva-presidenta-de-asaja-soria\" \/>\n<meta property=\"og:locale\" content=\"es_ES\" \/>\n<meta property=\"og:type\" content=\"article\" \/>\n<meta property=\"og:title\" content=\"ANA PASTOR, NUEVA PRESIDENTA DE ASAJA SORIA - ASAJA Soria\" \/>\n<meta property=\"og:description\" content=\"Tras seis a\u00f1os como miembro de la directiva, esta agricultora de Santa Mar\u00eda del Prado toma las riendas de la OPA Primera mujer que lidera una\" \/>\n<meta property=\"og:url\" content=\"https:\/\/www.asajacyl.com\/soria\/asaja-soria-informa\/ana-pastor-nueva-presidenta-de-asaja-soria\" \/>\n<meta property=\"og:site_name\" content=\"ASAJA Soria\" \/>\n<meta property=\"article:published_time\" content=\"2023-05-04T17:03:34+00:00\" \/>\n<meta property=\"article:modified_time\" content=\"2023-05-11T15:20:35+00:00\" \/>\n<meta property=\"og:image\" content=\"https:\/\/www.asajacyl.com\/soria\/wp-content\/uploads\/sites\/9\/2023\/05\/IMG_8657.jpg\" \/>\n\t<meta property=\"og:image:width\" content=\"2500\" \/>\n\t<meta property=\"og:image:height\" content=\"1875\" \/>\n\t<meta property=\"og:image:type\" content=\"image\/jpeg\" \/>\n<meta name=\"author\" content=\"Juan Ignacio Prieto Nieto\" \/>\n<meta name=\"twitter:card\" content=\"summary_large_image\" \/>\n<meta name=\"twitter:label1\" content=\"Escrito por\" \/>\n\t<meta name=\"twitter:data1\" content=\"Juan Ignacio Prieto Nieto\" \/>\n\t<meta name=\"twitter:label2\" content=\"Tiempo de lectura\" \/>\n\t<meta name=\"twitter:data2\" content=\"10 minutos\" \/>\n<script type=\"application\/ld+json\" class=\"yoast-schema-graph\">{\"@context\":\"https:\/\/schema.org\",\"@graph\":[{\"@type\":\"WebPage\",\"@id\":\"https:\/\/www.asajacyl.com\/soria\/asaja-soria-informa\/ana-pastor-nueva-presidenta-de-asaja-soria\",\"url\":\"https:\/\/www.asajacyl.com\/soria\/asaja-soria-informa\/ana-pastor-nueva-presidenta-de-asaja-soria\",\"name\":\"ANA PASTOR, NUEVA PRESIDENTA DE ASAJA SORIA - ASAJA Soria\",\"isPartOf\":{\"@id\":\"https:\/\/www.asajacyl.com\/soria\/#website\"},\"primaryImageOfPage\":{\"@id\":\"https:\/\/www.asajacyl.com\/soria\/asaja-soria-informa\/ana-pastor-nueva-presidenta-de-asaja-soria#primaryimage\"},\"image\":{\"@id\":\"https:\/\/www.asajacyl.com\/soria\/asaja-soria-informa\/ana-pastor-nueva-presidenta-de-asaja-soria#primaryimage\"},\"thumbnailUrl\":\"https:\/\/www.asajacyl.com\/soria\/wp-content\/uploads\/sites\/9\/2023\/05\/IMG_8657.jpg\",\"datePublished\":\"2023-05-04T17:03:34+00:00\",\"dateModified\":\"2023-05-11T15:20:35+00:00\",\"author\":{\"@id\":\"https:\/\/www.asajacyl.com\/soria\/#\/schema\/person\/fd3081c40255119ce8133b87e6aedfab\"},\"description\":\"Tras seis a\u00f1os como miembro de la directiva, esta agricultora de Santa Mar\u00eda del Prado toma las riendas de la OPA Primera mujer que lidera una\",\"breadcrumb\":{\"@id\":\"https:\/\/www.asajacyl.com\/soria\/asaja-soria-informa\/ana-pastor-nueva-presidenta-de-asaja-soria#breadcrumb\"},\"inLanguage\":\"es\",\"potentialAction\":[{\"@type\":\"ReadAction\",\"target\":[\"https:\/\/www.asajacyl.com\/soria\/asaja-soria-informa\/ana-pastor-nueva-presidenta-de-asaja-soria\"]}]},{\"@type\":\"ImageObject\",\"inLanguage\":\"es\",\"@id\":\"https:\/\/www.asajacyl.com\/soria\/asaja-soria-informa\/ana-pastor-nueva-presidenta-de-asaja-soria#primaryimage\",\"url\":\"https:\/\/www.asajacyl.com\/soria\/wp-content\/uploads\/sites\/9\/2023\/05\/IMG_8657.jpg\",\"contentUrl\":\"https:\/\/www.asajacyl.com\/soria\/wp-content\/uploads\/sites\/9\/2023\/05\/IMG_8657.jpg\",\"width\":2500,\"height\":1875},{\"@type\":\"BreadcrumbList\",\"@id\":\"https:\/\/www.asajacyl.com\/soria\/asaja-soria-informa\/ana-pastor-nueva-presidenta-de-asaja-soria#breadcrumb\",\"itemListElement\":[{\"@type\":\"ListItem\",\"position\":1,\"name\":\"Portada\",\"item\":\"https:\/\/www.asajacyl.com\/soria\/\"},{\"@type\":\"ListItem\",\"position\":2,\"name\":\"ANA PASTOR, NUEVA PRESIDENTA DE ASAJA SORIA\"}]},{\"@type\":\"WebSite\",\"@id\":\"https:\/\/www.asajacyl.com\/soria\/#website\",\"url\":\"https:\/\/www.asajacyl.com\/soria\/\",\"name\":\"ASAJA Soria\",\"description\":\"Otro sitio m\u00e1s de Provincias ASAJA Castilla y Le\u00f3n\",\"potentialAction\":[{\"@type\":\"SearchAction\",\"target\":{\"@type\":\"EntryPoint\",\"urlTemplate\":\"https:\/\/www.asajacyl.com\/soria\/?s={search_term_string}\"},\"query-input\":{\"@type\":\"PropertyValueSpecification\",\"valueRequired\":true,\"valueName\":\"search_term_string\"}}],\"inLanguage\":\"es\"},{\"@type\":\"Person\",\"@id\":\"https:\/\/www.asajacyl.com\/soria\/#\/schema\/person\/fd3081c40255119ce8133b87e6aedfab\",\"name\":\"Juan Ignacio Prieto Nieto\",\"image\":{\"@type\":\"ImageObject\",\"inLanguage\":\"es\",\"@id\":\"https:\/\/www.asajacyl.com\/soria\/#\/schema\/person\/image\/\",\"url\":\"https:\/\/secure.gravatar.com\/avatar\/8266b36e4d9001acb4700699a2468dc8?s=96&d=mm&r=g\",\"contentUrl\":\"https:\/\/secure.gravatar.com\/avatar\/8266b36e4d9001acb4700699a2468dc8?s=96&d=mm&r=g\",\"caption\":\"Juan Ignacio Prieto Nieto\"},\"url\":\"https:\/\/www.asajacyl.com\/soria\/author\/juanfranciscoby\"}]}<\/script>\n<!-- \/ Yoast SEO plugin. -->","yoast_head_json":{"title":"ANA PASTOR, NUEVA PRESIDENTA DE ASAJA SORIA - ASAJA Soria","description":"Tras seis a\u00f1os como miembro de la directiva, esta agricultora de Santa Mar\u00eda del Prado toma las riendas de la OPA Primera mujer que lidera una","robots":{"index":"index","follow":"follow","max-snippet":"max-snippet:-1","max-image-preview":"max-image-preview:large","max-video-preview":"max-video-preview:-1"},"canonical":"https:\/\/www.asajacyl.com\/soria\/asaja-soria-informa\/ana-pastor-nueva-presidenta-de-asaja-soria","og_locale":"es_ES","og_type":"article","og_title":"ANA PASTOR, NUEVA PRESIDENTA DE ASAJA SORIA - ASAJA Soria","og_description":"Tras seis a\u00f1os como miembro de la directiva, esta agricultora de Santa Mar\u00eda del Prado toma las riendas de la OPA Primera mujer que lidera una","og_url":"https:\/\/www.asajacyl.com\/soria\/asaja-soria-informa\/ana-pastor-nueva-presidenta-de-asaja-soria","og_site_name":"ASAJA Soria","article_published_time":"2023-05-04T17:03:34+00:00","article_modified_time":"2023-05-11T15:20:35+00:00","og_image":[{"width":2500,"height":1875,"url":"https:\/\/www.asajacyl.com\/soria\/wp-content\/uploads\/sites\/9\/2023\/05\/IMG_8657.jpg","type":"image\/jpeg"}],"author":"Juan Ignacio Prieto Nieto","twitter_card":"summary_large_image","twitter_misc":{"Escrito por":"Juan Ignacio Prieto Nieto","Tiempo de lectura":"10 minutos"},"schema":{"@context":"https:\/\/schema.org","@graph":[{"@type":"WebPage","@id":"https:\/\/www.asajacyl.com\/soria\/asaja-soria-informa\/ana-pastor-nueva-presidenta-de-asaja-soria","url":"https:\/\/www.asajacyl.com\/soria\/asaja-soria-informa\/ana-pastor-nueva-presidenta-de-asaja-soria","name":"ANA PASTOR, NUEVA PRESIDENTA DE ASAJA SORIA - ASAJA Soria","isPartOf":{"@id":"https:\/\/www.asajacyl.com\/soria\/#website"},"primaryImageOfPage":{"@id":"https:\/\/www.asajacyl.com\/soria\/asaja-soria-informa\/ana-pastor-nueva-presidenta-de-asaja-soria#primaryimage"},"image":{"@id":"https:\/\/www.asajacyl.com\/soria\/asaja-soria-informa\/ana-pastor-nueva-presidenta-de-asaja-soria#primaryimage"},"thumbnailUrl":"https:\/\/www.asajacyl.com\/soria\/wp-content\/uploads\/sites\/9\/2023\/05\/IMG_8657.jpg","datePublished":"2023-05-04T17:03:34+00:00","dateModified":"2023-05-11T15:20:35+00:00","author":{"@id":"https:\/\/www.asajacyl.com\/soria\/#\/schema\/person\/fd3081c40255119ce8133b87e6aedfab"},"description":"Tras seis a\u00f1os como miembro de la directiva, esta agricultora de Santa Mar\u00eda del Prado toma las riendas de la OPA Primera mujer que lidera una","breadcrumb":{"@id":"https:\/\/www.asajacyl.com\/soria\/asaja-soria-informa\/ana-pastor-nueva-presidenta-de-asaja-soria#breadcrumb"},"inLanguage":"es","potentialAction":[{"@type":"ReadAction","target":["https:\/\/www.asajacyl.com\/soria\/asaja-soria-informa\/ana-pastor-nueva-presidenta-de-asaja-soria"]}]},{"@type":"ImageObject","inLanguage":"es","@id":"https:\/\/www.asajacyl.com\/soria\/asaja-soria-informa\/ana-pastor-nueva-presidenta-de-asaja-soria#primaryimage","url":"https:\/\/www.asajacyl.com\/soria\/wp-content\/uploads\/sites\/9\/2023\/05\/IMG_8657.jpg","contentUrl":"https:\/\/www.asajacyl.com\/soria\/wp-content\/uploads\/sites\/9\/2023\/05\/IMG_8657.jpg","width":2500,"height":1875},{"@type":"BreadcrumbList","@id":"https:\/\/www.asajacyl.com\/soria\/asaja-soria-informa\/ana-pastor-nueva-presidenta-de-asaja-soria#breadcrumb","itemListElement":[{"@type":"ListItem","position":1,"name":"Portada","item":"https:\/\/www.asajacyl.com\/soria\/"},{"@type":"ListItem","position":2,"name":"ANA PASTOR, NUEVA PRESIDENTA DE ASAJA SORIA"}]},{"@type":"WebSite","@id":"https:\/\/www.asajacyl.com\/soria\/#website","url":"https:\/\/www.asajacyl.com\/soria\/","name":"ASAJA Soria","description":"Otro sitio m\u00e1s de Provincias ASAJA Castilla y Le\u00f3n","potentialAction":[{"@type":"SearchAction","target":{"@type":"EntryPoint","urlTemplate":"https:\/\/www.asajacyl.com\/soria\/?s={search_term_string}"},"query-input":{"@type":"PropertyValueSpecification","valueRequired":true,"valueName":"search_term_string"}}],"inLanguage":"es"},{"@type":"Person","@id":"https:\/\/www.asajacyl.com\/soria\/#\/schema\/person\/fd3081c40255119ce8133b87e6aedfab","name":"Juan Ignacio Prieto Nieto","image":{"@type":"ImageObject","inLanguage":"es","@id":"https:\/\/www.asajacyl.com\/soria\/#\/schema\/person\/image\/","url":"https:\/\/secure.gravatar.com\/avatar\/8266b36e4d9001acb4700699a2468dc8?s=96&d=mm&r=g","contentUrl":"https:\/\/secure.gravatar.com\/avatar\/8266b36e4d9001acb4700699a2468dc8?s=96&d=mm&r=g","caption":"Juan Ignacio Prieto Nieto"},"url":"https:\/\/www.asajacyl.com\/soria\/author\/juanfranciscoby"}]}},"_links":{"self":[{"href":"https:\/\/www.asajacyl.com\/soria\/wp-json\/wp\/v2\/posts\/6779"}],"collection":[{"href":"https:\/\/www.asajacyl.com\/soria\/wp-json\/wp\/v2\/posts"}],"about":[{"href":"https:\/\/www.asajacyl.com\/soria\/wp-json\/wp\/v2\/types\/post"}],"author":[{"embeddable":true,"href":"https:\/\/www.asajacyl.com\/soria\/wp-json\/wp\/v2\/users\/12"}],"replies":[{"embeddable":true,"href":"https:\/\/www.asajacyl.com\/soria\/wp-json\/wp\/v2\/comments?post=6779"}],"version-history":[{"count":6,"href":"https:\/\/www.asajacyl.com\/soria\/wp-json\/wp\/v2\/posts\/6779\/revisions"}],"predecessor-version":[{"id":6798,"href":"https:\/\/www.asajacyl.com\/soria\/wp-json\/wp\/v2\/posts\/6779\/revisions\/6798"}],"wp:featuredmedia":[{"embeddable":true,"href":"https:\/\/www.asajacyl.com\/soria\/wp-json\/wp\/v2\/media\/6785"}],"wp:attachment":[{"href":"https:\/\/www.asajacyl.com\/soria\/wp-json\/wp\/v2\/media?parent=6779"}],"wp:term":[{"taxonomy":"category","embeddable":true,"href":"https:\/\/www.asajacyl.com\/soria\/wp-json\/wp\/v2\/categories?post=6779"},{"taxonomy":"post_tag","embeddable":true,"href":"https:\/\/www.asajacyl.com\/soria\/wp-json\/wp\/v2\/tags?post=6779"}],"curies":[{"name":"wp","href":"https:\/\/api.w.org\/{rel}","templated":true}]}}