{"id":6799,"date":"2023-05-25T14:08:52","date_gmt":"2023-05-25T12:08:52","guid":{"rendered":"https:\/\/www.asajacyl.com\/soria\/?p=6799"},"modified":"2023-05-31T10:27:10","modified_gmt":"2023-05-31T08:27:10","slug":"viaje-de-la-asamblea","status":"publish","type":"post","link":"https:\/\/www.asajacyl.com\/soria\/asaja-soria-informa\/viaje-de-la-asamblea","title":{"rendered":"VIAJE DE LA ASAMBLEA"},"content":{"rendered":"\n\n\n<p><strong>AGRACIADOS:<\/strong><\/p>\n<p>ANDR\u00c9S GARC\u00cdA GARC\u00cdA<\/p>\n<p>JUAN JOS\u00c9 PACHECO ANT\u00d3N<\/p>\n<p>HERMANOS CALVO VALER<\/p>\n<p>EUSEBIO ATIENZA REDONDO<\/p>\n<p>RA\u00daL GARC\u00cdA G\u00d3MEZ<\/p>\n<p>JES\u00daS BARNUEVO MART\u00cdN<\/p>\n<p>ANDR\u00c9S TOVAR ALC\u00c1ZAR<\/p>\n<p>GERARDO BL\u00c1ZQUEZ CABALLERO<\/p>\n<p>SAT SAN PEDRO<\/p>\n<p>C\u00c9SAR BARCA OLIVA<\/p>\n<p>ANDR\u00c9S MAQUEDA MART\u00cdNEZ<\/p>\n<p>EMETERIO G\u00d3MEZ LASECA<\/p>\n<p>JOS\u00c9 LUIS GARC\u00cdA EGIDO<\/p>\n<p>JES\u00daS BERROJO MART\u00cdNEZ<\/p>\n<p>\u00c1NGEL MORENO EGIDO<\/p>\n<p>GERARDO GARC\u00cdA PASCUAL<\/p>\n<p>JOS\u00c9 JAVIER MART\u00cdN MATEO<\/p>\n<p>PEDRO DOM\u00cdNGUEZ MARCO<\/p>\n<p>CARMELO ANGULO ANGULO<\/p>\n<p>SERGIO MATEO ANGULO<\/p>\n<p>LAURA G\u00d3MEZ P\u00c9REZ<\/p>\n<p>MARIO CALVO ALTELARREA<\/p>\n<p>DAVID HERN\u00c1NDEZ DE DIEGO<\/p>\n<p>LUIS ALBERTO MU\u00d1OZ CASADO<\/p>\n<p>RA\u00daL P\u00c9REZ MORALES<\/p>\n<p>JOS\u00c9 LUIS BALLANO MARCO<\/p>\n<p>JOS\u00c9 LUIS MART\u00cdNEZ BLASCO<\/p>\n<p>ARTURO MONT\u00d3N JIMENO<\/p>\n<p>JOS\u00c9 MATEO JIM\u00c9NEZ<\/p>\n<p>JAVIER L\u00c1ZARO ARAGON\u00c9S<\/p>\n<p><strong>SUPLENTES:<\/strong><\/p>\n<p>1- JAVIER G\u00d3MEZ PASTOR<\/p>\n<p>2- MANUEL SANTIAGO JIM\u00c9NEZ CALVO<\/p>\n<p>3- JOS\u00c9 LUIS MART\u00cdNEZ P\u00c9REZ<\/p>\n<p>4- SERAF\u00cdN ANT\u00d3N SORIA<\/p>\n<p>5- ALMONACID<\/p>\n<p>6- FLORENCIO GARRIDO CH\u00c9RCOLES<\/p>\n<p>7-JUAN CARLOS MU\u00d1Oz URIEL<\/p>\n<p>8- SANTIAGO MONTEAGUDO SANZ<\/p>\n<p>9- JACINTO G\u00d3MEZ HIDALGO<\/p>\n<p>10- DAVID GARC\u00cdA BORQUE<\/p>\n","protected":false},"excerpt":{"rendered":"<p>AGRACIADOS: ANDR\u00c9S GARC\u00cdA GARC\u00cdA JUAN JOS\u00c9 PACHECO ANT\u00d3N HERMANOS CALVO VALER EUSEBIO ATIENZA REDONDO RA\u00daL GARC\u00cdA G\u00d3MEZ JES\u00daS BARNUEVO MART\u00cdN ANDR\u00c9S TOVAR ALC\u00c1ZAR GERARDO BL\u00c1ZQUEZ CABALLERO SAT SAN PEDRO C\u00c9SAR BARCA OLIVA ANDR\u00c9S MAQUEDA MART\u00cdNEZ EMETERIO G\u00d3MEZ LASECA JOS\u00c9 LUIS GARC\u00cdA EGIDO JES\u00daS BERROJO MART\u00cdNEZ \u00c1NGEL MORENO EGIDO GERARDO GARC\u00cdA PASCUAL JOS\u00c9 JAVIER MART\u00cdN MATEO [&hellip;]<\/p>\n","protected":false},"author":12,"featured_media":293,"comment_status":"open","ping_status":"open","sticky":false,"template":"","format":"standard","meta":{"footnotes":""},"categories":[10,37],"tags":[],"yoast_head":"<!-- This site is optimized with the Yoast SEO plugin v24.5 - https:\/\/yoast.com\/wordpress\/plugins\/seo\/ -->\n<title>VIAJE DE LA ASAMBLEA - ASAJA Soria<\/title>\n<meta name=\"description\" content=\"AGRACIADOS: ANDR\u00c9S GARC\u00cdA GARC\u00cdA JUAN JOS\u00c9 PACHECO ANT\u00d3N HERMANOS CALVO VALER EUSEBIO ATIENZA REDONDO RA\u00daL GARC\u00cdA G\u00d3MEZ JES\u00daS BARNUEVO MART\u00cdN ANDR\u00c9S TOVAR\" \/>\n<meta name=\"robots\" content=\"index, follow, max-snippet:-1, max-image-preview:large, max-video-preview:-1\" \/>\n<link rel=\"canonical\" href=\"https:\/\/www.asajacyl.com\/soria\/asaja-soria-informa\/viaje-de-la-asamblea\" \/>\n<meta property=\"og:locale\" content=\"es_ES\" \/>\n<meta property=\"og:type\" content=\"article\" \/>\n<meta property=\"og:title\" content=\"VIAJE DE LA ASAMBLEA - ASAJA Soria\" \/>\n<meta property=\"og:description\" content=\"AGRACIADOS: ANDR\u00c9S GARC\u00cdA GARC\u00cdA JUAN JOS\u00c9 PACHECO ANT\u00d3N HERMANOS CALVO VALER EUSEBIO ATIENZA REDONDO RA\u00daL GARC\u00cdA G\u00d3MEZ JES\u00daS BARNUEVO MART\u00cdN ANDR\u00c9S TOVAR\" \/>\n<meta property=\"og:url\" content=\"https:\/\/www.asajacyl.com\/soria\/asaja-soria-informa\/viaje-de-la-asamblea\" \/>\n<meta property=\"og:site_name\" content=\"ASAJA Soria\" \/>\n<meta property=\"article:published_time\" content=\"2023-05-25T12:08:52+00:00\" \/>\n<meta property=\"article:modified_time\" content=\"2023-05-31T08:27:10+00:00\" \/>\n<meta name=\"author\" content=\"Juan Ignacio Prieto Nieto\" \/>\n<meta name=\"twitter:card\" content=\"summary_large_image\" \/>\n<meta name=\"twitter:label1\" content=\"Escrito por\" \/>\n\t<meta name=\"twitter:data1\" content=\"Juan Ignacio Prieto Nieto\" \/>\n\t<meta name=\"twitter:label2\" content=\"Tiempo de lectura\" \/>\n\t<meta name=\"twitter:data2\" content=\"1 minuto\" \/>\n<script type=\"application\/ld+json\" class=\"yoast-schema-graph\">{\"@context\":\"https:\/\/schema.org\",\"@graph\":[{\"@type\":\"WebPage\",\"@id\":\"https:\/\/www.asajacyl.com\/soria\/asaja-soria-informa\/viaje-de-la-asamblea\",\"url\":\"https:\/\/www.asajacyl.com\/soria\/asaja-soria-informa\/viaje-de-la-asamblea\",\"name\":\"VIAJE DE LA ASAMBLEA - ASAJA Soria\",\"isPartOf\":{\"@id\":\"https:\/\/www.asajacyl.com\/soria\/#website\"},\"primaryImageOfPage\":{\"@id\":\"https:\/\/www.asajacyl.com\/soria\/asaja-soria-informa\/viaje-de-la-asamblea#primaryimage\"},\"image\":{\"@id\":\"https:\/\/www.asajacyl.com\/soria\/asaja-soria-informa\/viaje-de-la-asamblea#primaryimage\"},\"thumbnailUrl\":\"https:\/\/www.asajacyl.com\/soria\/wp-content\/uploads\/sites\/9\/2017\/11\/im_predefinida_1920x1080.jpg\",\"datePublished\":\"2023-05-25T12:08:52+00:00\",\"dateModified\":\"2023-05-31T08:27:10+00:00\",\"author\":{\"@id\":\"https:\/\/www.asajacyl.com\/soria\/#\/schema\/person\/fd3081c40255119ce8133b87e6aedfab\"},\"description\":\"AGRACIADOS: ANDR\u00c9S GARC\u00cdA GARC\u00cdA JUAN JOS\u00c9 PACHECO ANT\u00d3N HERMANOS CALVO VALER EUSEBIO ATIENZA REDONDO RA\u00daL GARC\u00cdA G\u00d3MEZ JES\u00daS BARNUEVO MART\u00cdN ANDR\u00c9S TOVAR\",\"breadcrumb\":{\"@id\":\"https:\/\/www.asajacyl.com\/soria\/asaja-soria-informa\/viaje-de-la-asamblea#breadcrumb\"},\"inLanguage\":\"es\",\"potentialAction\":[{\"@type\":\"ReadAction\",\"target\":[\"https:\/\/www.asajacyl.com\/soria\/asaja-soria-informa\/viaje-de-la-asamblea\"]}]},{\"@type\":\"ImageObject\",\"inLanguage\":\"es\",\"@id\":\"https:\/\/www.asajacyl.com\/soria\/asaja-soria-informa\/viaje-de-la-asamblea#primaryimage\",\"url\":\"https:\/\/www.asajacyl.com\/soria\/wp-content\/uploads\/sites\/9\/2017\/11\/im_predefinida_1920x1080.jpg\",\"contentUrl\":\"https:\/\/www.asajacyl.com\/soria\/wp-content\/uploads\/sites\/9\/2017\/11\/im_predefinida_1920x1080.jpg\",\"width\":1920,\"height\":1080,\"caption\":\"Logotipo ASAJA Soria\"},{\"@type\":\"BreadcrumbList\",\"@id\":\"https:\/\/www.asajacyl.com\/soria\/asaja-soria-informa\/viaje-de-la-asamblea#breadcrumb\",\"itemListElement\":[{\"@type\":\"ListItem\",\"position\":1,\"name\":\"Portada\",\"item\":\"https:\/\/www.asajacyl.com\/soria\/\"},{\"@type\":\"ListItem\",\"position\":2,\"name\":\"VIAJE DE LA ASAMBLEA\"}]},{\"@type\":\"WebSite\",\"@id\":\"https:\/\/www.asajacyl.com\/soria\/#website\",\"url\":\"https:\/\/www.asajacyl.com\/soria\/\",\"name\":\"ASAJA Soria\",\"description\":\"Otro sitio m\u00e1s de Provincias ASAJA Castilla y Le\u00f3n\",\"potentialAction\":[{\"@type\":\"SearchAction\",\"target\":{\"@type\":\"EntryPoint\",\"urlTemplate\":\"https:\/\/www.asajacyl.com\/soria\/?s={search_term_string}\"},\"query-input\":{\"@type\":\"PropertyValueSpecification\",\"valueRequired\":true,\"valueName\":\"search_term_string\"}}],\"inLanguage\":\"es\"},{\"@type\":\"Person\",\"@id\":\"https:\/\/www.asajacyl.com\/soria\/#\/schema\/person\/fd3081c40255119ce8133b87e6aedfab\",\"name\":\"Juan Ignacio Prieto Nieto\",\"image\":{\"@type\":\"ImageObject\",\"inLanguage\":\"es\",\"@id\":\"https:\/\/www.asajacyl.com\/soria\/#\/schema\/person\/image\/\",\"url\":\"https:\/\/secure.gravatar.com\/avatar\/8266b36e4d9001acb4700699a2468dc8?s=96&d=mm&r=g\",\"contentUrl\":\"https:\/\/secure.gravatar.com\/avatar\/8266b36e4d9001acb4700699a2468dc8?s=96&d=mm&r=g\",\"caption\":\"Juan Ignacio Prieto Nieto\"},\"url\":\"https:\/\/www.asajacyl.com\/soria\/author\/juanfranciscoby\"}]}<\/script>\n<!-- \/ Yoast SEO plugin. -->","yoast_head_json":{"title":"VIAJE DE LA ASAMBLEA - ASAJA Soria","description":"AGRACIADOS: ANDR\u00c9S GARC\u00cdA GARC\u00cdA JUAN JOS\u00c9 PACHECO ANT\u00d3N HERMANOS CALVO VALER EUSEBIO ATIENZA REDONDO RA\u00daL GARC\u00cdA G\u00d3MEZ JES\u00daS BARNUEVO MART\u00cdN ANDR\u00c9S TOVAR","robots":{"index":"index","follow":"follow","max-snippet":"max-snippet:-1","max-image-preview":"max-image-preview:large","max-video-preview":"max-video-preview:-1"},"canonical":"https:\/\/www.asajacyl.com\/soria\/asaja-soria-informa\/viaje-de-la-asamblea","og_locale":"es_ES","og_type":"article","og_title":"VIAJE DE LA ASAMBLEA - ASAJA Soria","og_description":"AGRACIADOS: ANDR\u00c9S GARC\u00cdA GARC\u00cdA JUAN JOS\u00c9 PACHECO ANT\u00d3N HERMANOS CALVO VALER EUSEBIO ATIENZA REDONDO RA\u00daL GARC\u00cdA G\u00d3MEZ JES\u00daS BARNUEVO MART\u00cdN ANDR\u00c9S TOVAR","og_url":"https:\/\/www.asajacyl.com\/soria\/asaja-soria-informa\/viaje-de-la-asamblea","og_site_name":"ASAJA Soria","article_published_time":"2023-05-25T12:08:52+00:00","article_modified_time":"2023-05-31T08:27:10+00:00","author":"Juan Ignacio Prieto Nieto","twitter_card":"summary_large_image","twitter_misc":{"Escrito por":"Juan Ignacio Prieto Nieto","Tiempo de lectura":"1 minuto"},"schema":{"@context":"https:\/\/schema.org","@graph":[{"@type":"WebPage","@id":"https:\/\/www.asajacyl.com\/soria\/asaja-soria-informa\/viaje-de-la-asamblea","url":"https:\/\/www.asajacyl.com\/soria\/asaja-soria-informa\/viaje-de-la-asamblea","name":"VIAJE DE LA ASAMBLEA - ASAJA Soria","isPartOf":{"@id":"https:\/\/www.asajacyl.com\/soria\/#website"},"primaryImageOfPage":{"@id":"https:\/\/www.asajacyl.com\/soria\/asaja-soria-informa\/viaje-de-la-asamblea#primaryimage"},"image":{"@id":"https:\/\/www.asajacyl.com\/soria\/asaja-soria-informa\/viaje-de-la-asamblea#primaryimage"},"thumbnailUrl":"https:\/\/www.asajacyl.com\/soria\/wp-content\/uploads\/sites\/9\/2017\/11\/im_predefinida_1920x1080.jpg","datePublished":"2023-05-25T12:08:52+00:00","dateModified":"2023-05-31T08:27:10+00:00","author":{"@id":"https:\/\/www.asajacyl.com\/soria\/#\/schema\/person\/fd3081c40255119ce8133b87e6aedfab"},"description":"AGRACIADOS: ANDR\u00c9S GARC\u00cdA GARC\u00cdA JUAN JOS\u00c9 PACHECO ANT\u00d3N HERMANOS CALVO VALER EUSEBIO ATIENZA REDONDO RA\u00daL GARC\u00cdA G\u00d3MEZ JES\u00daS BARNUEVO MART\u00cdN ANDR\u00c9S TOVAR","breadcrumb":{"@id":"https:\/\/www.asajacyl.com\/soria\/asaja-soria-informa\/viaje-de-la-asamblea#breadcrumb"},"inLanguage":"es","potentialAction":[{"@type":"ReadAction","target":["https:\/\/www.asajacyl.com\/soria\/asaja-soria-informa\/viaje-de-la-asamblea"]}]},{"@type":"ImageObject","inLanguage":"es","@id":"https:\/\/www.asajacyl.com\/soria\/asaja-soria-informa\/viaje-de-la-asamblea#primaryimage","url":"https:\/\/www.asajacyl.com\/soria\/wp-content\/uploads\/sites\/9\/2017\/11\/im_predefinida_1920x1080.jpg","contentUrl":"https:\/\/www.asajacyl.com\/soria\/wp-content\/uploads\/sites\/9\/2017\/11\/im_predefinida_1920x1080.jpg","width":1920,"height":1080,"caption":"Logotipo ASAJA Soria"},{"@type":"BreadcrumbList","@id":"https:\/\/www.asajacyl.com\/soria\/asaja-soria-informa\/viaje-de-la-asamblea#breadcrumb","itemListElement":[{"@type":"ListItem","position":1,"name":"Portada","item":"https:\/\/www.asajacyl.com\/soria\/"},{"@type":"ListItem","position":2,"name":"VIAJE DE LA ASAMBLEA"}]},{"@type":"WebSite","@id":"https:\/\/www.asajacyl.com\/soria\/#website","url":"https:\/\/www.asajacyl.com\/soria\/","name":"ASAJA Soria","description":"Otro sitio m\u00e1s de Provincias ASAJA Castilla y Le\u00f3n","potentialAction":[{"@type":"SearchAction","target":{"@type":"EntryPoint","urlTemplate":"https:\/\/www.asajacyl.com\/soria\/?s={search_term_string}"},"query-input":{"@type":"PropertyValueSpecification","valueRequired":true,"valueName":"search_term_string"}}],"inLanguage":"es"},{"@type":"Person","@id":"https:\/\/www.asajacyl.com\/soria\/#\/schema\/person\/fd3081c40255119ce8133b87e6aedfab","name":"Juan Ignacio Prieto Nieto","image":{"@type":"ImageObject","inLanguage":"es","@id":"https:\/\/www.asajacyl.com\/soria\/#\/schema\/person\/image\/","url":"https:\/\/secure.gravatar.com\/avatar\/8266b36e4d9001acb4700699a2468dc8?s=96&d=mm&r=g","contentUrl":"https:\/\/secure.gravatar.com\/avatar\/8266b36e4d9001acb4700699a2468dc8?s=96&d=mm&r=g","caption":"Juan Ignacio Prieto Nieto"},"url":"https:\/\/www.asajacyl.com\/soria\/author\/juanfranciscoby"}]}},"_links":{"self":[{"href":"https:\/\/www.asajacyl.com\/soria\/wp-json\/wp\/v2\/posts\/6799"}],"collection":[{"href":"https:\/\/www.asajacyl.com\/soria\/wp-json\/wp\/v2\/posts"}],"about":[{"href":"https:\/\/www.asajacyl.com\/soria\/wp-json\/wp\/v2\/types\/post"}],"author":[{"embeddable":true,"href":"https:\/\/www.asajacyl.com\/soria\/wp-json\/wp\/v2\/users\/12"}],"replies":[{"embeddable":true,"href":"https:\/\/www.asajacyl.com\/soria\/wp-json\/wp\/v2\/comments?post=6799"}],"version-history":[{"count":3,"href":"https:\/\/www.asajacyl.com\/soria\/wp-json\/wp\/v2\/posts\/6799\/revisions"}],"predecessor-version":[{"id":6883,"href":"https:\/\/www.asajacyl.com\/soria\/wp-json\/wp\/v2\/posts\/6799\/revisions\/6883"}],"wp:featuredmedia":[{"embeddable":true,"href":"https:\/\/www.asajacyl.com\/soria\/wp-json\/wp\/v2\/media\/293"}],"wp:attachment":[{"href":"https:\/\/www.asajacyl.com\/soria\/wp-json\/wp\/v2\/media?parent=6799"}],"wp:term":[{"taxonomy":"category","embeddable":true,"href":"https:\/\/www.asajacyl.com\/soria\/wp-json\/wp\/v2\/categories?post=6799"},{"taxonomy":"post_tag","embeddable":true,"href":"https:\/\/www.asajacyl.com\/soria\/wp-json\/wp\/v2\/tags?post=6799"}],"curies":[{"name":"wp","href":"https:\/\/api.w.org\/{rel}","templated":true}]}}