{"id":6815,"date":"2023-05-11T14:40:49","date_gmt":"2023-05-11T12:40:49","guid":{"rendered":"https:\/\/www.asajacyl.com\/soria\/?p=6815"},"modified":"2023-06-13T17:55:15","modified_gmt":"2023-06-13T15:55:15","slug":"asaja-valora-que-el-gobierno-apruebe-medidas-provisionales-por-la-sequia-pero-advierte-que-tendran-que-ser-complementadas","status":"publish","type":"post","link":"https:\/\/www.asajacyl.com\/soria\/asaja-soria-informa\/asaja-valora-que-el-gobierno-apruebe-medidas-provisionales-por-la-sequia-pero-advierte-que-tendran-que-ser-complementadas","title":{"rendered":"<strong>ASAJA valora que el Gobierno apruebe medidas provisionales por la sequ\u00eda pero advierte que tendr\u00e1n que ser complementadas<\/strong>"},"content":{"rendered":"\n\n\n<p>El real decreto-ley recoger\u00e1 diferentes medidas, m\u00e1s concretas en el caso de las explotaciones ganaderas, pero todav\u00eda imprecisas en el caso de la agricultura. ASAJA analizar\u00e1 cada sector para conocer la repercusi\u00f3n real en las explotaciones, aunque quiere subrayar que en todo caso, \u201ca nosotros nos preocupa la campa\u00f1a de cereal, no la campa\u00f1a electoral. Las ayudas est\u00e1n referidas al momento actual, y en Castilla y Le\u00f3n quedan muchos meses de padecimiento para el sector, con una cosecha p\u00e9sima en puertas y carencias de todo tipo para alimentar al ganado\u201d.<\/p>\n<p>As\u00ed pues, ASAJA advierte que las medidas tendr\u00e1n que ser complementadas oportunamente, tanto por el Ministerio como en la medida que le corresponda la Consejer\u00eda de Agricultura, Ganader\u00eda y Desarrollo Rural.<\/p>\n<p>Aqu\u00ed puedes consultar la nota completa del MAPA:<\/p>\n<p><a href=\"https:\/\/www.mapa.gob.es\/es\/prensa\/ultimas-noticias\/el-gobierno-aprueba-ayudas-directas-de-estado-por-m%C3%A1s-de-636-millones-de-euros-para-apoyar-a-los-agricultores-y-notaganaderos-frente-a-la-sequ%C3%ADa\/tcm:30-652215\">AYUDAS DIRECTAS GOBIERNO. SEQU\u00cdA<\/a><\/p>\n<p>\u00a0<\/p>\n<p>\u00a0<\/p>\n","protected":false},"excerpt":{"rendered":"<p>El real decreto-ley recoger\u00e1 diferentes medidas, m\u00e1s concretas en el caso de las explotaciones ganaderas, pero todav\u00eda imprecisas en el caso de la agricultura. ASAJA analizar\u00e1 cada sector para conocer la repercusi\u00f3n real en las explotaciones, aunque quiere subrayar que en todo caso, \u201ca nosotros nos preocupa la campa\u00f1a de cereal, no la campa\u00f1a electoral. [&hellip;]<\/p>\n","protected":false},"author":12,"featured_media":6818,"comment_status":"open","ping_status":"open","sticky":false,"template":"","format":"standard","meta":{"footnotes":""},"categories":[10,25],"tags":[],"yoast_head":"<!-- This site is optimized with the Yoast SEO plugin v24.5 - https:\/\/yoast.com\/wordpress\/plugins\/seo\/ -->\n<title>ASAJA valora que el Gobierno apruebe medidas provisionales por la sequ\u00eda pero advierte que tendr\u00e1n que ser complementadas - ASAJA Soria<\/title>\n<meta name=\"description\" content=\"El real decreto-ley recoger\u00e1 diferentes medidas, m\u00e1s concretas en el caso de las explotaciones ganaderas, pero todav\u00eda imprecisas en el caso de la\" \/>\n<meta name=\"robots\" content=\"index, follow, max-snippet:-1, max-image-preview:large, max-video-preview:-1\" \/>\n<link rel=\"canonical\" href=\"https:\/\/www.asajacyl.com\/soria\/asaja-soria-informa\/asaja-valora-que-el-gobierno-apruebe-medidas-provisionales-por-la-sequia-pero-advierte-que-tendran-que-ser-complementadas\" \/>\n<meta property=\"og:locale\" content=\"es_ES\" \/>\n<meta property=\"og:type\" content=\"article\" \/>\n<meta property=\"og:title\" content=\"ASAJA valora que el Gobierno apruebe medidas provisionales por la sequ\u00eda pero advierte que tendr\u00e1n que ser complementadas - ASAJA Soria\" \/>\n<meta property=\"og:description\" content=\"El real decreto-ley recoger\u00e1 diferentes medidas, m\u00e1s concretas en el caso de las explotaciones ganaderas, pero todav\u00eda imprecisas en el caso de la\" \/>\n<meta property=\"og:url\" content=\"https:\/\/www.asajacyl.com\/soria\/asaja-soria-informa\/asaja-valora-que-el-gobierno-apruebe-medidas-provisionales-por-la-sequia-pero-advierte-que-tendran-que-ser-complementadas\" \/>\n<meta property=\"og:site_name\" content=\"ASAJA Soria\" \/>\n<meta property=\"article:published_time\" content=\"2023-05-11T12:40:49+00:00\" \/>\n<meta property=\"article:modified_time\" content=\"2023-06-13T15:55:15+00:00\" \/>\n<meta property=\"og:image\" content=\"https:\/\/www.asajacyl.com\/soria\/wp-content\/uploads\/sites\/9\/2023\/05\/230425lplanascm2_tcm30-650609.jpg\" \/>\n\t<meta property=\"og:image:width\" content=\"2500\" \/>\n\t<meta property=\"og:image:height\" content=\"1666\" \/>\n\t<meta property=\"og:image:type\" content=\"image\/jpeg\" \/>\n<meta name=\"author\" content=\"Juan Ignacio Prieto Nieto\" \/>\n<meta name=\"twitter:card\" content=\"summary_large_image\" \/>\n<meta name=\"twitter:label1\" content=\"Escrito por\" \/>\n\t<meta name=\"twitter:data1\" content=\"Juan Ignacio Prieto Nieto\" \/>\n\t<meta name=\"twitter:label2\" content=\"Tiempo de lectura\" \/>\n\t<meta name=\"twitter:data2\" content=\"1 minuto\" \/>\n<script type=\"application\/ld+json\" class=\"yoast-schema-graph\">{\"@context\":\"https:\/\/schema.org\",\"@graph\":[{\"@type\":\"WebPage\",\"@id\":\"https:\/\/www.asajacyl.com\/soria\/asaja-soria-informa\/asaja-valora-que-el-gobierno-apruebe-medidas-provisionales-por-la-sequia-pero-advierte-que-tendran-que-ser-complementadas\",\"url\":\"https:\/\/www.asajacyl.com\/soria\/asaja-soria-informa\/asaja-valora-que-el-gobierno-apruebe-medidas-provisionales-por-la-sequia-pero-advierte-que-tendran-que-ser-complementadas\",\"name\":\"ASAJA valora que el Gobierno apruebe medidas provisionales por la sequ\u00eda pero advierte que tendr\u00e1n que ser complementadas - ASAJA Soria\",\"isPartOf\":{\"@id\":\"https:\/\/www.asajacyl.com\/soria\/#website\"},\"primaryImageOfPage\":{\"@id\":\"https:\/\/www.asajacyl.com\/soria\/asaja-soria-informa\/asaja-valora-que-el-gobierno-apruebe-medidas-provisionales-por-la-sequia-pero-advierte-que-tendran-que-ser-complementadas#primaryimage\"},\"image\":{\"@id\":\"https:\/\/www.asajacyl.com\/soria\/asaja-soria-informa\/asaja-valora-que-el-gobierno-apruebe-medidas-provisionales-por-la-sequia-pero-advierte-que-tendran-que-ser-complementadas#primaryimage\"},\"thumbnailUrl\":\"https:\/\/www.asajacyl.com\/soria\/wp-content\/uploads\/sites\/9\/2023\/05\/230425lplanascm2_tcm30-650609.jpg\",\"datePublished\":\"2023-05-11T12:40:49+00:00\",\"dateModified\":\"2023-06-13T15:55:15+00:00\",\"author\":{\"@id\":\"https:\/\/www.asajacyl.com\/soria\/#\/schema\/person\/fd3081c40255119ce8133b87e6aedfab\"},\"description\":\"El real decreto-ley recoger\u00e1 diferentes medidas, m\u00e1s concretas en el caso de las explotaciones ganaderas, pero todav\u00eda imprecisas en el caso de la\",\"breadcrumb\":{\"@id\":\"https:\/\/www.asajacyl.com\/soria\/asaja-soria-informa\/asaja-valora-que-el-gobierno-apruebe-medidas-provisionales-por-la-sequia-pero-advierte-que-tendran-que-ser-complementadas#breadcrumb\"},\"inLanguage\":\"es\",\"potentialAction\":[{\"@type\":\"ReadAction\",\"target\":[\"https:\/\/www.asajacyl.com\/soria\/asaja-soria-informa\/asaja-valora-que-el-gobierno-apruebe-medidas-provisionales-por-la-sequia-pero-advierte-que-tendran-que-ser-complementadas\"]}]},{\"@type\":\"ImageObject\",\"inLanguage\":\"es\",\"@id\":\"https:\/\/www.asajacyl.com\/soria\/asaja-soria-informa\/asaja-valora-que-el-gobierno-apruebe-medidas-provisionales-por-la-sequia-pero-advierte-que-tendran-que-ser-complementadas#primaryimage\",\"url\":\"https:\/\/www.asajacyl.com\/soria\/wp-content\/uploads\/sites\/9\/2023\/05\/230425lplanascm2_tcm30-650609.jpg\",\"contentUrl\":\"https:\/\/www.asajacyl.com\/soria\/wp-content\/uploads\/sites\/9\/2023\/05\/230425lplanascm2_tcm30-650609.jpg\",\"width\":2500,\"height\":1666},{\"@type\":\"BreadcrumbList\",\"@id\":\"https:\/\/www.asajacyl.com\/soria\/asaja-soria-informa\/asaja-valora-que-el-gobierno-apruebe-medidas-provisionales-por-la-sequia-pero-advierte-que-tendran-que-ser-complementadas#breadcrumb\",\"itemListElement\":[{\"@type\":\"ListItem\",\"position\":1,\"name\":\"Portada\",\"item\":\"https:\/\/www.asajacyl.com\/soria\/\"},{\"@type\":\"ListItem\",\"position\":2,\"name\":\"ASAJA valora que el Gobierno apruebe medidas provisionales por la sequ\u00eda pero advierte que tendr\u00e1n que ser complementadas\"}]},{\"@type\":\"WebSite\",\"@id\":\"https:\/\/www.asajacyl.com\/soria\/#website\",\"url\":\"https:\/\/www.asajacyl.com\/soria\/\",\"name\":\"ASAJA Soria\",\"description\":\"Otro sitio m\u00e1s de Provincias ASAJA Castilla y Le\u00f3n\",\"potentialAction\":[{\"@type\":\"SearchAction\",\"target\":{\"@type\":\"EntryPoint\",\"urlTemplate\":\"https:\/\/www.asajacyl.com\/soria\/?s={search_term_string}\"},\"query-input\":{\"@type\":\"PropertyValueSpecification\",\"valueRequired\":true,\"valueName\":\"search_term_string\"}}],\"inLanguage\":\"es\"},{\"@type\":\"Person\",\"@id\":\"https:\/\/www.asajacyl.com\/soria\/#\/schema\/person\/fd3081c40255119ce8133b87e6aedfab\",\"name\":\"Juan Ignacio Prieto Nieto\",\"image\":{\"@type\":\"ImageObject\",\"inLanguage\":\"es\",\"@id\":\"https:\/\/www.asajacyl.com\/soria\/#\/schema\/person\/image\/\",\"url\":\"https:\/\/secure.gravatar.com\/avatar\/8266b36e4d9001acb4700699a2468dc8?s=96&d=mm&r=g\",\"contentUrl\":\"https:\/\/secure.gravatar.com\/avatar\/8266b36e4d9001acb4700699a2468dc8?s=96&d=mm&r=g\",\"caption\":\"Juan Ignacio Prieto Nieto\"},\"url\":\"https:\/\/www.asajacyl.com\/soria\/author\/juanfranciscoby\"}]}<\/script>\n<!-- \/ Yoast SEO plugin. -->","yoast_head_json":{"title":"ASAJA valora que el Gobierno apruebe medidas provisionales por la sequ\u00eda pero advierte que tendr\u00e1n que ser complementadas - ASAJA Soria","description":"El real decreto-ley recoger\u00e1 diferentes medidas, m\u00e1s concretas en el caso de las explotaciones ganaderas, pero todav\u00eda imprecisas en el caso de la","robots":{"index":"index","follow":"follow","max-snippet":"max-snippet:-1","max-image-preview":"max-image-preview:large","max-video-preview":"max-video-preview:-1"},"canonical":"https:\/\/www.asajacyl.com\/soria\/asaja-soria-informa\/asaja-valora-que-el-gobierno-apruebe-medidas-provisionales-por-la-sequia-pero-advierte-que-tendran-que-ser-complementadas","og_locale":"es_ES","og_type":"article","og_title":"ASAJA valora que el Gobierno apruebe medidas provisionales por la sequ\u00eda pero advierte que tendr\u00e1n que ser complementadas - ASAJA Soria","og_description":"El real decreto-ley recoger\u00e1 diferentes medidas, m\u00e1s concretas en el caso de las explotaciones ganaderas, pero todav\u00eda imprecisas en el caso de la","og_url":"https:\/\/www.asajacyl.com\/soria\/asaja-soria-informa\/asaja-valora-que-el-gobierno-apruebe-medidas-provisionales-por-la-sequia-pero-advierte-que-tendran-que-ser-complementadas","og_site_name":"ASAJA Soria","article_published_time":"2023-05-11T12:40:49+00:00","article_modified_time":"2023-06-13T15:55:15+00:00","og_image":[{"width":2500,"height":1666,"url":"https:\/\/www.asajacyl.com\/soria\/wp-content\/uploads\/sites\/9\/2023\/05\/230425lplanascm2_tcm30-650609.jpg","type":"image\/jpeg"}],"author":"Juan Ignacio Prieto Nieto","twitter_card":"summary_large_image","twitter_misc":{"Escrito por":"Juan Ignacio Prieto Nieto","Tiempo de lectura":"1 minuto"},"schema":{"@context":"https:\/\/schema.org","@graph":[{"@type":"WebPage","@id":"https:\/\/www.asajacyl.com\/soria\/asaja-soria-informa\/asaja-valora-que-el-gobierno-apruebe-medidas-provisionales-por-la-sequia-pero-advierte-que-tendran-que-ser-complementadas","url":"https:\/\/www.asajacyl.com\/soria\/asaja-soria-informa\/asaja-valora-que-el-gobierno-apruebe-medidas-provisionales-por-la-sequia-pero-advierte-que-tendran-que-ser-complementadas","name":"ASAJA valora que el Gobierno apruebe medidas provisionales por la sequ\u00eda pero advierte que tendr\u00e1n que ser complementadas - ASAJA Soria","isPartOf":{"@id":"https:\/\/www.asajacyl.com\/soria\/#website"},"primaryImageOfPage":{"@id":"https:\/\/www.asajacyl.com\/soria\/asaja-soria-informa\/asaja-valora-que-el-gobierno-apruebe-medidas-provisionales-por-la-sequia-pero-advierte-que-tendran-que-ser-complementadas#primaryimage"},"image":{"@id":"https:\/\/www.asajacyl.com\/soria\/asaja-soria-informa\/asaja-valora-que-el-gobierno-apruebe-medidas-provisionales-por-la-sequia-pero-advierte-que-tendran-que-ser-complementadas#primaryimage"},"thumbnailUrl":"https:\/\/www.asajacyl.com\/soria\/wp-content\/uploads\/sites\/9\/2023\/05\/230425lplanascm2_tcm30-650609.jpg","datePublished":"2023-05-11T12:40:49+00:00","dateModified":"2023-06-13T15:55:15+00:00","author":{"@id":"https:\/\/www.asajacyl.com\/soria\/#\/schema\/person\/fd3081c40255119ce8133b87e6aedfab"},"description":"El real decreto-ley recoger\u00e1 diferentes medidas, m\u00e1s concretas en el caso de las explotaciones ganaderas, pero todav\u00eda imprecisas en el caso de la","breadcrumb":{"@id":"https:\/\/www.asajacyl.com\/soria\/asaja-soria-informa\/asaja-valora-que-el-gobierno-apruebe-medidas-provisionales-por-la-sequia-pero-advierte-que-tendran-que-ser-complementadas#breadcrumb"},"inLanguage":"es","potentialAction":[{"@type":"ReadAction","target":["https:\/\/www.asajacyl.com\/soria\/asaja-soria-informa\/asaja-valora-que-el-gobierno-apruebe-medidas-provisionales-por-la-sequia-pero-advierte-que-tendran-que-ser-complementadas"]}]},{"@type":"ImageObject","inLanguage":"es","@id":"https:\/\/www.asajacyl.com\/soria\/asaja-soria-informa\/asaja-valora-que-el-gobierno-apruebe-medidas-provisionales-por-la-sequia-pero-advierte-que-tendran-que-ser-complementadas#primaryimage","url":"https:\/\/www.asajacyl.com\/soria\/wp-content\/uploads\/sites\/9\/2023\/05\/230425lplanascm2_tcm30-650609.jpg","contentUrl":"https:\/\/www.asajacyl.com\/soria\/wp-content\/uploads\/sites\/9\/2023\/05\/230425lplanascm2_tcm30-650609.jpg","width":2500,"height":1666},{"@type":"BreadcrumbList","@id":"https:\/\/www.asajacyl.com\/soria\/asaja-soria-informa\/asaja-valora-que-el-gobierno-apruebe-medidas-provisionales-por-la-sequia-pero-advierte-que-tendran-que-ser-complementadas#breadcrumb","itemListElement":[{"@type":"ListItem","position":1,"name":"Portada","item":"https:\/\/www.asajacyl.com\/soria\/"},{"@type":"ListItem","position":2,"name":"ASAJA valora que el Gobierno apruebe medidas provisionales por la sequ\u00eda pero advierte que tendr\u00e1n que ser complementadas"}]},{"@type":"WebSite","@id":"https:\/\/www.asajacyl.com\/soria\/#website","url":"https:\/\/www.asajacyl.com\/soria\/","name":"ASAJA Soria","description":"Otro sitio m\u00e1s de Provincias ASAJA Castilla y Le\u00f3n","potentialAction":[{"@type":"SearchAction","target":{"@type":"EntryPoint","urlTemplate":"https:\/\/www.asajacyl.com\/soria\/?s={search_term_string}"},"query-input":{"@type":"PropertyValueSpecification","valueRequired":true,"valueName":"search_term_string"}}],"inLanguage":"es"},{"@type":"Person","@id":"https:\/\/www.asajacyl.com\/soria\/#\/schema\/person\/fd3081c40255119ce8133b87e6aedfab","name":"Juan Ignacio Prieto Nieto","image":{"@type":"ImageObject","inLanguage":"es","@id":"https:\/\/www.asajacyl.com\/soria\/#\/schema\/person\/image\/","url":"https:\/\/secure.gravatar.com\/avatar\/8266b36e4d9001acb4700699a2468dc8?s=96&d=mm&r=g","contentUrl":"https:\/\/secure.gravatar.com\/avatar\/8266b36e4d9001acb4700699a2468dc8?s=96&d=mm&r=g","caption":"Juan Ignacio Prieto Nieto"},"url":"https:\/\/www.asajacyl.com\/soria\/author\/juanfranciscoby"}]}},"_links":{"self":[{"href":"https:\/\/www.asajacyl.com\/soria\/wp-json\/wp\/v2\/posts\/6815"}],"collection":[{"href":"https:\/\/www.asajacyl.com\/soria\/wp-json\/wp\/v2\/posts"}],"about":[{"href":"https:\/\/www.asajacyl.com\/soria\/wp-json\/wp\/v2\/types\/post"}],"author":[{"embeddable":true,"href":"https:\/\/www.asajacyl.com\/soria\/wp-json\/wp\/v2\/users\/12"}],"replies":[{"embeddable":true,"href":"https:\/\/www.asajacyl.com\/soria\/wp-json\/wp\/v2\/comments?post=6815"}],"version-history":[{"count":3,"href":"https:\/\/www.asajacyl.com\/soria\/wp-json\/wp\/v2\/posts\/6815\/revisions"}],"predecessor-version":[{"id":6836,"href":"https:\/\/www.asajacyl.com\/soria\/wp-json\/wp\/v2\/posts\/6815\/revisions\/6836"}],"wp:featuredmedia":[{"embeddable":true,"href":"https:\/\/www.asajacyl.com\/soria\/wp-json\/wp\/v2\/media\/6818"}],"wp:attachment":[{"href":"https:\/\/www.asajacyl.com\/soria\/wp-json\/wp\/v2\/media?parent=6815"}],"wp:term":[{"taxonomy":"category","embeddable":true,"href":"https:\/\/www.asajacyl.com\/soria\/wp-json\/wp\/v2\/categories?post=6815"},{"taxonomy":"post_tag","embeddable":true,"href":"https:\/\/www.asajacyl.com\/soria\/wp-json\/wp\/v2\/tags?post=6815"}],"curies":[{"name":"wp","href":"https:\/\/api.w.org\/{rel}","templated":true}]}}