{"id":6848,"date":"2023-05-25T14:06:27","date_gmt":"2023-05-25T12:06:27","guid":{"rendered":"https:\/\/www.asajacyl.com\/soria\/?p=6848"},"modified":"2023-05-25T14:06:29","modified_gmt":"2023-05-25T12:06:29","slug":"feliz-dia-de-san-isidro","status":"publish","type":"post","link":"https:\/\/www.asajacyl.com\/soria\/asaja-soria-informa\/feliz-dia-de-san-isidro","title":{"rendered":"FELIZ D\u00cdA DE SAN ISIDRO"},"content":{"rendered":"\n\n\n<p><img loading=\"lazy\" decoding=\"async\" class=\"aligncenter size-full wp-image-6852\" src=\"https:\/\/www.asajacyl.com\/soria\/wp-content\/uploads\/sites\/9\/2023\/05\/IMG_9235.jpg\" alt=\"\" width=\"2500\" height=\"1875\" srcset=\"https:\/\/www.asajacyl.com\/soria\/wp-content\/uploads\/sites\/9\/2023\/05\/IMG_9235.jpg 2500w, https:\/\/www.asajacyl.com\/soria\/wp-content\/uploads\/sites\/9\/2023\/05\/IMG_9235-300x225.jpg 300w, https:\/\/www.asajacyl.com\/soria\/wp-content\/uploads\/sites\/9\/2023\/05\/IMG_9235-1024x768.jpg 1024w, https:\/\/www.asajacyl.com\/soria\/wp-content\/uploads\/sites\/9\/2023\/05\/IMG_9235-768x576.jpg 768w, https:\/\/www.asajacyl.com\/soria\/wp-content\/uploads\/sites\/9\/2023\/05\/IMG_9235-1536x1152.jpg 1536w, https:\/\/www.asajacyl.com\/soria\/wp-content\/uploads\/sites\/9\/2023\/05\/IMG_9235-2048x1536.jpg 2048w, https:\/\/www.asajacyl.com\/soria\/wp-content\/uploads\/sites\/9\/2023\/05\/IMG_9235-696x522.jpg 696w, https:\/\/www.asajacyl.com\/soria\/wp-content\/uploads\/sites\/9\/2023\/05\/IMG_9235-1068x801.jpg 1068w, https:\/\/www.asajacyl.com\/soria\/wp-content\/uploads\/sites\/9\/2023\/05\/IMG_9235-1920x1440.jpg 1920w, https:\/\/www.asajacyl.com\/soria\/wp-content\/uploads\/sites\/9\/2023\/05\/IMG_9235-560x420.jpg 560w, https:\/\/www.asajacyl.com\/soria\/wp-content\/uploads\/sites\/9\/2023\/05\/IMG_9235-80x60.jpg 80w\" sizes=\"(max-width: 2500px) 100vw, 2500px\" \/><\/p>\n\n\n\n<p>Poco que celebrar en este San Isidro de 2023. La sequ\u00eda arrastrada desde hace meses f\u00eda poco ya a las lluvias que puedan caer a partir del 15 de mayo, aunque todav\u00eda podr\u00edan ser un alivio para parte del secano, para las reservas de regad\u00edo y para los agotados pastos frescos. \u201cDe la lluvia que pudiera venir depende que la cosecha de 2023 se hunda m\u00e1s todav\u00eda y supere el triste r\u00e9cord de la de 2017, o que quede ligeramente por encima. En todo caso, ser\u00e1 la segunda peor de la d\u00e9cada\u201d, resume Donaciano Dujo, presidente de ASAJA de Castilla y Le\u00f3n. Para la presidenta de ASAJA Soria, Ana Pastor, el a\u00f1o se avecina \u00abcatastr\u00f3fico\u00bb.<\/p>\n<p>La primavera extraordinariamente seca, tras un invierno parco igualmente en precipitaciones, con nieves casi ausentes, y especialmente el mes de abril, el m\u00e1s \u00e1rido desde 1951, han llevado la campa\u00f1a a un callej\u00f3n sin salida. Las predicciones de rendimientos elaboradas por el Instituto Tecnol\u00f3gico Agrario de Castilla y Le\u00f3n sobre datos de la AEMET, confirman num\u00e9ricamente lo que los agricultores y ganaderos llevan constatando muchas semanas: rendimientos muy por debajo de la media en trigo y a\u00fan m\u00e1s en cebada en todas las provincias, y peores a\u00fan en una franja amplia de intensa sequ\u00eda que abarca provincias del sur pero que se extiende tambi\u00e9n hacia el este e incluso el norte de la regi\u00f3n.<\/p>\n<p><img loading=\"lazy\" decoding=\"async\" class=\"aligncenter size-full wp-image-6857\" src=\"https:\/\/www.asajacyl.com\/soria\/wp-content\/uploads\/sites\/9\/2023\/05\/IMG_9242.jpg\" alt=\"\" width=\"2500\" height=\"1875\" srcset=\"https:\/\/www.asajacyl.com\/soria\/wp-content\/uploads\/sites\/9\/2023\/05\/IMG_9242.jpg 2500w, https:\/\/www.asajacyl.com\/soria\/wp-content\/uploads\/sites\/9\/2023\/05\/IMG_9242-300x225.jpg 300w, https:\/\/www.asajacyl.com\/soria\/wp-content\/uploads\/sites\/9\/2023\/05\/IMG_9242-1024x768.jpg 1024w, https:\/\/www.asajacyl.com\/soria\/wp-content\/uploads\/sites\/9\/2023\/05\/IMG_9242-768x576.jpg 768w, https:\/\/www.asajacyl.com\/soria\/wp-content\/uploads\/sites\/9\/2023\/05\/IMG_9242-1536x1152.jpg 1536w, https:\/\/www.asajacyl.com\/soria\/wp-content\/uploads\/sites\/9\/2023\/05\/IMG_9242-2048x1536.jpg 2048w, https:\/\/www.asajacyl.com\/soria\/wp-content\/uploads\/sites\/9\/2023\/05\/IMG_9242-696x522.jpg 696w, https:\/\/www.asajacyl.com\/soria\/wp-content\/uploads\/sites\/9\/2023\/05\/IMG_9242-1068x801.jpg 1068w, https:\/\/www.asajacyl.com\/soria\/wp-content\/uploads\/sites\/9\/2023\/05\/IMG_9242-1920x1440.jpg 1920w, https:\/\/www.asajacyl.com\/soria\/wp-content\/uploads\/sites\/9\/2023\/05\/IMG_9242-560x420.jpg 560w, https:\/\/www.asajacyl.com\/soria\/wp-content\/uploads\/sites\/9\/2023\/05\/IMG_9242-80x60.jpg 80w\" sizes=\"(max-width: 2500px) 100vw, 2500px\" \/><\/p>\n<p>Esta pertinaz falta de agua, unida a un suelo seco, temperaturas inusualmente elevadas y escasas reservas, arrastradas de tiempo atr\u00e1s, dejan poca esperanza en el pron\u00f3stico para las semanas que faltan para la ya inminente recolecci\u00f3n. Porque adem\u00e1s se observa un adelanto importante de las fechas de cosecha, en torno a quince d\u00edas. Esta es la raz\u00f3n por la que muchos agricultores est\u00e9n dando parte a Agroseguro para poder cambiar sus parcelas y segar en verde lo poco que hay, destinando la producci\u00f3n a un forraje que escasea y que complica enormemente la situaci\u00f3n de los ganaderos.<\/p>\n<p><img loading=\"lazy\" decoding=\"async\" class=\"aligncenter size-full wp-image-6856\" src=\"https:\/\/www.asajacyl.com\/soria\/wp-content\/uploads\/sites\/9\/2023\/05\/IMG_9247.jpg\" alt=\"\" width=\"1875\" height=\"2500\" srcset=\"https:\/\/www.asajacyl.com\/soria\/wp-content\/uploads\/sites\/9\/2023\/05\/IMG_9247.jpg 1875w, https:\/\/www.asajacyl.com\/soria\/wp-content\/uploads\/sites\/9\/2023\/05\/IMG_9247-225x300.jpg 225w, https:\/\/www.asajacyl.com\/soria\/wp-content\/uploads\/sites\/9\/2023\/05\/IMG_9247-768x1024.jpg 768w, https:\/\/www.asajacyl.com\/soria\/wp-content\/uploads\/sites\/9\/2023\/05\/IMG_9247-1152x1536.jpg 1152w, https:\/\/www.asajacyl.com\/soria\/wp-content\/uploads\/sites\/9\/2023\/05\/IMG_9247-1536x2048.jpg 1536w, https:\/\/www.asajacyl.com\/soria\/wp-content\/uploads\/sites\/9\/2023\/05\/IMG_9247-696x928.jpg 696w, https:\/\/www.asajacyl.com\/soria\/wp-content\/uploads\/sites\/9\/2023\/05\/IMG_9247-1068x1424.jpg 1068w, https:\/\/www.asajacyl.com\/soria\/wp-content\/uploads\/sites\/9\/2023\/05\/IMG_9247-315x420.jpg 315w\" sizes=\"(max-width: 1875px) 100vw, 1875px\" \/><\/p>\n<p><img loading=\"lazy\" decoding=\"async\" class=\"aligncenter size-full wp-image-6854\" src=\"https:\/\/www.asajacyl.com\/soria\/wp-content\/uploads\/sites\/9\/2023\/05\/IMG_9240.jpg\" alt=\"\" width=\"1875\" height=\"2500\" \/><\/p>\n","protected":false},"excerpt":{"rendered":"<p>Poco que celebrar en este San Isidro de 2023. La sequ\u00eda arrastrada desde hace meses f\u00eda poco ya a las lluvias que puedan caer a partir del 15 de mayo, aunque todav\u00eda podr\u00edan ser un alivio para parte del secano, para las reservas de regad\u00edo y para los agotados pastos frescos. \u201cDe la lluvia que [&hellip;]<\/p>\n","protected":false},"author":12,"featured_media":6849,"comment_status":"open","ping_status":"open","sticky":false,"template":"","format":"standard","meta":{"footnotes":""},"categories":[10,25],"tags":[],"yoast_head":"<!-- This site is optimized with the Yoast SEO plugin v24.5 - https:\/\/yoast.com\/wordpress\/plugins\/seo\/ -->\n<title>FELIZ D\u00cdA DE SAN ISIDRO - ASAJA Soria<\/title>\n<meta name=\"description\" content=\"Poco que celebrar en este San Isidro de 2023. La sequ\u00eda arrastrada desde hace meses f\u00eda poco ya a las lluvias que puedan caer a partir del 15 de mayo,\" \/>\n<meta name=\"robots\" content=\"index, follow, max-snippet:-1, max-image-preview:large, max-video-preview:-1\" \/>\n<link rel=\"canonical\" href=\"https:\/\/www.asajacyl.com\/soria\/asaja-soria-informa\/feliz-dia-de-san-isidro\" \/>\n<meta property=\"og:locale\" content=\"es_ES\" \/>\n<meta property=\"og:type\" content=\"article\" \/>\n<meta property=\"og:title\" content=\"FELIZ D\u00cdA DE SAN ISIDRO - ASAJA Soria\" \/>\n<meta property=\"og:description\" content=\"Poco que celebrar en este San Isidro de 2023. La sequ\u00eda arrastrada desde hace meses f\u00eda poco ya a las lluvias que puedan caer a partir del 15 de mayo,\" \/>\n<meta property=\"og:url\" content=\"https:\/\/www.asajacyl.com\/soria\/asaja-soria-informa\/feliz-dia-de-san-isidro\" \/>\n<meta property=\"og:site_name\" content=\"ASAJA Soria\" \/>\n<meta property=\"article:published_time\" content=\"2023-05-25T12:06:27+00:00\" \/>\n<meta property=\"article:modified_time\" content=\"2023-05-25T12:06:29+00:00\" \/>\n<meta property=\"og:image\" content=\"https:\/\/www.asajacyl.com\/soria\/wp-content\/uploads\/sites\/9\/2023\/05\/IMG_9243.jpg\" \/>\n\t<meta property=\"og:image:width\" content=\"1875\" \/>\n\t<meta property=\"og:image:height\" content=\"2500\" \/>\n\t<meta property=\"og:image:type\" content=\"image\/jpeg\" \/>\n<meta name=\"author\" content=\"Juan Ignacio Prieto Nieto\" \/>\n<meta name=\"twitter:card\" content=\"summary_large_image\" \/>\n<meta name=\"twitter:label1\" content=\"Escrito por\" \/>\n\t<meta name=\"twitter:data1\" content=\"Juan Ignacio Prieto Nieto\" \/>\n\t<meta name=\"twitter:label2\" content=\"Tiempo de lectura\" \/>\n\t<meta name=\"twitter:data2\" content=\"3 minutos\" \/>\n<script type=\"application\/ld+json\" class=\"yoast-schema-graph\">{\"@context\":\"https:\/\/schema.org\",\"@graph\":[{\"@type\":\"WebPage\",\"@id\":\"https:\/\/www.asajacyl.com\/soria\/asaja-soria-informa\/feliz-dia-de-san-isidro\",\"url\":\"https:\/\/www.asajacyl.com\/soria\/asaja-soria-informa\/feliz-dia-de-san-isidro\",\"name\":\"FELIZ D\u00cdA DE SAN ISIDRO - ASAJA Soria\",\"isPartOf\":{\"@id\":\"https:\/\/www.asajacyl.com\/soria\/#website\"},\"primaryImageOfPage\":{\"@id\":\"https:\/\/www.asajacyl.com\/soria\/asaja-soria-informa\/feliz-dia-de-san-isidro#primaryimage\"},\"image\":{\"@id\":\"https:\/\/www.asajacyl.com\/soria\/asaja-soria-informa\/feliz-dia-de-san-isidro#primaryimage\"},\"thumbnailUrl\":\"https:\/\/www.asajacyl.com\/soria\/wp-content\/uploads\/sites\/9\/2023\/05\/IMG_9243.jpg\",\"datePublished\":\"2023-05-25T12:06:27+00:00\",\"dateModified\":\"2023-05-25T12:06:29+00:00\",\"author\":{\"@id\":\"https:\/\/www.asajacyl.com\/soria\/#\/schema\/person\/fd3081c40255119ce8133b87e6aedfab\"},\"description\":\"Poco que celebrar en este San Isidro de 2023. La sequ\u00eda arrastrada desde hace meses f\u00eda poco ya a las lluvias que puedan caer a partir del 15 de mayo,\",\"breadcrumb\":{\"@id\":\"https:\/\/www.asajacyl.com\/soria\/asaja-soria-informa\/feliz-dia-de-san-isidro#breadcrumb\"},\"inLanguage\":\"es\",\"potentialAction\":[{\"@type\":\"ReadAction\",\"target\":[\"https:\/\/www.asajacyl.com\/soria\/asaja-soria-informa\/feliz-dia-de-san-isidro\"]}]},{\"@type\":\"ImageObject\",\"inLanguage\":\"es\",\"@id\":\"https:\/\/www.asajacyl.com\/soria\/asaja-soria-informa\/feliz-dia-de-san-isidro#primaryimage\",\"url\":\"https:\/\/www.asajacyl.com\/soria\/wp-content\/uploads\/sites\/9\/2023\/05\/IMG_9243.jpg\",\"contentUrl\":\"https:\/\/www.asajacyl.com\/soria\/wp-content\/uploads\/sites\/9\/2023\/05\/IMG_9243.jpg\",\"width\":1875,\"height\":2500},{\"@type\":\"BreadcrumbList\",\"@id\":\"https:\/\/www.asajacyl.com\/soria\/asaja-soria-informa\/feliz-dia-de-san-isidro#breadcrumb\",\"itemListElement\":[{\"@type\":\"ListItem\",\"position\":1,\"name\":\"Portada\",\"item\":\"https:\/\/www.asajacyl.com\/soria\/\"},{\"@type\":\"ListItem\",\"position\":2,\"name\":\"FELIZ D\u00cdA DE SAN ISIDRO\"}]},{\"@type\":\"WebSite\",\"@id\":\"https:\/\/www.asajacyl.com\/soria\/#website\",\"url\":\"https:\/\/www.asajacyl.com\/soria\/\",\"name\":\"ASAJA Soria\",\"description\":\"Otro sitio m\u00e1s de Provincias ASAJA Castilla y Le\u00f3n\",\"potentialAction\":[{\"@type\":\"SearchAction\",\"target\":{\"@type\":\"EntryPoint\",\"urlTemplate\":\"https:\/\/www.asajacyl.com\/soria\/?s={search_term_string}\"},\"query-input\":{\"@type\":\"PropertyValueSpecification\",\"valueRequired\":true,\"valueName\":\"search_term_string\"}}],\"inLanguage\":\"es\"},{\"@type\":\"Person\",\"@id\":\"https:\/\/www.asajacyl.com\/soria\/#\/schema\/person\/fd3081c40255119ce8133b87e6aedfab\",\"name\":\"Juan Ignacio Prieto Nieto\",\"image\":{\"@type\":\"ImageObject\",\"inLanguage\":\"es\",\"@id\":\"https:\/\/www.asajacyl.com\/soria\/#\/schema\/person\/image\/\",\"url\":\"https:\/\/secure.gravatar.com\/avatar\/8266b36e4d9001acb4700699a2468dc8?s=96&d=mm&r=g\",\"contentUrl\":\"https:\/\/secure.gravatar.com\/avatar\/8266b36e4d9001acb4700699a2468dc8?s=96&d=mm&r=g\",\"caption\":\"Juan Ignacio Prieto Nieto\"},\"url\":\"https:\/\/www.asajacyl.com\/soria\/author\/juanfranciscoby\"}]}<\/script>\n<!-- \/ Yoast SEO plugin. -->","yoast_head_json":{"title":"FELIZ D\u00cdA DE SAN ISIDRO - ASAJA Soria","description":"Poco que celebrar en este San Isidro de 2023. La sequ\u00eda arrastrada desde hace meses f\u00eda poco ya a las lluvias que puedan caer a partir del 15 de mayo,","robots":{"index":"index","follow":"follow","max-snippet":"max-snippet:-1","max-image-preview":"max-image-preview:large","max-video-preview":"max-video-preview:-1"},"canonical":"https:\/\/www.asajacyl.com\/soria\/asaja-soria-informa\/feliz-dia-de-san-isidro","og_locale":"es_ES","og_type":"article","og_title":"FELIZ D\u00cdA DE SAN ISIDRO - ASAJA Soria","og_description":"Poco que celebrar en este San Isidro de 2023. La sequ\u00eda arrastrada desde hace meses f\u00eda poco ya a las lluvias que puedan caer a partir del 15 de mayo,","og_url":"https:\/\/www.asajacyl.com\/soria\/asaja-soria-informa\/feliz-dia-de-san-isidro","og_site_name":"ASAJA Soria","article_published_time":"2023-05-25T12:06:27+00:00","article_modified_time":"2023-05-25T12:06:29+00:00","og_image":[{"width":1875,"height":2500,"url":"https:\/\/www.asajacyl.com\/soria\/wp-content\/uploads\/sites\/9\/2023\/05\/IMG_9243.jpg","type":"image\/jpeg"}],"author":"Juan Ignacio Prieto Nieto","twitter_card":"summary_large_image","twitter_misc":{"Escrito por":"Juan Ignacio Prieto Nieto","Tiempo de lectura":"3 minutos"},"schema":{"@context":"https:\/\/schema.org","@graph":[{"@type":"WebPage","@id":"https:\/\/www.asajacyl.com\/soria\/asaja-soria-informa\/feliz-dia-de-san-isidro","url":"https:\/\/www.asajacyl.com\/soria\/asaja-soria-informa\/feliz-dia-de-san-isidro","name":"FELIZ D\u00cdA DE SAN ISIDRO - ASAJA Soria","isPartOf":{"@id":"https:\/\/www.asajacyl.com\/soria\/#website"},"primaryImageOfPage":{"@id":"https:\/\/www.asajacyl.com\/soria\/asaja-soria-informa\/feliz-dia-de-san-isidro#primaryimage"},"image":{"@id":"https:\/\/www.asajacyl.com\/soria\/asaja-soria-informa\/feliz-dia-de-san-isidro#primaryimage"},"thumbnailUrl":"https:\/\/www.asajacyl.com\/soria\/wp-content\/uploads\/sites\/9\/2023\/05\/IMG_9243.jpg","datePublished":"2023-05-25T12:06:27+00:00","dateModified":"2023-05-25T12:06:29+00:00","author":{"@id":"https:\/\/www.asajacyl.com\/soria\/#\/schema\/person\/fd3081c40255119ce8133b87e6aedfab"},"description":"Poco que celebrar en este San Isidro de 2023. La sequ\u00eda arrastrada desde hace meses f\u00eda poco ya a las lluvias que puedan caer a partir del 15 de mayo,","breadcrumb":{"@id":"https:\/\/www.asajacyl.com\/soria\/asaja-soria-informa\/feliz-dia-de-san-isidro#breadcrumb"},"inLanguage":"es","potentialAction":[{"@type":"ReadAction","target":["https:\/\/www.asajacyl.com\/soria\/asaja-soria-informa\/feliz-dia-de-san-isidro"]}]},{"@type":"ImageObject","inLanguage":"es","@id":"https:\/\/www.asajacyl.com\/soria\/asaja-soria-informa\/feliz-dia-de-san-isidro#primaryimage","url":"https:\/\/www.asajacyl.com\/soria\/wp-content\/uploads\/sites\/9\/2023\/05\/IMG_9243.jpg","contentUrl":"https:\/\/www.asajacyl.com\/soria\/wp-content\/uploads\/sites\/9\/2023\/05\/IMG_9243.jpg","width":1875,"height":2500},{"@type":"BreadcrumbList","@id":"https:\/\/www.asajacyl.com\/soria\/asaja-soria-informa\/feliz-dia-de-san-isidro#breadcrumb","itemListElement":[{"@type":"ListItem","position":1,"name":"Portada","item":"https:\/\/www.asajacyl.com\/soria\/"},{"@type":"ListItem","position":2,"name":"FELIZ D\u00cdA DE SAN ISIDRO"}]},{"@type":"WebSite","@id":"https:\/\/www.asajacyl.com\/soria\/#website","url":"https:\/\/www.asajacyl.com\/soria\/","name":"ASAJA Soria","description":"Otro sitio m\u00e1s de Provincias ASAJA Castilla y Le\u00f3n","potentialAction":[{"@type":"SearchAction","target":{"@type":"EntryPoint","urlTemplate":"https:\/\/www.asajacyl.com\/soria\/?s={search_term_string}"},"query-input":{"@type":"PropertyValueSpecification","valueRequired":true,"valueName":"search_term_string"}}],"inLanguage":"es"},{"@type":"Person","@id":"https:\/\/www.asajacyl.com\/soria\/#\/schema\/person\/fd3081c40255119ce8133b87e6aedfab","name":"Juan Ignacio Prieto Nieto","image":{"@type":"ImageObject","inLanguage":"es","@id":"https:\/\/www.asajacyl.com\/soria\/#\/schema\/person\/image\/","url":"https:\/\/secure.gravatar.com\/avatar\/8266b36e4d9001acb4700699a2468dc8?s=96&d=mm&r=g","contentUrl":"https:\/\/secure.gravatar.com\/avatar\/8266b36e4d9001acb4700699a2468dc8?s=96&d=mm&r=g","caption":"Juan Ignacio Prieto Nieto"},"url":"https:\/\/www.asajacyl.com\/soria\/author\/juanfranciscoby"}]}},"_links":{"self":[{"href":"https:\/\/www.asajacyl.com\/soria\/wp-json\/wp\/v2\/posts\/6848"}],"collection":[{"href":"https:\/\/www.asajacyl.com\/soria\/wp-json\/wp\/v2\/posts"}],"about":[{"href":"https:\/\/www.asajacyl.com\/soria\/wp-json\/wp\/v2\/types\/post"}],"author":[{"embeddable":true,"href":"https:\/\/www.asajacyl.com\/soria\/wp-json\/wp\/v2\/users\/12"}],"replies":[{"embeddable":true,"href":"https:\/\/www.asajacyl.com\/soria\/wp-json\/wp\/v2\/comments?post=6848"}],"version-history":[{"count":3,"href":"https:\/\/www.asajacyl.com\/soria\/wp-json\/wp\/v2\/posts\/6848\/revisions"}],"predecessor-version":[{"id":6859,"href":"https:\/\/www.asajacyl.com\/soria\/wp-json\/wp\/v2\/posts\/6848\/revisions\/6859"}],"wp:featuredmedia":[{"embeddable":true,"href":"https:\/\/www.asajacyl.com\/soria\/wp-json\/wp\/v2\/media\/6849"}],"wp:attachment":[{"href":"https:\/\/www.asajacyl.com\/soria\/wp-json\/wp\/v2\/media?parent=6848"}],"wp:term":[{"taxonomy":"category","embeddable":true,"href":"https:\/\/www.asajacyl.com\/soria\/wp-json\/wp\/v2\/categories?post=6848"},{"taxonomy":"post_tag","embeddable":true,"href":"https:\/\/www.asajacyl.com\/soria\/wp-json\/wp\/v2\/tags?post=6848"}],"curies":[{"name":"wp","href":"https:\/\/api.w.org\/{rel}","templated":true}]}}