{"id":6914,"date":"2023-06-19T14:04:51","date_gmt":"2023-06-19T12:04:51","guid":{"rendered":"https:\/\/www.asajacyl.com\/soria\/?p=6914"},"modified":"2023-06-19T14:05:16","modified_gmt":"2023-06-19T12:05:16","slug":"planas-defiende-un-marco-juridico-en-la-ue-para-fomentar-la-innovacion-agraria","status":"publish","type":"post","link":"https:\/\/www.asajacyl.com\/soria\/asaja-soria-informa\/planas-defiende-un-marco-juridico-en-la-ue-para-fomentar-la-innovacion-agraria","title":{"rendered":"Planas defiende un marco jur\u00eddico en la UE para fomentar la innovaci\u00f3n agraria"},"content":{"rendered":"\n\n\n<p>El ministro espa\u00f1ol de Agricultura, Pesca y Alimentaci\u00f3n, Luis Planas, defendi\u00f3 el 13 de junio tras el consejo informal de ministros del ramo de la Uni\u00f3n Europea (UE) en Estocolmo, que \u00e9sta debe disponer de un marco jur\u00eddico para fomentar la innovaci\u00f3n en el sector agrario.<\/p>\n<p>El papel de la agricultura y la silvicultura comunitarias en la transici\u00f3n ecol\u00f3gica fue uno de los temas centrales de la reuni\u00f3n del consejo, organizado por la presidencia rotatoria sueca.<\/p>\n<p>Planas resalt\u00f3, seg\u00fan destaca un comunicado que recoge Efeagro, el rol de las tecnolog\u00edas de mejora gen\u00e9tica como herramienta para incrementar los rendimientos,\u00a0la calidad de las producciones y la resistencia a plagas y enfermedades.<\/p>\n<p>La agricultura de precisi\u00f3n constituye tambi\u00e9n un elemento fundamental para transformar los sistemas alimentarios, mejorar las condiciones de trabajo de los agricultores y lograr una mayor rentabilidad para las explotaciones, sostuvo Planas.<\/p>\n","protected":false},"excerpt":{"rendered":"<p>El ministro espa\u00f1ol de Agricultura, Pesca y Alimentaci\u00f3n, Luis Planas, defendi\u00f3 el 13 de junio tras el consejo informal de ministros del ramo de la Uni\u00f3n Europea (UE) en Estocolmo, que \u00e9sta debe disponer de un marco jur\u00eddico para fomentar la innovaci\u00f3n en el sector agrario. El papel de la agricultura y la silvicultura comunitarias [&hellip;]<\/p>\n","protected":false},"author":12,"featured_media":6500,"comment_status":"open","ping_status":"open","sticky":false,"template":"","format":"standard","meta":{"footnotes":""},"categories":[10,25],"tags":[],"yoast_head":"<!-- This site is optimized with the Yoast SEO plugin v24.5 - https:\/\/yoast.com\/wordpress\/plugins\/seo\/ -->\n<title>Planas defiende un marco jur\u00eddico en la UE para fomentar la innovaci\u00f3n agraria - ASAJA Soria<\/title>\n<meta name=\"description\" content=\"El ministro espa\u00f1ol de Agricultura, Pesca y Alimentaci\u00f3n, Luis Planas, defendi\u00f3 el 13 de junio tras el consejo informal de ministros del ramo de la Uni\u00f3n\" \/>\n<meta name=\"robots\" content=\"index, follow, max-snippet:-1, max-image-preview:large, max-video-preview:-1\" \/>\n<link rel=\"canonical\" href=\"https:\/\/www.asajacyl.com\/soria\/asaja-soria-informa\/planas-defiende-un-marco-juridico-en-la-ue-para-fomentar-la-innovacion-agraria\" \/>\n<meta property=\"og:locale\" content=\"es_ES\" \/>\n<meta property=\"og:type\" content=\"article\" \/>\n<meta property=\"og:title\" content=\"Planas defiende un marco jur\u00eddico en la UE para fomentar la innovaci\u00f3n agraria - ASAJA Soria\" \/>\n<meta property=\"og:description\" content=\"El ministro espa\u00f1ol de Agricultura, Pesca y Alimentaci\u00f3n, Luis Planas, defendi\u00f3 el 13 de junio tras el consejo informal de ministros del ramo de la Uni\u00f3n\" \/>\n<meta property=\"og:url\" content=\"https:\/\/www.asajacyl.com\/soria\/asaja-soria-informa\/planas-defiende-un-marco-juridico-en-la-ue-para-fomentar-la-innovacion-agraria\" \/>\n<meta property=\"og:site_name\" content=\"ASAJA Soria\" \/>\n<meta property=\"article:published_time\" content=\"2023-06-19T12:04:51+00:00\" \/>\n<meta property=\"article:modified_time\" content=\"2023-06-19T12:05:16+00:00\" \/>\n<meta property=\"og:image\" content=\"https:\/\/www.asajacyl.com\/soria\/wp-content\/uploads\/sites\/9\/2023\/01\/Cosechadora_segando_en_secano_de_cebada.jpg\" \/>\n\t<meta property=\"og:image:width\" content=\"2500\" \/>\n\t<meta property=\"og:image:height\" content=\"1879\" \/>\n\t<meta property=\"og:image:type\" content=\"image\/jpeg\" \/>\n<meta name=\"author\" content=\"Juan Ignacio Prieto Nieto\" \/>\n<meta name=\"twitter:card\" content=\"summary_large_image\" \/>\n<meta name=\"twitter:label1\" content=\"Escrito por\" \/>\n\t<meta name=\"twitter:data1\" content=\"Juan Ignacio Prieto Nieto\" \/>\n\t<meta name=\"twitter:label2\" content=\"Tiempo de lectura\" \/>\n\t<meta name=\"twitter:data2\" content=\"1 minuto\" \/>\n<script type=\"application\/ld+json\" class=\"yoast-schema-graph\">{\"@context\":\"https:\/\/schema.org\",\"@graph\":[{\"@type\":\"WebPage\",\"@id\":\"https:\/\/www.asajacyl.com\/soria\/asaja-soria-informa\/planas-defiende-un-marco-juridico-en-la-ue-para-fomentar-la-innovacion-agraria\",\"url\":\"https:\/\/www.asajacyl.com\/soria\/asaja-soria-informa\/planas-defiende-un-marco-juridico-en-la-ue-para-fomentar-la-innovacion-agraria\",\"name\":\"Planas defiende un marco jur\u00eddico en la UE para fomentar la innovaci\u00f3n agraria - ASAJA Soria\",\"isPartOf\":{\"@id\":\"https:\/\/www.asajacyl.com\/soria\/#website\"},\"primaryImageOfPage\":{\"@id\":\"https:\/\/www.asajacyl.com\/soria\/asaja-soria-informa\/planas-defiende-un-marco-juridico-en-la-ue-para-fomentar-la-innovacion-agraria#primaryimage\"},\"image\":{\"@id\":\"https:\/\/www.asajacyl.com\/soria\/asaja-soria-informa\/planas-defiende-un-marco-juridico-en-la-ue-para-fomentar-la-innovacion-agraria#primaryimage\"},\"thumbnailUrl\":\"https:\/\/www.asajacyl.com\/soria\/wp-content\/uploads\/sites\/9\/2023\/01\/Cosechadora_segando_en_secano_de_cebada.jpg\",\"datePublished\":\"2023-06-19T12:04:51+00:00\",\"dateModified\":\"2023-06-19T12:05:16+00:00\",\"author\":{\"@id\":\"https:\/\/www.asajacyl.com\/soria\/#\/schema\/person\/fd3081c40255119ce8133b87e6aedfab\"},\"description\":\"El ministro espa\u00f1ol de Agricultura, Pesca y Alimentaci\u00f3n, Luis Planas, defendi\u00f3 el 13 de junio tras el consejo informal de ministros del ramo de la Uni\u00f3n\",\"breadcrumb\":{\"@id\":\"https:\/\/www.asajacyl.com\/soria\/asaja-soria-informa\/planas-defiende-un-marco-juridico-en-la-ue-para-fomentar-la-innovacion-agraria#breadcrumb\"},\"inLanguage\":\"es\",\"potentialAction\":[{\"@type\":\"ReadAction\",\"target\":[\"https:\/\/www.asajacyl.com\/soria\/asaja-soria-informa\/planas-defiende-un-marco-juridico-en-la-ue-para-fomentar-la-innovacion-agraria\"]}]},{\"@type\":\"ImageObject\",\"inLanguage\":\"es\",\"@id\":\"https:\/\/www.asajacyl.com\/soria\/asaja-soria-informa\/planas-defiende-un-marco-juridico-en-la-ue-para-fomentar-la-innovacion-agraria#primaryimage\",\"url\":\"https:\/\/www.asajacyl.com\/soria\/wp-content\/uploads\/sites\/9\/2023\/01\/Cosechadora_segando_en_secano_de_cebada.jpg\",\"contentUrl\":\"https:\/\/www.asajacyl.com\/soria\/wp-content\/uploads\/sites\/9\/2023\/01\/Cosechadora_segando_en_secano_de_cebada.jpg\",\"width\":2500,\"height\":1879},{\"@type\":\"BreadcrumbList\",\"@id\":\"https:\/\/www.asajacyl.com\/soria\/asaja-soria-informa\/planas-defiende-un-marco-juridico-en-la-ue-para-fomentar-la-innovacion-agraria#breadcrumb\",\"itemListElement\":[{\"@type\":\"ListItem\",\"position\":1,\"name\":\"Portada\",\"item\":\"https:\/\/www.asajacyl.com\/soria\/\"},{\"@type\":\"ListItem\",\"position\":2,\"name\":\"Planas defiende un marco jur\u00eddico en la UE para fomentar la innovaci\u00f3n agraria\"}]},{\"@type\":\"WebSite\",\"@id\":\"https:\/\/www.asajacyl.com\/soria\/#website\",\"url\":\"https:\/\/www.asajacyl.com\/soria\/\",\"name\":\"ASAJA Soria\",\"description\":\"Otro sitio m\u00e1s de Provincias ASAJA Castilla y Le\u00f3n\",\"potentialAction\":[{\"@type\":\"SearchAction\",\"target\":{\"@type\":\"EntryPoint\",\"urlTemplate\":\"https:\/\/www.asajacyl.com\/soria\/?s={search_term_string}\"},\"query-input\":{\"@type\":\"PropertyValueSpecification\",\"valueRequired\":true,\"valueName\":\"search_term_string\"}}],\"inLanguage\":\"es\"},{\"@type\":\"Person\",\"@id\":\"https:\/\/www.asajacyl.com\/soria\/#\/schema\/person\/fd3081c40255119ce8133b87e6aedfab\",\"name\":\"Juan Ignacio Prieto Nieto\",\"image\":{\"@type\":\"ImageObject\",\"inLanguage\":\"es\",\"@id\":\"https:\/\/www.asajacyl.com\/soria\/#\/schema\/person\/image\/\",\"url\":\"https:\/\/secure.gravatar.com\/avatar\/8266b36e4d9001acb4700699a2468dc8?s=96&d=mm&r=g\",\"contentUrl\":\"https:\/\/secure.gravatar.com\/avatar\/8266b36e4d9001acb4700699a2468dc8?s=96&d=mm&r=g\",\"caption\":\"Juan Ignacio Prieto Nieto\"},\"url\":\"https:\/\/www.asajacyl.com\/soria\/author\/juanfranciscoby\"}]}<\/script>\n<!-- \/ Yoast SEO plugin. -->","yoast_head_json":{"title":"Planas defiende un marco jur\u00eddico en la UE para fomentar la innovaci\u00f3n agraria - ASAJA Soria","description":"El ministro espa\u00f1ol de Agricultura, Pesca y Alimentaci\u00f3n, Luis Planas, defendi\u00f3 el 13 de junio tras el consejo informal de ministros del ramo de la Uni\u00f3n","robots":{"index":"index","follow":"follow","max-snippet":"max-snippet:-1","max-image-preview":"max-image-preview:large","max-video-preview":"max-video-preview:-1"},"canonical":"https:\/\/www.asajacyl.com\/soria\/asaja-soria-informa\/planas-defiende-un-marco-juridico-en-la-ue-para-fomentar-la-innovacion-agraria","og_locale":"es_ES","og_type":"article","og_title":"Planas defiende un marco jur\u00eddico en la UE para fomentar la innovaci\u00f3n agraria - ASAJA Soria","og_description":"El ministro espa\u00f1ol de Agricultura, Pesca y Alimentaci\u00f3n, Luis Planas, defendi\u00f3 el 13 de junio tras el consejo informal de ministros del ramo de la Uni\u00f3n","og_url":"https:\/\/www.asajacyl.com\/soria\/asaja-soria-informa\/planas-defiende-un-marco-juridico-en-la-ue-para-fomentar-la-innovacion-agraria","og_site_name":"ASAJA Soria","article_published_time":"2023-06-19T12:04:51+00:00","article_modified_time":"2023-06-19T12:05:16+00:00","og_image":[{"width":2500,"height":1879,"url":"https:\/\/www.asajacyl.com\/soria\/wp-content\/uploads\/sites\/9\/2023\/01\/Cosechadora_segando_en_secano_de_cebada.jpg","type":"image\/jpeg"}],"author":"Juan Ignacio Prieto Nieto","twitter_card":"summary_large_image","twitter_misc":{"Escrito por":"Juan Ignacio Prieto Nieto","Tiempo de lectura":"1 minuto"},"schema":{"@context":"https:\/\/schema.org","@graph":[{"@type":"WebPage","@id":"https:\/\/www.asajacyl.com\/soria\/asaja-soria-informa\/planas-defiende-un-marco-juridico-en-la-ue-para-fomentar-la-innovacion-agraria","url":"https:\/\/www.asajacyl.com\/soria\/asaja-soria-informa\/planas-defiende-un-marco-juridico-en-la-ue-para-fomentar-la-innovacion-agraria","name":"Planas defiende un marco jur\u00eddico en la UE para fomentar la innovaci\u00f3n agraria - ASAJA Soria","isPartOf":{"@id":"https:\/\/www.asajacyl.com\/soria\/#website"},"primaryImageOfPage":{"@id":"https:\/\/www.asajacyl.com\/soria\/asaja-soria-informa\/planas-defiende-un-marco-juridico-en-la-ue-para-fomentar-la-innovacion-agraria#primaryimage"},"image":{"@id":"https:\/\/www.asajacyl.com\/soria\/asaja-soria-informa\/planas-defiende-un-marco-juridico-en-la-ue-para-fomentar-la-innovacion-agraria#primaryimage"},"thumbnailUrl":"https:\/\/www.asajacyl.com\/soria\/wp-content\/uploads\/sites\/9\/2023\/01\/Cosechadora_segando_en_secano_de_cebada.jpg","datePublished":"2023-06-19T12:04:51+00:00","dateModified":"2023-06-19T12:05:16+00:00","author":{"@id":"https:\/\/www.asajacyl.com\/soria\/#\/schema\/person\/fd3081c40255119ce8133b87e6aedfab"},"description":"El ministro espa\u00f1ol de Agricultura, Pesca y Alimentaci\u00f3n, Luis Planas, defendi\u00f3 el 13 de junio tras el consejo informal de ministros del ramo de la Uni\u00f3n","breadcrumb":{"@id":"https:\/\/www.asajacyl.com\/soria\/asaja-soria-informa\/planas-defiende-un-marco-juridico-en-la-ue-para-fomentar-la-innovacion-agraria#breadcrumb"},"inLanguage":"es","potentialAction":[{"@type":"ReadAction","target":["https:\/\/www.asajacyl.com\/soria\/asaja-soria-informa\/planas-defiende-un-marco-juridico-en-la-ue-para-fomentar-la-innovacion-agraria"]}]},{"@type":"ImageObject","inLanguage":"es","@id":"https:\/\/www.asajacyl.com\/soria\/asaja-soria-informa\/planas-defiende-un-marco-juridico-en-la-ue-para-fomentar-la-innovacion-agraria#primaryimage","url":"https:\/\/www.asajacyl.com\/soria\/wp-content\/uploads\/sites\/9\/2023\/01\/Cosechadora_segando_en_secano_de_cebada.jpg","contentUrl":"https:\/\/www.asajacyl.com\/soria\/wp-content\/uploads\/sites\/9\/2023\/01\/Cosechadora_segando_en_secano_de_cebada.jpg","width":2500,"height":1879},{"@type":"BreadcrumbList","@id":"https:\/\/www.asajacyl.com\/soria\/asaja-soria-informa\/planas-defiende-un-marco-juridico-en-la-ue-para-fomentar-la-innovacion-agraria#breadcrumb","itemListElement":[{"@type":"ListItem","position":1,"name":"Portada","item":"https:\/\/www.asajacyl.com\/soria\/"},{"@type":"ListItem","position":2,"name":"Planas defiende un marco jur\u00eddico en la UE para fomentar la innovaci\u00f3n agraria"}]},{"@type":"WebSite","@id":"https:\/\/www.asajacyl.com\/soria\/#website","url":"https:\/\/www.asajacyl.com\/soria\/","name":"ASAJA Soria","description":"Otro sitio m\u00e1s de Provincias ASAJA Castilla y Le\u00f3n","potentialAction":[{"@type":"SearchAction","target":{"@type":"EntryPoint","urlTemplate":"https:\/\/www.asajacyl.com\/soria\/?s={search_term_string}"},"query-input":{"@type":"PropertyValueSpecification","valueRequired":true,"valueName":"search_term_string"}}],"inLanguage":"es"},{"@type":"Person","@id":"https:\/\/www.asajacyl.com\/soria\/#\/schema\/person\/fd3081c40255119ce8133b87e6aedfab","name":"Juan Ignacio Prieto Nieto","image":{"@type":"ImageObject","inLanguage":"es","@id":"https:\/\/www.asajacyl.com\/soria\/#\/schema\/person\/image\/","url":"https:\/\/secure.gravatar.com\/avatar\/8266b36e4d9001acb4700699a2468dc8?s=96&d=mm&r=g","contentUrl":"https:\/\/secure.gravatar.com\/avatar\/8266b36e4d9001acb4700699a2468dc8?s=96&d=mm&r=g","caption":"Juan Ignacio Prieto Nieto"},"url":"https:\/\/www.asajacyl.com\/soria\/author\/juanfranciscoby"}]}},"_links":{"self":[{"href":"https:\/\/www.asajacyl.com\/soria\/wp-json\/wp\/v2\/posts\/6914"}],"collection":[{"href":"https:\/\/www.asajacyl.com\/soria\/wp-json\/wp\/v2\/posts"}],"about":[{"href":"https:\/\/www.asajacyl.com\/soria\/wp-json\/wp\/v2\/types\/post"}],"author":[{"embeddable":true,"href":"https:\/\/www.asajacyl.com\/soria\/wp-json\/wp\/v2\/users\/12"}],"replies":[{"embeddable":true,"href":"https:\/\/www.asajacyl.com\/soria\/wp-json\/wp\/v2\/comments?post=6914"}],"version-history":[{"count":1,"href":"https:\/\/www.asajacyl.com\/soria\/wp-json\/wp\/v2\/posts\/6914\/revisions"}],"predecessor-version":[{"id":6915,"href":"https:\/\/www.asajacyl.com\/soria\/wp-json\/wp\/v2\/posts\/6914\/revisions\/6915"}],"wp:featuredmedia":[{"embeddable":true,"href":"https:\/\/www.asajacyl.com\/soria\/wp-json\/wp\/v2\/media\/6500"}],"wp:attachment":[{"href":"https:\/\/www.asajacyl.com\/soria\/wp-json\/wp\/v2\/media?parent=6914"}],"wp:term":[{"taxonomy":"category","embeddable":true,"href":"https:\/\/www.asajacyl.com\/soria\/wp-json\/wp\/v2\/categories?post=6914"},{"taxonomy":"post_tag","embeddable":true,"href":"https:\/\/www.asajacyl.com\/soria\/wp-json\/wp\/v2\/tags?post=6914"}],"curies":[{"name":"wp","href":"https:\/\/api.w.org\/{rel}","templated":true}]}}