{"id":6984,"date":"2023-07-07T13:36:49","date_gmt":"2023-07-07T11:36:49","guid":{"rendered":"https:\/\/www.asajacyl.com\/soria\/?p=6984"},"modified":"2023-07-07T13:36:52","modified_gmt":"2023-07-07T11:36:52","slug":"asaja-hace-un-llamamiento-a-los-ministros-de-medio-ambiente-de-la-ue-para-que-no-legislen-penalizando-al-campo","status":"publish","type":"post","link":"https:\/\/www.asajacyl.com\/soria\/asaja-soria-informa\/asaja-hace-un-llamamiento-a-los-ministros-de-medio-ambiente-de-la-ue-para-que-no-legislen-penalizando-al-campo","title":{"rendered":"ASAJA hace un llamamiento a los ministros de Medio Ambiente de la UE para que no legislen penalizando al campo"},"content":{"rendered":"\n\n\n<h2><strong>Denuncia la pol\u00edtica de la UE respecto al agua, dictada por pa\u00edses que no conocen la sequ\u00eda para despu\u00e9s aplicarse en Espa\u00f1a, y reclama m\u00e1s infraestructuras hidr\u00e1ulicas<\/strong><\/h2>\n<p>La organizaci\u00f3n agraria ASAJA de Castilla y Le\u00f3n pide a la Uni\u00f3n Europea que haga una profunda reflexi\u00f3n sobre las pol\u00edticas medioambientales que ponen en serio riesgo la rentabilidad de las explotaciones agrarias, y lo hace coincidiendo con la reuni\u00f3n informal que celebrar\u00e1n en Valladolid, del 10 al 12 de julio, los ministros de Medio Ambiente, con motivo de la presidencia espa\u00f1ola del Consejo de la Uni\u00f3n Europea.<\/p>\n<p>Respecto a la propuesta de reducir el 50 por ciento el uso de plaguicidas, y el 20 por ciento el uso de fertilizantes, con el horizonte del a\u00f1o 2030, ASAJA considera que cumplir este objetivo no es posible sin comprometer la viabilidad de muchas explotaciones, sobre todo las de terrenos m\u00e1s productivos de secano y de regad\u00edo, y, lo que es todav\u00eda peor, sin comprometer la soberan\u00eda alimentaria de la Uni\u00f3n Europea. La medida restar\u00eda competitividad a la agricultura europea en los mercados internacionales, y, si se aplicase en todos los pa\u00edses del mundo, pondr\u00eda m\u00e1s dif\u00edcil todav\u00eda el acceso a alimentos b\u00e1sicos para millones de habitantes.<\/p>\n<p>La retirada de un 10 por ciento de tierras de cultivo para destinarlas a otros usos no productivos es, en opini\u00f3n de ASAJA, un retroceso en las pol\u00edticas agrarias que recuerda tiempos ya pasados, y que fueron un fracaso,\u00a0en los que se incentivaba para no producir. Retirar tierras de la producci\u00f3n no reporta mejoras medioambientales, y, por el contrario, contribuye a degradar el paisaje y a fomentar los incendios forestales, cuesti\u00f3n esta \u00faltima muy importante en regiones \u00e1ridas como Castilla y Le\u00f3n.<\/p>\n<p>ASAJA pide tambi\u00e9n a la Uni\u00f3n Europea que reconsidere el objetivo de destinar un 25 por ciento de las tierras de cultivo a cultivos ecol\u00f3gicos. Es un objetivo tan ambicioso que resulta imposible de poder cumplirse, y de hacerlo elevar\u00eda los costes de la cesta de la compra a los ciudadanos europeos, ya ahogados por la inflaci\u00f3n, adem\u00e1s de minar la competitividad a los productos europeos en los mercados internacionales.<\/p>\n<p>ASAJA denuncia el objetivo de reducir en los pr\u00f3ximos a\u00f1os el uso de antibi\u00f3ticos en ganader\u00eda en un 50 por ciento, lo que restar\u00eda competitividad a un sector ganadero que necesita de la exportaci\u00f3n hacia terceros pa\u00edses. Adem\u00e1s, este objetivo colisiona a veces contra de las normas de bienestar animal que promulga tambi\u00e9n la UE, puesto que un animal enfermo al que no se le prestan los tratamientos curativos oportunos, es un animal abocado al sufrimiento.<\/p>\n<p>ASAJA de Castilla y Le\u00f3n denuncia tambi\u00e9n la pol\u00edtica de la Uni\u00f3n Europea respecto a las aguas, una pol\u00edtica que se dicta por pa\u00edses que no conocen la sequ\u00eda para despu\u00e9s aplicarse con rigor en pa\u00edses como el nuestro, Espa\u00f1a, donde llueve poco, para el que la pol\u00edtica hidr\u00e1ulica es un factor clave de desarrollo. Castilla y Le\u00f3n necesita seguir invirtiendo en infraestructuras hidr\u00e1ulicas, tanto de nuevos regad\u00edos como de modernizaci\u00f3n de regad\u00edos, y tienen que planificar una pol\u00edtica a largo plazo de aumento de las reservas de agua, haciendo nuevos embalses y recargando acu\u00edferos. La pol\u00edtica europea no puede poner cortapisas a ello.<\/p>\n<p>En l\u00ednea con la postura que viene manifestando la Junta de Castilla y Le\u00f3n, ASAJA exige a los ministros de Medio Ambiente que se tomen en serio el problema que est\u00e1 ocasionando en determinados territorios la proliferaci\u00f3n de la fauna salvaje, y en particular los grandes carn\u00edvoros, como el lobo. La organizaci\u00f3n agraria aboga por el control de las especies para evitar sobrepoblaciones que ocasionan da\u00f1os ambientales, da\u00f1os en la ganader\u00eda, y que son fuente de propagaci\u00f3n de enfermedades, como la peste porcina o la tuberculosis bovina.<\/p>\n<p>Por \u00faltimo, ASAJA cuestiona ciertas medidas de condicionalidad de la reforma de la PAC, como son la rotaci\u00f3n, la diversificaci\u00f3n, la retirada de tierras, las limitaciones en labores o la obligaci\u00f3n de dejar franjas sin cultivar en los cauces de agua, y cuestiona unos eco reg\u00edmenes que obligan a pr\u00e1cticas que reducen los ingresos de los agricultores profesionales. En definitiva, la organizaci\u00f3n cuestiona las pol\u00edticas europeas que van en contra la agricultura profesional y productiva, que tiene como principal objetivo producir alimentos sanos y de calidad a precios asequibles para la poblaci\u00f3n.<\/p>\n","protected":false},"excerpt":{"rendered":"<p>Denuncia la pol\u00edtica de la UE respecto al agua, dictada por pa\u00edses que no conocen la sequ\u00eda para despu\u00e9s aplicarse en Espa\u00f1a, y reclama m\u00e1s infraestructuras hidr\u00e1ulicas La organizaci\u00f3n agraria ASAJA de Castilla y Le\u00f3n pide a la Uni\u00f3n Europea que haga una profunda reflexi\u00f3n sobre las pol\u00edticas medioambientales que ponen en serio riesgo la [&hellip;]<\/p>\n","protected":false},"author":12,"featured_media":3460,"comment_status":"open","ping_status":"open","sticky":false,"template":"","format":"standard","meta":{"footnotes":""},"categories":[10,25],"tags":[],"yoast_head":"<!-- This site is optimized with the Yoast SEO plugin v24.5 - https:\/\/yoast.com\/wordpress\/plugins\/seo\/ -->\n<title>ASAJA hace un llamamiento a los ministros de Medio Ambiente de la UE para que no legislen penalizando al campo - ASAJA Soria<\/title>\n<meta name=\"description\" content=\"Denuncia la pol\u00edtica de la UE respecto al agua, dictada por pa\u00edses que no conocen la sequ\u00eda para despu\u00e9s aplicarse en Espa\u00f1a, y reclama m\u00e1s\" \/>\n<meta name=\"robots\" content=\"index, follow, max-snippet:-1, max-image-preview:large, max-video-preview:-1\" \/>\n<link rel=\"canonical\" href=\"https:\/\/www.asajacyl.com\/soria\/asaja-soria-informa\/asaja-hace-un-llamamiento-a-los-ministros-de-medio-ambiente-de-la-ue-para-que-no-legislen-penalizando-al-campo\" \/>\n<meta property=\"og:locale\" content=\"es_ES\" \/>\n<meta property=\"og:type\" content=\"article\" \/>\n<meta property=\"og:title\" content=\"ASAJA hace un llamamiento a los ministros de Medio Ambiente de la UE para que no legislen penalizando al campo - ASAJA Soria\" \/>\n<meta property=\"og:description\" content=\"Denuncia la pol\u00edtica de la UE respecto al agua, dictada por pa\u00edses que no conocen la sequ\u00eda para despu\u00e9s aplicarse en Espa\u00f1a, y reclama m\u00e1s\" \/>\n<meta property=\"og:url\" content=\"https:\/\/www.asajacyl.com\/soria\/asaja-soria-informa\/asaja-hace-un-llamamiento-a-los-ministros-de-medio-ambiente-de-la-ue-para-que-no-legislen-penalizando-al-campo\" \/>\n<meta property=\"og:site_name\" content=\"ASAJA Soria\" \/>\n<meta property=\"article:published_time\" content=\"2023-07-07T11:36:49+00:00\" \/>\n<meta property=\"article:modified_time\" content=\"2023-07-07T11:36:52+00:00\" \/>\n<meta property=\"og:image\" content=\"https:\/\/www.asajacyl.com\/soria\/wp-content\/uploads\/sites\/9\/2020\/07\/UYRN5023.jpg\" \/>\n\t<meta property=\"og:image:width\" content=\"1600\" \/>\n\t<meta property=\"og:image:height\" content=\"1200\" \/>\n\t<meta property=\"og:image:type\" content=\"image\/jpeg\" \/>\n<meta name=\"author\" content=\"Juan Ignacio Prieto Nieto\" \/>\n<meta name=\"twitter:card\" content=\"summary_large_image\" \/>\n<meta name=\"twitter:label1\" content=\"Escrito por\" \/>\n\t<meta name=\"twitter:data1\" content=\"Juan Ignacio Prieto Nieto\" \/>\n\t<meta name=\"twitter:label2\" content=\"Tiempo de lectura\" \/>\n\t<meta name=\"twitter:data2\" content=\"4 minutos\" \/>\n<script type=\"application\/ld+json\" class=\"yoast-schema-graph\">{\"@context\":\"https:\/\/schema.org\",\"@graph\":[{\"@type\":\"WebPage\",\"@id\":\"https:\/\/www.asajacyl.com\/soria\/asaja-soria-informa\/asaja-hace-un-llamamiento-a-los-ministros-de-medio-ambiente-de-la-ue-para-que-no-legislen-penalizando-al-campo\",\"url\":\"https:\/\/www.asajacyl.com\/soria\/asaja-soria-informa\/asaja-hace-un-llamamiento-a-los-ministros-de-medio-ambiente-de-la-ue-para-que-no-legislen-penalizando-al-campo\",\"name\":\"ASAJA hace un llamamiento a los ministros de Medio Ambiente de la UE para que no legislen penalizando al campo - ASAJA Soria\",\"isPartOf\":{\"@id\":\"https:\/\/www.asajacyl.com\/soria\/#website\"},\"primaryImageOfPage\":{\"@id\":\"https:\/\/www.asajacyl.com\/soria\/asaja-soria-informa\/asaja-hace-un-llamamiento-a-los-ministros-de-medio-ambiente-de-la-ue-para-que-no-legislen-penalizando-al-campo#primaryimage\"},\"image\":{\"@id\":\"https:\/\/www.asajacyl.com\/soria\/asaja-soria-informa\/asaja-hace-un-llamamiento-a-los-ministros-de-medio-ambiente-de-la-ue-para-que-no-legislen-penalizando-al-campo#primaryimage\"},\"thumbnailUrl\":\"https:\/\/www.asajacyl.com\/soria\/wp-content\/uploads\/sites\/9\/2020\/07\/UYRN5023.jpg\",\"datePublished\":\"2023-07-07T11:36:49+00:00\",\"dateModified\":\"2023-07-07T11:36:52+00:00\",\"author\":{\"@id\":\"https:\/\/www.asajacyl.com\/soria\/#\/schema\/person\/fd3081c40255119ce8133b87e6aedfab\"},\"description\":\"Denuncia la pol\u00edtica de la UE respecto al agua, dictada por pa\u00edses que no conocen la sequ\u00eda para despu\u00e9s aplicarse en Espa\u00f1a, y reclama m\u00e1s\",\"breadcrumb\":{\"@id\":\"https:\/\/www.asajacyl.com\/soria\/asaja-soria-informa\/asaja-hace-un-llamamiento-a-los-ministros-de-medio-ambiente-de-la-ue-para-que-no-legislen-penalizando-al-campo#breadcrumb\"},\"inLanguage\":\"es\",\"potentialAction\":[{\"@type\":\"ReadAction\",\"target\":[\"https:\/\/www.asajacyl.com\/soria\/asaja-soria-informa\/asaja-hace-un-llamamiento-a-los-ministros-de-medio-ambiente-de-la-ue-para-que-no-legislen-penalizando-al-campo\"]}]},{\"@type\":\"ImageObject\",\"inLanguage\":\"es\",\"@id\":\"https:\/\/www.asajacyl.com\/soria\/asaja-soria-informa\/asaja-hace-un-llamamiento-a-los-ministros-de-medio-ambiente-de-la-ue-para-que-no-legislen-penalizando-al-campo#primaryimage\",\"url\":\"https:\/\/www.asajacyl.com\/soria\/wp-content\/uploads\/sites\/9\/2020\/07\/UYRN5023.jpg\",\"contentUrl\":\"https:\/\/www.asajacyl.com\/soria\/wp-content\/uploads\/sites\/9\/2020\/07\/UYRN5023.jpg\",\"width\":1600,\"height\":1200},{\"@type\":\"BreadcrumbList\",\"@id\":\"https:\/\/www.asajacyl.com\/soria\/asaja-soria-informa\/asaja-hace-un-llamamiento-a-los-ministros-de-medio-ambiente-de-la-ue-para-que-no-legislen-penalizando-al-campo#breadcrumb\",\"itemListElement\":[{\"@type\":\"ListItem\",\"position\":1,\"name\":\"Portada\",\"item\":\"https:\/\/www.asajacyl.com\/soria\/\"},{\"@type\":\"ListItem\",\"position\":2,\"name\":\"ASAJA hace un llamamiento a los ministros de Medio Ambiente de la UE para que no legislen penalizando al campo\"}]},{\"@type\":\"WebSite\",\"@id\":\"https:\/\/www.asajacyl.com\/soria\/#website\",\"url\":\"https:\/\/www.asajacyl.com\/soria\/\",\"name\":\"ASAJA Soria\",\"description\":\"Otro sitio m\u00e1s de Provincias ASAJA Castilla y Le\u00f3n\",\"potentialAction\":[{\"@type\":\"SearchAction\",\"target\":{\"@type\":\"EntryPoint\",\"urlTemplate\":\"https:\/\/www.asajacyl.com\/soria\/?s={search_term_string}\"},\"query-input\":{\"@type\":\"PropertyValueSpecification\",\"valueRequired\":true,\"valueName\":\"search_term_string\"}}],\"inLanguage\":\"es\"},{\"@type\":\"Person\",\"@id\":\"https:\/\/www.asajacyl.com\/soria\/#\/schema\/person\/fd3081c40255119ce8133b87e6aedfab\",\"name\":\"Juan Ignacio Prieto Nieto\",\"image\":{\"@type\":\"ImageObject\",\"inLanguage\":\"es\",\"@id\":\"https:\/\/www.asajacyl.com\/soria\/#\/schema\/person\/image\/\",\"url\":\"https:\/\/secure.gravatar.com\/avatar\/8266b36e4d9001acb4700699a2468dc8?s=96&d=mm&r=g\",\"contentUrl\":\"https:\/\/secure.gravatar.com\/avatar\/8266b36e4d9001acb4700699a2468dc8?s=96&d=mm&r=g\",\"caption\":\"Juan Ignacio Prieto Nieto\"},\"url\":\"https:\/\/www.asajacyl.com\/soria\/author\/juanfranciscoby\"}]}<\/script>\n<!-- \/ Yoast SEO plugin. -->","yoast_head_json":{"title":"ASAJA hace un llamamiento a los ministros de Medio Ambiente de la UE para que no legislen penalizando al campo - ASAJA Soria","description":"Denuncia la pol\u00edtica de la UE respecto al agua, dictada por pa\u00edses que no conocen la sequ\u00eda para despu\u00e9s aplicarse en Espa\u00f1a, y reclama m\u00e1s","robots":{"index":"index","follow":"follow","max-snippet":"max-snippet:-1","max-image-preview":"max-image-preview:large","max-video-preview":"max-video-preview:-1"},"canonical":"https:\/\/www.asajacyl.com\/soria\/asaja-soria-informa\/asaja-hace-un-llamamiento-a-los-ministros-de-medio-ambiente-de-la-ue-para-que-no-legislen-penalizando-al-campo","og_locale":"es_ES","og_type":"article","og_title":"ASAJA hace un llamamiento a los ministros de Medio Ambiente de la UE para que no legislen penalizando al campo - ASAJA Soria","og_description":"Denuncia la pol\u00edtica de la UE respecto al agua, dictada por pa\u00edses que no conocen la sequ\u00eda para despu\u00e9s aplicarse en Espa\u00f1a, y reclama m\u00e1s","og_url":"https:\/\/www.asajacyl.com\/soria\/asaja-soria-informa\/asaja-hace-un-llamamiento-a-los-ministros-de-medio-ambiente-de-la-ue-para-que-no-legislen-penalizando-al-campo","og_site_name":"ASAJA Soria","article_published_time":"2023-07-07T11:36:49+00:00","article_modified_time":"2023-07-07T11:36:52+00:00","og_image":[{"width":1600,"height":1200,"url":"https:\/\/www.asajacyl.com\/soria\/wp-content\/uploads\/sites\/9\/2020\/07\/UYRN5023.jpg","type":"image\/jpeg"}],"author":"Juan Ignacio Prieto Nieto","twitter_card":"summary_large_image","twitter_misc":{"Escrito por":"Juan Ignacio Prieto Nieto","Tiempo de lectura":"4 minutos"},"schema":{"@context":"https:\/\/schema.org","@graph":[{"@type":"WebPage","@id":"https:\/\/www.asajacyl.com\/soria\/asaja-soria-informa\/asaja-hace-un-llamamiento-a-los-ministros-de-medio-ambiente-de-la-ue-para-que-no-legislen-penalizando-al-campo","url":"https:\/\/www.asajacyl.com\/soria\/asaja-soria-informa\/asaja-hace-un-llamamiento-a-los-ministros-de-medio-ambiente-de-la-ue-para-que-no-legislen-penalizando-al-campo","name":"ASAJA hace un llamamiento a los ministros de Medio Ambiente de la UE para que no legislen penalizando al campo - ASAJA Soria","isPartOf":{"@id":"https:\/\/www.asajacyl.com\/soria\/#website"},"primaryImageOfPage":{"@id":"https:\/\/www.asajacyl.com\/soria\/asaja-soria-informa\/asaja-hace-un-llamamiento-a-los-ministros-de-medio-ambiente-de-la-ue-para-que-no-legislen-penalizando-al-campo#primaryimage"},"image":{"@id":"https:\/\/www.asajacyl.com\/soria\/asaja-soria-informa\/asaja-hace-un-llamamiento-a-los-ministros-de-medio-ambiente-de-la-ue-para-que-no-legislen-penalizando-al-campo#primaryimage"},"thumbnailUrl":"https:\/\/www.asajacyl.com\/soria\/wp-content\/uploads\/sites\/9\/2020\/07\/UYRN5023.jpg","datePublished":"2023-07-07T11:36:49+00:00","dateModified":"2023-07-07T11:36:52+00:00","author":{"@id":"https:\/\/www.asajacyl.com\/soria\/#\/schema\/person\/fd3081c40255119ce8133b87e6aedfab"},"description":"Denuncia la pol\u00edtica de la UE respecto al agua, dictada por pa\u00edses que no conocen la sequ\u00eda para despu\u00e9s aplicarse en Espa\u00f1a, y reclama m\u00e1s","breadcrumb":{"@id":"https:\/\/www.asajacyl.com\/soria\/asaja-soria-informa\/asaja-hace-un-llamamiento-a-los-ministros-de-medio-ambiente-de-la-ue-para-que-no-legislen-penalizando-al-campo#breadcrumb"},"inLanguage":"es","potentialAction":[{"@type":"ReadAction","target":["https:\/\/www.asajacyl.com\/soria\/asaja-soria-informa\/asaja-hace-un-llamamiento-a-los-ministros-de-medio-ambiente-de-la-ue-para-que-no-legislen-penalizando-al-campo"]}]},{"@type":"ImageObject","inLanguage":"es","@id":"https:\/\/www.asajacyl.com\/soria\/asaja-soria-informa\/asaja-hace-un-llamamiento-a-los-ministros-de-medio-ambiente-de-la-ue-para-que-no-legislen-penalizando-al-campo#primaryimage","url":"https:\/\/www.asajacyl.com\/soria\/wp-content\/uploads\/sites\/9\/2020\/07\/UYRN5023.jpg","contentUrl":"https:\/\/www.asajacyl.com\/soria\/wp-content\/uploads\/sites\/9\/2020\/07\/UYRN5023.jpg","width":1600,"height":1200},{"@type":"BreadcrumbList","@id":"https:\/\/www.asajacyl.com\/soria\/asaja-soria-informa\/asaja-hace-un-llamamiento-a-los-ministros-de-medio-ambiente-de-la-ue-para-que-no-legislen-penalizando-al-campo#breadcrumb","itemListElement":[{"@type":"ListItem","position":1,"name":"Portada","item":"https:\/\/www.asajacyl.com\/soria\/"},{"@type":"ListItem","position":2,"name":"ASAJA hace un llamamiento a los ministros de Medio Ambiente de la UE para que no legislen penalizando al campo"}]},{"@type":"WebSite","@id":"https:\/\/www.asajacyl.com\/soria\/#website","url":"https:\/\/www.asajacyl.com\/soria\/","name":"ASAJA Soria","description":"Otro sitio m\u00e1s de Provincias ASAJA Castilla y Le\u00f3n","potentialAction":[{"@type":"SearchAction","target":{"@type":"EntryPoint","urlTemplate":"https:\/\/www.asajacyl.com\/soria\/?s={search_term_string}"},"query-input":{"@type":"PropertyValueSpecification","valueRequired":true,"valueName":"search_term_string"}}],"inLanguage":"es"},{"@type":"Person","@id":"https:\/\/www.asajacyl.com\/soria\/#\/schema\/person\/fd3081c40255119ce8133b87e6aedfab","name":"Juan Ignacio Prieto Nieto","image":{"@type":"ImageObject","inLanguage":"es","@id":"https:\/\/www.asajacyl.com\/soria\/#\/schema\/person\/image\/","url":"https:\/\/secure.gravatar.com\/avatar\/8266b36e4d9001acb4700699a2468dc8?s=96&d=mm&r=g","contentUrl":"https:\/\/secure.gravatar.com\/avatar\/8266b36e4d9001acb4700699a2468dc8?s=96&d=mm&r=g","caption":"Juan Ignacio Prieto Nieto"},"url":"https:\/\/www.asajacyl.com\/soria\/author\/juanfranciscoby"}]}},"_links":{"self":[{"href":"https:\/\/www.asajacyl.com\/soria\/wp-json\/wp\/v2\/posts\/6984"}],"collection":[{"href":"https:\/\/www.asajacyl.com\/soria\/wp-json\/wp\/v2\/posts"}],"about":[{"href":"https:\/\/www.asajacyl.com\/soria\/wp-json\/wp\/v2\/types\/post"}],"author":[{"embeddable":true,"href":"https:\/\/www.asajacyl.com\/soria\/wp-json\/wp\/v2\/users\/12"}],"replies":[{"embeddable":true,"href":"https:\/\/www.asajacyl.com\/soria\/wp-json\/wp\/v2\/comments?post=6984"}],"version-history":[{"count":1,"href":"https:\/\/www.asajacyl.com\/soria\/wp-json\/wp\/v2\/posts\/6984\/revisions"}],"predecessor-version":[{"id":6985,"href":"https:\/\/www.asajacyl.com\/soria\/wp-json\/wp\/v2\/posts\/6984\/revisions\/6985"}],"wp:featuredmedia":[{"embeddable":true,"href":"https:\/\/www.asajacyl.com\/soria\/wp-json\/wp\/v2\/media\/3460"}],"wp:attachment":[{"href":"https:\/\/www.asajacyl.com\/soria\/wp-json\/wp\/v2\/media?parent=6984"}],"wp:term":[{"taxonomy":"category","embeddable":true,"href":"https:\/\/www.asajacyl.com\/soria\/wp-json\/wp\/v2\/categories?post=6984"},{"taxonomy":"post_tag","embeddable":true,"href":"https:\/\/www.asajacyl.com\/soria\/wp-json\/wp\/v2\/tags?post=6984"}],"curies":[{"name":"wp","href":"https:\/\/api.w.org\/{rel}","templated":true}]}}