{"id":6986,"date":"2023-07-11T15:02:38","date_gmt":"2023-07-11T13:02:38","guid":{"rendered":"https:\/\/www.asajacyl.com\/soria\/?p=6986"},"modified":"2023-07-11T15:02:40","modified_gmt":"2023-07-11T13:02:40","slug":"la-presidenta-de-asaja-soria-traslada-a-miguel-latorre-las-principales-reivindicaciones-e-inquietudes-del-campo-provincial","status":"publish","type":"post","link":"https:\/\/www.asajacyl.com\/soria\/asaja-soria-informa\/la-presidenta-de-asaja-soria-traslada-a-miguel-latorre-las-principales-reivindicaciones-e-inquietudes-del-campo-provincial","title":{"rendered":"La presidenta de ASAJA Soria traslada a Miguel Latorre las principales reivindicaciones e inquietudes del campo provincial"},"content":{"rendered":"\n<p><em>El encuentro, enmarcado en la ronda de presentaci\u00f3n institucional de la nueva presidenta, se ha celebrado en la Subdelegaci\u00f3n del Gobierno<\/em><\/p>\n<p>La presidenta de ASAJA Soria, Ana Pastor, ha mantenido esta ma\u00f1ana un encuentro con el subdelegado del Gobierno, Miguel Latorre, para hacerle llegar personalmente las inquietudes y reivindicaciones m\u00e1s importantes y a la vez urgentes del campo provincial. Esta reuni\u00f3n se enmarcaba dentro de la ronda de presentaci\u00f3n institucional de la reci\u00e9n llegada a la presidencia de ASAJA.<\/p>\n<p>En primer lugar, Pastor ha incidido en la necesidad de la reconsideraci\u00f3n inmediata de las ayudas por la sequ\u00eda, para que se englobe a Soria como zona de grado de sequ\u00eda m\u00e1xima y no media. A continuaci\u00f3n, le traslad\u00f3 otra bater\u00eda de asuntos clave para el futuro agroganadero de la provincia: PAC, fiscalidad, seguros agrarios, agua, medio ambiente y seguridad en el medio rural. Tambi\u00e9n se han abordado otros aspectos importantes, tales como el vin\u00edcola, sector ovino y vacuno, derivados porcinos y l\u00e1cteos o forestales, sin olvidar asuntos relacionados con la Seguridad Social, infraestructuras, empresas agroalimentarias, imagen del sector y valor a\u00f1adido de nuestras producciones.<\/p>\n","protected":false},"excerpt":{"rendered":"<p>El encuentro, enmarcado en la ronda de presentaci\u00f3n institucional de la nueva presidenta, se ha celebrado en la Subdelegaci\u00f3n del Gobierno La presidenta de ASAJA Soria, Ana Pastor, ha mantenido esta ma\u00f1ana un encuentro con el subdelegado del Gobierno, Miguel Latorre, para hacerle llegar personalmente las inquietudes y reivindicaciones m\u00e1s importantes y a la vez [&hellip;]<\/p>\n","protected":false},"author":12,"featured_media":6987,"comment_status":"open","ping_status":"open","sticky":false,"template":"","format":"standard","meta":{"footnotes":""},"categories":[10,25],"tags":[],"yoast_head":"<!-- This site is optimized with the Yoast SEO plugin v24.5 - https:\/\/yoast.com\/wordpress\/plugins\/seo\/ -->\n<title>La presidenta de ASAJA Soria traslada a Miguel Latorre las principales reivindicaciones e inquietudes del campo provincial - ASAJA Soria<\/title>\n<meta name=\"description\" content=\"El encuentro, enmarcado en la ronda de presentaci\u00f3n institucional de la nueva presidenta, se ha celebrado en la Subdelegaci\u00f3n del Gobierno La presidenta\" \/>\n<meta name=\"robots\" content=\"index, follow, max-snippet:-1, max-image-preview:large, max-video-preview:-1\" \/>\n<link rel=\"canonical\" href=\"https:\/\/www.asajacyl.com\/soria\/asaja-soria-informa\/la-presidenta-de-asaja-soria-traslada-a-miguel-latorre-las-principales-reivindicaciones-e-inquietudes-del-campo-provincial\" \/>\n<meta property=\"og:locale\" content=\"es_ES\" \/>\n<meta property=\"og:type\" content=\"article\" \/>\n<meta property=\"og:title\" content=\"La presidenta de ASAJA Soria traslada a Miguel Latorre las principales reivindicaciones e inquietudes del campo provincial - ASAJA Soria\" \/>\n<meta property=\"og:description\" content=\"El encuentro, enmarcado en la ronda de presentaci\u00f3n institucional de la nueva presidenta, se ha celebrado en la Subdelegaci\u00f3n del Gobierno La presidenta\" \/>\n<meta property=\"og:url\" content=\"https:\/\/www.asajacyl.com\/soria\/asaja-soria-informa\/la-presidenta-de-asaja-soria-traslada-a-miguel-latorre-las-principales-reivindicaciones-e-inquietudes-del-campo-provincial\" \/>\n<meta property=\"og:site_name\" content=\"ASAJA Soria\" \/>\n<meta property=\"article:published_time\" content=\"2023-07-11T13:02:38+00:00\" \/>\n<meta property=\"article:modified_time\" content=\"2023-07-11T13:02:40+00:00\" \/>\n<meta property=\"og:image\" content=\"https:\/\/www.asajacyl.com\/soria\/wp-content\/uploads\/sites\/9\/2023\/07\/IMG_0378.jpg\" \/>\n\t<meta property=\"og:image:width\" content=\"2500\" \/>\n\t<meta property=\"og:image:height\" content=\"1875\" \/>\n\t<meta property=\"og:image:type\" content=\"image\/jpeg\" \/>\n<meta name=\"author\" content=\"Juan Ignacio Prieto Nieto\" \/>\n<meta name=\"twitter:card\" content=\"summary_large_image\" \/>\n<meta name=\"twitter:label1\" content=\"Escrito por\" \/>\n\t<meta name=\"twitter:data1\" content=\"Juan Ignacio Prieto Nieto\" \/>\n\t<meta name=\"twitter:label2\" content=\"Tiempo de lectura\" \/>\n\t<meta name=\"twitter:data2\" content=\"1 minuto\" \/>\n<script type=\"application\/ld+json\" class=\"yoast-schema-graph\">{\"@context\":\"https:\/\/schema.org\",\"@graph\":[{\"@type\":\"WebPage\",\"@id\":\"https:\/\/www.asajacyl.com\/soria\/asaja-soria-informa\/la-presidenta-de-asaja-soria-traslada-a-miguel-latorre-las-principales-reivindicaciones-e-inquietudes-del-campo-provincial\",\"url\":\"https:\/\/www.asajacyl.com\/soria\/asaja-soria-informa\/la-presidenta-de-asaja-soria-traslada-a-miguel-latorre-las-principales-reivindicaciones-e-inquietudes-del-campo-provincial\",\"name\":\"La presidenta de ASAJA Soria traslada a Miguel Latorre las principales reivindicaciones e inquietudes del campo provincial - ASAJA Soria\",\"isPartOf\":{\"@id\":\"https:\/\/www.asajacyl.com\/soria\/#website\"},\"primaryImageOfPage\":{\"@id\":\"https:\/\/www.asajacyl.com\/soria\/asaja-soria-informa\/la-presidenta-de-asaja-soria-traslada-a-miguel-latorre-las-principales-reivindicaciones-e-inquietudes-del-campo-provincial#primaryimage\"},\"image\":{\"@id\":\"https:\/\/www.asajacyl.com\/soria\/asaja-soria-informa\/la-presidenta-de-asaja-soria-traslada-a-miguel-latorre-las-principales-reivindicaciones-e-inquietudes-del-campo-provincial#primaryimage\"},\"thumbnailUrl\":\"https:\/\/www.asajacyl.com\/soria\/wp-content\/uploads\/sites\/9\/2023\/07\/IMG_0378.jpg\",\"datePublished\":\"2023-07-11T13:02:38+00:00\",\"dateModified\":\"2023-07-11T13:02:40+00:00\",\"author\":{\"@id\":\"https:\/\/www.asajacyl.com\/soria\/#\/schema\/person\/fd3081c40255119ce8133b87e6aedfab\"},\"description\":\"El encuentro, enmarcado en la ronda de presentaci\u00f3n institucional de la nueva presidenta, se ha celebrado en la Subdelegaci\u00f3n del Gobierno La presidenta\",\"breadcrumb\":{\"@id\":\"https:\/\/www.asajacyl.com\/soria\/asaja-soria-informa\/la-presidenta-de-asaja-soria-traslada-a-miguel-latorre-las-principales-reivindicaciones-e-inquietudes-del-campo-provincial#breadcrumb\"},\"inLanguage\":\"es\",\"potentialAction\":[{\"@type\":\"ReadAction\",\"target\":[\"https:\/\/www.asajacyl.com\/soria\/asaja-soria-informa\/la-presidenta-de-asaja-soria-traslada-a-miguel-latorre-las-principales-reivindicaciones-e-inquietudes-del-campo-provincial\"]}]},{\"@type\":\"ImageObject\",\"inLanguage\":\"es\",\"@id\":\"https:\/\/www.asajacyl.com\/soria\/asaja-soria-informa\/la-presidenta-de-asaja-soria-traslada-a-miguel-latorre-las-principales-reivindicaciones-e-inquietudes-del-campo-provincial#primaryimage\",\"url\":\"https:\/\/www.asajacyl.com\/soria\/wp-content\/uploads\/sites\/9\/2023\/07\/IMG_0378.jpg\",\"contentUrl\":\"https:\/\/www.asajacyl.com\/soria\/wp-content\/uploads\/sites\/9\/2023\/07\/IMG_0378.jpg\",\"width\":2500,\"height\":1875},{\"@type\":\"BreadcrumbList\",\"@id\":\"https:\/\/www.asajacyl.com\/soria\/asaja-soria-informa\/la-presidenta-de-asaja-soria-traslada-a-miguel-latorre-las-principales-reivindicaciones-e-inquietudes-del-campo-provincial#breadcrumb\",\"itemListElement\":[{\"@type\":\"ListItem\",\"position\":1,\"name\":\"Portada\",\"item\":\"https:\/\/www.asajacyl.com\/soria\/\"},{\"@type\":\"ListItem\",\"position\":2,\"name\":\"La presidenta de ASAJA Soria traslada a Miguel Latorre las principales reivindicaciones e inquietudes del campo provincial\"}]},{\"@type\":\"WebSite\",\"@id\":\"https:\/\/www.asajacyl.com\/soria\/#website\",\"url\":\"https:\/\/www.asajacyl.com\/soria\/\",\"name\":\"ASAJA Soria\",\"description\":\"Otro sitio m\u00e1s de Provincias ASAJA Castilla y Le\u00f3n\",\"potentialAction\":[{\"@type\":\"SearchAction\",\"target\":{\"@type\":\"EntryPoint\",\"urlTemplate\":\"https:\/\/www.asajacyl.com\/soria\/?s={search_term_string}\"},\"query-input\":{\"@type\":\"PropertyValueSpecification\",\"valueRequired\":true,\"valueName\":\"search_term_string\"}}],\"inLanguage\":\"es\"},{\"@type\":\"Person\",\"@id\":\"https:\/\/www.asajacyl.com\/soria\/#\/schema\/person\/fd3081c40255119ce8133b87e6aedfab\",\"name\":\"Juan Ignacio Prieto Nieto\",\"image\":{\"@type\":\"ImageObject\",\"inLanguage\":\"es\",\"@id\":\"https:\/\/www.asajacyl.com\/soria\/#\/schema\/person\/image\/\",\"url\":\"https:\/\/secure.gravatar.com\/avatar\/8266b36e4d9001acb4700699a2468dc8?s=96&d=mm&r=g\",\"contentUrl\":\"https:\/\/secure.gravatar.com\/avatar\/8266b36e4d9001acb4700699a2468dc8?s=96&d=mm&r=g\",\"caption\":\"Juan Ignacio Prieto Nieto\"},\"url\":\"https:\/\/www.asajacyl.com\/soria\/author\/juanfranciscoby\"}]}<\/script>\n<!-- \/ Yoast SEO plugin. -->","yoast_head_json":{"title":"La presidenta de ASAJA Soria traslada a Miguel Latorre las principales reivindicaciones e inquietudes del campo provincial - ASAJA Soria","description":"El encuentro, enmarcado en la ronda de presentaci\u00f3n institucional de la nueva presidenta, se ha celebrado en la Subdelegaci\u00f3n del Gobierno La presidenta","robots":{"index":"index","follow":"follow","max-snippet":"max-snippet:-1","max-image-preview":"max-image-preview:large","max-video-preview":"max-video-preview:-1"},"canonical":"https:\/\/www.asajacyl.com\/soria\/asaja-soria-informa\/la-presidenta-de-asaja-soria-traslada-a-miguel-latorre-las-principales-reivindicaciones-e-inquietudes-del-campo-provincial","og_locale":"es_ES","og_type":"article","og_title":"La presidenta de ASAJA Soria traslada a Miguel Latorre las principales reivindicaciones e inquietudes del campo provincial - ASAJA Soria","og_description":"El encuentro, enmarcado en la ronda de presentaci\u00f3n institucional de la nueva presidenta, se ha celebrado en la Subdelegaci\u00f3n del Gobierno La presidenta","og_url":"https:\/\/www.asajacyl.com\/soria\/asaja-soria-informa\/la-presidenta-de-asaja-soria-traslada-a-miguel-latorre-las-principales-reivindicaciones-e-inquietudes-del-campo-provincial","og_site_name":"ASAJA Soria","article_published_time":"2023-07-11T13:02:38+00:00","article_modified_time":"2023-07-11T13:02:40+00:00","og_image":[{"width":2500,"height":1875,"url":"https:\/\/www.asajacyl.com\/soria\/wp-content\/uploads\/sites\/9\/2023\/07\/IMG_0378.jpg","type":"image\/jpeg"}],"author":"Juan Ignacio Prieto Nieto","twitter_card":"summary_large_image","twitter_misc":{"Escrito por":"Juan Ignacio Prieto Nieto","Tiempo de lectura":"1 minuto"},"schema":{"@context":"https:\/\/schema.org","@graph":[{"@type":"WebPage","@id":"https:\/\/www.asajacyl.com\/soria\/asaja-soria-informa\/la-presidenta-de-asaja-soria-traslada-a-miguel-latorre-las-principales-reivindicaciones-e-inquietudes-del-campo-provincial","url":"https:\/\/www.asajacyl.com\/soria\/asaja-soria-informa\/la-presidenta-de-asaja-soria-traslada-a-miguel-latorre-las-principales-reivindicaciones-e-inquietudes-del-campo-provincial","name":"La presidenta de ASAJA Soria traslada a Miguel Latorre las principales reivindicaciones e inquietudes del campo provincial - ASAJA Soria","isPartOf":{"@id":"https:\/\/www.asajacyl.com\/soria\/#website"},"primaryImageOfPage":{"@id":"https:\/\/www.asajacyl.com\/soria\/asaja-soria-informa\/la-presidenta-de-asaja-soria-traslada-a-miguel-latorre-las-principales-reivindicaciones-e-inquietudes-del-campo-provincial#primaryimage"},"image":{"@id":"https:\/\/www.asajacyl.com\/soria\/asaja-soria-informa\/la-presidenta-de-asaja-soria-traslada-a-miguel-latorre-las-principales-reivindicaciones-e-inquietudes-del-campo-provincial#primaryimage"},"thumbnailUrl":"https:\/\/www.asajacyl.com\/soria\/wp-content\/uploads\/sites\/9\/2023\/07\/IMG_0378.jpg","datePublished":"2023-07-11T13:02:38+00:00","dateModified":"2023-07-11T13:02:40+00:00","author":{"@id":"https:\/\/www.asajacyl.com\/soria\/#\/schema\/person\/fd3081c40255119ce8133b87e6aedfab"},"description":"El encuentro, enmarcado en la ronda de presentaci\u00f3n institucional de la nueva presidenta, se ha celebrado en la Subdelegaci\u00f3n del Gobierno La presidenta","breadcrumb":{"@id":"https:\/\/www.asajacyl.com\/soria\/asaja-soria-informa\/la-presidenta-de-asaja-soria-traslada-a-miguel-latorre-las-principales-reivindicaciones-e-inquietudes-del-campo-provincial#breadcrumb"},"inLanguage":"es","potentialAction":[{"@type":"ReadAction","target":["https:\/\/www.asajacyl.com\/soria\/asaja-soria-informa\/la-presidenta-de-asaja-soria-traslada-a-miguel-latorre-las-principales-reivindicaciones-e-inquietudes-del-campo-provincial"]}]},{"@type":"ImageObject","inLanguage":"es","@id":"https:\/\/www.asajacyl.com\/soria\/asaja-soria-informa\/la-presidenta-de-asaja-soria-traslada-a-miguel-latorre-las-principales-reivindicaciones-e-inquietudes-del-campo-provincial#primaryimage","url":"https:\/\/www.asajacyl.com\/soria\/wp-content\/uploads\/sites\/9\/2023\/07\/IMG_0378.jpg","contentUrl":"https:\/\/www.asajacyl.com\/soria\/wp-content\/uploads\/sites\/9\/2023\/07\/IMG_0378.jpg","width":2500,"height":1875},{"@type":"BreadcrumbList","@id":"https:\/\/www.asajacyl.com\/soria\/asaja-soria-informa\/la-presidenta-de-asaja-soria-traslada-a-miguel-latorre-las-principales-reivindicaciones-e-inquietudes-del-campo-provincial#breadcrumb","itemListElement":[{"@type":"ListItem","position":1,"name":"Portada","item":"https:\/\/www.asajacyl.com\/soria\/"},{"@type":"ListItem","position":2,"name":"La presidenta de ASAJA Soria traslada a Miguel Latorre las principales reivindicaciones e inquietudes del campo provincial"}]},{"@type":"WebSite","@id":"https:\/\/www.asajacyl.com\/soria\/#website","url":"https:\/\/www.asajacyl.com\/soria\/","name":"ASAJA Soria","description":"Otro sitio m\u00e1s de Provincias ASAJA Castilla y Le\u00f3n","potentialAction":[{"@type":"SearchAction","target":{"@type":"EntryPoint","urlTemplate":"https:\/\/www.asajacyl.com\/soria\/?s={search_term_string}"},"query-input":{"@type":"PropertyValueSpecification","valueRequired":true,"valueName":"search_term_string"}}],"inLanguage":"es"},{"@type":"Person","@id":"https:\/\/www.asajacyl.com\/soria\/#\/schema\/person\/fd3081c40255119ce8133b87e6aedfab","name":"Juan Ignacio Prieto Nieto","image":{"@type":"ImageObject","inLanguage":"es","@id":"https:\/\/www.asajacyl.com\/soria\/#\/schema\/person\/image\/","url":"https:\/\/secure.gravatar.com\/avatar\/8266b36e4d9001acb4700699a2468dc8?s=96&d=mm&r=g","contentUrl":"https:\/\/secure.gravatar.com\/avatar\/8266b36e4d9001acb4700699a2468dc8?s=96&d=mm&r=g","caption":"Juan Ignacio Prieto Nieto"},"url":"https:\/\/www.asajacyl.com\/soria\/author\/juanfranciscoby"}]}},"_links":{"self":[{"href":"https:\/\/www.asajacyl.com\/soria\/wp-json\/wp\/v2\/posts\/6986"}],"collection":[{"href":"https:\/\/www.asajacyl.com\/soria\/wp-json\/wp\/v2\/posts"}],"about":[{"href":"https:\/\/www.asajacyl.com\/soria\/wp-json\/wp\/v2\/types\/post"}],"author":[{"embeddable":true,"href":"https:\/\/www.asajacyl.com\/soria\/wp-json\/wp\/v2\/users\/12"}],"replies":[{"embeddable":true,"href":"https:\/\/www.asajacyl.com\/soria\/wp-json\/wp\/v2\/comments?post=6986"}],"version-history":[{"count":1,"href":"https:\/\/www.asajacyl.com\/soria\/wp-json\/wp\/v2\/posts\/6986\/revisions"}],"predecessor-version":[{"id":6988,"href":"https:\/\/www.asajacyl.com\/soria\/wp-json\/wp\/v2\/posts\/6986\/revisions\/6988"}],"wp:featuredmedia":[{"embeddable":true,"href":"https:\/\/www.asajacyl.com\/soria\/wp-json\/wp\/v2\/media\/6987"}],"wp:attachment":[{"href":"https:\/\/www.asajacyl.com\/soria\/wp-json\/wp\/v2\/media?parent=6986"}],"wp:term":[{"taxonomy":"category","embeddable":true,"href":"https:\/\/www.asajacyl.com\/soria\/wp-json\/wp\/v2\/categories?post=6986"},{"taxonomy":"post_tag","embeddable":true,"href":"https:\/\/www.asajacyl.com\/soria\/wp-json\/wp\/v2\/tags?post=6986"}],"curies":[{"name":"wp","href":"https:\/\/api.w.org\/{rel}","templated":true}]}}