{"id":6992,"date":"2023-07-12T15:02:20","date_gmt":"2023-07-12T13:02:20","guid":{"rendered":"https:\/\/www.asajacyl.com\/soria\/?p=6992"},"modified":"2023-07-12T15:08:20","modified_gmt":"2023-07-12T13:08:20","slug":"reunion-de-la-nueva-presidenta-de-asaja-soria-con-los-responsables-de-la-camara-de-comercio","status":"publish","type":"post","link":"https:\/\/www.asajacyl.com\/soria\/asaja-soria-informa\/reunion-de-la-nueva-presidenta-de-asaja-soria-con-los-responsables-de-la-camara-de-comercio","title":{"rendered":"Reuni\u00f3n de la nueva presidenta de ASAJA Soria con los responsables de la C\u00e1mara de Comercio"},"content":{"rendered":"\n<p><em>El encuentro, enmarcado en la ronda de presentaci\u00f3n institucional de Ana Pastor, ha servido para afianzar las buenas relaciones con la instituci\u00f3n cameral<\/em><\/p>\n<p>La presidenta de ASAJA Soria, Ana Pastor, ha mantenido esta ma\u00f1ana una reuni\u00f3n con el presidente de la C\u00e1mara de Comercio, Alberto Santamar\u00eda, en el marco de la ronda de presentaci\u00f3n institucional de la reci\u00e9n llegada a la presidencia de la organizaci\u00f3n profesional agraria.<\/p>\n<p>La reuni\u00f3n, a la que tambi\u00e9n han asistido varios miembros de la directiva de ambas organizaciones, ha servido para repasar varios temas estrat\u00e9gicos y de inter\u00e9s de la provincia, en la sinton\u00eda que siempre ha caracterizado las relaciones de la C\u00e1mara de Comercio y ASAJA; con un mismo paso en el apoyo decidido tanto a la producci\u00f3n primaria como todo el proceso industrial y de potenciaci\u00f3n de las marcas, como ya sucedi\u00f3 con el torrezno, que ha sido fundamental para el desarrollo de la provincia, sin olvidar el chorizo y por supuesto la mantequilla, de mucha calidad y con solamente dos denominaciones de origen en toda Europa y que es algo que se debe preservar.<\/p>\n<p>Tambi\u00e9n se ha abordado la llegada de nuevos proyectos que puedan asentarse desde el punto de vista de la agroindustria y la transformaci\u00f3n, como dinamizadores del sector primario con materias primas, sean de forraje, de regad\u00edo o vinculadas al secano. Asimismo, se ha tratado acerca de las energ\u00edas renovables, con los aspectos que son positivos y otros que no lo son tanto, como el desarrollo descontrolado de las fotovoltaicas, que en algunas zonas en vez de una soluci\u00f3n acaba siendo un problema y genera tensiones.<\/p>\n<p>ASAJA agradece la predisposici\u00f3n, como siempre, de la C\u00e1mara de Comercio en colaborar en todo lo posible para contribuir a la mejora de las condiciones del sector agroganadero soriano.<\/p>\n","protected":false},"excerpt":{"rendered":"<p>El encuentro, enmarcado en la ronda de presentaci\u00f3n institucional de Ana Pastor, ha servido para afianzar las buenas relaciones con la instituci\u00f3n cameral La presidenta de ASAJA Soria, Ana Pastor, ha mantenido esta ma\u00f1ana una reuni\u00f3n con el presidente de la C\u00e1mara de Comercio, Alberto Santamar\u00eda, en el marco de la ronda de presentaci\u00f3n institucional [&hellip;]<\/p>\n","protected":false},"author":12,"featured_media":6993,"comment_status":"open","ping_status":"open","sticky":false,"template":"","format":"standard","meta":{"footnotes":""},"categories":[10,25],"tags":[],"yoast_head":"<!-- This site is optimized with the Yoast SEO plugin v24.5 - https:\/\/yoast.com\/wordpress\/plugins\/seo\/ -->\n<title>Reuni\u00f3n de la nueva presidenta de ASAJA Soria con los responsables de la C\u00e1mara de Comercio - ASAJA Soria<\/title>\n<meta name=\"description\" content=\"El encuentro, enmarcado en la ronda de presentaci\u00f3n institucional de Ana Pastor, ha servido para afianzar las buenas relaciones con la instituci\u00f3n cameral\" \/>\n<meta name=\"robots\" content=\"index, follow, max-snippet:-1, max-image-preview:large, max-video-preview:-1\" \/>\n<link rel=\"canonical\" href=\"https:\/\/www.asajacyl.com\/soria\/asaja-soria-informa\/reunion-de-la-nueva-presidenta-de-asaja-soria-con-los-responsables-de-la-camara-de-comercio\" \/>\n<meta property=\"og:locale\" content=\"es_ES\" \/>\n<meta property=\"og:type\" content=\"article\" \/>\n<meta property=\"og:title\" content=\"Reuni\u00f3n de la nueva presidenta de ASAJA Soria con los responsables de la C\u00e1mara de Comercio - ASAJA Soria\" \/>\n<meta property=\"og:description\" content=\"El encuentro, enmarcado en la ronda de presentaci\u00f3n institucional de Ana Pastor, ha servido para afianzar las buenas relaciones con la instituci\u00f3n cameral\" \/>\n<meta property=\"og:url\" content=\"https:\/\/www.asajacyl.com\/soria\/asaja-soria-informa\/reunion-de-la-nueva-presidenta-de-asaja-soria-con-los-responsables-de-la-camara-de-comercio\" \/>\n<meta property=\"og:site_name\" content=\"ASAJA Soria\" \/>\n<meta property=\"article:published_time\" content=\"2023-07-12T13:02:20+00:00\" \/>\n<meta property=\"article:modified_time\" content=\"2023-07-12T13:08:20+00:00\" \/>\n<meta property=\"og:image\" content=\"https:\/\/www.asajacyl.com\/soria\/wp-content\/uploads\/sites\/9\/2023\/07\/IMG_0431.jpg\" \/>\n\t<meta property=\"og:image:width\" content=\"2500\" \/>\n\t<meta property=\"og:image:height\" content=\"1875\" \/>\n\t<meta property=\"og:image:type\" content=\"image\/jpeg\" \/>\n<meta name=\"author\" content=\"Juan Ignacio Prieto Nieto\" \/>\n<meta name=\"twitter:card\" content=\"summary_large_image\" \/>\n<meta name=\"twitter:label1\" content=\"Escrito por\" \/>\n\t<meta name=\"twitter:data1\" content=\"Juan Ignacio Prieto Nieto\" \/>\n\t<meta name=\"twitter:label2\" content=\"Tiempo de lectura\" \/>\n\t<meta name=\"twitter:data2\" content=\"2 minutos\" \/>\n<script type=\"application\/ld+json\" class=\"yoast-schema-graph\">{\"@context\":\"https:\/\/schema.org\",\"@graph\":[{\"@type\":\"WebPage\",\"@id\":\"https:\/\/www.asajacyl.com\/soria\/asaja-soria-informa\/reunion-de-la-nueva-presidenta-de-asaja-soria-con-los-responsables-de-la-camara-de-comercio\",\"url\":\"https:\/\/www.asajacyl.com\/soria\/asaja-soria-informa\/reunion-de-la-nueva-presidenta-de-asaja-soria-con-los-responsables-de-la-camara-de-comercio\",\"name\":\"Reuni\u00f3n de la nueva presidenta de ASAJA Soria con los responsables de la C\u00e1mara de Comercio - ASAJA Soria\",\"isPartOf\":{\"@id\":\"https:\/\/www.asajacyl.com\/soria\/#website\"},\"primaryImageOfPage\":{\"@id\":\"https:\/\/www.asajacyl.com\/soria\/asaja-soria-informa\/reunion-de-la-nueva-presidenta-de-asaja-soria-con-los-responsables-de-la-camara-de-comercio#primaryimage\"},\"image\":{\"@id\":\"https:\/\/www.asajacyl.com\/soria\/asaja-soria-informa\/reunion-de-la-nueva-presidenta-de-asaja-soria-con-los-responsables-de-la-camara-de-comercio#primaryimage\"},\"thumbnailUrl\":\"https:\/\/www.asajacyl.com\/soria\/wp-content\/uploads\/sites\/9\/2023\/07\/IMG_0431.jpg\",\"datePublished\":\"2023-07-12T13:02:20+00:00\",\"dateModified\":\"2023-07-12T13:08:20+00:00\",\"author\":{\"@id\":\"https:\/\/www.asajacyl.com\/soria\/#\/schema\/person\/fd3081c40255119ce8133b87e6aedfab\"},\"description\":\"El encuentro, enmarcado en la ronda de presentaci\u00f3n institucional de Ana Pastor, ha servido para afianzar las buenas relaciones con la instituci\u00f3n cameral\",\"breadcrumb\":{\"@id\":\"https:\/\/www.asajacyl.com\/soria\/asaja-soria-informa\/reunion-de-la-nueva-presidenta-de-asaja-soria-con-los-responsables-de-la-camara-de-comercio#breadcrumb\"},\"inLanguage\":\"es\",\"potentialAction\":[{\"@type\":\"ReadAction\",\"target\":[\"https:\/\/www.asajacyl.com\/soria\/asaja-soria-informa\/reunion-de-la-nueva-presidenta-de-asaja-soria-con-los-responsables-de-la-camara-de-comercio\"]}]},{\"@type\":\"ImageObject\",\"inLanguage\":\"es\",\"@id\":\"https:\/\/www.asajacyl.com\/soria\/asaja-soria-informa\/reunion-de-la-nueva-presidenta-de-asaja-soria-con-los-responsables-de-la-camara-de-comercio#primaryimage\",\"url\":\"https:\/\/www.asajacyl.com\/soria\/wp-content\/uploads\/sites\/9\/2023\/07\/IMG_0431.jpg\",\"contentUrl\":\"https:\/\/www.asajacyl.com\/soria\/wp-content\/uploads\/sites\/9\/2023\/07\/IMG_0431.jpg\",\"width\":2500,\"height\":1875},{\"@type\":\"BreadcrumbList\",\"@id\":\"https:\/\/www.asajacyl.com\/soria\/asaja-soria-informa\/reunion-de-la-nueva-presidenta-de-asaja-soria-con-los-responsables-de-la-camara-de-comercio#breadcrumb\",\"itemListElement\":[{\"@type\":\"ListItem\",\"position\":1,\"name\":\"Portada\",\"item\":\"https:\/\/www.asajacyl.com\/soria\/\"},{\"@type\":\"ListItem\",\"position\":2,\"name\":\"Reuni\u00f3n de la nueva presidenta de ASAJA Soria con los responsables de la C\u00e1mara de Comercio\"}]},{\"@type\":\"WebSite\",\"@id\":\"https:\/\/www.asajacyl.com\/soria\/#website\",\"url\":\"https:\/\/www.asajacyl.com\/soria\/\",\"name\":\"ASAJA Soria\",\"description\":\"Otro sitio m\u00e1s de Provincias ASAJA Castilla y Le\u00f3n\",\"potentialAction\":[{\"@type\":\"SearchAction\",\"target\":{\"@type\":\"EntryPoint\",\"urlTemplate\":\"https:\/\/www.asajacyl.com\/soria\/?s={search_term_string}\"},\"query-input\":{\"@type\":\"PropertyValueSpecification\",\"valueRequired\":true,\"valueName\":\"search_term_string\"}}],\"inLanguage\":\"es\"},{\"@type\":\"Person\",\"@id\":\"https:\/\/www.asajacyl.com\/soria\/#\/schema\/person\/fd3081c40255119ce8133b87e6aedfab\",\"name\":\"Juan Ignacio Prieto Nieto\",\"image\":{\"@type\":\"ImageObject\",\"inLanguage\":\"es\",\"@id\":\"https:\/\/www.asajacyl.com\/soria\/#\/schema\/person\/image\/\",\"url\":\"https:\/\/secure.gravatar.com\/avatar\/8266b36e4d9001acb4700699a2468dc8?s=96&d=mm&r=g\",\"contentUrl\":\"https:\/\/secure.gravatar.com\/avatar\/8266b36e4d9001acb4700699a2468dc8?s=96&d=mm&r=g\",\"caption\":\"Juan Ignacio Prieto Nieto\"},\"url\":\"https:\/\/www.asajacyl.com\/soria\/author\/juanfranciscoby\"}]}<\/script>\n<!-- \/ Yoast SEO plugin. -->","yoast_head_json":{"title":"Reuni\u00f3n de la nueva presidenta de ASAJA Soria con los responsables de la C\u00e1mara de Comercio - ASAJA Soria","description":"El encuentro, enmarcado en la ronda de presentaci\u00f3n institucional de Ana Pastor, ha servido para afianzar las buenas relaciones con la instituci\u00f3n cameral","robots":{"index":"index","follow":"follow","max-snippet":"max-snippet:-1","max-image-preview":"max-image-preview:large","max-video-preview":"max-video-preview:-1"},"canonical":"https:\/\/www.asajacyl.com\/soria\/asaja-soria-informa\/reunion-de-la-nueva-presidenta-de-asaja-soria-con-los-responsables-de-la-camara-de-comercio","og_locale":"es_ES","og_type":"article","og_title":"Reuni\u00f3n de la nueva presidenta de ASAJA Soria con los responsables de la C\u00e1mara de Comercio - ASAJA Soria","og_description":"El encuentro, enmarcado en la ronda de presentaci\u00f3n institucional de Ana Pastor, ha servido para afianzar las buenas relaciones con la instituci\u00f3n cameral","og_url":"https:\/\/www.asajacyl.com\/soria\/asaja-soria-informa\/reunion-de-la-nueva-presidenta-de-asaja-soria-con-los-responsables-de-la-camara-de-comercio","og_site_name":"ASAJA Soria","article_published_time":"2023-07-12T13:02:20+00:00","article_modified_time":"2023-07-12T13:08:20+00:00","og_image":[{"width":2500,"height":1875,"url":"https:\/\/www.asajacyl.com\/soria\/wp-content\/uploads\/sites\/9\/2023\/07\/IMG_0431.jpg","type":"image\/jpeg"}],"author":"Juan Ignacio Prieto Nieto","twitter_card":"summary_large_image","twitter_misc":{"Escrito por":"Juan Ignacio Prieto Nieto","Tiempo de lectura":"2 minutos"},"schema":{"@context":"https:\/\/schema.org","@graph":[{"@type":"WebPage","@id":"https:\/\/www.asajacyl.com\/soria\/asaja-soria-informa\/reunion-de-la-nueva-presidenta-de-asaja-soria-con-los-responsables-de-la-camara-de-comercio","url":"https:\/\/www.asajacyl.com\/soria\/asaja-soria-informa\/reunion-de-la-nueva-presidenta-de-asaja-soria-con-los-responsables-de-la-camara-de-comercio","name":"Reuni\u00f3n de la nueva presidenta de ASAJA Soria con los responsables de la C\u00e1mara de Comercio - ASAJA Soria","isPartOf":{"@id":"https:\/\/www.asajacyl.com\/soria\/#website"},"primaryImageOfPage":{"@id":"https:\/\/www.asajacyl.com\/soria\/asaja-soria-informa\/reunion-de-la-nueva-presidenta-de-asaja-soria-con-los-responsables-de-la-camara-de-comercio#primaryimage"},"image":{"@id":"https:\/\/www.asajacyl.com\/soria\/asaja-soria-informa\/reunion-de-la-nueva-presidenta-de-asaja-soria-con-los-responsables-de-la-camara-de-comercio#primaryimage"},"thumbnailUrl":"https:\/\/www.asajacyl.com\/soria\/wp-content\/uploads\/sites\/9\/2023\/07\/IMG_0431.jpg","datePublished":"2023-07-12T13:02:20+00:00","dateModified":"2023-07-12T13:08:20+00:00","author":{"@id":"https:\/\/www.asajacyl.com\/soria\/#\/schema\/person\/fd3081c40255119ce8133b87e6aedfab"},"description":"El encuentro, enmarcado en la ronda de presentaci\u00f3n institucional de Ana Pastor, ha servido para afianzar las buenas relaciones con la instituci\u00f3n cameral","breadcrumb":{"@id":"https:\/\/www.asajacyl.com\/soria\/asaja-soria-informa\/reunion-de-la-nueva-presidenta-de-asaja-soria-con-los-responsables-de-la-camara-de-comercio#breadcrumb"},"inLanguage":"es","potentialAction":[{"@type":"ReadAction","target":["https:\/\/www.asajacyl.com\/soria\/asaja-soria-informa\/reunion-de-la-nueva-presidenta-de-asaja-soria-con-los-responsables-de-la-camara-de-comercio"]}]},{"@type":"ImageObject","inLanguage":"es","@id":"https:\/\/www.asajacyl.com\/soria\/asaja-soria-informa\/reunion-de-la-nueva-presidenta-de-asaja-soria-con-los-responsables-de-la-camara-de-comercio#primaryimage","url":"https:\/\/www.asajacyl.com\/soria\/wp-content\/uploads\/sites\/9\/2023\/07\/IMG_0431.jpg","contentUrl":"https:\/\/www.asajacyl.com\/soria\/wp-content\/uploads\/sites\/9\/2023\/07\/IMG_0431.jpg","width":2500,"height":1875},{"@type":"BreadcrumbList","@id":"https:\/\/www.asajacyl.com\/soria\/asaja-soria-informa\/reunion-de-la-nueva-presidenta-de-asaja-soria-con-los-responsables-de-la-camara-de-comercio#breadcrumb","itemListElement":[{"@type":"ListItem","position":1,"name":"Portada","item":"https:\/\/www.asajacyl.com\/soria\/"},{"@type":"ListItem","position":2,"name":"Reuni\u00f3n de la nueva presidenta de ASAJA Soria con los responsables de la C\u00e1mara de Comercio"}]},{"@type":"WebSite","@id":"https:\/\/www.asajacyl.com\/soria\/#website","url":"https:\/\/www.asajacyl.com\/soria\/","name":"ASAJA Soria","description":"Otro sitio m\u00e1s de Provincias ASAJA Castilla y Le\u00f3n","potentialAction":[{"@type":"SearchAction","target":{"@type":"EntryPoint","urlTemplate":"https:\/\/www.asajacyl.com\/soria\/?s={search_term_string}"},"query-input":{"@type":"PropertyValueSpecification","valueRequired":true,"valueName":"search_term_string"}}],"inLanguage":"es"},{"@type":"Person","@id":"https:\/\/www.asajacyl.com\/soria\/#\/schema\/person\/fd3081c40255119ce8133b87e6aedfab","name":"Juan Ignacio Prieto Nieto","image":{"@type":"ImageObject","inLanguage":"es","@id":"https:\/\/www.asajacyl.com\/soria\/#\/schema\/person\/image\/","url":"https:\/\/secure.gravatar.com\/avatar\/8266b36e4d9001acb4700699a2468dc8?s=96&d=mm&r=g","contentUrl":"https:\/\/secure.gravatar.com\/avatar\/8266b36e4d9001acb4700699a2468dc8?s=96&d=mm&r=g","caption":"Juan Ignacio Prieto Nieto"},"url":"https:\/\/www.asajacyl.com\/soria\/author\/juanfranciscoby"}]}},"_links":{"self":[{"href":"https:\/\/www.asajacyl.com\/soria\/wp-json\/wp\/v2\/posts\/6992"}],"collection":[{"href":"https:\/\/www.asajacyl.com\/soria\/wp-json\/wp\/v2\/posts"}],"about":[{"href":"https:\/\/www.asajacyl.com\/soria\/wp-json\/wp\/v2\/types\/post"}],"author":[{"embeddable":true,"href":"https:\/\/www.asajacyl.com\/soria\/wp-json\/wp\/v2\/users\/12"}],"replies":[{"embeddable":true,"href":"https:\/\/www.asajacyl.com\/soria\/wp-json\/wp\/v2\/comments?post=6992"}],"version-history":[{"count":2,"href":"https:\/\/www.asajacyl.com\/soria\/wp-json\/wp\/v2\/posts\/6992\/revisions"}],"predecessor-version":[{"id":6996,"href":"https:\/\/www.asajacyl.com\/soria\/wp-json\/wp\/v2\/posts\/6992\/revisions\/6996"}],"wp:featuredmedia":[{"embeddable":true,"href":"https:\/\/www.asajacyl.com\/soria\/wp-json\/wp\/v2\/media\/6993"}],"wp:attachment":[{"href":"https:\/\/www.asajacyl.com\/soria\/wp-json\/wp\/v2\/media?parent=6992"}],"wp:term":[{"taxonomy":"category","embeddable":true,"href":"https:\/\/www.asajacyl.com\/soria\/wp-json\/wp\/v2\/categories?post=6992"},{"taxonomy":"post_tag","embeddable":true,"href":"https:\/\/www.asajacyl.com\/soria\/wp-json\/wp\/v2\/tags?post=6992"}],"curies":[{"name":"wp","href":"https:\/\/api.w.org\/{rel}","templated":true}]}}