{"id":7003,"date":"2023-07-13T16:08:01","date_gmt":"2023-07-13T14:08:01","guid":{"rendered":"https:\/\/www.asajacyl.com\/soria\/?p=7003"},"modified":"2023-07-13T16:08:02","modified_gmt":"2023-07-13T14:08:02","slug":"la-presidenta-de-asaja-soria-traslada-a-gerardo-duenas-las-principales-reivindicaciones-e-inquietudes-del-campo-provincial","status":"publish","type":"post","link":"https:\/\/www.asajacyl.com\/soria\/asaja-soria-informa\/la-presidenta-de-asaja-soria-traslada-a-gerardo-duenas-las-principales-reivindicaciones-e-inquietudes-del-campo-provincial","title":{"rendered":"La presidenta de ASAJA Soria traslada a Gerardo Due\u00f1as las principales reivindicaciones e inquietudes del campo provincial"},"content":{"rendered":"\n<p><em>El encuentro, enmarcado en la ronda de presentaci\u00f3n institucional de la nueva presidenta, se ha celebrado en la Consejer\u00eda de Agricultura<\/em><\/p>\n<p>La presidenta de ASAJA Soria, Ana Pastor, ha mantenido esta ma\u00f1ana un encuentro en Valladolid con el consejero de Agricultura, Ganader\u00eda y Desarrollo Rural, Gerardo Due\u00f1as, para hacerle llegar personalmente las inquietudes y reivindicaciones m\u00e1s importantes y a la vez urgentes del campo provincial. Esta reuni\u00f3n se enmarcaba dentro de la ronda de presentaci\u00f3n institucional de la reci\u00e9n llegada a la presidencia de ASAJA.<\/p>\n<p>En primer lugar, Pastor ha agradecido la deferencia del consejero por su pronta respuesta afirmativa tras solicitarle este encuentro, al que tambi\u00e9n han asistido el viceconsejero de Pol\u00edtica Agraria Comunitaria y Desarrollo Rural, Juan Pedro Medina, y el secretario t\u00e9cnico de ASAJA, Juan Francisco Barcones.<\/p>\n<p>Pastor ha incidido en primer lugar en el problema que est\u00e1 generando el rebrote de malas hierbas, que ya se est\u00e1 sumando a los nefastos resultados de la cosecha, que son los segundos peores datos de todas las provincias de la comunidad aut\u00f3noma seg\u00fan va corroborando Agroseguro. La situaci\u00f3n particular de altitud de esta provincia propicia a la vez que los cereales con falta de planta y desarrollo est\u00e9n ya secos mientras las malas hierbas han brotado y manchan de verde una gran parte de las parcelas, lo que est\u00e1 complicando las labores de recolecci\u00f3n. En este sentido ASAJA Soria ha planteado que se habilite una soluci\u00f3n fitosanitaria excepcional que est\u00e9 respaldada legalmente por las administraciones para poder realizar escarda qu\u00edmica y facilitar as\u00ed la dif\u00edcil siega de este a\u00f1o. El consejero se ha mostrado receptivo y se ha comprometido a trasladar esta petici\u00f3n al Ministerio de Agricultura. El vicepresidente de ASAJA Soria, Fernando Borque, tambi\u00e9n ha hecho hincapi\u00e9 sobre ese asunto en otra reuni\u00f3n que a la vez se estaba celebrando en Soria con motivo de la Comisi\u00f3n Provincial de Estad\u00edstica Agraria y que ha dirigido al jefe del Servicio Territorial de Agricultura y Ganader\u00eda, Jos\u00e9 Manuel Ruiz, en presencia de todas las partes implicadas, como almacenistas, productores, empresas de servicios fitosanitarios\u2026<\/p>\n<p>Adem\u00e1s, Ana Pastor puso encima de la mesa otras cuestiones de gran importancia para el campo provincial, como la PAC, los seguros agrarios, el agua y la sanidad de la producci\u00f3n agraria. Tambi\u00e9n se abord\u00f3 la fiscalidad, la necesidad de medidas de choque para Soria por ser Zona Escasamente Poblada, as\u00ed como la ayuda y protecci\u00f3n necesaria para el empuje de los sectores que elaboran productos de calidad en Soria: vino, cordero, carne de vacuno, derivados porcinos y l\u00e1cteos, o forestales, y en especial en el cuidado y promoci\u00f3n de nuestras marcas de calidad.<\/p>\n<p>Sobre las ayudas por la sequ\u00eda y la guerra de Ucrania, la presidenta de ASAJA ha pedido a Due\u00f1as apoyo y complicidad para que la provincia de Soria no quede encuadrada como provincia con sequ\u00eda de afecci\u00f3n media sino extrema, y m\u00e1s con los datos que ya est\u00e1 ofreciendo Agroseguro y que confirman que es la segunda provincia m\u00e1s afectada de las nueve de la regi\u00f3n, solamente por detr\u00e1s de \u00c1vila, que tiene concedida la catalogaci\u00f3n de afecci\u00f3n m\u00e1xima de sequ\u00eda y por lo tanto el 100 por 100 de ayudas y no el 50 como en Soria.<\/p>\n<p>Ana Pastor ha solicitado a Gerardo Due\u00f1as el amparo y apoyo para tratar de corregir algunos graves problemas que afectan al sector y que son competencia de otras consejer\u00edas u otras administraciones especialmente en materia de Medio Ambiente, como es el tema del urgente control cineg\u00e9tico con una superpoblaci\u00f3n de animales salvajes disparada, el control de los macroproyectos fotovoltaicos en terrenos agrarios, o el respeto al derecho a recoger la cosecha de nuestros agricultores y que actualmente defiende ASAJA Soria en los tribunales.<\/p>\n<p>Para concluir, entre los asuntos importantes, ASAJA volvi\u00f3 a llamar la atenci\u00f3n sobre la idea de que el sector agrario soriano, que no es ajeno al de todo Castilla y Le\u00f3n, se enfrenta al reto social m\u00e1s transcendente en las \u00faltimas d\u00e9cadas. Cerca ya del 60 por ciento de los titulares de empresas agrarias sorianas superan los 60 a\u00f1os de edad, lo que presume una gran transformaci\u00f3n del sector en la pr\u00f3xima d\u00e9cada, por lo que se solicita al Gobierno Regional una estrategia y apoyo decidido a los agricultores y ganaderos profesionales en las nuevas necesidades que se vayan presentando en este contexto.<\/p>\n","protected":false},"excerpt":{"rendered":"<p>El encuentro, enmarcado en la ronda de presentaci\u00f3n institucional de la nueva presidenta, se ha celebrado en la Consejer\u00eda de Agricultura La presidenta de ASAJA Soria, Ana Pastor, ha mantenido esta ma\u00f1ana un encuentro en Valladolid con el consejero de Agricultura, Ganader\u00eda y Desarrollo Rural, Gerardo Due\u00f1as, para hacerle llegar personalmente las inquietudes y reivindicaciones [&hellip;]<\/p>\n","protected":false},"author":12,"featured_media":7004,"comment_status":"open","ping_status":"open","sticky":false,"template":"","format":"standard","meta":{"footnotes":""},"categories":[10,25],"tags":[],"yoast_head":"<!-- This site is optimized with the Yoast SEO plugin v24.5 - https:\/\/yoast.com\/wordpress\/plugins\/seo\/ -->\n<title>La presidenta de ASAJA Soria traslada a Gerardo Due\u00f1as las principales reivindicaciones e inquietudes del campo provincial - ASAJA Soria<\/title>\n<meta name=\"description\" content=\"El encuentro, enmarcado en la ronda de presentaci\u00f3n institucional de la nueva presidenta, se ha celebrado en la Consejer\u00eda de Agricultura La presidenta de\" \/>\n<meta name=\"robots\" content=\"index, follow, max-snippet:-1, max-image-preview:large, max-video-preview:-1\" \/>\n<link rel=\"canonical\" href=\"https:\/\/www.asajacyl.com\/soria\/asaja-soria-informa\/la-presidenta-de-asaja-soria-traslada-a-gerardo-duenas-las-principales-reivindicaciones-e-inquietudes-del-campo-provincial\" \/>\n<meta property=\"og:locale\" content=\"es_ES\" \/>\n<meta property=\"og:type\" content=\"article\" \/>\n<meta property=\"og:title\" content=\"La presidenta de ASAJA Soria traslada a Gerardo Due\u00f1as las principales reivindicaciones e inquietudes del campo provincial - ASAJA Soria\" \/>\n<meta property=\"og:description\" content=\"El encuentro, enmarcado en la ronda de presentaci\u00f3n institucional de la nueva presidenta, se ha celebrado en la Consejer\u00eda de Agricultura La presidenta de\" \/>\n<meta property=\"og:url\" content=\"https:\/\/www.asajacyl.com\/soria\/asaja-soria-informa\/la-presidenta-de-asaja-soria-traslada-a-gerardo-duenas-las-principales-reivindicaciones-e-inquietudes-del-campo-provincial\" \/>\n<meta property=\"og:site_name\" content=\"ASAJA Soria\" \/>\n<meta property=\"article:published_time\" content=\"2023-07-13T14:08:01+00:00\" \/>\n<meta property=\"article:modified_time\" content=\"2023-07-13T14:08:02+00:00\" \/>\n<meta property=\"og:image\" content=\"https:\/\/www.asajacyl.com\/soria\/wp-content\/uploads\/sites\/9\/2023\/07\/20230713_124009.jpg\" \/>\n\t<meta property=\"og:image:width\" content=\"2500\" \/>\n\t<meta property=\"og:image:height\" content=\"1875\" \/>\n\t<meta property=\"og:image:type\" content=\"image\/jpeg\" \/>\n<meta name=\"author\" content=\"Juan Ignacio Prieto Nieto\" \/>\n<meta name=\"twitter:card\" content=\"summary_large_image\" \/>\n<meta name=\"twitter:label1\" content=\"Escrito por\" \/>\n\t<meta name=\"twitter:data1\" content=\"Juan Ignacio Prieto Nieto\" \/>\n\t<meta name=\"twitter:label2\" content=\"Tiempo de lectura\" \/>\n\t<meta name=\"twitter:data2\" content=\"4 minutos\" \/>\n<script type=\"application\/ld+json\" class=\"yoast-schema-graph\">{\"@context\":\"https:\/\/schema.org\",\"@graph\":[{\"@type\":\"WebPage\",\"@id\":\"https:\/\/www.asajacyl.com\/soria\/asaja-soria-informa\/la-presidenta-de-asaja-soria-traslada-a-gerardo-duenas-las-principales-reivindicaciones-e-inquietudes-del-campo-provincial\",\"url\":\"https:\/\/www.asajacyl.com\/soria\/asaja-soria-informa\/la-presidenta-de-asaja-soria-traslada-a-gerardo-duenas-las-principales-reivindicaciones-e-inquietudes-del-campo-provincial\",\"name\":\"La presidenta de ASAJA Soria traslada a Gerardo Due\u00f1as las principales reivindicaciones e inquietudes del campo provincial - ASAJA Soria\",\"isPartOf\":{\"@id\":\"https:\/\/www.asajacyl.com\/soria\/#website\"},\"primaryImageOfPage\":{\"@id\":\"https:\/\/www.asajacyl.com\/soria\/asaja-soria-informa\/la-presidenta-de-asaja-soria-traslada-a-gerardo-duenas-las-principales-reivindicaciones-e-inquietudes-del-campo-provincial#primaryimage\"},\"image\":{\"@id\":\"https:\/\/www.asajacyl.com\/soria\/asaja-soria-informa\/la-presidenta-de-asaja-soria-traslada-a-gerardo-duenas-las-principales-reivindicaciones-e-inquietudes-del-campo-provincial#primaryimage\"},\"thumbnailUrl\":\"https:\/\/www.asajacyl.com\/soria\/wp-content\/uploads\/sites\/9\/2023\/07\/20230713_124009.jpg\",\"datePublished\":\"2023-07-13T14:08:01+00:00\",\"dateModified\":\"2023-07-13T14:08:02+00:00\",\"author\":{\"@id\":\"https:\/\/www.asajacyl.com\/soria\/#\/schema\/person\/fd3081c40255119ce8133b87e6aedfab\"},\"description\":\"El encuentro, enmarcado en la ronda de presentaci\u00f3n institucional de la nueva presidenta, se ha celebrado en la Consejer\u00eda de Agricultura La presidenta de\",\"breadcrumb\":{\"@id\":\"https:\/\/www.asajacyl.com\/soria\/asaja-soria-informa\/la-presidenta-de-asaja-soria-traslada-a-gerardo-duenas-las-principales-reivindicaciones-e-inquietudes-del-campo-provincial#breadcrumb\"},\"inLanguage\":\"es\",\"potentialAction\":[{\"@type\":\"ReadAction\",\"target\":[\"https:\/\/www.asajacyl.com\/soria\/asaja-soria-informa\/la-presidenta-de-asaja-soria-traslada-a-gerardo-duenas-las-principales-reivindicaciones-e-inquietudes-del-campo-provincial\"]}]},{\"@type\":\"ImageObject\",\"inLanguage\":\"es\",\"@id\":\"https:\/\/www.asajacyl.com\/soria\/asaja-soria-informa\/la-presidenta-de-asaja-soria-traslada-a-gerardo-duenas-las-principales-reivindicaciones-e-inquietudes-del-campo-provincial#primaryimage\",\"url\":\"https:\/\/www.asajacyl.com\/soria\/wp-content\/uploads\/sites\/9\/2023\/07\/20230713_124009.jpg\",\"contentUrl\":\"https:\/\/www.asajacyl.com\/soria\/wp-content\/uploads\/sites\/9\/2023\/07\/20230713_124009.jpg\",\"width\":2500,\"height\":1875},{\"@type\":\"BreadcrumbList\",\"@id\":\"https:\/\/www.asajacyl.com\/soria\/asaja-soria-informa\/la-presidenta-de-asaja-soria-traslada-a-gerardo-duenas-las-principales-reivindicaciones-e-inquietudes-del-campo-provincial#breadcrumb\",\"itemListElement\":[{\"@type\":\"ListItem\",\"position\":1,\"name\":\"Portada\",\"item\":\"https:\/\/www.asajacyl.com\/soria\/\"},{\"@type\":\"ListItem\",\"position\":2,\"name\":\"La presidenta de ASAJA Soria traslada a Gerardo Due\u00f1as las principales reivindicaciones e inquietudes del campo provincial\"}]},{\"@type\":\"WebSite\",\"@id\":\"https:\/\/www.asajacyl.com\/soria\/#website\",\"url\":\"https:\/\/www.asajacyl.com\/soria\/\",\"name\":\"ASAJA Soria\",\"description\":\"Otro sitio m\u00e1s de Provincias ASAJA Castilla y Le\u00f3n\",\"potentialAction\":[{\"@type\":\"SearchAction\",\"target\":{\"@type\":\"EntryPoint\",\"urlTemplate\":\"https:\/\/www.asajacyl.com\/soria\/?s={search_term_string}\"},\"query-input\":{\"@type\":\"PropertyValueSpecification\",\"valueRequired\":true,\"valueName\":\"search_term_string\"}}],\"inLanguage\":\"es\"},{\"@type\":\"Person\",\"@id\":\"https:\/\/www.asajacyl.com\/soria\/#\/schema\/person\/fd3081c40255119ce8133b87e6aedfab\",\"name\":\"Juan Ignacio Prieto Nieto\",\"image\":{\"@type\":\"ImageObject\",\"inLanguage\":\"es\",\"@id\":\"https:\/\/www.asajacyl.com\/soria\/#\/schema\/person\/image\/\",\"url\":\"https:\/\/secure.gravatar.com\/avatar\/8266b36e4d9001acb4700699a2468dc8?s=96&d=mm&r=g\",\"contentUrl\":\"https:\/\/secure.gravatar.com\/avatar\/8266b36e4d9001acb4700699a2468dc8?s=96&d=mm&r=g\",\"caption\":\"Juan Ignacio Prieto Nieto\"},\"url\":\"https:\/\/www.asajacyl.com\/soria\/author\/juanfranciscoby\"}]}<\/script>\n<!-- \/ Yoast SEO plugin. -->","yoast_head_json":{"title":"La presidenta de ASAJA Soria traslada a Gerardo Due\u00f1as las principales reivindicaciones e inquietudes del campo provincial - ASAJA Soria","description":"El encuentro, enmarcado en la ronda de presentaci\u00f3n institucional de la nueva presidenta, se ha celebrado en la Consejer\u00eda de Agricultura La presidenta de","robots":{"index":"index","follow":"follow","max-snippet":"max-snippet:-1","max-image-preview":"max-image-preview:large","max-video-preview":"max-video-preview:-1"},"canonical":"https:\/\/www.asajacyl.com\/soria\/asaja-soria-informa\/la-presidenta-de-asaja-soria-traslada-a-gerardo-duenas-las-principales-reivindicaciones-e-inquietudes-del-campo-provincial","og_locale":"es_ES","og_type":"article","og_title":"La presidenta de ASAJA Soria traslada a Gerardo Due\u00f1as las principales reivindicaciones e inquietudes del campo provincial - ASAJA Soria","og_description":"El encuentro, enmarcado en la ronda de presentaci\u00f3n institucional de la nueva presidenta, se ha celebrado en la Consejer\u00eda de Agricultura La presidenta de","og_url":"https:\/\/www.asajacyl.com\/soria\/asaja-soria-informa\/la-presidenta-de-asaja-soria-traslada-a-gerardo-duenas-las-principales-reivindicaciones-e-inquietudes-del-campo-provincial","og_site_name":"ASAJA Soria","article_published_time":"2023-07-13T14:08:01+00:00","article_modified_time":"2023-07-13T14:08:02+00:00","og_image":[{"width":2500,"height":1875,"url":"https:\/\/www.asajacyl.com\/soria\/wp-content\/uploads\/sites\/9\/2023\/07\/20230713_124009.jpg","type":"image\/jpeg"}],"author":"Juan Ignacio Prieto Nieto","twitter_card":"summary_large_image","twitter_misc":{"Escrito por":"Juan Ignacio Prieto Nieto","Tiempo de lectura":"4 minutos"},"schema":{"@context":"https:\/\/schema.org","@graph":[{"@type":"WebPage","@id":"https:\/\/www.asajacyl.com\/soria\/asaja-soria-informa\/la-presidenta-de-asaja-soria-traslada-a-gerardo-duenas-las-principales-reivindicaciones-e-inquietudes-del-campo-provincial","url":"https:\/\/www.asajacyl.com\/soria\/asaja-soria-informa\/la-presidenta-de-asaja-soria-traslada-a-gerardo-duenas-las-principales-reivindicaciones-e-inquietudes-del-campo-provincial","name":"La presidenta de ASAJA Soria traslada a Gerardo Due\u00f1as las principales reivindicaciones e inquietudes del campo provincial - ASAJA Soria","isPartOf":{"@id":"https:\/\/www.asajacyl.com\/soria\/#website"},"primaryImageOfPage":{"@id":"https:\/\/www.asajacyl.com\/soria\/asaja-soria-informa\/la-presidenta-de-asaja-soria-traslada-a-gerardo-duenas-las-principales-reivindicaciones-e-inquietudes-del-campo-provincial#primaryimage"},"image":{"@id":"https:\/\/www.asajacyl.com\/soria\/asaja-soria-informa\/la-presidenta-de-asaja-soria-traslada-a-gerardo-duenas-las-principales-reivindicaciones-e-inquietudes-del-campo-provincial#primaryimage"},"thumbnailUrl":"https:\/\/www.asajacyl.com\/soria\/wp-content\/uploads\/sites\/9\/2023\/07\/20230713_124009.jpg","datePublished":"2023-07-13T14:08:01+00:00","dateModified":"2023-07-13T14:08:02+00:00","author":{"@id":"https:\/\/www.asajacyl.com\/soria\/#\/schema\/person\/fd3081c40255119ce8133b87e6aedfab"},"description":"El encuentro, enmarcado en la ronda de presentaci\u00f3n institucional de la nueva presidenta, se ha celebrado en la Consejer\u00eda de Agricultura La presidenta de","breadcrumb":{"@id":"https:\/\/www.asajacyl.com\/soria\/asaja-soria-informa\/la-presidenta-de-asaja-soria-traslada-a-gerardo-duenas-las-principales-reivindicaciones-e-inquietudes-del-campo-provincial#breadcrumb"},"inLanguage":"es","potentialAction":[{"@type":"ReadAction","target":["https:\/\/www.asajacyl.com\/soria\/asaja-soria-informa\/la-presidenta-de-asaja-soria-traslada-a-gerardo-duenas-las-principales-reivindicaciones-e-inquietudes-del-campo-provincial"]}]},{"@type":"ImageObject","inLanguage":"es","@id":"https:\/\/www.asajacyl.com\/soria\/asaja-soria-informa\/la-presidenta-de-asaja-soria-traslada-a-gerardo-duenas-las-principales-reivindicaciones-e-inquietudes-del-campo-provincial#primaryimage","url":"https:\/\/www.asajacyl.com\/soria\/wp-content\/uploads\/sites\/9\/2023\/07\/20230713_124009.jpg","contentUrl":"https:\/\/www.asajacyl.com\/soria\/wp-content\/uploads\/sites\/9\/2023\/07\/20230713_124009.jpg","width":2500,"height":1875},{"@type":"BreadcrumbList","@id":"https:\/\/www.asajacyl.com\/soria\/asaja-soria-informa\/la-presidenta-de-asaja-soria-traslada-a-gerardo-duenas-las-principales-reivindicaciones-e-inquietudes-del-campo-provincial#breadcrumb","itemListElement":[{"@type":"ListItem","position":1,"name":"Portada","item":"https:\/\/www.asajacyl.com\/soria\/"},{"@type":"ListItem","position":2,"name":"La presidenta de ASAJA Soria traslada a Gerardo Due\u00f1as las principales reivindicaciones e inquietudes del campo provincial"}]},{"@type":"WebSite","@id":"https:\/\/www.asajacyl.com\/soria\/#website","url":"https:\/\/www.asajacyl.com\/soria\/","name":"ASAJA Soria","description":"Otro sitio m\u00e1s de Provincias ASAJA Castilla y Le\u00f3n","potentialAction":[{"@type":"SearchAction","target":{"@type":"EntryPoint","urlTemplate":"https:\/\/www.asajacyl.com\/soria\/?s={search_term_string}"},"query-input":{"@type":"PropertyValueSpecification","valueRequired":true,"valueName":"search_term_string"}}],"inLanguage":"es"},{"@type":"Person","@id":"https:\/\/www.asajacyl.com\/soria\/#\/schema\/person\/fd3081c40255119ce8133b87e6aedfab","name":"Juan Ignacio Prieto Nieto","image":{"@type":"ImageObject","inLanguage":"es","@id":"https:\/\/www.asajacyl.com\/soria\/#\/schema\/person\/image\/","url":"https:\/\/secure.gravatar.com\/avatar\/8266b36e4d9001acb4700699a2468dc8?s=96&d=mm&r=g","contentUrl":"https:\/\/secure.gravatar.com\/avatar\/8266b36e4d9001acb4700699a2468dc8?s=96&d=mm&r=g","caption":"Juan Ignacio Prieto Nieto"},"url":"https:\/\/www.asajacyl.com\/soria\/author\/juanfranciscoby"}]}},"_links":{"self":[{"href":"https:\/\/www.asajacyl.com\/soria\/wp-json\/wp\/v2\/posts\/7003"}],"collection":[{"href":"https:\/\/www.asajacyl.com\/soria\/wp-json\/wp\/v2\/posts"}],"about":[{"href":"https:\/\/www.asajacyl.com\/soria\/wp-json\/wp\/v2\/types\/post"}],"author":[{"embeddable":true,"href":"https:\/\/www.asajacyl.com\/soria\/wp-json\/wp\/v2\/users\/12"}],"replies":[{"embeddable":true,"href":"https:\/\/www.asajacyl.com\/soria\/wp-json\/wp\/v2\/comments?post=7003"}],"version-history":[{"count":1,"href":"https:\/\/www.asajacyl.com\/soria\/wp-json\/wp\/v2\/posts\/7003\/revisions"}],"predecessor-version":[{"id":7005,"href":"https:\/\/www.asajacyl.com\/soria\/wp-json\/wp\/v2\/posts\/7003\/revisions\/7005"}],"wp:featuredmedia":[{"embeddable":true,"href":"https:\/\/www.asajacyl.com\/soria\/wp-json\/wp\/v2\/media\/7004"}],"wp:attachment":[{"href":"https:\/\/www.asajacyl.com\/soria\/wp-json\/wp\/v2\/media?parent=7003"}],"wp:term":[{"taxonomy":"category","embeddable":true,"href":"https:\/\/www.asajacyl.com\/soria\/wp-json\/wp\/v2\/categories?post=7003"},{"taxonomy":"post_tag","embeddable":true,"href":"https:\/\/www.asajacyl.com\/soria\/wp-json\/wp\/v2\/tags?post=7003"}],"curies":[{"name":"wp","href":"https:\/\/api.w.org\/{rel}","templated":true}]}}