{"id":7006,"date":"2023-07-14T09:30:43","date_gmt":"2023-07-14T07:30:43","guid":{"rendered":"https:\/\/www.asajacyl.com\/soria\/?p=7006"},"modified":"2023-07-21T13:16:06","modified_gmt":"2023-07-21T11:16:06","slug":"asaja-dice-que-se-acaban-los-argumentos-para-no-pasar-definitivamente-al-reconocimiento-de-sequia-extrema-para-la-provincia","status":"publish","type":"post","link":"https:\/\/www.asajacyl.com\/soria\/asaja-soria-informa\/asaja-dice-que-se-acaban-los-argumentos-para-no-pasar-definitivamente-al-reconocimiento-de-sequia-extrema-para-la-provincia","title":{"rendered":"ASAJA dice que se acaban los argumentos para no pasar definitivamente al reconocimiento de sequ\u00eda extrema para la provincia"},"content":{"rendered":"\n\n\n<h2><em>A lo largo de esta semana, en las reuniones institucionales de la presidenta de la OPA, se ha informado de las alegaciones presentadas el 6 de julio al reparto de las ayudas, apoy\u00e1ndose ya en datos provisionales y oficiales de cosecha que sit\u00faan a Soria como la segunda m\u00e1s afectada de toda la Comunidad Aut\u00f3noma<\/em><\/h2>\n<p>La Asociaci\u00f3n Agraria de J\u00f3venes Agricultores de Soria (ASAJA) insiste en solicitar al Ministerio de Agricultura que incluya a la provincia de Soria dentro de las de afectaci\u00f3n m\u00e1xima por sequ\u00eda, y m\u00e1s si cabe despu\u00e9s de conocerse las primeras cifras de cosecha, que colocan a Soria como la segunda provincia m\u00e1s afectada de toda la regi\u00f3n, solamente por detr\u00e1s de \u00c1vila. Seg\u00fan los datos de Agroseguro, y de la Consejer\u00eda de Agricultura y las Comisiones Provinciales de Estad\u00edstica Agraria, las medias no pasan de los 700 kilogramos en toda la provincia y hay m\u00e1s de 180.000 hect\u00e1reas muy da\u00f1adas.<\/p>\n<p>Ya ha habido una revisi\u00f3n de la situaci\u00f3n del tema de la sequ\u00eda en Castilla y Le\u00f3n para el Condado de Trevi\u00f1o y las provincias de Salamanca, \u00c1vila y Segovia. Al ser consideradas de afectaci\u00f3n m\u00e1xima por extrema sequ\u00eda, all\u00ed se cobrar\u00e1 el 100 por 100 de la cantidad de la ayuda. De tal modo que para Soria corresponder\u00eda la mitad si no se remedia a pesar de tener zonas tan afectadas como las de \u00c1vila, por ejemplo; y eso teni\u00e9ndose en cuenta adem\u00e1s que se ha considerado de afectaci\u00f3n extrema por sequ\u00eda a La Rioja, Zaragoza, Guadalajara y Navarra. Es absolutamente incomprensible que en ese c\u00edrculo precisamente Soria, que est\u00e1 en el centro, quede fuera del m\u00e1ximo montante de ayudas.<\/p>\n<p><img loading=\"lazy\" decoding=\"async\" class=\"aligncenter  wp-image-7017\" src=\"https:\/\/www.asajacyl.com\/soria\/wp-content\/uploads\/sites\/9\/2023\/07\/PHOTO-2023-07-14-09-20-53-1.jpg\" alt=\"\" width=\"904\" height=\"1607\" srcset=\"https:\/\/www.asajacyl.com\/soria\/wp-content\/uploads\/sites\/9\/2023\/07\/PHOTO-2023-07-14-09-20-53-1.jpg 1080w, https:\/\/www.asajacyl.com\/soria\/wp-content\/uploads\/sites\/9\/2023\/07\/PHOTO-2023-07-14-09-20-53-1-169x300.jpg 169w, https:\/\/www.asajacyl.com\/soria\/wp-content\/uploads\/sites\/9\/2023\/07\/PHOTO-2023-07-14-09-20-53-1-576x1024.jpg 576w, https:\/\/www.asajacyl.com\/soria\/wp-content\/uploads\/sites\/9\/2023\/07\/PHOTO-2023-07-14-09-20-53-1-768x1365.jpg 768w, https:\/\/www.asajacyl.com\/soria\/wp-content\/uploads\/sites\/9\/2023\/07\/PHOTO-2023-07-14-09-20-53-1-864x1536.jpg 864w, https:\/\/www.asajacyl.com\/soria\/wp-content\/uploads\/sites\/9\/2023\/07\/PHOTO-2023-07-14-09-20-53-1-696x1237.jpg 696w, https:\/\/www.asajacyl.com\/soria\/wp-content\/uploads\/sites\/9\/2023\/07\/PHOTO-2023-07-14-09-20-53-1-1068x1899.jpg 1068w, https:\/\/www.asajacyl.com\/soria\/wp-content\/uploads\/sites\/9\/2023\/07\/PHOTO-2023-07-14-09-20-53-1-236x420.jpg 236w\" sizes=\"(max-width: 904px) 100vw, 904px\" \/><\/p>\n<p>\u00a0<\/p>\n<p>La presidenta de ASAJA Soria, Ana Pastor, ya traslad\u00f3 personalmente esta reivindicaci\u00f3n al subdelegado del Gobierno y present\u00f3 alegaciones el 6 de julio al Proyecto de Orden por la que se determinan las cuant\u00edas, zonas y cultivos afectados relativos a las ayudas directas a los sectores agr\u00edcolas dispuestas en el Real Decreto-ley 4\/2023, de 11 de mayo, por el que se adoptan medidas urgentes en materia agraria en respuesta a la sequ\u00eda y al conflicto b\u00e9lico en Ucrania. En las alegaciones tambi\u00e9n se inclu\u00edan unos mapas en los que se aprecia claramente que las zonas m\u00e1s afectadas por la sequ\u00eda y la anomal\u00eda del golpe de calor ocupan la pr\u00e1ctica totalidad de las superficies cultivadas de la provincia.<\/p>\n<p><img loading=\"lazy\" decoding=\"async\" class=\"aligncenter  wp-image-7008\" src=\"https:\/\/www.asajacyl.com\/soria\/wp-content\/uploads\/sites\/9\/2023\/07\/MAPA-1.jpg\" alt=\"\" width=\"707\" height=\"502\" srcset=\"https:\/\/www.asajacyl.com\/soria\/wp-content\/uploads\/sites\/9\/2023\/07\/MAPA-1.jpg 645w, https:\/\/www.asajacyl.com\/soria\/wp-content\/uploads\/sites\/9\/2023\/07\/MAPA-1-300x213.jpg 300w, https:\/\/www.asajacyl.com\/soria\/wp-content\/uploads\/sites\/9\/2023\/07\/MAPA-1-591x420.jpg 591w\" sizes=\"(max-width: 707px) 100vw, 707px\" \/><img loading=\"lazy\" decoding=\"async\" class=\"aligncenter size-full wp-image-7009\" src=\"https:\/\/www.asajacyl.com\/soria\/wp-content\/uploads\/sites\/9\/2023\/07\/MAPA-2.jpg\" alt=\"\" width=\"759\" height=\"562\" srcset=\"https:\/\/www.asajacyl.com\/soria\/wp-content\/uploads\/sites\/9\/2023\/07\/MAPA-2.jpg 759w, https:\/\/www.asajacyl.com\/soria\/wp-content\/uploads\/sites\/9\/2023\/07\/MAPA-2-300x222.jpg 300w, https:\/\/www.asajacyl.com\/soria\/wp-content\/uploads\/sites\/9\/2023\/07\/MAPA-2-485x360.jpg 485w, https:\/\/www.asajacyl.com\/soria\/wp-content\/uploads\/sites\/9\/2023\/07\/MAPA-2-696x515.jpg 696w, https:\/\/www.asajacyl.com\/soria\/wp-content\/uploads\/sites\/9\/2023\/07\/MAPA-2-567x420.jpg 567w, https:\/\/www.asajacyl.com\/soria\/wp-content\/uploads\/sites\/9\/2023\/07\/MAPA-2-80x60.jpg 80w\" sizes=\"(max-width: 759px) 100vw, 759px\" \/><\/p>\n<p>\u00a0<\/p>\n","protected":false},"excerpt":{"rendered":"<p>A lo largo de esta semana, en las reuniones institucionales de la presidenta de la OPA, se ha informado de las alegaciones presentadas el 6 de julio al reparto de las ayudas, apoy\u00e1ndose ya en datos provisionales y oficiales de cosecha que sit\u00faan a Soria como la segunda m\u00e1s afectada de toda la Comunidad Aut\u00f3noma [&hellip;]<\/p>\n","protected":false},"author":12,"featured_media":293,"comment_status":"open","ping_status":"open","sticky":false,"template":"","format":"standard","meta":{"footnotes":""},"categories":[10,25],"tags":[],"yoast_head":"<!-- This site is optimized with the Yoast SEO plugin v24.5 - https:\/\/yoast.com\/wordpress\/plugins\/seo\/ -->\n<title>ASAJA dice que se acaban los argumentos para no pasar definitivamente al reconocimiento de sequ\u00eda extrema para la provincia - ASAJA Soria<\/title>\n<meta name=\"description\" content=\"A lo largo de esta semana, en las reuniones institucionales de la presidenta de la OPA, se ha informado de las alegaciones presentadas el 6 de julio al\" \/>\n<meta name=\"robots\" content=\"index, follow, max-snippet:-1, max-image-preview:large, max-video-preview:-1\" \/>\n<link rel=\"canonical\" href=\"https:\/\/www.asajacyl.com\/soria\/asaja-soria-informa\/asaja-dice-que-se-acaban-los-argumentos-para-no-pasar-definitivamente-al-reconocimiento-de-sequia-extrema-para-la-provincia\" \/>\n<meta property=\"og:locale\" content=\"es_ES\" \/>\n<meta property=\"og:type\" content=\"article\" \/>\n<meta property=\"og:title\" content=\"ASAJA dice que se acaban los argumentos para no pasar definitivamente al reconocimiento de sequ\u00eda extrema para la provincia - ASAJA Soria\" \/>\n<meta property=\"og:description\" content=\"A lo largo de esta semana, en las reuniones institucionales de la presidenta de la OPA, se ha informado de las alegaciones presentadas el 6 de julio al\" \/>\n<meta property=\"og:url\" content=\"https:\/\/www.asajacyl.com\/soria\/asaja-soria-informa\/asaja-dice-que-se-acaban-los-argumentos-para-no-pasar-definitivamente-al-reconocimiento-de-sequia-extrema-para-la-provincia\" \/>\n<meta property=\"og:site_name\" content=\"ASAJA Soria\" \/>\n<meta property=\"article:published_time\" content=\"2023-07-14T07:30:43+00:00\" \/>\n<meta property=\"article:modified_time\" content=\"2023-07-21T11:16:06+00:00\" \/>\n<meta property=\"og:image\" content=\"https:\/\/www.asajacyl.com\/soria\/wp-content\/uploads\/sites\/9\/2023\/07\/sequia-ruben-ballano1-e1689320549517.jpg\" \/>\n\t<meta property=\"og:image:width\" content=\"600\" \/>\n\t<meta property=\"og:image:height\" content=\"636\" \/>\n\t<meta property=\"og:image:type\" content=\"image\/jpeg\" \/>\n<meta name=\"author\" content=\"Juan Ignacio Prieto Nieto\" \/>\n<meta name=\"twitter:card\" content=\"summary_large_image\" \/>\n<meta name=\"twitter:label1\" content=\"Escrito por\" \/>\n\t<meta name=\"twitter:data1\" content=\"Juan Ignacio Prieto Nieto\" \/>\n\t<meta name=\"twitter:label2\" content=\"Tiempo de lectura\" \/>\n\t<meta name=\"twitter:data2\" content=\"3 minutos\" \/>\n<script type=\"application\/ld+json\" class=\"yoast-schema-graph\">{\"@context\":\"https:\/\/schema.org\",\"@graph\":[{\"@type\":\"WebPage\",\"@id\":\"https:\/\/www.asajacyl.com\/soria\/asaja-soria-informa\/asaja-dice-que-se-acaban-los-argumentos-para-no-pasar-definitivamente-al-reconocimiento-de-sequia-extrema-para-la-provincia\",\"url\":\"https:\/\/www.asajacyl.com\/soria\/asaja-soria-informa\/asaja-dice-que-se-acaban-los-argumentos-para-no-pasar-definitivamente-al-reconocimiento-de-sequia-extrema-para-la-provincia\",\"name\":\"ASAJA dice que se acaban los argumentos para no pasar definitivamente al reconocimiento de sequ\u00eda extrema para la provincia - ASAJA Soria\",\"isPartOf\":{\"@id\":\"https:\/\/www.asajacyl.com\/soria\/#website\"},\"primaryImageOfPage\":{\"@id\":\"https:\/\/www.asajacyl.com\/soria\/asaja-soria-informa\/asaja-dice-que-se-acaban-los-argumentos-para-no-pasar-definitivamente-al-reconocimiento-de-sequia-extrema-para-la-provincia#primaryimage\"},\"image\":{\"@id\":\"https:\/\/www.asajacyl.com\/soria\/asaja-soria-informa\/asaja-dice-que-se-acaban-los-argumentos-para-no-pasar-definitivamente-al-reconocimiento-de-sequia-extrema-para-la-provincia#primaryimage\"},\"thumbnailUrl\":\"https:\/\/www.asajacyl.com\/soria\/wp-content\/uploads\/sites\/9\/2017\/11\/im_predefinida_1920x1080.jpg\",\"datePublished\":\"2023-07-14T07:30:43+00:00\",\"dateModified\":\"2023-07-21T11:16:06+00:00\",\"author\":{\"@id\":\"https:\/\/www.asajacyl.com\/soria\/#\/schema\/person\/fd3081c40255119ce8133b87e6aedfab\"},\"description\":\"A lo largo de esta semana, en las reuniones institucionales de la presidenta de la OPA, se ha informado de las alegaciones presentadas el 6 de julio al\",\"breadcrumb\":{\"@id\":\"https:\/\/www.asajacyl.com\/soria\/asaja-soria-informa\/asaja-dice-que-se-acaban-los-argumentos-para-no-pasar-definitivamente-al-reconocimiento-de-sequia-extrema-para-la-provincia#breadcrumb\"},\"inLanguage\":\"es\",\"potentialAction\":[{\"@type\":\"ReadAction\",\"target\":[\"https:\/\/www.asajacyl.com\/soria\/asaja-soria-informa\/asaja-dice-que-se-acaban-los-argumentos-para-no-pasar-definitivamente-al-reconocimiento-de-sequia-extrema-para-la-provincia\"]}]},{\"@type\":\"ImageObject\",\"inLanguage\":\"es\",\"@id\":\"https:\/\/www.asajacyl.com\/soria\/asaja-soria-informa\/asaja-dice-que-se-acaban-los-argumentos-para-no-pasar-definitivamente-al-reconocimiento-de-sequia-extrema-para-la-provincia#primaryimage\",\"url\":\"https:\/\/www.asajacyl.com\/soria\/wp-content\/uploads\/sites\/9\/2017\/11\/im_predefinida_1920x1080.jpg\",\"contentUrl\":\"https:\/\/www.asajacyl.com\/soria\/wp-content\/uploads\/sites\/9\/2017\/11\/im_predefinida_1920x1080.jpg\",\"width\":1920,\"height\":1080,\"caption\":\"Logotipo ASAJA Soria\"},{\"@type\":\"BreadcrumbList\",\"@id\":\"https:\/\/www.asajacyl.com\/soria\/asaja-soria-informa\/asaja-dice-que-se-acaban-los-argumentos-para-no-pasar-definitivamente-al-reconocimiento-de-sequia-extrema-para-la-provincia#breadcrumb\",\"itemListElement\":[{\"@type\":\"ListItem\",\"position\":1,\"name\":\"Portada\",\"item\":\"https:\/\/www.asajacyl.com\/soria\/\"},{\"@type\":\"ListItem\",\"position\":2,\"name\":\"ASAJA dice que se acaban los argumentos para no pasar definitivamente al reconocimiento de sequ\u00eda extrema para la provincia\"}]},{\"@type\":\"WebSite\",\"@id\":\"https:\/\/www.asajacyl.com\/soria\/#website\",\"url\":\"https:\/\/www.asajacyl.com\/soria\/\",\"name\":\"ASAJA Soria\",\"description\":\"Otro sitio m\u00e1s de Provincias ASAJA Castilla y Le\u00f3n\",\"potentialAction\":[{\"@type\":\"SearchAction\",\"target\":{\"@type\":\"EntryPoint\",\"urlTemplate\":\"https:\/\/www.asajacyl.com\/soria\/?s={search_term_string}\"},\"query-input\":{\"@type\":\"PropertyValueSpecification\",\"valueRequired\":true,\"valueName\":\"search_term_string\"}}],\"inLanguage\":\"es\"},{\"@type\":\"Person\",\"@id\":\"https:\/\/www.asajacyl.com\/soria\/#\/schema\/person\/fd3081c40255119ce8133b87e6aedfab\",\"name\":\"Juan Ignacio Prieto Nieto\",\"image\":{\"@type\":\"ImageObject\",\"inLanguage\":\"es\",\"@id\":\"https:\/\/www.asajacyl.com\/soria\/#\/schema\/person\/image\/\",\"url\":\"https:\/\/secure.gravatar.com\/avatar\/8266b36e4d9001acb4700699a2468dc8?s=96&d=mm&r=g\",\"contentUrl\":\"https:\/\/secure.gravatar.com\/avatar\/8266b36e4d9001acb4700699a2468dc8?s=96&d=mm&r=g\",\"caption\":\"Juan Ignacio Prieto Nieto\"},\"url\":\"https:\/\/www.asajacyl.com\/soria\/author\/juanfranciscoby\"}]}<\/script>\n<!-- \/ Yoast SEO plugin. -->","yoast_head_json":{"title":"ASAJA dice que se acaban los argumentos para no pasar definitivamente al reconocimiento de sequ\u00eda extrema para la provincia - ASAJA Soria","description":"A lo largo de esta semana, en las reuniones institucionales de la presidenta de la OPA, se ha informado de las alegaciones presentadas el 6 de julio al","robots":{"index":"index","follow":"follow","max-snippet":"max-snippet:-1","max-image-preview":"max-image-preview:large","max-video-preview":"max-video-preview:-1"},"canonical":"https:\/\/www.asajacyl.com\/soria\/asaja-soria-informa\/asaja-dice-que-se-acaban-los-argumentos-para-no-pasar-definitivamente-al-reconocimiento-de-sequia-extrema-para-la-provincia","og_locale":"es_ES","og_type":"article","og_title":"ASAJA dice que se acaban los argumentos para no pasar definitivamente al reconocimiento de sequ\u00eda extrema para la provincia - ASAJA Soria","og_description":"A lo largo de esta semana, en las reuniones institucionales de la presidenta de la OPA, se ha informado de las alegaciones presentadas el 6 de julio al","og_url":"https:\/\/www.asajacyl.com\/soria\/asaja-soria-informa\/asaja-dice-que-se-acaban-los-argumentos-para-no-pasar-definitivamente-al-reconocimiento-de-sequia-extrema-para-la-provincia","og_site_name":"ASAJA Soria","article_published_time":"2023-07-14T07:30:43+00:00","article_modified_time":"2023-07-21T11:16:06+00:00","og_image":[{"width":600,"height":636,"url":"https:\/\/www.asajacyl.com\/soria\/wp-content\/uploads\/sites\/9\/2023\/07\/sequia-ruben-ballano1-e1689320549517.jpg","type":"image\/jpeg"}],"author":"Juan Ignacio Prieto Nieto","twitter_card":"summary_large_image","twitter_misc":{"Escrito por":"Juan Ignacio Prieto Nieto","Tiempo de lectura":"3 minutos"},"schema":{"@context":"https:\/\/schema.org","@graph":[{"@type":"WebPage","@id":"https:\/\/www.asajacyl.com\/soria\/asaja-soria-informa\/asaja-dice-que-se-acaban-los-argumentos-para-no-pasar-definitivamente-al-reconocimiento-de-sequia-extrema-para-la-provincia","url":"https:\/\/www.asajacyl.com\/soria\/asaja-soria-informa\/asaja-dice-que-se-acaban-los-argumentos-para-no-pasar-definitivamente-al-reconocimiento-de-sequia-extrema-para-la-provincia","name":"ASAJA dice que se acaban los argumentos para no pasar definitivamente al reconocimiento de sequ\u00eda extrema para la provincia - ASAJA Soria","isPartOf":{"@id":"https:\/\/www.asajacyl.com\/soria\/#website"},"primaryImageOfPage":{"@id":"https:\/\/www.asajacyl.com\/soria\/asaja-soria-informa\/asaja-dice-que-se-acaban-los-argumentos-para-no-pasar-definitivamente-al-reconocimiento-de-sequia-extrema-para-la-provincia#primaryimage"},"image":{"@id":"https:\/\/www.asajacyl.com\/soria\/asaja-soria-informa\/asaja-dice-que-se-acaban-los-argumentos-para-no-pasar-definitivamente-al-reconocimiento-de-sequia-extrema-para-la-provincia#primaryimage"},"thumbnailUrl":"https:\/\/www.asajacyl.com\/soria\/wp-content\/uploads\/sites\/9\/2017\/11\/im_predefinida_1920x1080.jpg","datePublished":"2023-07-14T07:30:43+00:00","dateModified":"2023-07-21T11:16:06+00:00","author":{"@id":"https:\/\/www.asajacyl.com\/soria\/#\/schema\/person\/fd3081c40255119ce8133b87e6aedfab"},"description":"A lo largo de esta semana, en las reuniones institucionales de la presidenta de la OPA, se ha informado de las alegaciones presentadas el 6 de julio al","breadcrumb":{"@id":"https:\/\/www.asajacyl.com\/soria\/asaja-soria-informa\/asaja-dice-que-se-acaban-los-argumentos-para-no-pasar-definitivamente-al-reconocimiento-de-sequia-extrema-para-la-provincia#breadcrumb"},"inLanguage":"es","potentialAction":[{"@type":"ReadAction","target":["https:\/\/www.asajacyl.com\/soria\/asaja-soria-informa\/asaja-dice-que-se-acaban-los-argumentos-para-no-pasar-definitivamente-al-reconocimiento-de-sequia-extrema-para-la-provincia"]}]},{"@type":"ImageObject","inLanguage":"es","@id":"https:\/\/www.asajacyl.com\/soria\/asaja-soria-informa\/asaja-dice-que-se-acaban-los-argumentos-para-no-pasar-definitivamente-al-reconocimiento-de-sequia-extrema-para-la-provincia#primaryimage","url":"https:\/\/www.asajacyl.com\/soria\/wp-content\/uploads\/sites\/9\/2017\/11\/im_predefinida_1920x1080.jpg","contentUrl":"https:\/\/www.asajacyl.com\/soria\/wp-content\/uploads\/sites\/9\/2017\/11\/im_predefinida_1920x1080.jpg","width":1920,"height":1080,"caption":"Logotipo ASAJA Soria"},{"@type":"BreadcrumbList","@id":"https:\/\/www.asajacyl.com\/soria\/asaja-soria-informa\/asaja-dice-que-se-acaban-los-argumentos-para-no-pasar-definitivamente-al-reconocimiento-de-sequia-extrema-para-la-provincia#breadcrumb","itemListElement":[{"@type":"ListItem","position":1,"name":"Portada","item":"https:\/\/www.asajacyl.com\/soria\/"},{"@type":"ListItem","position":2,"name":"ASAJA dice que se acaban los argumentos para no pasar definitivamente al reconocimiento de sequ\u00eda extrema para la provincia"}]},{"@type":"WebSite","@id":"https:\/\/www.asajacyl.com\/soria\/#website","url":"https:\/\/www.asajacyl.com\/soria\/","name":"ASAJA Soria","description":"Otro sitio m\u00e1s de Provincias ASAJA Castilla y Le\u00f3n","potentialAction":[{"@type":"SearchAction","target":{"@type":"EntryPoint","urlTemplate":"https:\/\/www.asajacyl.com\/soria\/?s={search_term_string}"},"query-input":{"@type":"PropertyValueSpecification","valueRequired":true,"valueName":"search_term_string"}}],"inLanguage":"es"},{"@type":"Person","@id":"https:\/\/www.asajacyl.com\/soria\/#\/schema\/person\/fd3081c40255119ce8133b87e6aedfab","name":"Juan Ignacio Prieto Nieto","image":{"@type":"ImageObject","inLanguage":"es","@id":"https:\/\/www.asajacyl.com\/soria\/#\/schema\/person\/image\/","url":"https:\/\/secure.gravatar.com\/avatar\/8266b36e4d9001acb4700699a2468dc8?s=96&d=mm&r=g","contentUrl":"https:\/\/secure.gravatar.com\/avatar\/8266b36e4d9001acb4700699a2468dc8?s=96&d=mm&r=g","caption":"Juan Ignacio Prieto Nieto"},"url":"https:\/\/www.asajacyl.com\/soria\/author\/juanfranciscoby"}]}},"_links":{"self":[{"href":"https:\/\/www.asajacyl.com\/soria\/wp-json\/wp\/v2\/posts\/7006"}],"collection":[{"href":"https:\/\/www.asajacyl.com\/soria\/wp-json\/wp\/v2\/posts"}],"about":[{"href":"https:\/\/www.asajacyl.com\/soria\/wp-json\/wp\/v2\/types\/post"}],"author":[{"embeddable":true,"href":"https:\/\/www.asajacyl.com\/soria\/wp-json\/wp\/v2\/users\/12"}],"replies":[{"embeddable":true,"href":"https:\/\/www.asajacyl.com\/soria\/wp-json\/wp\/v2\/comments?post=7006"}],"version-history":[{"count":4,"href":"https:\/\/www.asajacyl.com\/soria\/wp-json\/wp\/v2\/posts\/7006\/revisions"}],"predecessor-version":[{"id":7018,"href":"https:\/\/www.asajacyl.com\/soria\/wp-json\/wp\/v2\/posts\/7006\/revisions\/7018"}],"wp:featuredmedia":[{"embeddable":true,"href":"https:\/\/www.asajacyl.com\/soria\/wp-json\/wp\/v2\/media\/293"}],"wp:attachment":[{"href":"https:\/\/www.asajacyl.com\/soria\/wp-json\/wp\/v2\/media?parent=7006"}],"wp:term":[{"taxonomy":"category","embeddable":true,"href":"https:\/\/www.asajacyl.com\/soria\/wp-json\/wp\/v2\/categories?post=7006"},{"taxonomy":"post_tag","embeddable":true,"href":"https:\/\/www.asajacyl.com\/soria\/wp-json\/wp\/v2\/tags?post=7006"}],"curies":[{"name":"wp","href":"https:\/\/api.w.org\/{rel}","templated":true}]}}