{"id":7022,"date":"2023-07-19T13:11:54","date_gmt":"2023-07-19T11:11:54","guid":{"rendered":"https:\/\/www.asajacyl.com\/soria\/?p=7022"},"modified":"2023-07-19T13:11:56","modified_gmt":"2023-07-19T11:11:56","slug":"la-presidenta-de-asaja-soria-traslada-a-yolanda-de-gregorio-las-principales-reivindicaciones-e-inquietudes-del-campo-provincial","status":"publish","type":"post","link":"https:\/\/www.asajacyl.com\/soria\/asaja-soria-informa\/la-presidenta-de-asaja-soria-traslada-a-yolanda-de-gregorio-las-principales-reivindicaciones-e-inquietudes-del-campo-provincial","title":{"rendered":"La presidenta de ASAJA Soria traslada a Yolanda de Gregorio las principales reivindicaciones e inquietudes del campo provincial"},"content":{"rendered":"\n\n\n<h2><em>El encuentro, enmarcado en la ronda de presentaci\u00f3n institucional de la nueva presidenta, se ha celebrado en la Delegaci\u00f3n Territorial de la Junta<\/em><\/h2>\n<p>La presidenta de ASAJA Soria, Ana Pastor, ha mantenido esta ma\u00f1ana un encuentro con la delegada territorial de la Junta, Yolanda de Gregorio, para hacerle llegar personalmente las inquietudes y reivindicaciones m\u00e1s importantes y a la vez urgentes del campo provincial. Esta reuni\u00f3n se enmarcaba dentro de la ronda de presentaci\u00f3n institucional de la reci\u00e9n llegada a la presidencia de ASAJA Soria.<\/p>\n<p>De la misma forma que ha sucedido estos d\u00edas anteriores con el consejero de Agricultura y con el subdelegado del Gobierno, ASAJA ha aprovechado el encuentro de hoy para dar voz al campo provincial en sus principales reivindicaciones y en la petici\u00f3n de soluciones a determinados problemas.<\/p>\n<p>La relaci\u00f3n con esta Administraci\u00f3n es especial porque dadas las competencias que tiene es con quien m\u00e1s tratan los ganaderos y agricultores, en lo que tiene que ver con resoluciones, solicitudes de ayudas, alegaciones, medio ambiente\u2026 En este sentido, y en primer lugar, Pastor ha transmitido la preocupaci\u00f3n por los controles PAC en un a\u00f1o raro, con la monitorizaci\u00f3n. Tambi\u00e9n se ha pedido flexibilidad y agilidad para que los adelantos y los pagos lleguen a tiempo.<\/p>\n<p>Por otro lado, lamentablemente, no se ha ofrecido ninguna soluci\u00f3n fitosanitaria excepcional que est\u00e9 respaldada legalmente para poder realizar escarda qu\u00edmica y facilitar as\u00ed la dif\u00edcil siega de este a\u00f1o con alg\u00fan tipo de producto. Cualquier soluci\u00f3n requiere de unos plazos que no van a ser operativos y los productos que se ven\u00edan planteando no cuentan, seg\u00fan ha contestado el Ministerio de Agricultura a la Delegaci\u00f3n Territorial, con el registro correcto para usarlo en cereales en periodo de madurez. Sea como fuere, ASAJA Soria ha insistido en buscar una soluci\u00f3n y cree que los pasos para ello hay que seguir d\u00e1ndolos porque aun cuando si este a\u00f1o no llega a tiempo esa soluci\u00f3n al menos se pueda aprovechar para campa\u00f1as venideras si se repite la situaci\u00f3n.<\/p>\n<p>A continuaci\u00f3n, Ana Pastor traslad\u00f3 a Yolanda de Gregorio otra bater\u00eda de asuntos cruciales para el futuro agroganadero de la provincia: infraestructuras, fiscalidad, seguros agrarios, agua, caza, campa\u00f1a de cosecha, energ\u00edas renovables- especialmente fotovoltaicas-, concentraciones parcelarias, etc.<\/p>\n<p>Tambi\u00e9n se han abordado otros aspectos importantes, como el saneamiento ganadero, donde se ha incidido en la esperanza de que, si se consigue el cero este a\u00f1o, para 2024 se consiga la declaraci\u00f3n de zona indemne de tuberculosis bovina en la provincia, lo que ser\u00eda una buena noticia para la ganader\u00eda de Soria.<\/p>\n<p>Por \u00faltimo -y como van confirmando los primeros datos oficiales de cosecha, Soria es la segunda provincia de Castilla y Le\u00f3n m\u00e1s afectada por sequ\u00eda-, ASAJA ha pedido que se env\u00eden al Ministerio los informes oportunos o que se insista en la correcci\u00f3n de ese proyecto de Orden, por el que se adoptan medidas urgentes en materia agraria y en respuesta a la sequ\u00eda, que todav\u00eda no es oficial y en el que Soria est\u00e1 encuadrada en zona de afectaci\u00f3n media y no m\u00e1xima, con lo que ello supone en el montante de ayudas, que se quedar\u00eda en la mitad si no se enmienda.<\/p>\n<p>Aunque la inmensa mayor\u00eda de la reuni\u00f3n ha tenido como protagonista a las reivindicaciones, la presidenta de ASAJA Soria no ha dejado pasar la oportunidad para agradecer el esfuerzo realizado por el Servicio Territorial de Agricultura en lo que respecta al registro de maquinaria, trabajando incluso por las tardes en plenas fiesta de San Juan con el fin de que los certificados llegaran a su tiempo a los agricultores que hab\u00edan solicitado ayudas en el Plan Renove. \u00a0<\/p>\n<p>\u00a0<\/p>\n","protected":false},"excerpt":{"rendered":"<p>El encuentro, enmarcado en la ronda de presentaci\u00f3n institucional de la nueva presidenta, se ha celebrado en la Delegaci\u00f3n Territorial de la Junta La presidenta de ASAJA Soria, Ana Pastor, ha mantenido esta ma\u00f1ana un encuentro con la delegada territorial de la Junta, Yolanda de Gregorio, para hacerle llegar personalmente las inquietudes y reivindicaciones m\u00e1s [&hellip;]<\/p>\n","protected":false},"author":12,"featured_media":7023,"comment_status":"open","ping_status":"open","sticky":false,"template":"","format":"standard","meta":{"footnotes":""},"categories":[10,25],"tags":[],"yoast_head":"<!-- This site is optimized with the Yoast SEO plugin v24.5 - https:\/\/yoast.com\/wordpress\/plugins\/seo\/ -->\n<title>La presidenta de ASAJA Soria traslada a Yolanda de Gregorio las principales reivindicaciones e inquietudes del campo provincial - ASAJA Soria<\/title>\n<meta name=\"description\" content=\"El encuentro, enmarcado en la ronda de presentaci\u00f3n institucional de la nueva presidenta, se ha celebrado en la Delegaci\u00f3n Territorial de la Junta La\" \/>\n<meta name=\"robots\" content=\"index, follow, max-snippet:-1, max-image-preview:large, max-video-preview:-1\" \/>\n<link rel=\"canonical\" href=\"https:\/\/www.asajacyl.com\/soria\/asaja-soria-informa\/la-presidenta-de-asaja-soria-traslada-a-yolanda-de-gregorio-las-principales-reivindicaciones-e-inquietudes-del-campo-provincial\" \/>\n<meta property=\"og:locale\" content=\"es_ES\" \/>\n<meta property=\"og:type\" content=\"article\" \/>\n<meta property=\"og:title\" content=\"La presidenta de ASAJA Soria traslada a Yolanda de Gregorio las principales reivindicaciones e inquietudes del campo provincial - ASAJA Soria\" \/>\n<meta property=\"og:description\" content=\"El encuentro, enmarcado en la ronda de presentaci\u00f3n institucional de la nueva presidenta, se ha celebrado en la Delegaci\u00f3n Territorial de la Junta La\" \/>\n<meta property=\"og:url\" content=\"https:\/\/www.asajacyl.com\/soria\/asaja-soria-informa\/la-presidenta-de-asaja-soria-traslada-a-yolanda-de-gregorio-las-principales-reivindicaciones-e-inquietudes-del-campo-provincial\" \/>\n<meta property=\"og:site_name\" content=\"ASAJA Soria\" \/>\n<meta property=\"article:published_time\" content=\"2023-07-19T11:11:54+00:00\" \/>\n<meta property=\"article:modified_time\" content=\"2023-07-19T11:11:56+00:00\" \/>\n<meta property=\"og:image\" content=\"https:\/\/www.asajacyl.com\/soria\/wp-content\/uploads\/sites\/9\/2023\/07\/IMG_0499.jpg\" \/>\n\t<meta property=\"og:image:width\" content=\"2500\" \/>\n\t<meta property=\"og:image:height\" content=\"1875\" \/>\n\t<meta property=\"og:image:type\" content=\"image\/jpeg\" \/>\n<meta name=\"author\" content=\"Juan Ignacio Prieto Nieto\" \/>\n<meta name=\"twitter:card\" content=\"summary_large_image\" \/>\n<meta name=\"twitter:label1\" content=\"Escrito por\" \/>\n\t<meta name=\"twitter:data1\" content=\"Juan Ignacio Prieto Nieto\" \/>\n\t<meta name=\"twitter:label2\" content=\"Tiempo de lectura\" \/>\n\t<meta name=\"twitter:data2\" content=\"3 minutos\" \/>\n<script type=\"application\/ld+json\" class=\"yoast-schema-graph\">{\"@context\":\"https:\/\/schema.org\",\"@graph\":[{\"@type\":\"WebPage\",\"@id\":\"https:\/\/www.asajacyl.com\/soria\/asaja-soria-informa\/la-presidenta-de-asaja-soria-traslada-a-yolanda-de-gregorio-las-principales-reivindicaciones-e-inquietudes-del-campo-provincial\",\"url\":\"https:\/\/www.asajacyl.com\/soria\/asaja-soria-informa\/la-presidenta-de-asaja-soria-traslada-a-yolanda-de-gregorio-las-principales-reivindicaciones-e-inquietudes-del-campo-provincial\",\"name\":\"La presidenta de ASAJA Soria traslada a Yolanda de Gregorio las principales reivindicaciones e inquietudes del campo provincial - ASAJA Soria\",\"isPartOf\":{\"@id\":\"https:\/\/www.asajacyl.com\/soria\/#website\"},\"primaryImageOfPage\":{\"@id\":\"https:\/\/www.asajacyl.com\/soria\/asaja-soria-informa\/la-presidenta-de-asaja-soria-traslada-a-yolanda-de-gregorio-las-principales-reivindicaciones-e-inquietudes-del-campo-provincial#primaryimage\"},\"image\":{\"@id\":\"https:\/\/www.asajacyl.com\/soria\/asaja-soria-informa\/la-presidenta-de-asaja-soria-traslada-a-yolanda-de-gregorio-las-principales-reivindicaciones-e-inquietudes-del-campo-provincial#primaryimage\"},\"thumbnailUrl\":\"https:\/\/www.asajacyl.com\/soria\/wp-content\/uploads\/sites\/9\/2023\/07\/IMG_0499.jpg\",\"datePublished\":\"2023-07-19T11:11:54+00:00\",\"dateModified\":\"2023-07-19T11:11:56+00:00\",\"author\":{\"@id\":\"https:\/\/www.asajacyl.com\/soria\/#\/schema\/person\/fd3081c40255119ce8133b87e6aedfab\"},\"description\":\"El encuentro, enmarcado en la ronda de presentaci\u00f3n institucional de la nueva presidenta, se ha celebrado en la Delegaci\u00f3n Territorial de la Junta La\",\"breadcrumb\":{\"@id\":\"https:\/\/www.asajacyl.com\/soria\/asaja-soria-informa\/la-presidenta-de-asaja-soria-traslada-a-yolanda-de-gregorio-las-principales-reivindicaciones-e-inquietudes-del-campo-provincial#breadcrumb\"},\"inLanguage\":\"es\",\"potentialAction\":[{\"@type\":\"ReadAction\",\"target\":[\"https:\/\/www.asajacyl.com\/soria\/asaja-soria-informa\/la-presidenta-de-asaja-soria-traslada-a-yolanda-de-gregorio-las-principales-reivindicaciones-e-inquietudes-del-campo-provincial\"]}]},{\"@type\":\"ImageObject\",\"inLanguage\":\"es\",\"@id\":\"https:\/\/www.asajacyl.com\/soria\/asaja-soria-informa\/la-presidenta-de-asaja-soria-traslada-a-yolanda-de-gregorio-las-principales-reivindicaciones-e-inquietudes-del-campo-provincial#primaryimage\",\"url\":\"https:\/\/www.asajacyl.com\/soria\/wp-content\/uploads\/sites\/9\/2023\/07\/IMG_0499.jpg\",\"contentUrl\":\"https:\/\/www.asajacyl.com\/soria\/wp-content\/uploads\/sites\/9\/2023\/07\/IMG_0499.jpg\",\"width\":2500,\"height\":1875},{\"@type\":\"BreadcrumbList\",\"@id\":\"https:\/\/www.asajacyl.com\/soria\/asaja-soria-informa\/la-presidenta-de-asaja-soria-traslada-a-yolanda-de-gregorio-las-principales-reivindicaciones-e-inquietudes-del-campo-provincial#breadcrumb\",\"itemListElement\":[{\"@type\":\"ListItem\",\"position\":1,\"name\":\"Portada\",\"item\":\"https:\/\/www.asajacyl.com\/soria\/\"},{\"@type\":\"ListItem\",\"position\":2,\"name\":\"La presidenta de ASAJA Soria traslada a Yolanda de Gregorio las principales reivindicaciones e inquietudes del campo provincial\"}]},{\"@type\":\"WebSite\",\"@id\":\"https:\/\/www.asajacyl.com\/soria\/#website\",\"url\":\"https:\/\/www.asajacyl.com\/soria\/\",\"name\":\"ASAJA Soria\",\"description\":\"Otro sitio m\u00e1s de Provincias ASAJA Castilla y Le\u00f3n\",\"potentialAction\":[{\"@type\":\"SearchAction\",\"target\":{\"@type\":\"EntryPoint\",\"urlTemplate\":\"https:\/\/www.asajacyl.com\/soria\/?s={search_term_string}\"},\"query-input\":{\"@type\":\"PropertyValueSpecification\",\"valueRequired\":true,\"valueName\":\"search_term_string\"}}],\"inLanguage\":\"es\"},{\"@type\":\"Person\",\"@id\":\"https:\/\/www.asajacyl.com\/soria\/#\/schema\/person\/fd3081c40255119ce8133b87e6aedfab\",\"name\":\"Juan Ignacio Prieto Nieto\",\"image\":{\"@type\":\"ImageObject\",\"inLanguage\":\"es\",\"@id\":\"https:\/\/www.asajacyl.com\/soria\/#\/schema\/person\/image\/\",\"url\":\"https:\/\/secure.gravatar.com\/avatar\/8266b36e4d9001acb4700699a2468dc8?s=96&d=mm&r=g\",\"contentUrl\":\"https:\/\/secure.gravatar.com\/avatar\/8266b36e4d9001acb4700699a2468dc8?s=96&d=mm&r=g\",\"caption\":\"Juan Ignacio Prieto Nieto\"},\"url\":\"https:\/\/www.asajacyl.com\/soria\/author\/juanfranciscoby\"}]}<\/script>\n<!-- \/ Yoast SEO plugin. -->","yoast_head_json":{"title":"La presidenta de ASAJA Soria traslada a Yolanda de Gregorio las principales reivindicaciones e inquietudes del campo provincial - ASAJA Soria","description":"El encuentro, enmarcado en la ronda de presentaci\u00f3n institucional de la nueva presidenta, se ha celebrado en la Delegaci\u00f3n Territorial de la Junta La","robots":{"index":"index","follow":"follow","max-snippet":"max-snippet:-1","max-image-preview":"max-image-preview:large","max-video-preview":"max-video-preview:-1"},"canonical":"https:\/\/www.asajacyl.com\/soria\/asaja-soria-informa\/la-presidenta-de-asaja-soria-traslada-a-yolanda-de-gregorio-las-principales-reivindicaciones-e-inquietudes-del-campo-provincial","og_locale":"es_ES","og_type":"article","og_title":"La presidenta de ASAJA Soria traslada a Yolanda de Gregorio las principales reivindicaciones e inquietudes del campo provincial - ASAJA Soria","og_description":"El encuentro, enmarcado en la ronda de presentaci\u00f3n institucional de la nueva presidenta, se ha celebrado en la Delegaci\u00f3n Territorial de la Junta La","og_url":"https:\/\/www.asajacyl.com\/soria\/asaja-soria-informa\/la-presidenta-de-asaja-soria-traslada-a-yolanda-de-gregorio-las-principales-reivindicaciones-e-inquietudes-del-campo-provincial","og_site_name":"ASAJA Soria","article_published_time":"2023-07-19T11:11:54+00:00","article_modified_time":"2023-07-19T11:11:56+00:00","og_image":[{"width":2500,"height":1875,"url":"https:\/\/www.asajacyl.com\/soria\/wp-content\/uploads\/sites\/9\/2023\/07\/IMG_0499.jpg","type":"image\/jpeg"}],"author":"Juan Ignacio Prieto Nieto","twitter_card":"summary_large_image","twitter_misc":{"Escrito por":"Juan Ignacio Prieto Nieto","Tiempo de lectura":"3 minutos"},"schema":{"@context":"https:\/\/schema.org","@graph":[{"@type":"WebPage","@id":"https:\/\/www.asajacyl.com\/soria\/asaja-soria-informa\/la-presidenta-de-asaja-soria-traslada-a-yolanda-de-gregorio-las-principales-reivindicaciones-e-inquietudes-del-campo-provincial","url":"https:\/\/www.asajacyl.com\/soria\/asaja-soria-informa\/la-presidenta-de-asaja-soria-traslada-a-yolanda-de-gregorio-las-principales-reivindicaciones-e-inquietudes-del-campo-provincial","name":"La presidenta de ASAJA Soria traslada a Yolanda de Gregorio las principales reivindicaciones e inquietudes del campo provincial - ASAJA Soria","isPartOf":{"@id":"https:\/\/www.asajacyl.com\/soria\/#website"},"primaryImageOfPage":{"@id":"https:\/\/www.asajacyl.com\/soria\/asaja-soria-informa\/la-presidenta-de-asaja-soria-traslada-a-yolanda-de-gregorio-las-principales-reivindicaciones-e-inquietudes-del-campo-provincial#primaryimage"},"image":{"@id":"https:\/\/www.asajacyl.com\/soria\/asaja-soria-informa\/la-presidenta-de-asaja-soria-traslada-a-yolanda-de-gregorio-las-principales-reivindicaciones-e-inquietudes-del-campo-provincial#primaryimage"},"thumbnailUrl":"https:\/\/www.asajacyl.com\/soria\/wp-content\/uploads\/sites\/9\/2023\/07\/IMG_0499.jpg","datePublished":"2023-07-19T11:11:54+00:00","dateModified":"2023-07-19T11:11:56+00:00","author":{"@id":"https:\/\/www.asajacyl.com\/soria\/#\/schema\/person\/fd3081c40255119ce8133b87e6aedfab"},"description":"El encuentro, enmarcado en la ronda de presentaci\u00f3n institucional de la nueva presidenta, se ha celebrado en la Delegaci\u00f3n Territorial de la Junta La","breadcrumb":{"@id":"https:\/\/www.asajacyl.com\/soria\/asaja-soria-informa\/la-presidenta-de-asaja-soria-traslada-a-yolanda-de-gregorio-las-principales-reivindicaciones-e-inquietudes-del-campo-provincial#breadcrumb"},"inLanguage":"es","potentialAction":[{"@type":"ReadAction","target":["https:\/\/www.asajacyl.com\/soria\/asaja-soria-informa\/la-presidenta-de-asaja-soria-traslada-a-yolanda-de-gregorio-las-principales-reivindicaciones-e-inquietudes-del-campo-provincial"]}]},{"@type":"ImageObject","inLanguage":"es","@id":"https:\/\/www.asajacyl.com\/soria\/asaja-soria-informa\/la-presidenta-de-asaja-soria-traslada-a-yolanda-de-gregorio-las-principales-reivindicaciones-e-inquietudes-del-campo-provincial#primaryimage","url":"https:\/\/www.asajacyl.com\/soria\/wp-content\/uploads\/sites\/9\/2023\/07\/IMG_0499.jpg","contentUrl":"https:\/\/www.asajacyl.com\/soria\/wp-content\/uploads\/sites\/9\/2023\/07\/IMG_0499.jpg","width":2500,"height":1875},{"@type":"BreadcrumbList","@id":"https:\/\/www.asajacyl.com\/soria\/asaja-soria-informa\/la-presidenta-de-asaja-soria-traslada-a-yolanda-de-gregorio-las-principales-reivindicaciones-e-inquietudes-del-campo-provincial#breadcrumb","itemListElement":[{"@type":"ListItem","position":1,"name":"Portada","item":"https:\/\/www.asajacyl.com\/soria\/"},{"@type":"ListItem","position":2,"name":"La presidenta de ASAJA Soria traslada a Yolanda de Gregorio las principales reivindicaciones e inquietudes del campo provincial"}]},{"@type":"WebSite","@id":"https:\/\/www.asajacyl.com\/soria\/#website","url":"https:\/\/www.asajacyl.com\/soria\/","name":"ASAJA Soria","description":"Otro sitio m\u00e1s de Provincias ASAJA Castilla y Le\u00f3n","potentialAction":[{"@type":"SearchAction","target":{"@type":"EntryPoint","urlTemplate":"https:\/\/www.asajacyl.com\/soria\/?s={search_term_string}"},"query-input":{"@type":"PropertyValueSpecification","valueRequired":true,"valueName":"search_term_string"}}],"inLanguage":"es"},{"@type":"Person","@id":"https:\/\/www.asajacyl.com\/soria\/#\/schema\/person\/fd3081c40255119ce8133b87e6aedfab","name":"Juan Ignacio Prieto Nieto","image":{"@type":"ImageObject","inLanguage":"es","@id":"https:\/\/www.asajacyl.com\/soria\/#\/schema\/person\/image\/","url":"https:\/\/secure.gravatar.com\/avatar\/8266b36e4d9001acb4700699a2468dc8?s=96&d=mm&r=g","contentUrl":"https:\/\/secure.gravatar.com\/avatar\/8266b36e4d9001acb4700699a2468dc8?s=96&d=mm&r=g","caption":"Juan Ignacio Prieto Nieto"},"url":"https:\/\/www.asajacyl.com\/soria\/author\/juanfranciscoby"}]}},"_links":{"self":[{"href":"https:\/\/www.asajacyl.com\/soria\/wp-json\/wp\/v2\/posts\/7022"}],"collection":[{"href":"https:\/\/www.asajacyl.com\/soria\/wp-json\/wp\/v2\/posts"}],"about":[{"href":"https:\/\/www.asajacyl.com\/soria\/wp-json\/wp\/v2\/types\/post"}],"author":[{"embeddable":true,"href":"https:\/\/www.asajacyl.com\/soria\/wp-json\/wp\/v2\/users\/12"}],"replies":[{"embeddable":true,"href":"https:\/\/www.asajacyl.com\/soria\/wp-json\/wp\/v2\/comments?post=7022"}],"version-history":[{"count":1,"href":"https:\/\/www.asajacyl.com\/soria\/wp-json\/wp\/v2\/posts\/7022\/revisions"}],"predecessor-version":[{"id":7024,"href":"https:\/\/www.asajacyl.com\/soria\/wp-json\/wp\/v2\/posts\/7022\/revisions\/7024"}],"wp:featuredmedia":[{"embeddable":true,"href":"https:\/\/www.asajacyl.com\/soria\/wp-json\/wp\/v2\/media\/7023"}],"wp:attachment":[{"href":"https:\/\/www.asajacyl.com\/soria\/wp-json\/wp\/v2\/media?parent=7022"}],"wp:term":[{"taxonomy":"category","embeddable":true,"href":"https:\/\/www.asajacyl.com\/soria\/wp-json\/wp\/v2\/categories?post=7022"},{"taxonomy":"post_tag","embeddable":true,"href":"https:\/\/www.asajacyl.com\/soria\/wp-json\/wp\/v2\/tags?post=7022"}],"curies":[{"name":"wp","href":"https:\/\/api.w.org\/{rel}","templated":true}]}}