{"id":7075,"date":"2023-08-01T08:43:21","date_gmt":"2023-08-01T06:43:21","guid":{"rendered":"https:\/\/www.asajacyl.com\/soria\/?p=7075"},"modified":"2023-08-01T08:43:22","modified_gmt":"2023-08-01T06:43:22","slug":"ampliadas-las-ayudas-para-el-kit-digital","status":"publish","type":"post","link":"https:\/\/www.asajacyl.com\/soria\/asaja-soria-informa\/ampliadas-las-ayudas-para-el-kit-digital","title":{"rendered":"Ampliadas las ayudas para el Kit Digital"},"content":{"rendered":"\n\n\n<p>El Gobierno, a trav\u00e9s de Red.es, ha publicado una nueva convocatoria de ayudas destinadas a la digitalizaci\u00f3n de peque\u00f1as empresas, microempresas y aut\u00f3nomos, esta vez, dirigida a comunidades de bienes, explotaciones agrarias de titularidad compartida, sociedades profesionales y sociedades civiles con objeto mercantil. Los requisitos ser\u00e1n: tener menos de 50 empleados, una antig\u00fcedad m\u00ednima de 6 meses y estar inscritas en el Censo de empresarios, profesionales y retenedores de la Agencia Estatal de Administraci\u00f3n Tributaria, o censo equivalente.<\/p>\n<p>Comunidades de bienes, explotaciones agrarias de titularidad compartida y sociedades profesionales y civiles podr\u00e1n optar a su bono digital a partir del 12 de septiembre.<\/p>\n<p>Para esta nueva convocatoria se destinan 100 millones de euros ampliables y la cuant\u00eda de las ayudas se distribuye en funci\u00f3n del n\u00famero de empleados que tenga el beneficiario: Segmento I (entidades entre 10 y menos de 50 empleados), Segmento II (entidades entre 3 y menos de 10 empelados) y Segmento III (entidades entre 0 y menos de 3 empleados). Estas ayudas son de concurrencia no competitiva y se otorgar\u00e1n de forma directa y por orden de llegada.<\/p>\n<p>Una vez realizadas las comprobaciones oportunas, los beneficiarios obtendr\u00e1n el bono digital que podr\u00e1 ser de 12.000 euros, 6.000 euros o 2.000 euros, en funci\u00f3n de su tama\u00f1o.<\/p>\n<p>Recordamos que ASAJA ha puesto en marcha una oficina t\u00e9cnica para informar y asesorar a los agricultores y ganaderos para que, bien de forma individual o bien agrupados en estas sociedades jur\u00eddicas, est\u00e9n interesados en solicitar su bono digital, ofreci\u00e9ndoles toda la orientaci\u00f3n que precisen para aprovechar esta oportunidad.<\/p>\n<p>Hasta la fecha, el programa Kit Digital ha concedido m\u00e1s de 250.000 ayudas, lo que supone que m\u00e1s de 1.200 millones de euros procedentes de los fondos europeos Next Generation EU han llegado a las pymes espa\u00f1olas para implantar soluciones b\u00e1sicas de digitalizaci\u00f3n. El programa est\u00e1 dotado con un presupuesto total de 3.067 millones de euros y el plazo para presentar las solicitudes se mantendr\u00e1 abierto hasta el 31 de diciembre de 2024.<\/p>\n<p>Para obtener m\u00e1s informaci\u00f3n sobre el Programa Kit Digital, y c\u00f3mo acceder a estas ayudas, los interesados pueden contactar con ASAJA Soria.<\/p>\n<p>\u00a0<\/p>\n<p><strong>\u00a0<\/strong><\/p>\n<p><strong>\u00a0<\/strong><\/p>\n<p><strong>\u00a0<\/strong><\/p>\n<p>\u00a0<\/p>\n","protected":false},"excerpt":{"rendered":"<p>El Gobierno, a trav\u00e9s de Red.es, ha publicado una nueva convocatoria de ayudas destinadas a la digitalizaci\u00f3n de peque\u00f1as empresas, microempresas y aut\u00f3nomos, esta vez, dirigida a comunidades de bienes, explotaciones agrarias de titularidad compartida, sociedades profesionales y sociedades civiles con objeto mercantil. Los requisitos ser\u00e1n: tener menos de 50 empleados, una antig\u00fcedad m\u00ednima de [&hellip;]<\/p>\n","protected":false},"author":12,"featured_media":7076,"comment_status":"open","ping_status":"open","sticky":false,"template":"","format":"standard","meta":{"footnotes":""},"categories":[10,25],"tags":[],"yoast_head":"<!-- This site is optimized with the Yoast SEO plugin v24.5 - https:\/\/yoast.com\/wordpress\/plugins\/seo\/ -->\n<title>Ampliadas las ayudas para el Kit Digital - ASAJA Soria<\/title>\n<meta name=\"description\" content=\"El Gobierno, a trav\u00e9s de Red.es, ha publicado una nueva convocatoria de ayudas destinadas a la digitalizaci\u00f3n de peque\u00f1as empresas, microempresas y\" \/>\n<meta name=\"robots\" content=\"index, follow, max-snippet:-1, max-image-preview:large, max-video-preview:-1\" \/>\n<link rel=\"canonical\" href=\"https:\/\/www.asajacyl.com\/soria\/asaja-soria-informa\/ampliadas-las-ayudas-para-el-kit-digital\" \/>\n<meta property=\"og:locale\" content=\"es_ES\" \/>\n<meta property=\"og:type\" content=\"article\" \/>\n<meta property=\"og:title\" content=\"Ampliadas las ayudas para el Kit Digital - ASAJA Soria\" \/>\n<meta property=\"og:description\" content=\"El Gobierno, a trav\u00e9s de Red.es, ha publicado una nueva convocatoria de ayudas destinadas a la digitalizaci\u00f3n de peque\u00f1as empresas, microempresas y\" \/>\n<meta property=\"og:url\" content=\"https:\/\/www.asajacyl.com\/soria\/asaja-soria-informa\/ampliadas-las-ayudas-para-el-kit-digital\" \/>\n<meta property=\"og:site_name\" content=\"ASAJA Soria\" \/>\n<meta property=\"article:published_time\" content=\"2023-08-01T06:43:21+00:00\" \/>\n<meta property=\"article:modified_time\" content=\"2023-08-01T06:43:22+00:00\" \/>\n<meta property=\"og:image\" content=\"https:\/\/www.asajacyl.com\/soria\/wp-content\/uploads\/sites\/9\/2023\/08\/IMG_0600.jpg\" \/>\n\t<meta property=\"og:image:width\" content=\"2500\" \/>\n\t<meta property=\"og:image:height\" content=\"1875\" \/>\n\t<meta property=\"og:image:type\" content=\"image\/jpeg\" \/>\n<meta name=\"author\" content=\"Juan Ignacio Prieto Nieto\" \/>\n<meta name=\"twitter:card\" content=\"summary_large_image\" \/>\n<meta name=\"twitter:label1\" content=\"Escrito por\" \/>\n\t<meta name=\"twitter:data1\" content=\"Juan Ignacio Prieto Nieto\" \/>\n\t<meta name=\"twitter:label2\" content=\"Tiempo de lectura\" \/>\n\t<meta name=\"twitter:data2\" content=\"2 minutos\" \/>\n<script type=\"application\/ld+json\" class=\"yoast-schema-graph\">{\"@context\":\"https:\/\/schema.org\",\"@graph\":[{\"@type\":\"WebPage\",\"@id\":\"https:\/\/www.asajacyl.com\/soria\/asaja-soria-informa\/ampliadas-las-ayudas-para-el-kit-digital\",\"url\":\"https:\/\/www.asajacyl.com\/soria\/asaja-soria-informa\/ampliadas-las-ayudas-para-el-kit-digital\",\"name\":\"Ampliadas las ayudas para el Kit Digital - ASAJA Soria\",\"isPartOf\":{\"@id\":\"https:\/\/www.asajacyl.com\/soria\/#website\"},\"primaryImageOfPage\":{\"@id\":\"https:\/\/www.asajacyl.com\/soria\/asaja-soria-informa\/ampliadas-las-ayudas-para-el-kit-digital#primaryimage\"},\"image\":{\"@id\":\"https:\/\/www.asajacyl.com\/soria\/asaja-soria-informa\/ampliadas-las-ayudas-para-el-kit-digital#primaryimage\"},\"thumbnailUrl\":\"https:\/\/www.asajacyl.com\/soria\/wp-content\/uploads\/sites\/9\/2023\/08\/IMG_0600.jpg\",\"datePublished\":\"2023-08-01T06:43:21+00:00\",\"dateModified\":\"2023-08-01T06:43:22+00:00\",\"author\":{\"@id\":\"https:\/\/www.asajacyl.com\/soria\/#\/schema\/person\/fd3081c40255119ce8133b87e6aedfab\"},\"description\":\"El Gobierno, a trav\u00e9s de Red.es, ha publicado una nueva convocatoria de ayudas destinadas a la digitalizaci\u00f3n de peque\u00f1as empresas, microempresas y\",\"breadcrumb\":{\"@id\":\"https:\/\/www.asajacyl.com\/soria\/asaja-soria-informa\/ampliadas-las-ayudas-para-el-kit-digital#breadcrumb\"},\"inLanguage\":\"es\",\"potentialAction\":[{\"@type\":\"ReadAction\",\"target\":[\"https:\/\/www.asajacyl.com\/soria\/asaja-soria-informa\/ampliadas-las-ayudas-para-el-kit-digital\"]}]},{\"@type\":\"ImageObject\",\"inLanguage\":\"es\",\"@id\":\"https:\/\/www.asajacyl.com\/soria\/asaja-soria-informa\/ampliadas-las-ayudas-para-el-kit-digital#primaryimage\",\"url\":\"https:\/\/www.asajacyl.com\/soria\/wp-content\/uploads\/sites\/9\/2023\/08\/IMG_0600.jpg\",\"contentUrl\":\"https:\/\/www.asajacyl.com\/soria\/wp-content\/uploads\/sites\/9\/2023\/08\/IMG_0600.jpg\",\"width\":2500,\"height\":1875},{\"@type\":\"BreadcrumbList\",\"@id\":\"https:\/\/www.asajacyl.com\/soria\/asaja-soria-informa\/ampliadas-las-ayudas-para-el-kit-digital#breadcrumb\",\"itemListElement\":[{\"@type\":\"ListItem\",\"position\":1,\"name\":\"Portada\",\"item\":\"https:\/\/www.asajacyl.com\/soria\/\"},{\"@type\":\"ListItem\",\"position\":2,\"name\":\"Ampliadas las ayudas para el Kit Digital\"}]},{\"@type\":\"WebSite\",\"@id\":\"https:\/\/www.asajacyl.com\/soria\/#website\",\"url\":\"https:\/\/www.asajacyl.com\/soria\/\",\"name\":\"ASAJA Soria\",\"description\":\"Otro sitio m\u00e1s de Provincias ASAJA Castilla y Le\u00f3n\",\"potentialAction\":[{\"@type\":\"SearchAction\",\"target\":{\"@type\":\"EntryPoint\",\"urlTemplate\":\"https:\/\/www.asajacyl.com\/soria\/?s={search_term_string}\"},\"query-input\":{\"@type\":\"PropertyValueSpecification\",\"valueRequired\":true,\"valueName\":\"search_term_string\"}}],\"inLanguage\":\"es\"},{\"@type\":\"Person\",\"@id\":\"https:\/\/www.asajacyl.com\/soria\/#\/schema\/person\/fd3081c40255119ce8133b87e6aedfab\",\"name\":\"Juan Ignacio Prieto Nieto\",\"image\":{\"@type\":\"ImageObject\",\"inLanguage\":\"es\",\"@id\":\"https:\/\/www.asajacyl.com\/soria\/#\/schema\/person\/image\/\",\"url\":\"https:\/\/secure.gravatar.com\/avatar\/8266b36e4d9001acb4700699a2468dc8?s=96&d=mm&r=g\",\"contentUrl\":\"https:\/\/secure.gravatar.com\/avatar\/8266b36e4d9001acb4700699a2468dc8?s=96&d=mm&r=g\",\"caption\":\"Juan Ignacio Prieto Nieto\"},\"url\":\"https:\/\/www.asajacyl.com\/soria\/author\/juanfranciscoby\"}]}<\/script>\n<!-- \/ Yoast SEO plugin. -->","yoast_head_json":{"title":"Ampliadas las ayudas para el Kit Digital - ASAJA Soria","description":"El Gobierno, a trav\u00e9s de Red.es, ha publicado una nueva convocatoria de ayudas destinadas a la digitalizaci\u00f3n de peque\u00f1as empresas, microempresas y","robots":{"index":"index","follow":"follow","max-snippet":"max-snippet:-1","max-image-preview":"max-image-preview:large","max-video-preview":"max-video-preview:-1"},"canonical":"https:\/\/www.asajacyl.com\/soria\/asaja-soria-informa\/ampliadas-las-ayudas-para-el-kit-digital","og_locale":"es_ES","og_type":"article","og_title":"Ampliadas las ayudas para el Kit Digital - ASAJA Soria","og_description":"El Gobierno, a trav\u00e9s de Red.es, ha publicado una nueva convocatoria de ayudas destinadas a la digitalizaci\u00f3n de peque\u00f1as empresas, microempresas y","og_url":"https:\/\/www.asajacyl.com\/soria\/asaja-soria-informa\/ampliadas-las-ayudas-para-el-kit-digital","og_site_name":"ASAJA Soria","article_published_time":"2023-08-01T06:43:21+00:00","article_modified_time":"2023-08-01T06:43:22+00:00","og_image":[{"width":2500,"height":1875,"url":"https:\/\/www.asajacyl.com\/soria\/wp-content\/uploads\/sites\/9\/2023\/08\/IMG_0600.jpg","type":"image\/jpeg"}],"author":"Juan Ignacio Prieto Nieto","twitter_card":"summary_large_image","twitter_misc":{"Escrito por":"Juan Ignacio Prieto Nieto","Tiempo de lectura":"2 minutos"},"schema":{"@context":"https:\/\/schema.org","@graph":[{"@type":"WebPage","@id":"https:\/\/www.asajacyl.com\/soria\/asaja-soria-informa\/ampliadas-las-ayudas-para-el-kit-digital","url":"https:\/\/www.asajacyl.com\/soria\/asaja-soria-informa\/ampliadas-las-ayudas-para-el-kit-digital","name":"Ampliadas las ayudas para el Kit Digital - ASAJA Soria","isPartOf":{"@id":"https:\/\/www.asajacyl.com\/soria\/#website"},"primaryImageOfPage":{"@id":"https:\/\/www.asajacyl.com\/soria\/asaja-soria-informa\/ampliadas-las-ayudas-para-el-kit-digital#primaryimage"},"image":{"@id":"https:\/\/www.asajacyl.com\/soria\/asaja-soria-informa\/ampliadas-las-ayudas-para-el-kit-digital#primaryimage"},"thumbnailUrl":"https:\/\/www.asajacyl.com\/soria\/wp-content\/uploads\/sites\/9\/2023\/08\/IMG_0600.jpg","datePublished":"2023-08-01T06:43:21+00:00","dateModified":"2023-08-01T06:43:22+00:00","author":{"@id":"https:\/\/www.asajacyl.com\/soria\/#\/schema\/person\/fd3081c40255119ce8133b87e6aedfab"},"description":"El Gobierno, a trav\u00e9s de Red.es, ha publicado una nueva convocatoria de ayudas destinadas a la digitalizaci\u00f3n de peque\u00f1as empresas, microempresas y","breadcrumb":{"@id":"https:\/\/www.asajacyl.com\/soria\/asaja-soria-informa\/ampliadas-las-ayudas-para-el-kit-digital#breadcrumb"},"inLanguage":"es","potentialAction":[{"@type":"ReadAction","target":["https:\/\/www.asajacyl.com\/soria\/asaja-soria-informa\/ampliadas-las-ayudas-para-el-kit-digital"]}]},{"@type":"ImageObject","inLanguage":"es","@id":"https:\/\/www.asajacyl.com\/soria\/asaja-soria-informa\/ampliadas-las-ayudas-para-el-kit-digital#primaryimage","url":"https:\/\/www.asajacyl.com\/soria\/wp-content\/uploads\/sites\/9\/2023\/08\/IMG_0600.jpg","contentUrl":"https:\/\/www.asajacyl.com\/soria\/wp-content\/uploads\/sites\/9\/2023\/08\/IMG_0600.jpg","width":2500,"height":1875},{"@type":"BreadcrumbList","@id":"https:\/\/www.asajacyl.com\/soria\/asaja-soria-informa\/ampliadas-las-ayudas-para-el-kit-digital#breadcrumb","itemListElement":[{"@type":"ListItem","position":1,"name":"Portada","item":"https:\/\/www.asajacyl.com\/soria\/"},{"@type":"ListItem","position":2,"name":"Ampliadas las ayudas para el Kit Digital"}]},{"@type":"WebSite","@id":"https:\/\/www.asajacyl.com\/soria\/#website","url":"https:\/\/www.asajacyl.com\/soria\/","name":"ASAJA Soria","description":"Otro sitio m\u00e1s de Provincias ASAJA Castilla y Le\u00f3n","potentialAction":[{"@type":"SearchAction","target":{"@type":"EntryPoint","urlTemplate":"https:\/\/www.asajacyl.com\/soria\/?s={search_term_string}"},"query-input":{"@type":"PropertyValueSpecification","valueRequired":true,"valueName":"search_term_string"}}],"inLanguage":"es"},{"@type":"Person","@id":"https:\/\/www.asajacyl.com\/soria\/#\/schema\/person\/fd3081c40255119ce8133b87e6aedfab","name":"Juan Ignacio Prieto Nieto","image":{"@type":"ImageObject","inLanguage":"es","@id":"https:\/\/www.asajacyl.com\/soria\/#\/schema\/person\/image\/","url":"https:\/\/secure.gravatar.com\/avatar\/8266b36e4d9001acb4700699a2468dc8?s=96&d=mm&r=g","contentUrl":"https:\/\/secure.gravatar.com\/avatar\/8266b36e4d9001acb4700699a2468dc8?s=96&d=mm&r=g","caption":"Juan Ignacio Prieto Nieto"},"url":"https:\/\/www.asajacyl.com\/soria\/author\/juanfranciscoby"}]}},"_links":{"self":[{"href":"https:\/\/www.asajacyl.com\/soria\/wp-json\/wp\/v2\/posts\/7075"}],"collection":[{"href":"https:\/\/www.asajacyl.com\/soria\/wp-json\/wp\/v2\/posts"}],"about":[{"href":"https:\/\/www.asajacyl.com\/soria\/wp-json\/wp\/v2\/types\/post"}],"author":[{"embeddable":true,"href":"https:\/\/www.asajacyl.com\/soria\/wp-json\/wp\/v2\/users\/12"}],"replies":[{"embeddable":true,"href":"https:\/\/www.asajacyl.com\/soria\/wp-json\/wp\/v2\/comments?post=7075"}],"version-history":[{"count":1,"href":"https:\/\/www.asajacyl.com\/soria\/wp-json\/wp\/v2\/posts\/7075\/revisions"}],"predecessor-version":[{"id":7077,"href":"https:\/\/www.asajacyl.com\/soria\/wp-json\/wp\/v2\/posts\/7075\/revisions\/7077"}],"wp:featuredmedia":[{"embeddable":true,"href":"https:\/\/www.asajacyl.com\/soria\/wp-json\/wp\/v2\/media\/7076"}],"wp:attachment":[{"href":"https:\/\/www.asajacyl.com\/soria\/wp-json\/wp\/v2\/media?parent=7075"}],"wp:term":[{"taxonomy":"category","embeddable":true,"href":"https:\/\/www.asajacyl.com\/soria\/wp-json\/wp\/v2\/categories?post=7075"},{"taxonomy":"post_tag","embeddable":true,"href":"https:\/\/www.asajacyl.com\/soria\/wp-json\/wp\/v2\/tags?post=7075"}],"curies":[{"name":"wp","href":"https:\/\/api.w.org\/{rel}","templated":true}]}}