{"id":7080,"date":"2023-08-25T11:38:27","date_gmt":"2023-08-25T09:38:27","guid":{"rendered":"https:\/\/www.asajacyl.com\/soria\/?p=7080"},"modified":"2023-08-25T11:38:30","modified_gmt":"2023-08-25T09:38:30","slug":"ayuda-a-la-sucesion-de-explotaciones-asaja-pide-que-se-incluya-la-transmision-de-padres-a-hijos","status":"publish","type":"post","link":"https:\/\/www.asajacyl.com\/soria\/asaja-soria-informa\/ayuda-a-la-sucesion-de-explotaciones-asaja-pide-que-se-incluya-la-transmision-de-padres-a-hijos","title":{"rendered":"Ayuda a la sucesi\u00f3n de explotaciones. ASAJA considera vergonzoso que no est\u00e9 incluida la transmisi\u00f3n de padres a hijos"},"content":{"rendered":"\n\n\n<p style=\"text-align: justify\">Ya ha salido publicada la convocatoria de las subvenciones dirigidas a promover la cooperaci\u00f3n para la sucesi\u00f3n de explotaciones agrarias, nueva medida propuesta por Castilla y Le\u00f3n en el marco del Plan Estrat\u00e9gico de la PAC de Espa\u00f1a (PEPAC) 2023-2027. Se trata de una ayuda novedosa, aunque inspirada en la antigua idea de la jubilaci\u00f3n anticipada -medida complementaria que exist\u00eda en los primeros a\u00f1os de la PAC-, y que responde a la insistencia del sector y especialmente de ASAJA en recuperar el apoyo a la renovaci\u00f3n de activos en el campo.<\/p>\n<p style=\"text-align: justify\"><strong><i>ASAJA valora que Castilla y Le\u00f3n sea la pionera en la puesta en marcha de esta ayuda, aunque considera vergonzoso, como as\u00ed lo hemos hecho saber desde un principio, que nazca con un fallo de base muy importante: excluye la cesi\u00f3n de padres a hijos, justo la m\u00e1s frecuente en la agricultura y ganader\u00eda.<\/i><\/strong><\/p>\n<p style=\"text-align: justify\">Dado que se trata de la primera convocatoria de una ayuda que se extender\u00e1 a lo largo del periodo de la nueva PAC, ASAJA reclama que desde ya la Consejer\u00eda de Agricultura Ganader\u00eda y Desarrollo Rural pida al Ministerio y tambi\u00e9n a Bruselas, que acepten y validen a propuesta de Castilla y Le\u00f3n la modificaci\u00f3n de este aspecto en el Plan Estrat\u00e9gico nacional, para no discriminar en la percepci\u00f3n de esta ayuda a la mayor parte de los agricultores y ganaderos que est\u00e9n en situaci\u00f3n de jubilarse, ceder su explotaci\u00f3n y abandonar definitivamente la actividad. As\u00ed, en la reciente reuni\u00f3n celebrada en entre el consejero y la presidenta de ASAJA, Ana Pastor, se insisti\u00f3 sobre este asunto. Desde la Consejer\u00eda se asegur\u00f3 que ahora es imposible cambiarlo porque figura en el PEPAC aprobado en Europa. Pero reconocieron que tratar\u00e1n de modificarlo en la primera oportunidad de revisi\u00f3n prevista en los Reglamentos en los que se basa el PEPAC. ASAJA espera que esta intenci\u00f3n se materialice alg\u00fan d\u00eda. De momento nos quedamos con el disgusto.<\/p>\n<p style=\"text-align: justify\">Con todo, ASAJA destaca la importancia de esta y cuantas medidas se puedan implantar que favorezcan el rejuvenecimiento real del sector y su profesionalizaci\u00f3n. En este sentido, una de las alegaciones de nuestra organizaci\u00f3n y que ha sido admitida por la Administraci\u00f3n, es dar una prioridad clara en esta ayuda a los profesionales, es decir, a los cotizantes en la Seguridad Social agraria.<\/p>\n<p style=\"text-align: justify\">Para ASAJA, tambi\u00e9n importante es que se ajuste lo m\u00e1s posible la edad m\u00e1xima del cesionario al momento de jubilaci\u00f3n, es decir, que en adelante se recorten los 72 a\u00f1os de esta primera convocatoria a los aproximadamente 65 que marcan la edad legal de jubilaci\u00f3n.<\/p>\n<p style=\"text-align: justify\"><strong>Condiciones de la ayuda<\/strong><\/p>\n<p style=\"text-align: justify\">La ayuda se destinar\u00e1 a prestar apoyo a los agricultores o ganaderos, jubilados o que lleguen a la edad de jubilaci\u00f3n, que decidan cesar en su actividad y dejar su explotaci\u00f3n a otros agricultores o ganaderos, compensando una parte del coste de oportunidad que supone dicha cesi\u00f3n.<\/p>\n<p style=\"text-align: justify\">Los cedentes tendr\u00e1n que ser beneficiarios de una pensi\u00f3n de jubilaci\u00f3n de la Seguridad Social o estar en situaci\u00f3n de jubilarse, y no tener m\u00e1s de 72 a\u00f1os. Los cesionarios, que no superar\u00e1n los 57 a\u00f1os, ser\u00e1n agricultores activos en la Seguridad Social por su actividad agraria.<\/p>\n<p style=\"text-align: justify\">Respecto a los compromisos, se realizar\u00e1 la cesi\u00f3n de la explotaci\u00f3n mediante contratos de arrendamiento o venta. Adem\u00e1s, los beneficiarios de las ayudas se comprometen a ceder los bienes que constituyen su explotaci\u00f3n al cesionario y a jubilarse de la actividad agraria. Los cesionarios, por su parte, deben explotar de forma directa la explotaci\u00f3n cedida durante no menos de cinco a\u00f1os.<\/p>\n<p style=\"text-align: justify\">La ayuda total, destinada a compensar una parte del coste de oportunidad que supone la cesi\u00f3n, oscilar\u00e1 entre los 17.750 y 85.000 euros distribuidos en los cinco a\u00f1os del compromiso. Esto supone un complemento mensual a la jubilaci\u00f3n de entre 300 y 1.400 euros, en funci\u00f3n de la producci\u00f3n est\u00e1ndar de la explotaci\u00f3n que se cede.<\/p>\n<p style=\"text-align: justify\">Estas ayudas, que est\u00e1n financiadas por el FEADER, la Comunidad de Castilla y Le\u00f3n y el Ministerio de Agricultura en el marco del PEPAC 2023-2027 pueden solicitarse a partir del 2 de agosto hasta el pr\u00f3ximo 30 de septiembre.\u00a0<\/p>\n","protected":false},"excerpt":{"rendered":"<p>Ya ha salido publicada la convocatoria de las subvenciones dirigidas a promover la cooperaci\u00f3n para la sucesi\u00f3n de explotaciones agrarias, nueva medida propuesta por Castilla y Le\u00f3n en el marco del Plan Estrat\u00e9gico de la PAC de Espa\u00f1a (PEPAC) 2023-2027. Se trata de una ayuda novedosa, aunque inspirada en la antigua idea de la jubilaci\u00f3n [&hellip;]<\/p>\n","protected":false},"author":12,"featured_media":7119,"comment_status":"open","ping_status":"open","sticky":false,"template":"","format":"standard","meta":{"footnotes":""},"categories":[10,25],"tags":[],"yoast_head":"<!-- This site is optimized with the Yoast SEO plugin v24.5 - https:\/\/yoast.com\/wordpress\/plugins\/seo\/ -->\n<title>Ayuda a la sucesi\u00f3n de explotaciones. ASAJA considera vergonzoso que no est\u00e9 incluida la transmisi\u00f3n de padres a hijos - ASAJA Soria<\/title>\n<meta name=\"description\" content=\"Ya ha salido publicada la convocatoria de las subvenciones dirigidas a promover la cooperaci\u00f3n para la sucesi\u00f3n de explotaciones agrarias, nueva medida\" \/>\n<meta name=\"robots\" content=\"index, follow, max-snippet:-1, max-image-preview:large, max-video-preview:-1\" \/>\n<link rel=\"canonical\" href=\"https:\/\/www.asajacyl.com\/soria\/asaja-soria-informa\/ayuda-a-la-sucesion-de-explotaciones-asaja-pide-que-se-incluya-la-transmision-de-padres-a-hijos\" \/>\n<meta property=\"og:locale\" content=\"es_ES\" \/>\n<meta property=\"og:type\" content=\"article\" \/>\n<meta property=\"og:title\" content=\"Ayuda a la sucesi\u00f3n de explotaciones. ASAJA considera vergonzoso que no est\u00e9 incluida la transmisi\u00f3n de padres a hijos - ASAJA Soria\" \/>\n<meta property=\"og:description\" content=\"Ya ha salido publicada la convocatoria de las subvenciones dirigidas a promover la cooperaci\u00f3n para la sucesi\u00f3n de explotaciones agrarias, nueva medida\" \/>\n<meta property=\"og:url\" content=\"https:\/\/www.asajacyl.com\/soria\/asaja-soria-informa\/ayuda-a-la-sucesion-de-explotaciones-asaja-pide-que-se-incluya-la-transmision-de-padres-a-hijos\" \/>\n<meta property=\"og:site_name\" content=\"ASAJA Soria\" \/>\n<meta property=\"article:published_time\" content=\"2023-08-25T09:38:27+00:00\" \/>\n<meta property=\"article:modified_time\" content=\"2023-08-25T09:38:30+00:00\" \/>\n<meta property=\"og:image\" content=\"https:\/\/www.asajacyl.com\/soria\/wp-content\/uploads\/sites\/9\/2023\/08\/foto99-Domingo-y-su-hijo99.jpg\" \/>\n\t<meta property=\"og:image:width\" content=\"886\" \/>\n\t<meta property=\"og:image:height\" content=\"596\" \/>\n\t<meta property=\"og:image:type\" content=\"image\/jpeg\" \/>\n<meta name=\"author\" content=\"Juan Ignacio Prieto Nieto\" \/>\n<meta name=\"twitter:card\" content=\"summary_large_image\" \/>\n<meta name=\"twitter:label1\" content=\"Escrito por\" \/>\n\t<meta name=\"twitter:data1\" content=\"Juan Ignacio Prieto Nieto\" \/>\n\t<meta name=\"twitter:label2\" content=\"Tiempo de lectura\" \/>\n\t<meta name=\"twitter:data2\" content=\"4 minutos\" \/>\n<script type=\"application\/ld+json\" class=\"yoast-schema-graph\">{\"@context\":\"https:\/\/schema.org\",\"@graph\":[{\"@type\":\"WebPage\",\"@id\":\"https:\/\/www.asajacyl.com\/soria\/asaja-soria-informa\/ayuda-a-la-sucesion-de-explotaciones-asaja-pide-que-se-incluya-la-transmision-de-padres-a-hijos\",\"url\":\"https:\/\/www.asajacyl.com\/soria\/asaja-soria-informa\/ayuda-a-la-sucesion-de-explotaciones-asaja-pide-que-se-incluya-la-transmision-de-padres-a-hijos\",\"name\":\"Ayuda a la sucesi\u00f3n de explotaciones. ASAJA considera vergonzoso que no est\u00e9 incluida la transmisi\u00f3n de padres a hijos - ASAJA Soria\",\"isPartOf\":{\"@id\":\"https:\/\/www.asajacyl.com\/soria\/#website\"},\"primaryImageOfPage\":{\"@id\":\"https:\/\/www.asajacyl.com\/soria\/asaja-soria-informa\/ayuda-a-la-sucesion-de-explotaciones-asaja-pide-que-se-incluya-la-transmision-de-padres-a-hijos#primaryimage\"},\"image\":{\"@id\":\"https:\/\/www.asajacyl.com\/soria\/asaja-soria-informa\/ayuda-a-la-sucesion-de-explotaciones-asaja-pide-que-se-incluya-la-transmision-de-padres-a-hijos#primaryimage\"},\"thumbnailUrl\":\"https:\/\/www.asajacyl.com\/soria\/wp-content\/uploads\/sites\/9\/2023\/08\/foto99-Domingo-y-su-hijo99.jpg\",\"datePublished\":\"2023-08-25T09:38:27+00:00\",\"dateModified\":\"2023-08-25T09:38:30+00:00\",\"author\":{\"@id\":\"https:\/\/www.asajacyl.com\/soria\/#\/schema\/person\/fd3081c40255119ce8133b87e6aedfab\"},\"description\":\"Ya ha salido publicada la convocatoria de las subvenciones dirigidas a promover la cooperaci\u00f3n para la sucesi\u00f3n de explotaciones agrarias, nueva medida\",\"breadcrumb\":{\"@id\":\"https:\/\/www.asajacyl.com\/soria\/asaja-soria-informa\/ayuda-a-la-sucesion-de-explotaciones-asaja-pide-que-se-incluya-la-transmision-de-padres-a-hijos#breadcrumb\"},\"inLanguage\":\"es\",\"potentialAction\":[{\"@type\":\"ReadAction\",\"target\":[\"https:\/\/www.asajacyl.com\/soria\/asaja-soria-informa\/ayuda-a-la-sucesion-de-explotaciones-asaja-pide-que-se-incluya-la-transmision-de-padres-a-hijos\"]}]},{\"@type\":\"ImageObject\",\"inLanguage\":\"es\",\"@id\":\"https:\/\/www.asajacyl.com\/soria\/asaja-soria-informa\/ayuda-a-la-sucesion-de-explotaciones-asaja-pide-que-se-incluya-la-transmision-de-padres-a-hijos#primaryimage\",\"url\":\"https:\/\/www.asajacyl.com\/soria\/wp-content\/uploads\/sites\/9\/2023\/08\/foto99-Domingo-y-su-hijo99.jpg\",\"contentUrl\":\"https:\/\/www.asajacyl.com\/soria\/wp-content\/uploads\/sites\/9\/2023\/08\/foto99-Domingo-y-su-hijo99.jpg\",\"width\":886,\"height\":596},{\"@type\":\"BreadcrumbList\",\"@id\":\"https:\/\/www.asajacyl.com\/soria\/asaja-soria-informa\/ayuda-a-la-sucesion-de-explotaciones-asaja-pide-que-se-incluya-la-transmision-de-padres-a-hijos#breadcrumb\",\"itemListElement\":[{\"@type\":\"ListItem\",\"position\":1,\"name\":\"Portada\",\"item\":\"https:\/\/www.asajacyl.com\/soria\/\"},{\"@type\":\"ListItem\",\"position\":2,\"name\":\"Ayuda a la sucesi\u00f3n de explotaciones. ASAJA considera vergonzoso que no est\u00e9 incluida la transmisi\u00f3n de padres a hijos\"}]},{\"@type\":\"WebSite\",\"@id\":\"https:\/\/www.asajacyl.com\/soria\/#website\",\"url\":\"https:\/\/www.asajacyl.com\/soria\/\",\"name\":\"ASAJA Soria\",\"description\":\"Otro sitio m\u00e1s de Provincias ASAJA Castilla y Le\u00f3n\",\"potentialAction\":[{\"@type\":\"SearchAction\",\"target\":{\"@type\":\"EntryPoint\",\"urlTemplate\":\"https:\/\/www.asajacyl.com\/soria\/?s={search_term_string}\"},\"query-input\":{\"@type\":\"PropertyValueSpecification\",\"valueRequired\":true,\"valueName\":\"search_term_string\"}}],\"inLanguage\":\"es\"},{\"@type\":\"Person\",\"@id\":\"https:\/\/www.asajacyl.com\/soria\/#\/schema\/person\/fd3081c40255119ce8133b87e6aedfab\",\"name\":\"Juan Ignacio Prieto Nieto\",\"image\":{\"@type\":\"ImageObject\",\"inLanguage\":\"es\",\"@id\":\"https:\/\/www.asajacyl.com\/soria\/#\/schema\/person\/image\/\",\"url\":\"https:\/\/secure.gravatar.com\/avatar\/8266b36e4d9001acb4700699a2468dc8?s=96&d=mm&r=g\",\"contentUrl\":\"https:\/\/secure.gravatar.com\/avatar\/8266b36e4d9001acb4700699a2468dc8?s=96&d=mm&r=g\",\"caption\":\"Juan Ignacio Prieto Nieto\"},\"url\":\"https:\/\/www.asajacyl.com\/soria\/author\/juanfranciscoby\"}]}<\/script>\n<!-- \/ Yoast SEO plugin. -->","yoast_head_json":{"title":"Ayuda a la sucesi\u00f3n de explotaciones. ASAJA considera vergonzoso que no est\u00e9 incluida la transmisi\u00f3n de padres a hijos - ASAJA Soria","description":"Ya ha salido publicada la convocatoria de las subvenciones dirigidas a promover la cooperaci\u00f3n para la sucesi\u00f3n de explotaciones agrarias, nueva medida","robots":{"index":"index","follow":"follow","max-snippet":"max-snippet:-1","max-image-preview":"max-image-preview:large","max-video-preview":"max-video-preview:-1"},"canonical":"https:\/\/www.asajacyl.com\/soria\/asaja-soria-informa\/ayuda-a-la-sucesion-de-explotaciones-asaja-pide-que-se-incluya-la-transmision-de-padres-a-hijos","og_locale":"es_ES","og_type":"article","og_title":"Ayuda a la sucesi\u00f3n de explotaciones. ASAJA considera vergonzoso que no est\u00e9 incluida la transmisi\u00f3n de padres a hijos - ASAJA Soria","og_description":"Ya ha salido publicada la convocatoria de las subvenciones dirigidas a promover la cooperaci\u00f3n para la sucesi\u00f3n de explotaciones agrarias, nueva medida","og_url":"https:\/\/www.asajacyl.com\/soria\/asaja-soria-informa\/ayuda-a-la-sucesion-de-explotaciones-asaja-pide-que-se-incluya-la-transmision-de-padres-a-hijos","og_site_name":"ASAJA Soria","article_published_time":"2023-08-25T09:38:27+00:00","article_modified_time":"2023-08-25T09:38:30+00:00","og_image":[{"width":886,"height":596,"url":"https:\/\/www.asajacyl.com\/soria\/wp-content\/uploads\/sites\/9\/2023\/08\/foto99-Domingo-y-su-hijo99.jpg","type":"image\/jpeg"}],"author":"Juan Ignacio Prieto Nieto","twitter_card":"summary_large_image","twitter_misc":{"Escrito por":"Juan Ignacio Prieto Nieto","Tiempo de lectura":"4 minutos"},"schema":{"@context":"https:\/\/schema.org","@graph":[{"@type":"WebPage","@id":"https:\/\/www.asajacyl.com\/soria\/asaja-soria-informa\/ayuda-a-la-sucesion-de-explotaciones-asaja-pide-que-se-incluya-la-transmision-de-padres-a-hijos","url":"https:\/\/www.asajacyl.com\/soria\/asaja-soria-informa\/ayuda-a-la-sucesion-de-explotaciones-asaja-pide-que-se-incluya-la-transmision-de-padres-a-hijos","name":"Ayuda a la sucesi\u00f3n de explotaciones. ASAJA considera vergonzoso que no est\u00e9 incluida la transmisi\u00f3n de padres a hijos - ASAJA Soria","isPartOf":{"@id":"https:\/\/www.asajacyl.com\/soria\/#website"},"primaryImageOfPage":{"@id":"https:\/\/www.asajacyl.com\/soria\/asaja-soria-informa\/ayuda-a-la-sucesion-de-explotaciones-asaja-pide-que-se-incluya-la-transmision-de-padres-a-hijos#primaryimage"},"image":{"@id":"https:\/\/www.asajacyl.com\/soria\/asaja-soria-informa\/ayuda-a-la-sucesion-de-explotaciones-asaja-pide-que-se-incluya-la-transmision-de-padres-a-hijos#primaryimage"},"thumbnailUrl":"https:\/\/www.asajacyl.com\/soria\/wp-content\/uploads\/sites\/9\/2023\/08\/foto99-Domingo-y-su-hijo99.jpg","datePublished":"2023-08-25T09:38:27+00:00","dateModified":"2023-08-25T09:38:30+00:00","author":{"@id":"https:\/\/www.asajacyl.com\/soria\/#\/schema\/person\/fd3081c40255119ce8133b87e6aedfab"},"description":"Ya ha salido publicada la convocatoria de las subvenciones dirigidas a promover la cooperaci\u00f3n para la sucesi\u00f3n de explotaciones agrarias, nueva medida","breadcrumb":{"@id":"https:\/\/www.asajacyl.com\/soria\/asaja-soria-informa\/ayuda-a-la-sucesion-de-explotaciones-asaja-pide-que-se-incluya-la-transmision-de-padres-a-hijos#breadcrumb"},"inLanguage":"es","potentialAction":[{"@type":"ReadAction","target":["https:\/\/www.asajacyl.com\/soria\/asaja-soria-informa\/ayuda-a-la-sucesion-de-explotaciones-asaja-pide-que-se-incluya-la-transmision-de-padres-a-hijos"]}]},{"@type":"ImageObject","inLanguage":"es","@id":"https:\/\/www.asajacyl.com\/soria\/asaja-soria-informa\/ayuda-a-la-sucesion-de-explotaciones-asaja-pide-que-se-incluya-la-transmision-de-padres-a-hijos#primaryimage","url":"https:\/\/www.asajacyl.com\/soria\/wp-content\/uploads\/sites\/9\/2023\/08\/foto99-Domingo-y-su-hijo99.jpg","contentUrl":"https:\/\/www.asajacyl.com\/soria\/wp-content\/uploads\/sites\/9\/2023\/08\/foto99-Domingo-y-su-hijo99.jpg","width":886,"height":596},{"@type":"BreadcrumbList","@id":"https:\/\/www.asajacyl.com\/soria\/asaja-soria-informa\/ayuda-a-la-sucesion-de-explotaciones-asaja-pide-que-se-incluya-la-transmision-de-padres-a-hijos#breadcrumb","itemListElement":[{"@type":"ListItem","position":1,"name":"Portada","item":"https:\/\/www.asajacyl.com\/soria\/"},{"@type":"ListItem","position":2,"name":"Ayuda a la sucesi\u00f3n de explotaciones. ASAJA considera vergonzoso que no est\u00e9 incluida la transmisi\u00f3n de padres a hijos"}]},{"@type":"WebSite","@id":"https:\/\/www.asajacyl.com\/soria\/#website","url":"https:\/\/www.asajacyl.com\/soria\/","name":"ASAJA Soria","description":"Otro sitio m\u00e1s de Provincias ASAJA Castilla y Le\u00f3n","potentialAction":[{"@type":"SearchAction","target":{"@type":"EntryPoint","urlTemplate":"https:\/\/www.asajacyl.com\/soria\/?s={search_term_string}"},"query-input":{"@type":"PropertyValueSpecification","valueRequired":true,"valueName":"search_term_string"}}],"inLanguage":"es"},{"@type":"Person","@id":"https:\/\/www.asajacyl.com\/soria\/#\/schema\/person\/fd3081c40255119ce8133b87e6aedfab","name":"Juan Ignacio Prieto Nieto","image":{"@type":"ImageObject","inLanguage":"es","@id":"https:\/\/www.asajacyl.com\/soria\/#\/schema\/person\/image\/","url":"https:\/\/secure.gravatar.com\/avatar\/8266b36e4d9001acb4700699a2468dc8?s=96&d=mm&r=g","contentUrl":"https:\/\/secure.gravatar.com\/avatar\/8266b36e4d9001acb4700699a2468dc8?s=96&d=mm&r=g","caption":"Juan Ignacio Prieto Nieto"},"url":"https:\/\/www.asajacyl.com\/soria\/author\/juanfranciscoby"}]}},"_links":{"self":[{"href":"https:\/\/www.asajacyl.com\/soria\/wp-json\/wp\/v2\/posts\/7080"}],"collection":[{"href":"https:\/\/www.asajacyl.com\/soria\/wp-json\/wp\/v2\/posts"}],"about":[{"href":"https:\/\/www.asajacyl.com\/soria\/wp-json\/wp\/v2\/types\/post"}],"author":[{"embeddable":true,"href":"https:\/\/www.asajacyl.com\/soria\/wp-json\/wp\/v2\/users\/12"}],"replies":[{"embeddable":true,"href":"https:\/\/www.asajacyl.com\/soria\/wp-json\/wp\/v2\/comments?post=7080"}],"version-history":[{"count":14,"href":"https:\/\/www.asajacyl.com\/soria\/wp-json\/wp\/v2\/posts\/7080\/revisions"}],"predecessor-version":[{"id":7121,"href":"https:\/\/www.asajacyl.com\/soria\/wp-json\/wp\/v2\/posts\/7080\/revisions\/7121"}],"wp:featuredmedia":[{"embeddable":true,"href":"https:\/\/www.asajacyl.com\/soria\/wp-json\/wp\/v2\/media\/7119"}],"wp:attachment":[{"href":"https:\/\/www.asajacyl.com\/soria\/wp-json\/wp\/v2\/media?parent=7080"}],"wp:term":[{"taxonomy":"category","embeddable":true,"href":"https:\/\/www.asajacyl.com\/soria\/wp-json\/wp\/v2\/categories?post=7080"},{"taxonomy":"post_tag","embeddable":true,"href":"https:\/\/www.asajacyl.com\/soria\/wp-json\/wp\/v2\/tags?post=7080"}],"curies":[{"name":"wp","href":"https:\/\/api.w.org\/{rel}","templated":true}]}}