{"id":7088,"date":"2023-08-25T11:37:59","date_gmt":"2023-08-25T09:37:59","guid":{"rendered":"https:\/\/www.asajacyl.com\/soria\/?p=7088"},"modified":"2023-08-25T11:38:04","modified_gmt":"2023-08-25T09:38:04","slug":"llego-la-hora-de-los-lamentos","status":"publish","type":"post","link":"https:\/\/www.asajacyl.com\/soria\/asaja-soria-informa\/llego-la-hora-de-los-lamentos","title":{"rendered":"Lleg\u00f3 la hora de los lamentos"},"content":{"rendered":"\n\n\n<p>En todos los territorios existen cosas de las que enorgullecerse y otras de la que avergonzarse. En esta bendita provincia, como en todas, de todo hay, y una de esas cosas que nos enorgullece es nuestra singular mantequilla, reconocida y exitosa all\u00ed donde se llega a dar a conocer, porque por desgracia no puede alcanzar muy lejos dada su escasa y menguante producci\u00f3n. En Espa\u00f1a tan s\u00f3lo nuestra Mantequilla de Soria y otra, la de L\u2019Alt Urgell y la Cerdanya, cuentan con el distintivo de Denominaci\u00f3n Origen Protegida, dentro de la UE.<\/p>\n<p>El 2 de agosto el BOCyL hac\u00eda p\u00fablica la nueva representaci\u00f3n oficial de la D.O Mantequilla de Soria, tras los comicios celebrados recientemente, y que recaer\u00e1 en D\u00f1a. Roc\u00edo Mart\u00ednez, de Mantequer\u00edas York, a la que deseamos suerte y \u00e9xito en el desempe\u00f1o del cargo, y a la que ofrezco toda mi colaboraci\u00f3n. Esperemos no estar ante la \u00faltima presidencia de la D.O.<\/p>\n<p>Decimos esto \u00faltimo porque la producci\u00f3n de la mantequilla de la D.O est\u00e1 directamente ligada a la producci\u00f3n lechera dentro de nuestra provincia, una provincia en la que hemos pasado en las \u00faltimas d\u00e9cadas de m\u00e1s de 5.000 vacas de orde\u00f1o a tan solo unas 150 de la actualidad. Fueron aquellas vacas las que forjaron la tradici\u00f3n singular de nuestra mantequilla y fueron los ganaderos, elaboradores y comercializadoras -un poco m\u00e1s tarde- los que por 2004 alcanzaron el reconocimiento para este prodigio singular de nuestra mantequilla, natural, salada o dulce, todas de 10.<\/p>\n<p>Hoy, dolorosamente, en los medios de comunicaci\u00f3n aparece el fundado lamento de la nueva presidenta al referirse a que los productores valoran renunciar a la Denominaci\u00f3n de Origen Mantequilla de Soria.<\/p>\n<p>Para los amantes del rom\u00e1ntico kil\u00f3metro cero, hemos de decir que pr\u00e1cticamente la totalidad de la leche que tomamos en Soria es importada, bien de otras comunidades aut\u00f3nomas o incluso de otros pa\u00edses. A estos rom\u00e1nticos que se manifestaban contra el proyecto de la granja de Noviercas, aplaudidos por algunas de estas comunidades, les invitamos a poner peque\u00f1as explotaciones de vacas de orde\u00f1o para salvar la Denominaci\u00f3n de Origen. Tienen las puertas abiertas de ASAJA para ayudarles en su instalaci\u00f3n como ganaderos j\u00f3venes o no tan j\u00f3venes. Ya les hemos invitado otras veces, pero como dice la nueva presidenta de la D.O tal vez prefieran ser \u201cyoutubers\u201d. \u00a0Por eso precisamente estamos deseosos de que alguien quiera crear una granja de orde\u00f1o en Soria, aunque de momento la \u00fanica que se ha querido instalar, la del Valle de Odieta, ha sido continua y vergonzosamente torpedeada y acosada.<\/p>\n<p>Ya lleg\u00f3 la hora de las lamentaciones, la de la realidad ineludible, la de valorar perder una muestra m\u00e1s de nuestra identidad como sorianos para poder seguir avanzando. No s\u00e9 si en Catalu\u00f1a, la tierra de la otra D.O de Mantequilla, dan valor a esto. No me adentrar\u00e9 m\u00e1s en este jard\u00edn; no hace falta.<\/p>\n<p>Renunciar a proyectos, como la D.O, o a las granjas que quieran instalarse, tiene un precio y en esta tierra se paga caro, m\u00e1s que en otras, y como siempre el precio lo pagar\u00e1n sobre todo aquellos sorianos que ahora comienzan a ser o aquellos que a\u00fan est\u00e1n por venir. Como digo, en todas partes hay cosas de las que enorgullecerse y otras de las que avergonzarse.<\/p>\n<p>ANA PASTOR SORIA<\/p>\n<p>Presidenta de ASAJA Soria<\/p>\n<p style=\"text-align: center\"><em>\u00a0 \u00a0 \u00a0 \u00a0 \u00a0 \u00a0 \u00a0 \u00a0 \u00a0 \u00a0 \u00a0 \u00a0 \u00a0 \u00a0 \u00a0 \u00a0 \u00a0 \u00a0 \u00a0 \u00a0 \u00a0 \u00a0 \u00a0 \u00a0 \u00a0 \u00a0 \u00a0 \u00a0 \u00a0 \u00a0 \u00a0 \u00a0 \u00a0 \u00a0 \u00a0 \u00a0 \u00a0 \u00a0 \u00a0 <\/em><\/p>\n","protected":false},"excerpt":{"rendered":"<p>En todos los territorios existen cosas de las que enorgullecerse y otras de la que avergonzarse. En esta bendita provincia, como en todas, de todo hay, y una de esas cosas que nos enorgullece es nuestra singular mantequilla, reconocida y exitosa all\u00ed donde se llega a dar a conocer, porque por desgracia no puede alcanzar [&hellip;]<\/p>\n","protected":false},"author":12,"featured_media":7089,"comment_status":"open","ping_status":"open","sticky":false,"template":"","format":"standard","meta":{"footnotes":""},"categories":[10,28],"tags":[],"yoast_head":"<!-- This site is optimized with the Yoast SEO plugin v24.5 - https:\/\/yoast.com\/wordpress\/plugins\/seo\/ -->\n<title>Lleg\u00f3 la hora de los lamentos - ASAJA Soria<\/title>\n<meta name=\"description\" content=\"En todos los territorios existen cosas de las que enorgullecerse y otras de la que avergonzarse. En esta bendita provincia, como en todas, de todo hay, y\" \/>\n<meta name=\"robots\" content=\"index, follow, max-snippet:-1, max-image-preview:large, max-video-preview:-1\" \/>\n<link rel=\"canonical\" href=\"https:\/\/www.asajacyl.com\/soria\/asaja-soria-informa\/llego-la-hora-de-los-lamentos\" \/>\n<meta property=\"og:locale\" content=\"es_ES\" \/>\n<meta property=\"og:type\" content=\"article\" \/>\n<meta property=\"og:title\" content=\"Lleg\u00f3 la hora de los lamentos - ASAJA Soria\" \/>\n<meta property=\"og:description\" content=\"En todos los territorios existen cosas de las que enorgullecerse y otras de la que avergonzarse. En esta bendita provincia, como en todas, de todo hay, y\" \/>\n<meta property=\"og:url\" content=\"https:\/\/www.asajacyl.com\/soria\/asaja-soria-informa\/llego-la-hora-de-los-lamentos\" \/>\n<meta property=\"og:site_name\" content=\"ASAJA Soria\" \/>\n<meta property=\"article:published_time\" content=\"2023-08-25T09:37:59+00:00\" \/>\n<meta property=\"article:modified_time\" content=\"2023-08-25T09:38:04+00:00\" \/>\n<meta property=\"og:image\" content=\"https:\/\/www.asajacyl.com\/soria\/wp-content\/uploads\/sites\/9\/2023\/08\/mantequilla.jpg\" \/>\n\t<meta property=\"og:image:width\" content=\"1000\" \/>\n\t<meta property=\"og:image:height\" content=\"588\" \/>\n\t<meta property=\"og:image:type\" content=\"image\/jpeg\" \/>\n<meta name=\"author\" content=\"Juan Ignacio Prieto Nieto\" \/>\n<meta name=\"twitter:card\" content=\"summary_large_image\" \/>\n<meta name=\"twitter:label1\" content=\"Escrito por\" \/>\n\t<meta name=\"twitter:data1\" content=\"Juan Ignacio Prieto Nieto\" \/>\n\t<meta name=\"twitter:label2\" content=\"Tiempo de lectura\" \/>\n\t<meta name=\"twitter:data2\" content=\"3 minutos\" \/>\n<script type=\"application\/ld+json\" class=\"yoast-schema-graph\">{\"@context\":\"https:\/\/schema.org\",\"@graph\":[{\"@type\":\"WebPage\",\"@id\":\"https:\/\/www.asajacyl.com\/soria\/asaja-soria-informa\/llego-la-hora-de-los-lamentos\",\"url\":\"https:\/\/www.asajacyl.com\/soria\/asaja-soria-informa\/llego-la-hora-de-los-lamentos\",\"name\":\"Lleg\u00f3 la hora de los lamentos - ASAJA Soria\",\"isPartOf\":{\"@id\":\"https:\/\/www.asajacyl.com\/soria\/#website\"},\"primaryImageOfPage\":{\"@id\":\"https:\/\/www.asajacyl.com\/soria\/asaja-soria-informa\/llego-la-hora-de-los-lamentos#primaryimage\"},\"image\":{\"@id\":\"https:\/\/www.asajacyl.com\/soria\/asaja-soria-informa\/llego-la-hora-de-los-lamentos#primaryimage\"},\"thumbnailUrl\":\"https:\/\/www.asajacyl.com\/soria\/wp-content\/uploads\/sites\/9\/2023\/08\/mantequilla.jpg\",\"datePublished\":\"2023-08-25T09:37:59+00:00\",\"dateModified\":\"2023-08-25T09:38:04+00:00\",\"author\":{\"@id\":\"https:\/\/www.asajacyl.com\/soria\/#\/schema\/person\/fd3081c40255119ce8133b87e6aedfab\"},\"description\":\"En todos los territorios existen cosas de las que enorgullecerse y otras de la que avergonzarse. En esta bendita provincia, como en todas, de todo hay, y\",\"breadcrumb\":{\"@id\":\"https:\/\/www.asajacyl.com\/soria\/asaja-soria-informa\/llego-la-hora-de-los-lamentos#breadcrumb\"},\"inLanguage\":\"es\",\"potentialAction\":[{\"@type\":\"ReadAction\",\"target\":[\"https:\/\/www.asajacyl.com\/soria\/asaja-soria-informa\/llego-la-hora-de-los-lamentos\"]}]},{\"@type\":\"ImageObject\",\"inLanguage\":\"es\",\"@id\":\"https:\/\/www.asajacyl.com\/soria\/asaja-soria-informa\/llego-la-hora-de-los-lamentos#primaryimage\",\"url\":\"https:\/\/www.asajacyl.com\/soria\/wp-content\/uploads\/sites\/9\/2023\/08\/mantequilla.jpg\",\"contentUrl\":\"https:\/\/www.asajacyl.com\/soria\/wp-content\/uploads\/sites\/9\/2023\/08\/mantequilla.jpg\",\"width\":1000,\"height\":588},{\"@type\":\"BreadcrumbList\",\"@id\":\"https:\/\/www.asajacyl.com\/soria\/asaja-soria-informa\/llego-la-hora-de-los-lamentos#breadcrumb\",\"itemListElement\":[{\"@type\":\"ListItem\",\"position\":1,\"name\":\"Portada\",\"item\":\"https:\/\/www.asajacyl.com\/soria\/\"},{\"@type\":\"ListItem\",\"position\":2,\"name\":\"Lleg\u00f3 la hora de los lamentos\"}]},{\"@type\":\"WebSite\",\"@id\":\"https:\/\/www.asajacyl.com\/soria\/#website\",\"url\":\"https:\/\/www.asajacyl.com\/soria\/\",\"name\":\"ASAJA Soria\",\"description\":\"Otro sitio m\u00e1s de Provincias ASAJA Castilla y Le\u00f3n\",\"potentialAction\":[{\"@type\":\"SearchAction\",\"target\":{\"@type\":\"EntryPoint\",\"urlTemplate\":\"https:\/\/www.asajacyl.com\/soria\/?s={search_term_string}\"},\"query-input\":{\"@type\":\"PropertyValueSpecification\",\"valueRequired\":true,\"valueName\":\"search_term_string\"}}],\"inLanguage\":\"es\"},{\"@type\":\"Person\",\"@id\":\"https:\/\/www.asajacyl.com\/soria\/#\/schema\/person\/fd3081c40255119ce8133b87e6aedfab\",\"name\":\"Juan Ignacio Prieto Nieto\",\"image\":{\"@type\":\"ImageObject\",\"inLanguage\":\"es\",\"@id\":\"https:\/\/www.asajacyl.com\/soria\/#\/schema\/person\/image\/\",\"url\":\"https:\/\/secure.gravatar.com\/avatar\/8266b36e4d9001acb4700699a2468dc8?s=96&d=mm&r=g\",\"contentUrl\":\"https:\/\/secure.gravatar.com\/avatar\/8266b36e4d9001acb4700699a2468dc8?s=96&d=mm&r=g\",\"caption\":\"Juan Ignacio Prieto Nieto\"},\"url\":\"https:\/\/www.asajacyl.com\/soria\/author\/juanfranciscoby\"}]}<\/script>\n<!-- \/ Yoast SEO plugin. -->","yoast_head_json":{"title":"Lleg\u00f3 la hora de los lamentos - ASAJA Soria","description":"En todos los territorios existen cosas de las que enorgullecerse y otras de la que avergonzarse. En esta bendita provincia, como en todas, de todo hay, y","robots":{"index":"index","follow":"follow","max-snippet":"max-snippet:-1","max-image-preview":"max-image-preview:large","max-video-preview":"max-video-preview:-1"},"canonical":"https:\/\/www.asajacyl.com\/soria\/asaja-soria-informa\/llego-la-hora-de-los-lamentos","og_locale":"es_ES","og_type":"article","og_title":"Lleg\u00f3 la hora de los lamentos - ASAJA Soria","og_description":"En todos los territorios existen cosas de las que enorgullecerse y otras de la que avergonzarse. En esta bendita provincia, como en todas, de todo hay, y","og_url":"https:\/\/www.asajacyl.com\/soria\/asaja-soria-informa\/llego-la-hora-de-los-lamentos","og_site_name":"ASAJA Soria","article_published_time":"2023-08-25T09:37:59+00:00","article_modified_time":"2023-08-25T09:38:04+00:00","og_image":[{"width":1000,"height":588,"url":"https:\/\/www.asajacyl.com\/soria\/wp-content\/uploads\/sites\/9\/2023\/08\/mantequilla.jpg","type":"image\/jpeg"}],"author":"Juan Ignacio Prieto Nieto","twitter_card":"summary_large_image","twitter_misc":{"Escrito por":"Juan Ignacio Prieto Nieto","Tiempo de lectura":"3 minutos"},"schema":{"@context":"https:\/\/schema.org","@graph":[{"@type":"WebPage","@id":"https:\/\/www.asajacyl.com\/soria\/asaja-soria-informa\/llego-la-hora-de-los-lamentos","url":"https:\/\/www.asajacyl.com\/soria\/asaja-soria-informa\/llego-la-hora-de-los-lamentos","name":"Lleg\u00f3 la hora de los lamentos - ASAJA Soria","isPartOf":{"@id":"https:\/\/www.asajacyl.com\/soria\/#website"},"primaryImageOfPage":{"@id":"https:\/\/www.asajacyl.com\/soria\/asaja-soria-informa\/llego-la-hora-de-los-lamentos#primaryimage"},"image":{"@id":"https:\/\/www.asajacyl.com\/soria\/asaja-soria-informa\/llego-la-hora-de-los-lamentos#primaryimage"},"thumbnailUrl":"https:\/\/www.asajacyl.com\/soria\/wp-content\/uploads\/sites\/9\/2023\/08\/mantequilla.jpg","datePublished":"2023-08-25T09:37:59+00:00","dateModified":"2023-08-25T09:38:04+00:00","author":{"@id":"https:\/\/www.asajacyl.com\/soria\/#\/schema\/person\/fd3081c40255119ce8133b87e6aedfab"},"description":"En todos los territorios existen cosas de las que enorgullecerse y otras de la que avergonzarse. En esta bendita provincia, como en todas, de todo hay, y","breadcrumb":{"@id":"https:\/\/www.asajacyl.com\/soria\/asaja-soria-informa\/llego-la-hora-de-los-lamentos#breadcrumb"},"inLanguage":"es","potentialAction":[{"@type":"ReadAction","target":["https:\/\/www.asajacyl.com\/soria\/asaja-soria-informa\/llego-la-hora-de-los-lamentos"]}]},{"@type":"ImageObject","inLanguage":"es","@id":"https:\/\/www.asajacyl.com\/soria\/asaja-soria-informa\/llego-la-hora-de-los-lamentos#primaryimage","url":"https:\/\/www.asajacyl.com\/soria\/wp-content\/uploads\/sites\/9\/2023\/08\/mantequilla.jpg","contentUrl":"https:\/\/www.asajacyl.com\/soria\/wp-content\/uploads\/sites\/9\/2023\/08\/mantequilla.jpg","width":1000,"height":588},{"@type":"BreadcrumbList","@id":"https:\/\/www.asajacyl.com\/soria\/asaja-soria-informa\/llego-la-hora-de-los-lamentos#breadcrumb","itemListElement":[{"@type":"ListItem","position":1,"name":"Portada","item":"https:\/\/www.asajacyl.com\/soria\/"},{"@type":"ListItem","position":2,"name":"Lleg\u00f3 la hora de los lamentos"}]},{"@type":"WebSite","@id":"https:\/\/www.asajacyl.com\/soria\/#website","url":"https:\/\/www.asajacyl.com\/soria\/","name":"ASAJA Soria","description":"Otro sitio m\u00e1s de Provincias ASAJA Castilla y Le\u00f3n","potentialAction":[{"@type":"SearchAction","target":{"@type":"EntryPoint","urlTemplate":"https:\/\/www.asajacyl.com\/soria\/?s={search_term_string}"},"query-input":{"@type":"PropertyValueSpecification","valueRequired":true,"valueName":"search_term_string"}}],"inLanguage":"es"},{"@type":"Person","@id":"https:\/\/www.asajacyl.com\/soria\/#\/schema\/person\/fd3081c40255119ce8133b87e6aedfab","name":"Juan Ignacio Prieto Nieto","image":{"@type":"ImageObject","inLanguage":"es","@id":"https:\/\/www.asajacyl.com\/soria\/#\/schema\/person\/image\/","url":"https:\/\/secure.gravatar.com\/avatar\/8266b36e4d9001acb4700699a2468dc8?s=96&d=mm&r=g","contentUrl":"https:\/\/secure.gravatar.com\/avatar\/8266b36e4d9001acb4700699a2468dc8?s=96&d=mm&r=g","caption":"Juan Ignacio Prieto Nieto"},"url":"https:\/\/www.asajacyl.com\/soria\/author\/juanfranciscoby"}]}},"_links":{"self":[{"href":"https:\/\/www.asajacyl.com\/soria\/wp-json\/wp\/v2\/posts\/7088"}],"collection":[{"href":"https:\/\/www.asajacyl.com\/soria\/wp-json\/wp\/v2\/posts"}],"about":[{"href":"https:\/\/www.asajacyl.com\/soria\/wp-json\/wp\/v2\/types\/post"}],"author":[{"embeddable":true,"href":"https:\/\/www.asajacyl.com\/soria\/wp-json\/wp\/v2\/users\/12"}],"replies":[{"embeddable":true,"href":"https:\/\/www.asajacyl.com\/soria\/wp-json\/wp\/v2\/comments?post=7088"}],"version-history":[{"count":7,"href":"https:\/\/www.asajacyl.com\/soria\/wp-json\/wp\/v2\/posts\/7088\/revisions"}],"predecessor-version":[{"id":7098,"href":"https:\/\/www.asajacyl.com\/soria\/wp-json\/wp\/v2\/posts\/7088\/revisions\/7098"}],"wp:featuredmedia":[{"embeddable":true,"href":"https:\/\/www.asajacyl.com\/soria\/wp-json\/wp\/v2\/media\/7089"}],"wp:attachment":[{"href":"https:\/\/www.asajacyl.com\/soria\/wp-json\/wp\/v2\/media?parent=7088"}],"wp:term":[{"taxonomy":"category","embeddable":true,"href":"https:\/\/www.asajacyl.com\/soria\/wp-json\/wp\/v2\/categories?post=7088"},{"taxonomy":"post_tag","embeddable":true,"href":"https:\/\/www.asajacyl.com\/soria\/wp-json\/wp\/v2\/tags?post=7088"}],"curies":[{"name":"wp","href":"https:\/\/api.w.org\/{rel}","templated":true}]}}