{"id":7172,"date":"2023-08-25T11:33:54","date_gmt":"2023-08-25T09:33:54","guid":{"rendered":"https:\/\/www.asajacyl.com\/soria\/?p=7172"},"modified":"2023-08-25T11:33:56","modified_gmt":"2023-08-25T09:33:56","slug":"asaja-pide-a-las-administraciones-que-refuercen-con-financiacion-el-sistema-de-seguros-agrarios-tras-varias-malas-cosechas-por-la-sequia","status":"publish","type":"post","link":"https:\/\/www.asajacyl.com\/soria\/asaja-soria-informa\/asaja-pide-a-las-administraciones-que-refuercen-con-financiacion-el-sistema-de-seguros-agrarios-tras-varias-malas-cosechas-por-la-sequia","title":{"rendered":"ASAJA pide a las administraciones que refuercen con financiaci\u00f3n el sistema de seguros agrarios tras varias malas cosechas por la sequ\u00eda"},"content":{"rendered":"\n<h2><strong>La OPA teme que las subidas en las p\u00f3lizas anunciadas por Agroseguro frenen el cada vez m\u00e1s imprescindible aseguramiento de las explotaciones<\/strong><\/h2>\n<p>La decisi\u00f3n de Agroseguro de aplicar importantes subidas en las tasas de seguro de cultivos herb\u00e1ceos ha encendido las alarmas en la agricultura de todo el pa\u00eds y especialmente en la de Castilla y Le\u00f3n, que es la comunidad aut\u00f3noma con m\u00e1s superficie asegurada. A pesar de la oposici\u00f3n del sector y de las comunidades aut\u00f3nomas, el Plan 2023 entrar\u00e1 en vigor para la pr\u00f3xima campa\u00f1a de contrataci\u00f3n, que se iniciar\u00e1 este oto\u00f1o, dado que Agroseguro cont\u00f3 para su aprobaci\u00f3n con el respaldo de ENESA, el Consorcio de Compensaci\u00f3n de Seguros y la Direcci\u00f3n General de Seguros.<\/p>\n<p>La Junta Directiva de ASAJA Castilla y Le\u00f3n -reunida el viernes 18 de agosto en Valladolid y en la que ha estado la presidenta de ASAJA Soria, Ana Pastor,- ha analizado el impacto que esta revisi\u00f3n tendr\u00e1 para las tarifas del seguro de herb\u00e1ceos extensivos de Castilla y Le\u00f3n, que supondr\u00e1 una subida media del 35% (pasando de 22\u20ac\/Ha a 30 \u20ac\/Ha). Aunque, como advierte ASAJA, \u201clas medias son enga\u00f1osas, puesto que, mientras en unas pocas comarcas no subir\u00e1n nada, en otras comarcas de Castilla y Le\u00f3n los incrementos superar\u00e1n el 100%\u201d.<\/p>\n<p>El motivo que aduce Agroseguro es que en determinadas comarcas las tasas actuales son insuficientes para cubrir un riesgo como la sequ\u00eda, que incide cada vez con mayor frecuencia e intensidad y en zonas muy extensas. ASAJA argumenta que, si bien es cierto que esta \u00faltima campa\u00f1a se han multiplicado las indemnizaciones, \u201cel agricultor es v\u00edctima y no culpable de tener que dar partes por sequ\u00eda. Y en muchos casos las mayores subidas que se quieren aplicar son en comarcas en las que los agricultores ten\u00edan ya muy dif\u00edcil asumir el coste del seguro\u201d.<\/p>\n<p>ASAJA estima que las subidas aprobadas para la pr\u00f3xima contrataci\u00f3n \u201cdeber\u00edan haberse aplicado escalonadamente, y no de golpe un a\u00f1o en el que precisamente el sector est\u00e1 hundido\u201d, tras una p\u00e9sima cosecha y los alt\u00edsimos costes de producci\u00f3n que se tuvieron que asumir, y que obligaron a muchas explotaciones a endeudarse. Tambi\u00e9n hace notar la organizaci\u00f3n agraria la \u201ctriqui\u00f1uela de Agroseguro, al aprovechar la revisi\u00f3n a la baja del Ministerio en los precios de aseguramiento de cereales, girasol y colza, que moment\u00e1neamente aligerar\u00e1 el coste del seguro, pero que significar\u00e1 una menor indemnizaci\u00f3n para el agricultor en caso de siniestro.<\/p>\n<p>Para Donaciano Dujo, presidente regional de ASAJA, \u201clas administraciones tienen dar una respuesta urgente, reforzando con mayor financiaci\u00f3n al seguro agrario. Primero el ministerio de Agricultura, ya que es quiz\u00e1s la principal pol\u00edtica agraria propia de nuestro pa\u00eds. Segundo, la Junta de Castilla y Le\u00f3n, que tiene que ofrecer su cobertura en donde no llegue el apoyo nacional\u201d.<\/p>\n<p>ASAJA pide que la subvenci\u00f3n p\u00fablica al seguro llegue hasta el m\u00e1ximo permitido por Bruselas, el 70%, dando prioridad a los agricultores profesionales, los que viven al cien por cien del campo, para los que \u201csuscribir el seguro es tan imprescindible como tener un tractor. Es un peque\u00f1o colch\u00f3n que, en caso de siniestro, permite seguir produciendo\u201d.<\/p>\n<p>\u00a0<\/p>\n<p><strong>Herb\u00e1ceos Extensivos \/ Impacto revisi\u00f3n de tarifas zonales Plan 2023<\/strong><\/p>\n<p>\u00a0<\/p>\n<table>\n<tbody>\n<tr>\n<td width=\"94\">\n<p>\u00a0<\/p>\n<\/td>\n<td width=\"94\">\n<p>Superficie asegurada<\/p>\n<\/td>\n<td width=\"94\">\n<p>% Subida total secano<\/p>\n<\/td>\n<td width=\"94\">\n<p>Coste \u20ac\/Ha<\/p>\n<\/td>\n<td width=\"94\">\n<p>Diferencia coste \u20ac\/Ha<\/p>\n<\/td>\n<\/tr>\n<tr>\n<td width=\"94\">\n<p><strong>\u00a0<\/strong><\/p>\n<p><strong>Castilla y Le\u00f3n<\/strong><\/p>\n<\/td>\n<td width=\"94\">\n<p>\u00a0<\/p>\n<p>1.009.116<\/p>\n<\/td>\n<td width=\"94\">\n<p>\u00a0<\/p>\n<p>35%<\/p>\n<\/td>\n<td width=\"94\">\n<p>\u00a0<\/p>\n<p>30<\/p>\n<\/td>\n<td width=\"94\">\n<p>\u00a0<\/p>\n<p>8<\/p>\n<\/td>\n<\/tr>\n<tr>\n<td width=\"94\">\n<p><strong>ESPA\u00d1A<\/strong><\/p>\n<\/td>\n<td width=\"94\">\n<p>1.981099<\/p>\n<\/td>\n<td width=\"94\">\n<p>39%<\/p>\n<\/td>\n<td width=\"94\">\n<p>34<\/p>\n<\/td>\n<td width=\"94\">\n<p>10<\/p>\n<\/td>\n<\/tr>\n<\/tbody>\n<\/table>\n<p>\u00a0<\/p>\n<p><strong>Revisi\u00f3n de los precios de aseguramiento de cultivos comparativa 2022 &#8211; Plan 2023 y cotizaci\u00f3n actual en Lonja<\/strong><\/p>\n<p>\u00a0<\/p>\n<table>\n<tbody>\n<tr>\n<td width=\"149\">\n<p>\u00a0<\/p>\n<\/td>\n<td width=\"142\">\n<p>2022<\/p>\n<\/td>\n<td width=\"142\">\n<p>2023<\/p>\n<\/td>\n<td width=\"132\">\n<p>Precios en lonja*<\/p>\n<\/td>\n<\/tr>\n<tr>\n<td width=\"149\">\n<p><strong>Trigo<\/strong><\/p>\n<\/td>\n<td width=\"142\">\n<p>0,24<\/p>\n<\/td>\n<td width=\"142\">\n<p>0,22<\/p>\n<\/td>\n<td width=\"132\">\n<p>0,24<\/p>\n<\/td>\n<\/tr>\n<tr>\n<td width=\"149\">\n<p><strong>Cebada <\/strong><\/p>\n<p><strong>Avena<\/strong><\/p>\n<p><strong>Centeno<\/strong><\/p>\n<p><strong>Triticale<\/strong><\/p>\n<\/td>\n<td width=\"142\">\n<p>0,21<\/p>\n<\/td>\n<td width=\"142\">\n<p>0,20<\/p>\n<\/td>\n<td width=\"132\">\n<p>0,22<\/p>\n<p>0,30<\/p>\n<p>0,21<\/p>\n<p>0,23<\/p>\n<\/td>\n<\/tr>\n<tr>\n<td width=\"149\">\n<p><strong>Ma\u00edz<\/strong><\/p>\n<\/td>\n<td width=\"142\">\n<p>O,24<\/p>\n<\/td>\n<td width=\"142\">\n<p>0,23<\/p>\n<\/td>\n<td width=\"132\">\n<p>0,24<\/p>\n<\/td>\n<\/tr>\n<tr>\n<td width=\"149\">\n<p><strong>Girasol<\/strong><\/p>\n<p><strong>Girasol Alto Oleico<\/strong><\/p>\n<\/td>\n<td width=\"142\">\n<p>0,41<\/p>\n<p>0,43<\/p>\n<\/td>\n<td width=\"142\">\n<p>0,39<\/p>\n<p>0,41<\/p>\n<\/td>\n<td width=\"132\">\n<p>0,43<\/p>\n<p>0,45<\/p>\n<\/td>\n<\/tr>\n<\/tbody>\n<\/table>\n<p>\u00a0<\/p>\n<p>*Precios en lonja sobre las cotizaciones actuales de la Lonja de Le\u00f3n (cereales y ma\u00edz) y Lonja andaluzas (girasol)<\/p>\n<p>\u00a0<\/p>\n<p>\u00a0<\/p>\n<p>\u00a0<\/p>\n","protected":false},"excerpt":{"rendered":"<p>La OPA teme que las subidas en las p\u00f3lizas anunciadas por Agroseguro frenen el cada vez m\u00e1s imprescindible aseguramiento de las explotaciones La decisi\u00f3n de Agroseguro de aplicar importantes subidas en las tasas de seguro de cultivos herb\u00e1ceos ha encendido las alarmas en la agricultura de todo el pa\u00eds y especialmente en la de Castilla [&hellip;]<\/p>\n","protected":false},"author":12,"featured_media":7173,"comment_status":"open","ping_status":"open","sticky":false,"template":"","format":"standard","meta":{"footnotes":""},"categories":[10,25],"tags":[],"yoast_head":"<!-- This site is optimized with the Yoast SEO plugin v24.5 - https:\/\/yoast.com\/wordpress\/plugins\/seo\/ -->\n<title>ASAJA pide a las administraciones que refuercen con financiaci\u00f3n el sistema de seguros agrarios tras varias malas cosechas por la sequ\u00eda - ASAJA Soria<\/title>\n<meta name=\"description\" content=\"La OPA teme que las subidas en las p\u00f3lizas anunciadas por Agroseguro frenen el cada vez m\u00e1s imprescindible aseguramiento de las explotaciones La decisi\u00f3n\" \/>\n<meta name=\"robots\" content=\"index, follow, max-snippet:-1, max-image-preview:large, max-video-preview:-1\" \/>\n<link rel=\"canonical\" href=\"https:\/\/www.asajacyl.com\/soria\/asaja-soria-informa\/asaja-pide-a-las-administraciones-que-refuercen-con-financiacion-el-sistema-de-seguros-agrarios-tras-varias-malas-cosechas-por-la-sequia\" \/>\n<meta property=\"og:locale\" content=\"es_ES\" \/>\n<meta property=\"og:type\" content=\"article\" \/>\n<meta property=\"og:title\" content=\"ASAJA pide a las administraciones que refuercen con financiaci\u00f3n el sistema de seguros agrarios tras varias malas cosechas por la sequ\u00eda - ASAJA Soria\" \/>\n<meta property=\"og:description\" content=\"La OPA teme que las subidas en las p\u00f3lizas anunciadas por Agroseguro frenen el cada vez m\u00e1s imprescindible aseguramiento de las explotaciones La decisi\u00f3n\" \/>\n<meta property=\"og:url\" content=\"https:\/\/www.asajacyl.com\/soria\/asaja-soria-informa\/asaja-pide-a-las-administraciones-que-refuercen-con-financiacion-el-sistema-de-seguros-agrarios-tras-varias-malas-cosechas-por-la-sequia\" \/>\n<meta property=\"og:site_name\" content=\"ASAJA Soria\" \/>\n<meta property=\"article:published_time\" content=\"2023-08-25T09:33:54+00:00\" \/>\n<meta property=\"article:modified_time\" content=\"2023-08-25T09:33:56+00:00\" \/>\n<meta property=\"og:image\" content=\"https:\/\/www.asajacyl.com\/soria\/wp-content\/uploads\/sites\/9\/2023\/08\/junta-directiva-1.jpg\" \/>\n\t<meta property=\"og:image:width\" content=\"2500\" \/>\n\t<meta property=\"og:image:height\" content=\"1321\" \/>\n\t<meta property=\"og:image:type\" content=\"image\/jpeg\" \/>\n<meta name=\"author\" content=\"Juan Ignacio Prieto Nieto\" \/>\n<meta name=\"twitter:card\" content=\"summary_large_image\" \/>\n<meta name=\"twitter:label1\" content=\"Escrito por\" \/>\n\t<meta name=\"twitter:data1\" content=\"Juan Ignacio Prieto Nieto\" \/>\n\t<meta name=\"twitter:label2\" content=\"Tiempo de lectura\" \/>\n\t<meta name=\"twitter:data2\" content=\"3 minutos\" \/>\n<script type=\"application\/ld+json\" class=\"yoast-schema-graph\">{\"@context\":\"https:\/\/schema.org\",\"@graph\":[{\"@type\":\"WebPage\",\"@id\":\"https:\/\/www.asajacyl.com\/soria\/asaja-soria-informa\/asaja-pide-a-las-administraciones-que-refuercen-con-financiacion-el-sistema-de-seguros-agrarios-tras-varias-malas-cosechas-por-la-sequia\",\"url\":\"https:\/\/www.asajacyl.com\/soria\/asaja-soria-informa\/asaja-pide-a-las-administraciones-que-refuercen-con-financiacion-el-sistema-de-seguros-agrarios-tras-varias-malas-cosechas-por-la-sequia\",\"name\":\"ASAJA pide a las administraciones que refuercen con financiaci\u00f3n el sistema de seguros agrarios tras varias malas cosechas por la sequ\u00eda - ASAJA Soria\",\"isPartOf\":{\"@id\":\"https:\/\/www.asajacyl.com\/soria\/#website\"},\"primaryImageOfPage\":{\"@id\":\"https:\/\/www.asajacyl.com\/soria\/asaja-soria-informa\/asaja-pide-a-las-administraciones-que-refuercen-con-financiacion-el-sistema-de-seguros-agrarios-tras-varias-malas-cosechas-por-la-sequia#primaryimage\"},\"image\":{\"@id\":\"https:\/\/www.asajacyl.com\/soria\/asaja-soria-informa\/asaja-pide-a-las-administraciones-que-refuercen-con-financiacion-el-sistema-de-seguros-agrarios-tras-varias-malas-cosechas-por-la-sequia#primaryimage\"},\"thumbnailUrl\":\"https:\/\/www.asajacyl.com\/soria\/wp-content\/uploads\/sites\/9\/2023\/08\/junta-directiva-1.jpg\",\"datePublished\":\"2023-08-25T09:33:54+00:00\",\"dateModified\":\"2023-08-25T09:33:56+00:00\",\"author\":{\"@id\":\"https:\/\/www.asajacyl.com\/soria\/#\/schema\/person\/fd3081c40255119ce8133b87e6aedfab\"},\"description\":\"La OPA teme que las subidas en las p\u00f3lizas anunciadas por Agroseguro frenen el cada vez m\u00e1s imprescindible aseguramiento de las explotaciones La decisi\u00f3n\",\"breadcrumb\":{\"@id\":\"https:\/\/www.asajacyl.com\/soria\/asaja-soria-informa\/asaja-pide-a-las-administraciones-que-refuercen-con-financiacion-el-sistema-de-seguros-agrarios-tras-varias-malas-cosechas-por-la-sequia#breadcrumb\"},\"inLanguage\":\"es\",\"potentialAction\":[{\"@type\":\"ReadAction\",\"target\":[\"https:\/\/www.asajacyl.com\/soria\/asaja-soria-informa\/asaja-pide-a-las-administraciones-que-refuercen-con-financiacion-el-sistema-de-seguros-agrarios-tras-varias-malas-cosechas-por-la-sequia\"]}]},{\"@type\":\"ImageObject\",\"inLanguage\":\"es\",\"@id\":\"https:\/\/www.asajacyl.com\/soria\/asaja-soria-informa\/asaja-pide-a-las-administraciones-que-refuercen-con-financiacion-el-sistema-de-seguros-agrarios-tras-varias-malas-cosechas-por-la-sequia#primaryimage\",\"url\":\"https:\/\/www.asajacyl.com\/soria\/wp-content\/uploads\/sites\/9\/2023\/08\/junta-directiva-1.jpg\",\"contentUrl\":\"https:\/\/www.asajacyl.com\/soria\/wp-content\/uploads\/sites\/9\/2023\/08\/junta-directiva-1.jpg\",\"width\":2500,\"height\":1321},{\"@type\":\"BreadcrumbList\",\"@id\":\"https:\/\/www.asajacyl.com\/soria\/asaja-soria-informa\/asaja-pide-a-las-administraciones-que-refuercen-con-financiacion-el-sistema-de-seguros-agrarios-tras-varias-malas-cosechas-por-la-sequia#breadcrumb\",\"itemListElement\":[{\"@type\":\"ListItem\",\"position\":1,\"name\":\"Portada\",\"item\":\"https:\/\/www.asajacyl.com\/soria\/\"},{\"@type\":\"ListItem\",\"position\":2,\"name\":\"ASAJA pide a las administraciones que refuercen con financiaci\u00f3n el sistema de seguros agrarios tras varias malas cosechas por la sequ\u00eda\"}]},{\"@type\":\"WebSite\",\"@id\":\"https:\/\/www.asajacyl.com\/soria\/#website\",\"url\":\"https:\/\/www.asajacyl.com\/soria\/\",\"name\":\"ASAJA Soria\",\"description\":\"Otro sitio m\u00e1s de Provincias ASAJA Castilla y Le\u00f3n\",\"potentialAction\":[{\"@type\":\"SearchAction\",\"target\":{\"@type\":\"EntryPoint\",\"urlTemplate\":\"https:\/\/www.asajacyl.com\/soria\/?s={search_term_string}\"},\"query-input\":{\"@type\":\"PropertyValueSpecification\",\"valueRequired\":true,\"valueName\":\"search_term_string\"}}],\"inLanguage\":\"es\"},{\"@type\":\"Person\",\"@id\":\"https:\/\/www.asajacyl.com\/soria\/#\/schema\/person\/fd3081c40255119ce8133b87e6aedfab\",\"name\":\"Juan Ignacio Prieto Nieto\",\"image\":{\"@type\":\"ImageObject\",\"inLanguage\":\"es\",\"@id\":\"https:\/\/www.asajacyl.com\/soria\/#\/schema\/person\/image\/\",\"url\":\"https:\/\/secure.gravatar.com\/avatar\/8266b36e4d9001acb4700699a2468dc8?s=96&d=mm&r=g\",\"contentUrl\":\"https:\/\/secure.gravatar.com\/avatar\/8266b36e4d9001acb4700699a2468dc8?s=96&d=mm&r=g\",\"caption\":\"Juan Ignacio Prieto Nieto\"},\"url\":\"https:\/\/www.asajacyl.com\/soria\/author\/juanfranciscoby\"}]}<\/script>\n<!-- \/ Yoast SEO plugin. -->","yoast_head_json":{"title":"ASAJA pide a las administraciones que refuercen con financiaci\u00f3n el sistema de seguros agrarios tras varias malas cosechas por la sequ\u00eda - ASAJA Soria","description":"La OPA teme que las subidas en las p\u00f3lizas anunciadas por Agroseguro frenen el cada vez m\u00e1s imprescindible aseguramiento de las explotaciones La decisi\u00f3n","robots":{"index":"index","follow":"follow","max-snippet":"max-snippet:-1","max-image-preview":"max-image-preview:large","max-video-preview":"max-video-preview:-1"},"canonical":"https:\/\/www.asajacyl.com\/soria\/asaja-soria-informa\/asaja-pide-a-las-administraciones-que-refuercen-con-financiacion-el-sistema-de-seguros-agrarios-tras-varias-malas-cosechas-por-la-sequia","og_locale":"es_ES","og_type":"article","og_title":"ASAJA pide a las administraciones que refuercen con financiaci\u00f3n el sistema de seguros agrarios tras varias malas cosechas por la sequ\u00eda - ASAJA Soria","og_description":"La OPA teme que las subidas en las p\u00f3lizas anunciadas por Agroseguro frenen el cada vez m\u00e1s imprescindible aseguramiento de las explotaciones La decisi\u00f3n","og_url":"https:\/\/www.asajacyl.com\/soria\/asaja-soria-informa\/asaja-pide-a-las-administraciones-que-refuercen-con-financiacion-el-sistema-de-seguros-agrarios-tras-varias-malas-cosechas-por-la-sequia","og_site_name":"ASAJA Soria","article_published_time":"2023-08-25T09:33:54+00:00","article_modified_time":"2023-08-25T09:33:56+00:00","og_image":[{"width":2500,"height":1321,"url":"https:\/\/www.asajacyl.com\/soria\/wp-content\/uploads\/sites\/9\/2023\/08\/junta-directiva-1.jpg","type":"image\/jpeg"}],"author":"Juan Ignacio Prieto Nieto","twitter_card":"summary_large_image","twitter_misc":{"Escrito por":"Juan Ignacio Prieto Nieto","Tiempo de lectura":"3 minutos"},"schema":{"@context":"https:\/\/schema.org","@graph":[{"@type":"WebPage","@id":"https:\/\/www.asajacyl.com\/soria\/asaja-soria-informa\/asaja-pide-a-las-administraciones-que-refuercen-con-financiacion-el-sistema-de-seguros-agrarios-tras-varias-malas-cosechas-por-la-sequia","url":"https:\/\/www.asajacyl.com\/soria\/asaja-soria-informa\/asaja-pide-a-las-administraciones-que-refuercen-con-financiacion-el-sistema-de-seguros-agrarios-tras-varias-malas-cosechas-por-la-sequia","name":"ASAJA pide a las administraciones que refuercen con financiaci\u00f3n el sistema de seguros agrarios tras varias malas cosechas por la sequ\u00eda - ASAJA Soria","isPartOf":{"@id":"https:\/\/www.asajacyl.com\/soria\/#website"},"primaryImageOfPage":{"@id":"https:\/\/www.asajacyl.com\/soria\/asaja-soria-informa\/asaja-pide-a-las-administraciones-que-refuercen-con-financiacion-el-sistema-de-seguros-agrarios-tras-varias-malas-cosechas-por-la-sequia#primaryimage"},"image":{"@id":"https:\/\/www.asajacyl.com\/soria\/asaja-soria-informa\/asaja-pide-a-las-administraciones-que-refuercen-con-financiacion-el-sistema-de-seguros-agrarios-tras-varias-malas-cosechas-por-la-sequia#primaryimage"},"thumbnailUrl":"https:\/\/www.asajacyl.com\/soria\/wp-content\/uploads\/sites\/9\/2023\/08\/junta-directiva-1.jpg","datePublished":"2023-08-25T09:33:54+00:00","dateModified":"2023-08-25T09:33:56+00:00","author":{"@id":"https:\/\/www.asajacyl.com\/soria\/#\/schema\/person\/fd3081c40255119ce8133b87e6aedfab"},"description":"La OPA teme que las subidas en las p\u00f3lizas anunciadas por Agroseguro frenen el cada vez m\u00e1s imprescindible aseguramiento de las explotaciones La decisi\u00f3n","breadcrumb":{"@id":"https:\/\/www.asajacyl.com\/soria\/asaja-soria-informa\/asaja-pide-a-las-administraciones-que-refuercen-con-financiacion-el-sistema-de-seguros-agrarios-tras-varias-malas-cosechas-por-la-sequia#breadcrumb"},"inLanguage":"es","potentialAction":[{"@type":"ReadAction","target":["https:\/\/www.asajacyl.com\/soria\/asaja-soria-informa\/asaja-pide-a-las-administraciones-que-refuercen-con-financiacion-el-sistema-de-seguros-agrarios-tras-varias-malas-cosechas-por-la-sequia"]}]},{"@type":"ImageObject","inLanguage":"es","@id":"https:\/\/www.asajacyl.com\/soria\/asaja-soria-informa\/asaja-pide-a-las-administraciones-que-refuercen-con-financiacion-el-sistema-de-seguros-agrarios-tras-varias-malas-cosechas-por-la-sequia#primaryimage","url":"https:\/\/www.asajacyl.com\/soria\/wp-content\/uploads\/sites\/9\/2023\/08\/junta-directiva-1.jpg","contentUrl":"https:\/\/www.asajacyl.com\/soria\/wp-content\/uploads\/sites\/9\/2023\/08\/junta-directiva-1.jpg","width":2500,"height":1321},{"@type":"BreadcrumbList","@id":"https:\/\/www.asajacyl.com\/soria\/asaja-soria-informa\/asaja-pide-a-las-administraciones-que-refuercen-con-financiacion-el-sistema-de-seguros-agrarios-tras-varias-malas-cosechas-por-la-sequia#breadcrumb","itemListElement":[{"@type":"ListItem","position":1,"name":"Portada","item":"https:\/\/www.asajacyl.com\/soria\/"},{"@type":"ListItem","position":2,"name":"ASAJA pide a las administraciones que refuercen con financiaci\u00f3n el sistema de seguros agrarios tras varias malas cosechas por la sequ\u00eda"}]},{"@type":"WebSite","@id":"https:\/\/www.asajacyl.com\/soria\/#website","url":"https:\/\/www.asajacyl.com\/soria\/","name":"ASAJA Soria","description":"Otro sitio m\u00e1s de Provincias ASAJA Castilla y Le\u00f3n","potentialAction":[{"@type":"SearchAction","target":{"@type":"EntryPoint","urlTemplate":"https:\/\/www.asajacyl.com\/soria\/?s={search_term_string}"},"query-input":{"@type":"PropertyValueSpecification","valueRequired":true,"valueName":"search_term_string"}}],"inLanguage":"es"},{"@type":"Person","@id":"https:\/\/www.asajacyl.com\/soria\/#\/schema\/person\/fd3081c40255119ce8133b87e6aedfab","name":"Juan Ignacio Prieto Nieto","image":{"@type":"ImageObject","inLanguage":"es","@id":"https:\/\/www.asajacyl.com\/soria\/#\/schema\/person\/image\/","url":"https:\/\/secure.gravatar.com\/avatar\/8266b36e4d9001acb4700699a2468dc8?s=96&d=mm&r=g","contentUrl":"https:\/\/secure.gravatar.com\/avatar\/8266b36e4d9001acb4700699a2468dc8?s=96&d=mm&r=g","caption":"Juan Ignacio Prieto Nieto"},"url":"https:\/\/www.asajacyl.com\/soria\/author\/juanfranciscoby"}]}},"_links":{"self":[{"href":"https:\/\/www.asajacyl.com\/soria\/wp-json\/wp\/v2\/posts\/7172"}],"collection":[{"href":"https:\/\/www.asajacyl.com\/soria\/wp-json\/wp\/v2\/posts"}],"about":[{"href":"https:\/\/www.asajacyl.com\/soria\/wp-json\/wp\/v2\/types\/post"}],"author":[{"embeddable":true,"href":"https:\/\/www.asajacyl.com\/soria\/wp-json\/wp\/v2\/users\/12"}],"replies":[{"embeddable":true,"href":"https:\/\/www.asajacyl.com\/soria\/wp-json\/wp\/v2\/comments?post=7172"}],"version-history":[{"count":1,"href":"https:\/\/www.asajacyl.com\/soria\/wp-json\/wp\/v2\/posts\/7172\/revisions"}],"predecessor-version":[{"id":7174,"href":"https:\/\/www.asajacyl.com\/soria\/wp-json\/wp\/v2\/posts\/7172\/revisions\/7174"}],"wp:featuredmedia":[{"embeddable":true,"href":"https:\/\/www.asajacyl.com\/soria\/wp-json\/wp\/v2\/media\/7173"}],"wp:attachment":[{"href":"https:\/\/www.asajacyl.com\/soria\/wp-json\/wp\/v2\/media?parent=7172"}],"wp:term":[{"taxonomy":"category","embeddable":true,"href":"https:\/\/www.asajacyl.com\/soria\/wp-json\/wp\/v2\/categories?post=7172"},{"taxonomy":"post_tag","embeddable":true,"href":"https:\/\/www.asajacyl.com\/soria\/wp-json\/wp\/v2\/tags?post=7172"}],"curies":[{"name":"wp","href":"https:\/\/api.w.org\/{rel}","templated":true}]}}