{"id":7183,"date":"2023-08-25T11:33:14","date_gmt":"2023-08-25T09:33:14","guid":{"rendered":"https:\/\/www.asajacyl.com\/soria\/?p=7183"},"modified":"2023-08-30T13:20:20","modified_gmt":"2023-08-30T11:20:20","slug":"la-junta-de-castilla-y-leon-pone-en-marcha-las-ayudas-directas-y-bonificacion-de-prestamos-por-la-sequia","status":"publish","type":"post","link":"https:\/\/www.asajacyl.com\/soria\/asaja-soria-informa\/la-junta-de-castilla-y-leon-pone-en-marcha-las-ayudas-directas-y-bonificacion-de-prestamos-por-la-sequia","title":{"rendered":"La Junta de Castilla y Le\u00f3n pone en marcha las ayudas directas y bonificaci\u00f3n de pr\u00e9stamos por la sequ\u00eda"},"content":{"rendered":"\n\n\n<p>Como as\u00ed ven\u00eda solicitando ASAJA Soria, la Junta de Castilla y Le\u00f3n, a trav\u00e9s del Bolet\u00edn Oficial, ha anunciado por fin la concesi\u00f3n de las <strong>ayudas directas<\/strong> destinadas a complementar las cantidades percibidas en concepto de indemnizaci\u00f3n por siniestros de sequ\u00eda de seguros agrarios.<\/p>\n<p>Todos aquellos que hayan suscrito un seguro agrario con cobertura de sequ\u00eda deben presentar el consentimiento para el tratamiento de sus datos de car\u00e1cter personal, en el plazo comprendido hasta el 29 de septiembre de 2023 de la siguiente manera:<\/p>\n<p>1. Las personas jur\u00eddicas y dem\u00e1s entidades presentar\u00e1n su autorizaci\u00f3n de forma electr\u00f3nica en el siguiente enlace:<br \/><a href=\"https:\/\/www.tramitacastillayleon.jcyl.es\/web\/es\/sede-electronica.html\">https:\/\/www.tramitacastillayleon.jcyl.es\/web\/es\/sede-electronica.html<\/a><\/p>\n<p>2. Las personas f\u00edsicas podr\u00e1n presentar la autorizaci\u00f3n de forma telem\u00e1tica como el caso anterior o de manera presencial en cualquier oficina de Registros de la Junta de Castilla y Le\u00f3n.<\/p>\n<p>La Junta tambi\u00e9n ha publicado la ORDEN AGR\/1022\/2023 por la que se establecen las bases reguladoras para la concesi\u00f3n de subvenciones de minimis destinadas a la <strong>bonificaci\u00f3n de intereses en pr\u00e9stamos<\/strong> preferenciales bonificados formalizados por titulares de explotaciones agrarias de Castilla y Le\u00f3n, afectados por la sequ\u00eda y otros fen\u00f3menos meteorol\u00f3gicos adversos en la campa\u00f1a agr\u00edcola 2022-2023.<\/p>\n<p>Podr\u00e1n ser beneficiarios de las subvenciones reguladas en esta orden: las personas f\u00edsicas, las explotaciones de titularidad compartida, las personas jur\u00eddicas y las entidades sin personalidad jur\u00eddica (tales como las comunidades de bienes y sociedades civiles entre otras) que sean titulares de explotaciones agrarias inscritas en el Registro de Explotaciones Agrarias de Castilla y Le\u00f3n (Reacyl) y podr\u00e1n formalizar dicho pr\u00e9stamo con alguna de las entidades financieras colaboradoras habituales.<\/p>\n<p>La presentaci\u00f3n de solicitudes de reconocimiento del derecho a la suscripci\u00f3n de un pr\u00e9stamo preferencial bonificado ser\u00e1 hasta el 29 de septiembre de 2023.<\/p>\n<p>Puedes pinchar aqu\u00ed y consultar la normativa.\u00a0<\/p>\n<p><a href=\"https:\/\/www.asajacyl.com\/soria\/wp-content\/uploads\/sites\/9\/2023\/08\/BOCYL-D-25082023-6.pdf\">BOCYL-D-25082023-6<\/a><\/p>\n<p><a href=\"https:\/\/www.asajacyl.com\/soria\/wp-content\/uploads\/sites\/9\/2023\/08\/BOCYL-D-25082023-8.pdf\">BOCYL-D-25082023-8<\/a><\/p>\n","protected":false},"excerpt":{"rendered":"<p>Como as\u00ed ven\u00eda solicitando ASAJA Soria, la Junta de Castilla y Le\u00f3n, a trav\u00e9s del Bolet\u00edn Oficial, ha anunciado por fin la concesi\u00f3n de las ayudas directas destinadas a complementar las cantidades percibidas en concepto de indemnizaci\u00f3n por siniestros de sequ\u00eda de seguros agrarios. Todos aquellos que hayan suscrito un seguro agrario con cobertura de [&hellip;]<\/p>\n","protected":false},"author":12,"featured_media":6816,"comment_status":"open","ping_status":"open","sticky":false,"template":"","format":"standard","meta":{"footnotes":""},"categories":[10,36],"tags":[],"yoast_head":"<!-- This site is optimized with the Yoast SEO plugin v24.5 - https:\/\/yoast.com\/wordpress\/plugins\/seo\/ -->\n<title>La Junta de Castilla y Le\u00f3n pone en marcha las ayudas directas y bonificaci\u00f3n de pr\u00e9stamos por la sequ\u00eda - ASAJA Soria<\/title>\n<meta name=\"description\" content=\"Como as\u00ed ven\u00eda solicitando ASAJA Soria, la Junta de Castilla y Le\u00f3n, a trav\u00e9s del Bolet\u00edn Oficial, ha anunciado por fin la concesi\u00f3n de las ayudas\" \/>\n<meta name=\"robots\" content=\"index, follow, max-snippet:-1, max-image-preview:large, max-video-preview:-1\" \/>\n<link rel=\"canonical\" href=\"https:\/\/www.asajacyl.com\/soria\/asaja-soria-informa\/la-junta-de-castilla-y-leon-pone-en-marcha-las-ayudas-directas-y-bonificacion-de-prestamos-por-la-sequia\" \/>\n<meta property=\"og:locale\" content=\"es_ES\" \/>\n<meta property=\"og:type\" content=\"article\" \/>\n<meta property=\"og:title\" content=\"La Junta de Castilla y Le\u00f3n pone en marcha las ayudas directas y bonificaci\u00f3n de pr\u00e9stamos por la sequ\u00eda - ASAJA Soria\" \/>\n<meta property=\"og:description\" content=\"Como as\u00ed ven\u00eda solicitando ASAJA Soria, la Junta de Castilla y Le\u00f3n, a trav\u00e9s del Bolet\u00edn Oficial, ha anunciado por fin la concesi\u00f3n de las ayudas\" \/>\n<meta property=\"og:url\" content=\"https:\/\/www.asajacyl.com\/soria\/asaja-soria-informa\/la-junta-de-castilla-y-leon-pone-en-marcha-las-ayudas-directas-y-bonificacion-de-prestamos-por-la-sequia\" \/>\n<meta property=\"og:site_name\" content=\"ASAJA Soria\" \/>\n<meta property=\"article:published_time\" content=\"2023-08-25T09:33:14+00:00\" \/>\n<meta property=\"article:modified_time\" content=\"2023-08-30T11:20:20+00:00\" \/>\n<meta property=\"og:image\" content=\"https:\/\/www.asajacyl.com\/soria\/wp-content\/uploads\/sites\/9\/2023\/05\/16022022135121_sequa-px-asaja.jpg\" \/>\n\t<meta property=\"og:image:width\" content=\"683\" \/>\n\t<meta property=\"og:image:height\" content=\"453\" \/>\n\t<meta property=\"og:image:type\" content=\"image\/jpeg\" \/>\n<meta name=\"author\" content=\"Juan Ignacio Prieto Nieto\" \/>\n<meta name=\"twitter:card\" content=\"summary_large_image\" \/>\n<meta name=\"twitter:label1\" content=\"Escrito por\" \/>\n\t<meta name=\"twitter:data1\" content=\"Juan Ignacio Prieto Nieto\" \/>\n\t<meta name=\"twitter:label2\" content=\"Tiempo de lectura\" \/>\n\t<meta name=\"twitter:data2\" content=\"2 minutos\" \/>\n<script type=\"application\/ld+json\" class=\"yoast-schema-graph\">{\"@context\":\"https:\/\/schema.org\",\"@graph\":[{\"@type\":\"WebPage\",\"@id\":\"https:\/\/www.asajacyl.com\/soria\/asaja-soria-informa\/la-junta-de-castilla-y-leon-pone-en-marcha-las-ayudas-directas-y-bonificacion-de-prestamos-por-la-sequia\",\"url\":\"https:\/\/www.asajacyl.com\/soria\/asaja-soria-informa\/la-junta-de-castilla-y-leon-pone-en-marcha-las-ayudas-directas-y-bonificacion-de-prestamos-por-la-sequia\",\"name\":\"La Junta de Castilla y Le\u00f3n pone en marcha las ayudas directas y bonificaci\u00f3n de pr\u00e9stamos por la sequ\u00eda - ASAJA Soria\",\"isPartOf\":{\"@id\":\"https:\/\/www.asajacyl.com\/soria\/#website\"},\"primaryImageOfPage\":{\"@id\":\"https:\/\/www.asajacyl.com\/soria\/asaja-soria-informa\/la-junta-de-castilla-y-leon-pone-en-marcha-las-ayudas-directas-y-bonificacion-de-prestamos-por-la-sequia#primaryimage\"},\"image\":{\"@id\":\"https:\/\/www.asajacyl.com\/soria\/asaja-soria-informa\/la-junta-de-castilla-y-leon-pone-en-marcha-las-ayudas-directas-y-bonificacion-de-prestamos-por-la-sequia#primaryimage\"},\"thumbnailUrl\":\"https:\/\/www.asajacyl.com\/soria\/wp-content\/uploads\/sites\/9\/2023\/05\/16022022135121_sequa-px-asaja.jpg\",\"datePublished\":\"2023-08-25T09:33:14+00:00\",\"dateModified\":\"2023-08-30T11:20:20+00:00\",\"author\":{\"@id\":\"https:\/\/www.asajacyl.com\/soria\/#\/schema\/person\/fd3081c40255119ce8133b87e6aedfab\"},\"description\":\"Como as\u00ed ven\u00eda solicitando ASAJA Soria, la Junta de Castilla y Le\u00f3n, a trav\u00e9s del Bolet\u00edn Oficial, ha anunciado por fin la concesi\u00f3n de las ayudas\",\"breadcrumb\":{\"@id\":\"https:\/\/www.asajacyl.com\/soria\/asaja-soria-informa\/la-junta-de-castilla-y-leon-pone-en-marcha-las-ayudas-directas-y-bonificacion-de-prestamos-por-la-sequia#breadcrumb\"},\"inLanguage\":\"es\",\"potentialAction\":[{\"@type\":\"ReadAction\",\"target\":[\"https:\/\/www.asajacyl.com\/soria\/asaja-soria-informa\/la-junta-de-castilla-y-leon-pone-en-marcha-las-ayudas-directas-y-bonificacion-de-prestamos-por-la-sequia\"]}]},{\"@type\":\"ImageObject\",\"inLanguage\":\"es\",\"@id\":\"https:\/\/www.asajacyl.com\/soria\/asaja-soria-informa\/la-junta-de-castilla-y-leon-pone-en-marcha-las-ayudas-directas-y-bonificacion-de-prestamos-por-la-sequia#primaryimage\",\"url\":\"https:\/\/www.asajacyl.com\/soria\/wp-content\/uploads\/sites\/9\/2023\/05\/16022022135121_sequa-px-asaja.jpg\",\"contentUrl\":\"https:\/\/www.asajacyl.com\/soria\/wp-content\/uploads\/sites\/9\/2023\/05\/16022022135121_sequa-px-asaja.jpg\",\"width\":683,\"height\":453},{\"@type\":\"BreadcrumbList\",\"@id\":\"https:\/\/www.asajacyl.com\/soria\/asaja-soria-informa\/la-junta-de-castilla-y-leon-pone-en-marcha-las-ayudas-directas-y-bonificacion-de-prestamos-por-la-sequia#breadcrumb\",\"itemListElement\":[{\"@type\":\"ListItem\",\"position\":1,\"name\":\"Portada\",\"item\":\"https:\/\/www.asajacyl.com\/soria\/\"},{\"@type\":\"ListItem\",\"position\":2,\"name\":\"La Junta de Castilla y Le\u00f3n pone en marcha las ayudas directas y bonificaci\u00f3n de pr\u00e9stamos por la sequ\u00eda\"}]},{\"@type\":\"WebSite\",\"@id\":\"https:\/\/www.asajacyl.com\/soria\/#website\",\"url\":\"https:\/\/www.asajacyl.com\/soria\/\",\"name\":\"ASAJA Soria\",\"description\":\"Otro sitio m\u00e1s de Provincias ASAJA Castilla y Le\u00f3n\",\"potentialAction\":[{\"@type\":\"SearchAction\",\"target\":{\"@type\":\"EntryPoint\",\"urlTemplate\":\"https:\/\/www.asajacyl.com\/soria\/?s={search_term_string}\"},\"query-input\":{\"@type\":\"PropertyValueSpecification\",\"valueRequired\":true,\"valueName\":\"search_term_string\"}}],\"inLanguage\":\"es\"},{\"@type\":\"Person\",\"@id\":\"https:\/\/www.asajacyl.com\/soria\/#\/schema\/person\/fd3081c40255119ce8133b87e6aedfab\",\"name\":\"Juan Ignacio Prieto Nieto\",\"image\":{\"@type\":\"ImageObject\",\"inLanguage\":\"es\",\"@id\":\"https:\/\/www.asajacyl.com\/soria\/#\/schema\/person\/image\/\",\"url\":\"https:\/\/secure.gravatar.com\/avatar\/8266b36e4d9001acb4700699a2468dc8?s=96&d=mm&r=g\",\"contentUrl\":\"https:\/\/secure.gravatar.com\/avatar\/8266b36e4d9001acb4700699a2468dc8?s=96&d=mm&r=g\",\"caption\":\"Juan Ignacio Prieto Nieto\"},\"url\":\"https:\/\/www.asajacyl.com\/soria\/author\/juanfranciscoby\"}]}<\/script>\n<!-- \/ Yoast SEO plugin. -->","yoast_head_json":{"title":"La Junta de Castilla y Le\u00f3n pone en marcha las ayudas directas y bonificaci\u00f3n de pr\u00e9stamos por la sequ\u00eda - ASAJA Soria","description":"Como as\u00ed ven\u00eda solicitando ASAJA Soria, la Junta de Castilla y Le\u00f3n, a trav\u00e9s del Bolet\u00edn Oficial, ha anunciado por fin la concesi\u00f3n de las ayudas","robots":{"index":"index","follow":"follow","max-snippet":"max-snippet:-1","max-image-preview":"max-image-preview:large","max-video-preview":"max-video-preview:-1"},"canonical":"https:\/\/www.asajacyl.com\/soria\/asaja-soria-informa\/la-junta-de-castilla-y-leon-pone-en-marcha-las-ayudas-directas-y-bonificacion-de-prestamos-por-la-sequia","og_locale":"es_ES","og_type":"article","og_title":"La Junta de Castilla y Le\u00f3n pone en marcha las ayudas directas y bonificaci\u00f3n de pr\u00e9stamos por la sequ\u00eda - ASAJA Soria","og_description":"Como as\u00ed ven\u00eda solicitando ASAJA Soria, la Junta de Castilla y Le\u00f3n, a trav\u00e9s del Bolet\u00edn Oficial, ha anunciado por fin la concesi\u00f3n de las ayudas","og_url":"https:\/\/www.asajacyl.com\/soria\/asaja-soria-informa\/la-junta-de-castilla-y-leon-pone-en-marcha-las-ayudas-directas-y-bonificacion-de-prestamos-por-la-sequia","og_site_name":"ASAJA Soria","article_published_time":"2023-08-25T09:33:14+00:00","article_modified_time":"2023-08-30T11:20:20+00:00","og_image":[{"width":683,"height":453,"url":"https:\/\/www.asajacyl.com\/soria\/wp-content\/uploads\/sites\/9\/2023\/05\/16022022135121_sequa-px-asaja.jpg","type":"image\/jpeg"}],"author":"Juan Ignacio Prieto Nieto","twitter_card":"summary_large_image","twitter_misc":{"Escrito por":"Juan Ignacio Prieto Nieto","Tiempo de lectura":"2 minutos"},"schema":{"@context":"https:\/\/schema.org","@graph":[{"@type":"WebPage","@id":"https:\/\/www.asajacyl.com\/soria\/asaja-soria-informa\/la-junta-de-castilla-y-leon-pone-en-marcha-las-ayudas-directas-y-bonificacion-de-prestamos-por-la-sequia","url":"https:\/\/www.asajacyl.com\/soria\/asaja-soria-informa\/la-junta-de-castilla-y-leon-pone-en-marcha-las-ayudas-directas-y-bonificacion-de-prestamos-por-la-sequia","name":"La Junta de Castilla y Le\u00f3n pone en marcha las ayudas directas y bonificaci\u00f3n de pr\u00e9stamos por la sequ\u00eda - ASAJA Soria","isPartOf":{"@id":"https:\/\/www.asajacyl.com\/soria\/#website"},"primaryImageOfPage":{"@id":"https:\/\/www.asajacyl.com\/soria\/asaja-soria-informa\/la-junta-de-castilla-y-leon-pone-en-marcha-las-ayudas-directas-y-bonificacion-de-prestamos-por-la-sequia#primaryimage"},"image":{"@id":"https:\/\/www.asajacyl.com\/soria\/asaja-soria-informa\/la-junta-de-castilla-y-leon-pone-en-marcha-las-ayudas-directas-y-bonificacion-de-prestamos-por-la-sequia#primaryimage"},"thumbnailUrl":"https:\/\/www.asajacyl.com\/soria\/wp-content\/uploads\/sites\/9\/2023\/05\/16022022135121_sequa-px-asaja.jpg","datePublished":"2023-08-25T09:33:14+00:00","dateModified":"2023-08-30T11:20:20+00:00","author":{"@id":"https:\/\/www.asajacyl.com\/soria\/#\/schema\/person\/fd3081c40255119ce8133b87e6aedfab"},"description":"Como as\u00ed ven\u00eda solicitando ASAJA Soria, la Junta de Castilla y Le\u00f3n, a trav\u00e9s del Bolet\u00edn Oficial, ha anunciado por fin la concesi\u00f3n de las ayudas","breadcrumb":{"@id":"https:\/\/www.asajacyl.com\/soria\/asaja-soria-informa\/la-junta-de-castilla-y-leon-pone-en-marcha-las-ayudas-directas-y-bonificacion-de-prestamos-por-la-sequia#breadcrumb"},"inLanguage":"es","potentialAction":[{"@type":"ReadAction","target":["https:\/\/www.asajacyl.com\/soria\/asaja-soria-informa\/la-junta-de-castilla-y-leon-pone-en-marcha-las-ayudas-directas-y-bonificacion-de-prestamos-por-la-sequia"]}]},{"@type":"ImageObject","inLanguage":"es","@id":"https:\/\/www.asajacyl.com\/soria\/asaja-soria-informa\/la-junta-de-castilla-y-leon-pone-en-marcha-las-ayudas-directas-y-bonificacion-de-prestamos-por-la-sequia#primaryimage","url":"https:\/\/www.asajacyl.com\/soria\/wp-content\/uploads\/sites\/9\/2023\/05\/16022022135121_sequa-px-asaja.jpg","contentUrl":"https:\/\/www.asajacyl.com\/soria\/wp-content\/uploads\/sites\/9\/2023\/05\/16022022135121_sequa-px-asaja.jpg","width":683,"height":453},{"@type":"BreadcrumbList","@id":"https:\/\/www.asajacyl.com\/soria\/asaja-soria-informa\/la-junta-de-castilla-y-leon-pone-en-marcha-las-ayudas-directas-y-bonificacion-de-prestamos-por-la-sequia#breadcrumb","itemListElement":[{"@type":"ListItem","position":1,"name":"Portada","item":"https:\/\/www.asajacyl.com\/soria\/"},{"@type":"ListItem","position":2,"name":"La Junta de Castilla y Le\u00f3n pone en marcha las ayudas directas y bonificaci\u00f3n de pr\u00e9stamos por la sequ\u00eda"}]},{"@type":"WebSite","@id":"https:\/\/www.asajacyl.com\/soria\/#website","url":"https:\/\/www.asajacyl.com\/soria\/","name":"ASAJA Soria","description":"Otro sitio m\u00e1s de Provincias ASAJA Castilla y Le\u00f3n","potentialAction":[{"@type":"SearchAction","target":{"@type":"EntryPoint","urlTemplate":"https:\/\/www.asajacyl.com\/soria\/?s={search_term_string}"},"query-input":{"@type":"PropertyValueSpecification","valueRequired":true,"valueName":"search_term_string"}}],"inLanguage":"es"},{"@type":"Person","@id":"https:\/\/www.asajacyl.com\/soria\/#\/schema\/person\/fd3081c40255119ce8133b87e6aedfab","name":"Juan Ignacio Prieto Nieto","image":{"@type":"ImageObject","inLanguage":"es","@id":"https:\/\/www.asajacyl.com\/soria\/#\/schema\/person\/image\/","url":"https:\/\/secure.gravatar.com\/avatar\/8266b36e4d9001acb4700699a2468dc8?s=96&d=mm&r=g","contentUrl":"https:\/\/secure.gravatar.com\/avatar\/8266b36e4d9001acb4700699a2468dc8?s=96&d=mm&r=g","caption":"Juan Ignacio Prieto Nieto"},"url":"https:\/\/www.asajacyl.com\/soria\/author\/juanfranciscoby"}]}},"_links":{"self":[{"href":"https:\/\/www.asajacyl.com\/soria\/wp-json\/wp\/v2\/posts\/7183"}],"collection":[{"href":"https:\/\/www.asajacyl.com\/soria\/wp-json\/wp\/v2\/posts"}],"about":[{"href":"https:\/\/www.asajacyl.com\/soria\/wp-json\/wp\/v2\/types\/post"}],"author":[{"embeddable":true,"href":"https:\/\/www.asajacyl.com\/soria\/wp-json\/wp\/v2\/users\/12"}],"replies":[{"embeddable":true,"href":"https:\/\/www.asajacyl.com\/soria\/wp-json\/wp\/v2\/comments?post=7183"}],"version-history":[{"count":10,"href":"https:\/\/www.asajacyl.com\/soria\/wp-json\/wp\/v2\/posts\/7183\/revisions"}],"predecessor-version":[{"id":7232,"href":"https:\/\/www.asajacyl.com\/soria\/wp-json\/wp\/v2\/posts\/7183\/revisions\/7232"}],"wp:featuredmedia":[{"embeddable":true,"href":"https:\/\/www.asajacyl.com\/soria\/wp-json\/wp\/v2\/media\/6816"}],"wp:attachment":[{"href":"https:\/\/www.asajacyl.com\/soria\/wp-json\/wp\/v2\/media?parent=7183"}],"wp:term":[{"taxonomy":"category","embeddable":true,"href":"https:\/\/www.asajacyl.com\/soria\/wp-json\/wp\/v2\/categories?post=7183"},{"taxonomy":"post_tag","embeddable":true,"href":"https:\/\/www.asajacyl.com\/soria\/wp-json\/wp\/v2\/tags?post=7183"}],"curies":[{"name":"wp","href":"https:\/\/api.w.org\/{rel}","templated":true}]}}