{"id":7248,"date":"2023-09-11T13:54:26","date_gmt":"2023-09-11T11:54:26","guid":{"rendered":"https:\/\/www.asajacyl.com\/soria\/?p=7248"},"modified":"2024-02-21T12:01:34","modified_gmt":"2024-02-21T11:01:34","slug":"curso-presencial-de-incorporacion-a-la-empresa-agraria-ciea","status":"publish","type":"post","link":"https:\/\/www.asajacyl.com\/soria\/servicios-socio\/cursos-jornadas\/curso-presencial-de-incorporacion-a-la-empresa-agraria-ciea","title":{"rendered":"CURSO PRESENCIAL DE INCORPORACI\u00d3N A LA EMPRESA AGRARIA (CIEA)"},"content":{"rendered":"\n<p><strong>FECHA DE INICIO: 03\/10\/2023.<\/strong><\/p>\n<p>MODALIDAD DE IMPARTICI\u00d3N: Presencial.<\/p>\n<p>INSCRIPCIONES GRATUITAS: En cualquier oficina de ASAJA Soria (seg\u00fan modelo FS1) hasta el 22\/09\/2023.<\/p>\n<p><strong>Esta operaci\u00f3n est\u00e1 cofinanciada por la Uni\u00f3n Europea a trav\u00e9s del FEADER en un 55%.<\/strong><\/p>\n<p>DESTINATARIOS: Curso oficial para j\u00f3venes y nuevos agricultores para su instalaci\u00f3n en el sector, alcanzando el nivel de capacitaci\u00f3n profesional suficiente establecido en determinadas normativas sectoriales.<\/p>\n<p>Las acciones formativas est\u00e1n amparadas por la Orden de 22 de mayo de 2023, de la Consejer\u00eda de Agricultura, Ganader\u00eda y Desarrollo Rural por la que se convocan ayudas para la realizaci\u00f3n de acciones de formaci\u00f3n, informaci\u00f3n y demostraci\u00f3n en el marco de la intervenci\u00f3n \u201cTransferencia de conocimientos y actividades de formaci\u00f3n e informaci\u00f3n\u201d del Plan Estrat\u00e9gico PAC 2023-27, cofinanciadas por el FEADER y est\u00e1n dirigidas a todos los trabajadores del sector agrario y agroalimentario, y aquellos interesados en incorporarse a estos sectores.<\/p>\n<p>Para conocer m\u00e1s detalles o c\u00f3mo realizar tu solicitud, en este documento adjunto encontrar\u00e1s el resto de la informaci\u00f3n:<\/p>\n<p><a href=\"https:\/\/www.asajacyl.com\/soria\/wp-content\/uploads\/sites\/9\/2023\/09\/ANEXO-I-cartel.pdf\">ANEXO I cartel<\/a><\/p>\n<p><img loading=\"lazy\" decoding=\"async\" class=\"aligncenter  wp-image-7251\" src=\"https:\/\/www.asajacyl.com\/soria\/wp-content\/uploads\/sites\/9\/2023\/09\/web-cartel.jpg\" alt=\"\" width=\"1242\" height=\"814\" srcset=\"https:\/\/www.asajacyl.com\/soria\/wp-content\/uploads\/sites\/9\/2023\/09\/web-cartel.jpg 1242w, https:\/\/www.asajacyl.com\/soria\/wp-content\/uploads\/sites\/9\/2023\/09\/web-cartel-300x197.jpg 300w, https:\/\/www.asajacyl.com\/soria\/wp-content\/uploads\/sites\/9\/2023\/09\/web-cartel-1024x671.jpg 1024w, https:\/\/www.asajacyl.com\/soria\/wp-content\/uploads\/sites\/9\/2023\/09\/web-cartel-768x503.jpg 768w, https:\/\/www.asajacyl.com\/soria\/wp-content\/uploads\/sites\/9\/2023\/09\/web-cartel-696x456.jpg 696w, https:\/\/www.asajacyl.com\/soria\/wp-content\/uploads\/sites\/9\/2023\/09\/web-cartel-1068x700.jpg 1068w, https:\/\/www.asajacyl.com\/soria\/wp-content\/uploads\/sites\/9\/2023\/09\/web-cartel-641x420.jpg 641w, https:\/\/www.asajacyl.com\/soria\/wp-content\/uploads\/sites\/9\/2023\/09\/web-cartel-741x486.jpg 741w\" sizes=\"(max-width: 1242px) 100vw, 1242px\" \/><\/p>\n","protected":false},"excerpt":{"rendered":"<p>FECHA DE INICIO: 03\/10\/2023. MODALIDAD DE IMPARTICI\u00d3N: Presencial. INSCRIPCIONES GRATUITAS: En cualquier oficina de ASAJA Soria (seg\u00fan modelo FS1) hasta el 22\/09\/2023. Esta operaci\u00f3n est\u00e1 cofinanciada por la Uni\u00f3n Europea a trav\u00e9s del FEADER en un 55%. DESTINATARIOS: Curso oficial para j\u00f3venes y nuevos agricultores para su instalaci\u00f3n en el sector, alcanzando el nivel de [&hellip;]<\/p>\n","protected":false},"author":12,"featured_media":1515,"comment_status":"open","ping_status":"open","sticky":false,"template":"","format":"standard","meta":{"footnotes":""},"categories":[35],"tags":[],"yoast_head":"<!-- This site is optimized with the Yoast SEO plugin v24.5 - https:\/\/yoast.com\/wordpress\/plugins\/seo\/ -->\n<title>CURSO PRESENCIAL DE INCORPORACI\u00d3N A LA EMPRESA AGRARIA (CIEA) - ASAJA Soria<\/title>\n<meta name=\"description\" content=\"FECHA DE INICIO: 03\/10\/2023. MODALIDAD DE IMPARTICI\u00d3N: Presencial. INSCRIPCIONES GRATUITAS: En cualquier oficina de ASAJA Soria (seg\u00fan modelo FS1) hasta\" \/>\n<meta name=\"robots\" content=\"index, follow, max-snippet:-1, max-image-preview:large, max-video-preview:-1\" \/>\n<link rel=\"canonical\" href=\"https:\/\/www.asajacyl.com\/soria\/servicios-socio\/cursos-jornadas\/curso-presencial-de-incorporacion-a-la-empresa-agraria-ciea\" \/>\n<meta property=\"og:locale\" content=\"es_ES\" \/>\n<meta property=\"og:type\" content=\"article\" \/>\n<meta property=\"og:title\" content=\"CURSO PRESENCIAL DE INCORPORACI\u00d3N A LA EMPRESA AGRARIA (CIEA) - ASAJA Soria\" \/>\n<meta property=\"og:description\" content=\"FECHA DE INICIO: 03\/10\/2023. MODALIDAD DE IMPARTICI\u00d3N: Presencial. INSCRIPCIONES GRATUITAS: En cualquier oficina de ASAJA Soria (seg\u00fan modelo FS1) hasta\" \/>\n<meta property=\"og:url\" content=\"https:\/\/www.asajacyl.com\/soria\/servicios-socio\/cursos-jornadas\/curso-presencial-de-incorporacion-a-la-empresa-agraria-ciea\" \/>\n<meta property=\"og:site_name\" content=\"ASAJA Soria\" \/>\n<meta property=\"article:published_time\" content=\"2023-09-11T11:54:26+00:00\" \/>\n<meta property=\"article:modified_time\" content=\"2024-02-21T11:01:34+00:00\" \/>\n<meta property=\"og:image\" content=\"https:\/\/www.asajacyl.com\/soria\/wp-content\/uploads\/sites\/9\/2018\/08\/IMG_0295.jpg\" \/>\n\t<meta property=\"og:image:width\" content=\"1875\" \/>\n\t<meta property=\"og:image:height\" content=\"2500\" \/>\n\t<meta property=\"og:image:type\" content=\"image\/jpeg\" \/>\n<meta name=\"author\" content=\"Juan Ignacio Prieto Nieto\" \/>\n<meta name=\"twitter:card\" content=\"summary_large_image\" \/>\n<meta name=\"twitter:label1\" content=\"Escrito por\" \/>\n\t<meta name=\"twitter:data1\" content=\"Juan Ignacio Prieto Nieto\" \/>\n\t<meta name=\"twitter:label2\" content=\"Tiempo de lectura\" \/>\n\t<meta name=\"twitter:data2\" content=\"2 minutos\" \/>\n<script type=\"application\/ld+json\" class=\"yoast-schema-graph\">{\"@context\":\"https:\/\/schema.org\",\"@graph\":[{\"@type\":\"WebPage\",\"@id\":\"https:\/\/www.asajacyl.com\/soria\/servicios-socio\/cursos-jornadas\/curso-presencial-de-incorporacion-a-la-empresa-agraria-ciea\",\"url\":\"https:\/\/www.asajacyl.com\/soria\/servicios-socio\/cursos-jornadas\/curso-presencial-de-incorporacion-a-la-empresa-agraria-ciea\",\"name\":\"CURSO PRESENCIAL DE INCORPORACI\u00d3N A LA EMPRESA AGRARIA (CIEA) - ASAJA Soria\",\"isPartOf\":{\"@id\":\"https:\/\/www.asajacyl.com\/soria\/#website\"},\"primaryImageOfPage\":{\"@id\":\"https:\/\/www.asajacyl.com\/soria\/servicios-socio\/cursos-jornadas\/curso-presencial-de-incorporacion-a-la-empresa-agraria-ciea#primaryimage\"},\"image\":{\"@id\":\"https:\/\/www.asajacyl.com\/soria\/servicios-socio\/cursos-jornadas\/curso-presencial-de-incorporacion-a-la-empresa-agraria-ciea#primaryimage\"},\"thumbnailUrl\":\"https:\/\/www.asajacyl.com\/soria\/wp-content\/uploads\/sites\/9\/2018\/08\/IMG_0295.jpg\",\"datePublished\":\"2023-09-11T11:54:26+00:00\",\"dateModified\":\"2024-02-21T11:01:34+00:00\",\"author\":{\"@id\":\"https:\/\/www.asajacyl.com\/soria\/#\/schema\/person\/fd3081c40255119ce8133b87e6aedfab\"},\"description\":\"FECHA DE INICIO: 03\/10\/2023. MODALIDAD DE IMPARTICI\u00d3N: Presencial. INSCRIPCIONES GRATUITAS: En cualquier oficina de ASAJA Soria (seg\u00fan modelo FS1) hasta\",\"breadcrumb\":{\"@id\":\"https:\/\/www.asajacyl.com\/soria\/servicios-socio\/cursos-jornadas\/curso-presencial-de-incorporacion-a-la-empresa-agraria-ciea#breadcrumb\"},\"inLanguage\":\"es\",\"potentialAction\":[{\"@type\":\"ReadAction\",\"target\":[\"https:\/\/www.asajacyl.com\/soria\/servicios-socio\/cursos-jornadas\/curso-presencial-de-incorporacion-a-la-empresa-agraria-ciea\"]}]},{\"@type\":\"ImageObject\",\"inLanguage\":\"es\",\"@id\":\"https:\/\/www.asajacyl.com\/soria\/servicios-socio\/cursos-jornadas\/curso-presencial-de-incorporacion-a-la-empresa-agraria-ciea#primaryimage\",\"url\":\"https:\/\/www.asajacyl.com\/soria\/wp-content\/uploads\/sites\/9\/2018\/08\/IMG_0295.jpg\",\"contentUrl\":\"https:\/\/www.asajacyl.com\/soria\/wp-content\/uploads\/sites\/9\/2018\/08\/IMG_0295.jpg\",\"width\":1875,\"height\":2500},{\"@type\":\"BreadcrumbList\",\"@id\":\"https:\/\/www.asajacyl.com\/soria\/servicios-socio\/cursos-jornadas\/curso-presencial-de-incorporacion-a-la-empresa-agraria-ciea#breadcrumb\",\"itemListElement\":[{\"@type\":\"ListItem\",\"position\":1,\"name\":\"Portada\",\"item\":\"https:\/\/www.asajacyl.com\/soria\/\"},{\"@type\":\"ListItem\",\"position\":2,\"name\":\"CURSO PRESENCIAL DE INCORPORACI\u00d3N A LA EMPRESA AGRARIA (CIEA)\"}]},{\"@type\":\"WebSite\",\"@id\":\"https:\/\/www.asajacyl.com\/soria\/#website\",\"url\":\"https:\/\/www.asajacyl.com\/soria\/\",\"name\":\"ASAJA Soria\",\"description\":\"Otro sitio m\u00e1s de Provincias ASAJA Castilla y Le\u00f3n\",\"potentialAction\":[{\"@type\":\"SearchAction\",\"target\":{\"@type\":\"EntryPoint\",\"urlTemplate\":\"https:\/\/www.asajacyl.com\/soria\/?s={search_term_string}\"},\"query-input\":{\"@type\":\"PropertyValueSpecification\",\"valueRequired\":true,\"valueName\":\"search_term_string\"}}],\"inLanguage\":\"es\"},{\"@type\":\"Person\",\"@id\":\"https:\/\/www.asajacyl.com\/soria\/#\/schema\/person\/fd3081c40255119ce8133b87e6aedfab\",\"name\":\"Juan Ignacio Prieto Nieto\",\"image\":{\"@type\":\"ImageObject\",\"inLanguage\":\"es\",\"@id\":\"https:\/\/www.asajacyl.com\/soria\/#\/schema\/person\/image\/\",\"url\":\"https:\/\/secure.gravatar.com\/avatar\/8266b36e4d9001acb4700699a2468dc8?s=96&d=mm&r=g\",\"contentUrl\":\"https:\/\/secure.gravatar.com\/avatar\/8266b36e4d9001acb4700699a2468dc8?s=96&d=mm&r=g\",\"caption\":\"Juan Ignacio Prieto Nieto\"},\"url\":\"https:\/\/www.asajacyl.com\/soria\/author\/juanfranciscoby\"}]}<\/script>\n<!-- \/ Yoast SEO plugin. -->","yoast_head_json":{"title":"CURSO PRESENCIAL DE INCORPORACI\u00d3N A LA EMPRESA AGRARIA (CIEA) - ASAJA Soria","description":"FECHA DE INICIO: 03\/10\/2023. MODALIDAD DE IMPARTICI\u00d3N: Presencial. INSCRIPCIONES GRATUITAS: En cualquier oficina de ASAJA Soria (seg\u00fan modelo FS1) hasta","robots":{"index":"index","follow":"follow","max-snippet":"max-snippet:-1","max-image-preview":"max-image-preview:large","max-video-preview":"max-video-preview:-1"},"canonical":"https:\/\/www.asajacyl.com\/soria\/servicios-socio\/cursos-jornadas\/curso-presencial-de-incorporacion-a-la-empresa-agraria-ciea","og_locale":"es_ES","og_type":"article","og_title":"CURSO PRESENCIAL DE INCORPORACI\u00d3N A LA EMPRESA AGRARIA (CIEA) - ASAJA Soria","og_description":"FECHA DE INICIO: 03\/10\/2023. MODALIDAD DE IMPARTICI\u00d3N: Presencial. INSCRIPCIONES GRATUITAS: En cualquier oficina de ASAJA Soria (seg\u00fan modelo FS1) hasta","og_url":"https:\/\/www.asajacyl.com\/soria\/servicios-socio\/cursos-jornadas\/curso-presencial-de-incorporacion-a-la-empresa-agraria-ciea","og_site_name":"ASAJA Soria","article_published_time":"2023-09-11T11:54:26+00:00","article_modified_time":"2024-02-21T11:01:34+00:00","og_image":[{"width":1875,"height":2500,"url":"https:\/\/www.asajacyl.com\/soria\/wp-content\/uploads\/sites\/9\/2018\/08\/IMG_0295.jpg","type":"image\/jpeg"}],"author":"Juan Ignacio Prieto Nieto","twitter_card":"summary_large_image","twitter_misc":{"Escrito por":"Juan Ignacio Prieto Nieto","Tiempo de lectura":"2 minutos"},"schema":{"@context":"https:\/\/schema.org","@graph":[{"@type":"WebPage","@id":"https:\/\/www.asajacyl.com\/soria\/servicios-socio\/cursos-jornadas\/curso-presencial-de-incorporacion-a-la-empresa-agraria-ciea","url":"https:\/\/www.asajacyl.com\/soria\/servicios-socio\/cursos-jornadas\/curso-presencial-de-incorporacion-a-la-empresa-agraria-ciea","name":"CURSO PRESENCIAL DE INCORPORACI\u00d3N A LA EMPRESA AGRARIA (CIEA) - ASAJA Soria","isPartOf":{"@id":"https:\/\/www.asajacyl.com\/soria\/#website"},"primaryImageOfPage":{"@id":"https:\/\/www.asajacyl.com\/soria\/servicios-socio\/cursos-jornadas\/curso-presencial-de-incorporacion-a-la-empresa-agraria-ciea#primaryimage"},"image":{"@id":"https:\/\/www.asajacyl.com\/soria\/servicios-socio\/cursos-jornadas\/curso-presencial-de-incorporacion-a-la-empresa-agraria-ciea#primaryimage"},"thumbnailUrl":"https:\/\/www.asajacyl.com\/soria\/wp-content\/uploads\/sites\/9\/2018\/08\/IMG_0295.jpg","datePublished":"2023-09-11T11:54:26+00:00","dateModified":"2024-02-21T11:01:34+00:00","author":{"@id":"https:\/\/www.asajacyl.com\/soria\/#\/schema\/person\/fd3081c40255119ce8133b87e6aedfab"},"description":"FECHA DE INICIO: 03\/10\/2023. MODALIDAD DE IMPARTICI\u00d3N: Presencial. INSCRIPCIONES GRATUITAS: En cualquier oficina de ASAJA Soria (seg\u00fan modelo FS1) hasta","breadcrumb":{"@id":"https:\/\/www.asajacyl.com\/soria\/servicios-socio\/cursos-jornadas\/curso-presencial-de-incorporacion-a-la-empresa-agraria-ciea#breadcrumb"},"inLanguage":"es","potentialAction":[{"@type":"ReadAction","target":["https:\/\/www.asajacyl.com\/soria\/servicios-socio\/cursos-jornadas\/curso-presencial-de-incorporacion-a-la-empresa-agraria-ciea"]}]},{"@type":"ImageObject","inLanguage":"es","@id":"https:\/\/www.asajacyl.com\/soria\/servicios-socio\/cursos-jornadas\/curso-presencial-de-incorporacion-a-la-empresa-agraria-ciea#primaryimage","url":"https:\/\/www.asajacyl.com\/soria\/wp-content\/uploads\/sites\/9\/2018\/08\/IMG_0295.jpg","contentUrl":"https:\/\/www.asajacyl.com\/soria\/wp-content\/uploads\/sites\/9\/2018\/08\/IMG_0295.jpg","width":1875,"height":2500},{"@type":"BreadcrumbList","@id":"https:\/\/www.asajacyl.com\/soria\/servicios-socio\/cursos-jornadas\/curso-presencial-de-incorporacion-a-la-empresa-agraria-ciea#breadcrumb","itemListElement":[{"@type":"ListItem","position":1,"name":"Portada","item":"https:\/\/www.asajacyl.com\/soria\/"},{"@type":"ListItem","position":2,"name":"CURSO PRESENCIAL DE INCORPORACI\u00d3N A LA EMPRESA AGRARIA (CIEA)"}]},{"@type":"WebSite","@id":"https:\/\/www.asajacyl.com\/soria\/#website","url":"https:\/\/www.asajacyl.com\/soria\/","name":"ASAJA Soria","description":"Otro sitio m\u00e1s de Provincias ASAJA Castilla y Le\u00f3n","potentialAction":[{"@type":"SearchAction","target":{"@type":"EntryPoint","urlTemplate":"https:\/\/www.asajacyl.com\/soria\/?s={search_term_string}"},"query-input":{"@type":"PropertyValueSpecification","valueRequired":true,"valueName":"search_term_string"}}],"inLanguage":"es"},{"@type":"Person","@id":"https:\/\/www.asajacyl.com\/soria\/#\/schema\/person\/fd3081c40255119ce8133b87e6aedfab","name":"Juan Ignacio Prieto Nieto","image":{"@type":"ImageObject","inLanguage":"es","@id":"https:\/\/www.asajacyl.com\/soria\/#\/schema\/person\/image\/","url":"https:\/\/secure.gravatar.com\/avatar\/8266b36e4d9001acb4700699a2468dc8?s=96&d=mm&r=g","contentUrl":"https:\/\/secure.gravatar.com\/avatar\/8266b36e4d9001acb4700699a2468dc8?s=96&d=mm&r=g","caption":"Juan Ignacio Prieto Nieto"},"url":"https:\/\/www.asajacyl.com\/soria\/author\/juanfranciscoby"}]}},"_links":{"self":[{"href":"https:\/\/www.asajacyl.com\/soria\/wp-json\/wp\/v2\/posts\/7248"}],"collection":[{"href":"https:\/\/www.asajacyl.com\/soria\/wp-json\/wp\/v2\/posts"}],"about":[{"href":"https:\/\/www.asajacyl.com\/soria\/wp-json\/wp\/v2\/types\/post"}],"author":[{"embeddable":true,"href":"https:\/\/www.asajacyl.com\/soria\/wp-json\/wp\/v2\/users\/12"}],"replies":[{"embeddable":true,"href":"https:\/\/www.asajacyl.com\/soria\/wp-json\/wp\/v2\/comments?post=7248"}],"version-history":[{"count":3,"href":"https:\/\/www.asajacyl.com\/soria\/wp-json\/wp\/v2\/posts\/7248\/revisions"}],"predecessor-version":[{"id":7666,"href":"https:\/\/www.asajacyl.com\/soria\/wp-json\/wp\/v2\/posts\/7248\/revisions\/7666"}],"wp:featuredmedia":[{"embeddable":true,"href":"https:\/\/www.asajacyl.com\/soria\/wp-json\/wp\/v2\/media\/1515"}],"wp:attachment":[{"href":"https:\/\/www.asajacyl.com\/soria\/wp-json\/wp\/v2\/media?parent=7248"}],"wp:term":[{"taxonomy":"category","embeddable":true,"href":"https:\/\/www.asajacyl.com\/soria\/wp-json\/wp\/v2\/categories?post=7248"},{"taxonomy":"post_tag","embeddable":true,"href":"https:\/\/www.asajacyl.com\/soria\/wp-json\/wp\/v2\/tags?post=7248"}],"curies":[{"name":"wp","href":"https:\/\/api.w.org\/{rel}","templated":true}]}}