{"id":7366,"date":"2023-10-31T10:05:47","date_gmt":"2023-10-31T09:05:47","guid":{"rendered":"https:\/\/www.asajacyl.com\/soria\/?p=7366"},"modified":"2023-10-31T10:05:50","modified_gmt":"2023-10-31T09:05:50","slug":"vendimia-cosecha-un-15-inferior-y-precios-bajos-al-viticultor","status":"publish","type":"post","link":"https:\/\/www.asajacyl.com\/soria\/asaja-soria-informa\/vendimia-cosecha-un-15-inferior-y-precios-bajos-al-viticultor","title":{"rendered":"Vendimia: cosecha un 15 % inferior y precios bajos al viticultor"},"content":{"rendered":"\n\n\n<p>El dato del descenso esperado del 15 % en la producci\u00f3n de vino para esta campa\u00f1a debido a los severos episodios de sequ\u00eda lo ofreci\u00f3 esta semana el Ministerio de Agricultura, Pesca y Alimentaci\u00f3n (MAPA)\u00a0<strong>tras reunirse con el sector<\/strong>, que ya ven\u00eda manejando una\u00a0<strong>previsi\u00f3n a la baja de hasta el 20 %<\/strong>.<\/p>\n<p>La producci\u00f3n de vino estimada, unida a unas existencias de cierre de la campa\u00f1a anterior de 36,5 millones de hect\u00f3litros, arrojan unas disponibilidades para la nueva campa\u00f1a de 67,3 millones de hect\u00f3litros,\u00a0<strong>la cantidad m\u00e1s baja de las \u00faltimas seis campa\u00f1as<\/strong>, seg\u00fan la informaci\u00f3n oficial.<\/p>\n<p>En un momento de\u00a0<strong>\u201cincertidumbre del mercado\u201d<\/strong> en el que la demanda de vino espa\u00f1ol est\u00e1 sufriendo, especialmente de las variedades tintas, tener una cosecha corta puede no venir tan mal, ha apuntado el presidente de la Organizaci\u00f3n Interprofesional del Vino Espa\u00f1ol (OIVE), Fernando Ezquerro, como recoge Efeagro.<\/p>\n","protected":false},"excerpt":{"rendered":"<p>El dato del descenso esperado del 15 % en la producci\u00f3n de vino para esta campa\u00f1a debido a los severos episodios de sequ\u00eda lo ofreci\u00f3 esta semana el Ministerio de Agricultura, Pesca y Alimentaci\u00f3n (MAPA)\u00a0tras reunirse con el sector, que ya ven\u00eda manejando una\u00a0previsi\u00f3n a la baja de hasta el 20 %. La producci\u00f3n de [&hellip;]<\/p>\n","protected":false},"author":12,"featured_media":4384,"comment_status":"open","ping_status":"open","sticky":false,"template":"","format":"standard","meta":{"footnotes":""},"categories":[10,25],"tags":[],"yoast_head":"<!-- This site is optimized with the Yoast SEO plugin v24.5 - https:\/\/yoast.com\/wordpress\/plugins\/seo\/ -->\n<title>Vendimia: cosecha un 15 % inferior y precios bajos al viticultor - ASAJA Soria<\/title>\n<meta name=\"description\" content=\"El dato del descenso esperado del 15 % en la producci\u00f3n de vino para esta campa\u00f1a debido a los severos episodios de sequ\u00eda lo ofreci\u00f3 esta semana el\" \/>\n<meta name=\"robots\" content=\"index, follow, max-snippet:-1, max-image-preview:large, max-video-preview:-1\" \/>\n<link rel=\"canonical\" href=\"https:\/\/www.asajacyl.com\/soria\/asaja-soria-informa\/vendimia-cosecha-un-15-inferior-y-precios-bajos-al-viticultor\" \/>\n<meta property=\"og:locale\" content=\"es_ES\" \/>\n<meta property=\"og:type\" content=\"article\" \/>\n<meta property=\"og:title\" content=\"Vendimia: cosecha un 15 % inferior y precios bajos al viticultor - ASAJA Soria\" \/>\n<meta property=\"og:description\" content=\"El dato del descenso esperado del 15 % en la producci\u00f3n de vino para esta campa\u00f1a debido a los severos episodios de sequ\u00eda lo ofreci\u00f3 esta semana el\" \/>\n<meta property=\"og:url\" content=\"https:\/\/www.asajacyl.com\/soria\/asaja-soria-informa\/vendimia-cosecha-un-15-inferior-y-precios-bajos-al-viticultor\" \/>\n<meta property=\"og:site_name\" content=\"ASAJA Soria\" \/>\n<meta property=\"article:published_time\" content=\"2023-10-31T09:05:47+00:00\" \/>\n<meta property=\"article:modified_time\" content=\"2023-10-31T09:05:50+00:00\" \/>\n<meta property=\"og:image\" content=\"https:\/\/www.asajacyl.com\/soria\/wp-content\/uploads\/sites\/9\/2021\/04\/grapes-1659118_1280.jpg\" \/>\n\t<meta property=\"og:image:width\" content=\"1280\" \/>\n\t<meta property=\"og:image:height\" content=\"1024\" \/>\n\t<meta property=\"og:image:type\" content=\"image\/jpeg\" \/>\n<meta name=\"author\" content=\"Juan Ignacio Prieto Nieto\" \/>\n<meta name=\"twitter:card\" content=\"summary_large_image\" \/>\n<meta name=\"twitter:label1\" content=\"Escrito por\" \/>\n\t<meta name=\"twitter:data1\" content=\"Juan Ignacio Prieto Nieto\" \/>\n\t<meta name=\"twitter:label2\" content=\"Tiempo de lectura\" \/>\n\t<meta name=\"twitter:data2\" content=\"1 minuto\" \/>\n<script type=\"application\/ld+json\" class=\"yoast-schema-graph\">{\"@context\":\"https:\/\/schema.org\",\"@graph\":[{\"@type\":\"WebPage\",\"@id\":\"https:\/\/www.asajacyl.com\/soria\/asaja-soria-informa\/vendimia-cosecha-un-15-inferior-y-precios-bajos-al-viticultor\",\"url\":\"https:\/\/www.asajacyl.com\/soria\/asaja-soria-informa\/vendimia-cosecha-un-15-inferior-y-precios-bajos-al-viticultor\",\"name\":\"Vendimia: cosecha un 15 % inferior y precios bajos al viticultor - ASAJA Soria\",\"isPartOf\":{\"@id\":\"https:\/\/www.asajacyl.com\/soria\/#website\"},\"primaryImageOfPage\":{\"@id\":\"https:\/\/www.asajacyl.com\/soria\/asaja-soria-informa\/vendimia-cosecha-un-15-inferior-y-precios-bajos-al-viticultor#primaryimage\"},\"image\":{\"@id\":\"https:\/\/www.asajacyl.com\/soria\/asaja-soria-informa\/vendimia-cosecha-un-15-inferior-y-precios-bajos-al-viticultor#primaryimage\"},\"thumbnailUrl\":\"https:\/\/www.asajacyl.com\/soria\/wp-content\/uploads\/sites\/9\/2021\/04\/grapes-1659118_1280.jpg\",\"datePublished\":\"2023-10-31T09:05:47+00:00\",\"dateModified\":\"2023-10-31T09:05:50+00:00\",\"author\":{\"@id\":\"https:\/\/www.asajacyl.com\/soria\/#\/schema\/person\/fd3081c40255119ce8133b87e6aedfab\"},\"description\":\"El dato del descenso esperado del 15 % en la producci\u00f3n de vino para esta campa\u00f1a debido a los severos episodios de sequ\u00eda lo ofreci\u00f3 esta semana el\",\"breadcrumb\":{\"@id\":\"https:\/\/www.asajacyl.com\/soria\/asaja-soria-informa\/vendimia-cosecha-un-15-inferior-y-precios-bajos-al-viticultor#breadcrumb\"},\"inLanguage\":\"es\",\"potentialAction\":[{\"@type\":\"ReadAction\",\"target\":[\"https:\/\/www.asajacyl.com\/soria\/asaja-soria-informa\/vendimia-cosecha-un-15-inferior-y-precios-bajos-al-viticultor\"]}]},{\"@type\":\"ImageObject\",\"inLanguage\":\"es\",\"@id\":\"https:\/\/www.asajacyl.com\/soria\/asaja-soria-informa\/vendimia-cosecha-un-15-inferior-y-precios-bajos-al-viticultor#primaryimage\",\"url\":\"https:\/\/www.asajacyl.com\/soria\/wp-content\/uploads\/sites\/9\/2021\/04\/grapes-1659118_1280.jpg\",\"contentUrl\":\"https:\/\/www.asajacyl.com\/soria\/wp-content\/uploads\/sites\/9\/2021\/04\/grapes-1659118_1280.jpg\",\"width\":1280,\"height\":1024},{\"@type\":\"BreadcrumbList\",\"@id\":\"https:\/\/www.asajacyl.com\/soria\/asaja-soria-informa\/vendimia-cosecha-un-15-inferior-y-precios-bajos-al-viticultor#breadcrumb\",\"itemListElement\":[{\"@type\":\"ListItem\",\"position\":1,\"name\":\"Portada\",\"item\":\"https:\/\/www.asajacyl.com\/soria\/\"},{\"@type\":\"ListItem\",\"position\":2,\"name\":\"Vendimia: cosecha un 15 % inferior y precios bajos al viticultor\"}]},{\"@type\":\"WebSite\",\"@id\":\"https:\/\/www.asajacyl.com\/soria\/#website\",\"url\":\"https:\/\/www.asajacyl.com\/soria\/\",\"name\":\"ASAJA Soria\",\"description\":\"Otro sitio m\u00e1s de Provincias ASAJA Castilla y Le\u00f3n\",\"potentialAction\":[{\"@type\":\"SearchAction\",\"target\":{\"@type\":\"EntryPoint\",\"urlTemplate\":\"https:\/\/www.asajacyl.com\/soria\/?s={search_term_string}\"},\"query-input\":{\"@type\":\"PropertyValueSpecification\",\"valueRequired\":true,\"valueName\":\"search_term_string\"}}],\"inLanguage\":\"es\"},{\"@type\":\"Person\",\"@id\":\"https:\/\/www.asajacyl.com\/soria\/#\/schema\/person\/fd3081c40255119ce8133b87e6aedfab\",\"name\":\"Juan Ignacio Prieto Nieto\",\"image\":{\"@type\":\"ImageObject\",\"inLanguage\":\"es\",\"@id\":\"https:\/\/www.asajacyl.com\/soria\/#\/schema\/person\/image\/\",\"url\":\"https:\/\/secure.gravatar.com\/avatar\/8266b36e4d9001acb4700699a2468dc8?s=96&d=mm&r=g\",\"contentUrl\":\"https:\/\/secure.gravatar.com\/avatar\/8266b36e4d9001acb4700699a2468dc8?s=96&d=mm&r=g\",\"caption\":\"Juan Ignacio Prieto Nieto\"},\"url\":\"https:\/\/www.asajacyl.com\/soria\/author\/juanfranciscoby\"}]}<\/script>\n<!-- \/ Yoast SEO plugin. -->","yoast_head_json":{"title":"Vendimia: cosecha un 15 % inferior y precios bajos al viticultor - ASAJA Soria","description":"El dato del descenso esperado del 15 % en la producci\u00f3n de vino para esta campa\u00f1a debido a los severos episodios de sequ\u00eda lo ofreci\u00f3 esta semana el","robots":{"index":"index","follow":"follow","max-snippet":"max-snippet:-1","max-image-preview":"max-image-preview:large","max-video-preview":"max-video-preview:-1"},"canonical":"https:\/\/www.asajacyl.com\/soria\/asaja-soria-informa\/vendimia-cosecha-un-15-inferior-y-precios-bajos-al-viticultor","og_locale":"es_ES","og_type":"article","og_title":"Vendimia: cosecha un 15 % inferior y precios bajos al viticultor - ASAJA Soria","og_description":"El dato del descenso esperado del 15 % en la producci\u00f3n de vino para esta campa\u00f1a debido a los severos episodios de sequ\u00eda lo ofreci\u00f3 esta semana el","og_url":"https:\/\/www.asajacyl.com\/soria\/asaja-soria-informa\/vendimia-cosecha-un-15-inferior-y-precios-bajos-al-viticultor","og_site_name":"ASAJA Soria","article_published_time":"2023-10-31T09:05:47+00:00","article_modified_time":"2023-10-31T09:05:50+00:00","og_image":[{"width":1280,"height":1024,"url":"https:\/\/www.asajacyl.com\/soria\/wp-content\/uploads\/sites\/9\/2021\/04\/grapes-1659118_1280.jpg","type":"image\/jpeg"}],"author":"Juan Ignacio Prieto Nieto","twitter_card":"summary_large_image","twitter_misc":{"Escrito por":"Juan Ignacio Prieto Nieto","Tiempo de lectura":"1 minuto"},"schema":{"@context":"https:\/\/schema.org","@graph":[{"@type":"WebPage","@id":"https:\/\/www.asajacyl.com\/soria\/asaja-soria-informa\/vendimia-cosecha-un-15-inferior-y-precios-bajos-al-viticultor","url":"https:\/\/www.asajacyl.com\/soria\/asaja-soria-informa\/vendimia-cosecha-un-15-inferior-y-precios-bajos-al-viticultor","name":"Vendimia: cosecha un 15 % inferior y precios bajos al viticultor - ASAJA Soria","isPartOf":{"@id":"https:\/\/www.asajacyl.com\/soria\/#website"},"primaryImageOfPage":{"@id":"https:\/\/www.asajacyl.com\/soria\/asaja-soria-informa\/vendimia-cosecha-un-15-inferior-y-precios-bajos-al-viticultor#primaryimage"},"image":{"@id":"https:\/\/www.asajacyl.com\/soria\/asaja-soria-informa\/vendimia-cosecha-un-15-inferior-y-precios-bajos-al-viticultor#primaryimage"},"thumbnailUrl":"https:\/\/www.asajacyl.com\/soria\/wp-content\/uploads\/sites\/9\/2021\/04\/grapes-1659118_1280.jpg","datePublished":"2023-10-31T09:05:47+00:00","dateModified":"2023-10-31T09:05:50+00:00","author":{"@id":"https:\/\/www.asajacyl.com\/soria\/#\/schema\/person\/fd3081c40255119ce8133b87e6aedfab"},"description":"El dato del descenso esperado del 15 % en la producci\u00f3n de vino para esta campa\u00f1a debido a los severos episodios de sequ\u00eda lo ofreci\u00f3 esta semana el","breadcrumb":{"@id":"https:\/\/www.asajacyl.com\/soria\/asaja-soria-informa\/vendimia-cosecha-un-15-inferior-y-precios-bajos-al-viticultor#breadcrumb"},"inLanguage":"es","potentialAction":[{"@type":"ReadAction","target":["https:\/\/www.asajacyl.com\/soria\/asaja-soria-informa\/vendimia-cosecha-un-15-inferior-y-precios-bajos-al-viticultor"]}]},{"@type":"ImageObject","inLanguage":"es","@id":"https:\/\/www.asajacyl.com\/soria\/asaja-soria-informa\/vendimia-cosecha-un-15-inferior-y-precios-bajos-al-viticultor#primaryimage","url":"https:\/\/www.asajacyl.com\/soria\/wp-content\/uploads\/sites\/9\/2021\/04\/grapes-1659118_1280.jpg","contentUrl":"https:\/\/www.asajacyl.com\/soria\/wp-content\/uploads\/sites\/9\/2021\/04\/grapes-1659118_1280.jpg","width":1280,"height":1024},{"@type":"BreadcrumbList","@id":"https:\/\/www.asajacyl.com\/soria\/asaja-soria-informa\/vendimia-cosecha-un-15-inferior-y-precios-bajos-al-viticultor#breadcrumb","itemListElement":[{"@type":"ListItem","position":1,"name":"Portada","item":"https:\/\/www.asajacyl.com\/soria\/"},{"@type":"ListItem","position":2,"name":"Vendimia: cosecha un 15 % inferior y precios bajos al viticultor"}]},{"@type":"WebSite","@id":"https:\/\/www.asajacyl.com\/soria\/#website","url":"https:\/\/www.asajacyl.com\/soria\/","name":"ASAJA Soria","description":"Otro sitio m\u00e1s de Provincias ASAJA Castilla y Le\u00f3n","potentialAction":[{"@type":"SearchAction","target":{"@type":"EntryPoint","urlTemplate":"https:\/\/www.asajacyl.com\/soria\/?s={search_term_string}"},"query-input":{"@type":"PropertyValueSpecification","valueRequired":true,"valueName":"search_term_string"}}],"inLanguage":"es"},{"@type":"Person","@id":"https:\/\/www.asajacyl.com\/soria\/#\/schema\/person\/fd3081c40255119ce8133b87e6aedfab","name":"Juan Ignacio Prieto Nieto","image":{"@type":"ImageObject","inLanguage":"es","@id":"https:\/\/www.asajacyl.com\/soria\/#\/schema\/person\/image\/","url":"https:\/\/secure.gravatar.com\/avatar\/8266b36e4d9001acb4700699a2468dc8?s=96&d=mm&r=g","contentUrl":"https:\/\/secure.gravatar.com\/avatar\/8266b36e4d9001acb4700699a2468dc8?s=96&d=mm&r=g","caption":"Juan Ignacio Prieto Nieto"},"url":"https:\/\/www.asajacyl.com\/soria\/author\/juanfranciscoby"}]}},"_links":{"self":[{"href":"https:\/\/www.asajacyl.com\/soria\/wp-json\/wp\/v2\/posts\/7366"}],"collection":[{"href":"https:\/\/www.asajacyl.com\/soria\/wp-json\/wp\/v2\/posts"}],"about":[{"href":"https:\/\/www.asajacyl.com\/soria\/wp-json\/wp\/v2\/types\/post"}],"author":[{"embeddable":true,"href":"https:\/\/www.asajacyl.com\/soria\/wp-json\/wp\/v2\/users\/12"}],"replies":[{"embeddable":true,"href":"https:\/\/www.asajacyl.com\/soria\/wp-json\/wp\/v2\/comments?post=7366"}],"version-history":[{"count":1,"href":"https:\/\/www.asajacyl.com\/soria\/wp-json\/wp\/v2\/posts\/7366\/revisions"}],"predecessor-version":[{"id":7367,"href":"https:\/\/www.asajacyl.com\/soria\/wp-json\/wp\/v2\/posts\/7366\/revisions\/7367"}],"wp:featuredmedia":[{"embeddable":true,"href":"https:\/\/www.asajacyl.com\/soria\/wp-json\/wp\/v2\/media\/4384"}],"wp:attachment":[{"href":"https:\/\/www.asajacyl.com\/soria\/wp-json\/wp\/v2\/media?parent=7366"}],"wp:term":[{"taxonomy":"category","embeddable":true,"href":"https:\/\/www.asajacyl.com\/soria\/wp-json\/wp\/v2\/categories?post=7366"},{"taxonomy":"post_tag","embeddable":true,"href":"https:\/\/www.asajacyl.com\/soria\/wp-json\/wp\/v2\/tags?post=7366"}],"curies":[{"name":"wp","href":"https:\/\/api.w.org\/{rel}","templated":true}]}}