{"id":7440,"date":"2023-11-23T14:48:06","date_gmt":"2023-11-23T13:48:06","guid":{"rendered":"https:\/\/www.asajacyl.com\/soria\/?p=7440"},"modified":"2023-11-27T10:18:57","modified_gmt":"2023-11-27T09:18:57","slug":"curso-poda-e-injerto-en-vinedo","status":"publish","type":"post","link":"https:\/\/www.asajacyl.com\/soria\/servicios-socio\/curso-poda-e-injerto-en-vinedo","title":{"rendered":"CURSO \u2013 PODA E INJERTO EN VI\u00d1EDO"},"content":{"rendered":"\n\n\n\n\n<p>FECHA DE IMPARTICI\u00d3N: del 11\/12\/2023 al 15\/12\/2023<\/p>\n<p>MODALIDAD DE IMPARTICI\u00d3N: Presencial.<\/p>\n<p>TIPO DE ACCI\u00d3N: Formativa y demostrativa en campo.<\/p>\n<p>LUGAR DE CELEBRACI\u00d3N: Aula, Vivero de Empresas, Pol. Ind. La Tapiada, 42330 San Esteban de Gormaz (Soria)<\/p>\n<p>DURACI\u00d3N: 25 horas presenciales.<\/p>\n<p>HORARIO: de 16:00 a 21:00 horas.<\/p>\n<p>DESTINATARIOS Y OBJETIVOS: El curso est\u00e1 dirigido a viticultores y a personas trabajadoras que desarrollan su actividad en el cuidado de los vi\u00f1edos. Y como objetivos tiene el conocer las caracter\u00edsticas propias del cultivo de la vid para aplicar las t\u00e9cnicas de su mantenimiento y mejora de la producci\u00f3n a trav\u00e9s de las podas. Contribuir a la sostenibilidad econ\u00f3mica del cultivo de la vid contribuyendo a la gesti\u00f3n de los recursos. Favorecer el desarrollo del sector vitivin\u00edcola de Castilla y Le\u00f3n, como un sector prioritario, generador de empleo en el medio rural atractivo para j\u00f3venes agricultores y como motor de desarrollo en muchos pueblos de la comunidad y transferir los avances t\u00e9cnicos sobre el cultivo ecol\u00f3gico del vi\u00f1edo y su funci\u00f3n como mitigador del cambio clim\u00e1tico por considerarse sumidero de carbono.<\/p>\n<p>CONTACTO: Tel\u00e9fono 975351098 (formacion@asajasoria.com).<\/p>\n<p>FECHA DE RECEPCI\u00d3N DE SOLICITUDES: hasta el 06 de diciembre de 2023.<\/p>\n<p>\u00a0<\/p>\n<p>Para conocer m\u00e1s detalles o c\u00f3mo realizar tu solicitud, en este documento adjunto encontrar\u00e1s el resto de la informaci\u00f3n:<\/p>\n<p><a href=\"https:\/\/www.asajacyl.com\/soria\/wp-content\/uploads\/sites\/9\/2023\/11\/ANEXO-I-cartel-poda-dic-23.pdf\">ANEXO I cartel poda dic 23<\/a><br \/><br \/><\/p>\n<p>\u00a0<\/p>\n<p><img loading=\"lazy\" decoding=\"async\" class=\"aligncenter size-full wp-image-7441\" src=\"https:\/\/www.asajacyl.com\/soria\/wp-content\/uploads\/sites\/9\/2023\/11\/ayuda99.jpg\" alt=\"\" width=\"1381\" height=\"581\" srcset=\"https:\/\/www.asajacyl.com\/soria\/wp-content\/uploads\/sites\/9\/2023\/11\/ayuda99.jpg 1381w, https:\/\/www.asajacyl.com\/soria\/wp-content\/uploads\/sites\/9\/2023\/11\/ayuda99-300x126.jpg 300w, https:\/\/www.asajacyl.com\/soria\/wp-content\/uploads\/sites\/9\/2023\/11\/ayuda99-1024x431.jpg 1024w, https:\/\/www.asajacyl.com\/soria\/wp-content\/uploads\/sites\/9\/2023\/11\/ayuda99-768x323.jpg 768w, https:\/\/www.asajacyl.com\/soria\/wp-content\/uploads\/sites\/9\/2023\/11\/ayuda99-696x293.jpg 696w, https:\/\/www.asajacyl.com\/soria\/wp-content\/uploads\/sites\/9\/2023\/11\/ayuda99-1068x449.jpg 1068w, https:\/\/www.asajacyl.com\/soria\/wp-content\/uploads\/sites\/9\/2023\/11\/ayuda99-998x420.jpg 998w\" sizes=\"(max-width: 1381px) 100vw, 1381px\" \/><\/p>\n","protected":false},"excerpt":{"rendered":"<p>FECHA DE IMPARTICI\u00d3N: del 11\/12\/2023 al 15\/12\/2023 MODALIDAD DE IMPARTICI\u00d3N: Presencial. TIPO DE ACCI\u00d3N: Formativa y demostrativa en campo. LUGAR DE CELEBRACI\u00d3N: Aula, Vivero de Empresas, Pol. Ind. La Tapiada, 42330 San Esteban de Gormaz (Soria) DURACI\u00d3N: 25 horas presenciales. HORARIO: de 16:00 a 21:00 horas. DESTINATARIOS Y OBJETIVOS: El curso est\u00e1 dirigido a viticultores [&hellip;]<\/p>\n","protected":false},"author":12,"featured_media":7443,"comment_status":"open","ping_status":"open","sticky":false,"template":"","format":"standard","meta":{"footnotes":""},"categories":[35,9],"tags":[],"yoast_head":"<!-- This site is optimized with the Yoast SEO plugin v24.5 - https:\/\/yoast.com\/wordpress\/plugins\/seo\/ -->\n<title>CURSO \u2013 PODA E INJERTO EN VI\u00d1EDO - ASAJA Soria<\/title>\n<meta name=\"description\" content=\"FECHA DE IMPARTICI\u00d3N: del 11\/12\/2023 al 15\/12\/2023 MODALIDAD DE IMPARTICI\u00d3N: Presencial. TIPO DE ACCI\u00d3N: Formativa y demostrativa en campo. LUGAR DE\" \/>\n<meta name=\"robots\" content=\"index, follow, max-snippet:-1, max-image-preview:large, max-video-preview:-1\" \/>\n<link rel=\"canonical\" href=\"https:\/\/www.asajacyl.com\/soria\/servicios-socio\/curso-poda-e-injerto-en-vinedo\" \/>\n<meta property=\"og:locale\" content=\"es_ES\" \/>\n<meta property=\"og:type\" content=\"article\" \/>\n<meta property=\"og:title\" content=\"CURSO \u2013 PODA E INJERTO EN VI\u00d1EDO - ASAJA Soria\" \/>\n<meta property=\"og:description\" content=\"FECHA DE IMPARTICI\u00d3N: del 11\/12\/2023 al 15\/12\/2023 MODALIDAD DE IMPARTICI\u00d3N: Presencial. TIPO DE ACCI\u00d3N: Formativa y demostrativa en campo. LUGAR DE\" \/>\n<meta property=\"og:url\" content=\"https:\/\/www.asajacyl.com\/soria\/servicios-socio\/curso-poda-e-injerto-en-vinedo\" \/>\n<meta property=\"og:site_name\" content=\"ASAJA Soria\" \/>\n<meta property=\"article:published_time\" content=\"2023-11-23T13:48:06+00:00\" \/>\n<meta property=\"article:modified_time\" content=\"2023-11-27T09:18:57+00:00\" \/>\n<meta property=\"og:image\" content=\"https:\/\/www.asajacyl.com\/soria\/wp-content\/uploads\/sites\/9\/2023\/11\/Captura-poda.jpg\" \/>\n\t<meta property=\"og:image:width\" content=\"604\" \/>\n\t<meta property=\"og:image:height\" content=\"533\" \/>\n\t<meta property=\"og:image:type\" content=\"image\/jpeg\" \/>\n<meta name=\"author\" content=\"Juan Ignacio Prieto Nieto\" \/>\n<meta name=\"twitter:card\" content=\"summary_large_image\" \/>\n<meta name=\"twitter:label1\" content=\"Escrito por\" \/>\n\t<meta name=\"twitter:data1\" content=\"Juan Ignacio Prieto Nieto\" \/>\n\t<meta name=\"twitter:label2\" content=\"Tiempo de lectura\" \/>\n\t<meta name=\"twitter:data2\" content=\"2 minutos\" \/>\n<script type=\"application\/ld+json\" class=\"yoast-schema-graph\">{\"@context\":\"https:\/\/schema.org\",\"@graph\":[{\"@type\":\"WebPage\",\"@id\":\"https:\/\/www.asajacyl.com\/soria\/servicios-socio\/curso-poda-e-injerto-en-vinedo\",\"url\":\"https:\/\/www.asajacyl.com\/soria\/servicios-socio\/curso-poda-e-injerto-en-vinedo\",\"name\":\"CURSO \u2013 PODA E INJERTO EN VI\u00d1EDO - ASAJA Soria\",\"isPartOf\":{\"@id\":\"https:\/\/www.asajacyl.com\/soria\/#website\"},\"primaryImageOfPage\":{\"@id\":\"https:\/\/www.asajacyl.com\/soria\/servicios-socio\/curso-poda-e-injerto-en-vinedo#primaryimage\"},\"image\":{\"@id\":\"https:\/\/www.asajacyl.com\/soria\/servicios-socio\/curso-poda-e-injerto-en-vinedo#primaryimage\"},\"thumbnailUrl\":\"https:\/\/www.asajacyl.com\/soria\/wp-content\/uploads\/sites\/9\/2023\/11\/Captura-poda.jpg\",\"datePublished\":\"2023-11-23T13:48:06+00:00\",\"dateModified\":\"2023-11-27T09:18:57+00:00\",\"author\":{\"@id\":\"https:\/\/www.asajacyl.com\/soria\/#\/schema\/person\/fd3081c40255119ce8133b87e6aedfab\"},\"description\":\"FECHA DE IMPARTICI\u00d3N: del 11\/12\/2023 al 15\/12\/2023 MODALIDAD DE IMPARTICI\u00d3N: Presencial. TIPO DE ACCI\u00d3N: Formativa y demostrativa en campo. LUGAR DE\",\"breadcrumb\":{\"@id\":\"https:\/\/www.asajacyl.com\/soria\/servicios-socio\/curso-poda-e-injerto-en-vinedo#breadcrumb\"},\"inLanguage\":\"es\",\"potentialAction\":[{\"@type\":\"ReadAction\",\"target\":[\"https:\/\/www.asajacyl.com\/soria\/servicios-socio\/curso-poda-e-injerto-en-vinedo\"]}]},{\"@type\":\"ImageObject\",\"inLanguage\":\"es\",\"@id\":\"https:\/\/www.asajacyl.com\/soria\/servicios-socio\/curso-poda-e-injerto-en-vinedo#primaryimage\",\"url\":\"https:\/\/www.asajacyl.com\/soria\/wp-content\/uploads\/sites\/9\/2023\/11\/Captura-poda.jpg\",\"contentUrl\":\"https:\/\/www.asajacyl.com\/soria\/wp-content\/uploads\/sites\/9\/2023\/11\/Captura-poda.jpg\",\"width\":604,\"height\":533},{\"@type\":\"BreadcrumbList\",\"@id\":\"https:\/\/www.asajacyl.com\/soria\/servicios-socio\/curso-poda-e-injerto-en-vinedo#breadcrumb\",\"itemListElement\":[{\"@type\":\"ListItem\",\"position\":1,\"name\":\"Portada\",\"item\":\"https:\/\/www.asajacyl.com\/soria\/\"},{\"@type\":\"ListItem\",\"position\":2,\"name\":\"CURSO \u2013 PODA E INJERTO EN VI\u00d1EDO\"}]},{\"@type\":\"WebSite\",\"@id\":\"https:\/\/www.asajacyl.com\/soria\/#website\",\"url\":\"https:\/\/www.asajacyl.com\/soria\/\",\"name\":\"ASAJA Soria\",\"description\":\"Otro sitio m\u00e1s de Provincias ASAJA Castilla y Le\u00f3n\",\"potentialAction\":[{\"@type\":\"SearchAction\",\"target\":{\"@type\":\"EntryPoint\",\"urlTemplate\":\"https:\/\/www.asajacyl.com\/soria\/?s={search_term_string}\"},\"query-input\":{\"@type\":\"PropertyValueSpecification\",\"valueRequired\":true,\"valueName\":\"search_term_string\"}}],\"inLanguage\":\"es\"},{\"@type\":\"Person\",\"@id\":\"https:\/\/www.asajacyl.com\/soria\/#\/schema\/person\/fd3081c40255119ce8133b87e6aedfab\",\"name\":\"Juan Ignacio Prieto Nieto\",\"image\":{\"@type\":\"ImageObject\",\"inLanguage\":\"es\",\"@id\":\"https:\/\/www.asajacyl.com\/soria\/#\/schema\/person\/image\/\",\"url\":\"https:\/\/secure.gravatar.com\/avatar\/8266b36e4d9001acb4700699a2468dc8?s=96&d=mm&r=g\",\"contentUrl\":\"https:\/\/secure.gravatar.com\/avatar\/8266b36e4d9001acb4700699a2468dc8?s=96&d=mm&r=g\",\"caption\":\"Juan Ignacio Prieto Nieto\"},\"url\":\"https:\/\/www.asajacyl.com\/soria\/author\/juanfranciscoby\"}]}<\/script>\n<!-- \/ Yoast SEO plugin. -->","yoast_head_json":{"title":"CURSO \u2013 PODA E INJERTO EN VI\u00d1EDO - ASAJA Soria","description":"FECHA DE IMPARTICI\u00d3N: del 11\/12\/2023 al 15\/12\/2023 MODALIDAD DE IMPARTICI\u00d3N: Presencial. TIPO DE ACCI\u00d3N: Formativa y demostrativa en campo. LUGAR DE","robots":{"index":"index","follow":"follow","max-snippet":"max-snippet:-1","max-image-preview":"max-image-preview:large","max-video-preview":"max-video-preview:-1"},"canonical":"https:\/\/www.asajacyl.com\/soria\/servicios-socio\/curso-poda-e-injerto-en-vinedo","og_locale":"es_ES","og_type":"article","og_title":"CURSO \u2013 PODA E INJERTO EN VI\u00d1EDO - ASAJA Soria","og_description":"FECHA DE IMPARTICI\u00d3N: del 11\/12\/2023 al 15\/12\/2023 MODALIDAD DE IMPARTICI\u00d3N: Presencial. TIPO DE ACCI\u00d3N: Formativa y demostrativa en campo. LUGAR DE","og_url":"https:\/\/www.asajacyl.com\/soria\/servicios-socio\/curso-poda-e-injerto-en-vinedo","og_site_name":"ASAJA Soria","article_published_time":"2023-11-23T13:48:06+00:00","article_modified_time":"2023-11-27T09:18:57+00:00","og_image":[{"width":604,"height":533,"url":"https:\/\/www.asajacyl.com\/soria\/wp-content\/uploads\/sites\/9\/2023\/11\/Captura-poda.jpg","type":"image\/jpeg"}],"author":"Juan Ignacio Prieto Nieto","twitter_card":"summary_large_image","twitter_misc":{"Escrito por":"Juan Ignacio Prieto Nieto","Tiempo de lectura":"2 minutos"},"schema":{"@context":"https:\/\/schema.org","@graph":[{"@type":"WebPage","@id":"https:\/\/www.asajacyl.com\/soria\/servicios-socio\/curso-poda-e-injerto-en-vinedo","url":"https:\/\/www.asajacyl.com\/soria\/servicios-socio\/curso-poda-e-injerto-en-vinedo","name":"CURSO \u2013 PODA E INJERTO EN VI\u00d1EDO - ASAJA Soria","isPartOf":{"@id":"https:\/\/www.asajacyl.com\/soria\/#website"},"primaryImageOfPage":{"@id":"https:\/\/www.asajacyl.com\/soria\/servicios-socio\/curso-poda-e-injerto-en-vinedo#primaryimage"},"image":{"@id":"https:\/\/www.asajacyl.com\/soria\/servicios-socio\/curso-poda-e-injerto-en-vinedo#primaryimage"},"thumbnailUrl":"https:\/\/www.asajacyl.com\/soria\/wp-content\/uploads\/sites\/9\/2023\/11\/Captura-poda.jpg","datePublished":"2023-11-23T13:48:06+00:00","dateModified":"2023-11-27T09:18:57+00:00","author":{"@id":"https:\/\/www.asajacyl.com\/soria\/#\/schema\/person\/fd3081c40255119ce8133b87e6aedfab"},"description":"FECHA DE IMPARTICI\u00d3N: del 11\/12\/2023 al 15\/12\/2023 MODALIDAD DE IMPARTICI\u00d3N: Presencial. TIPO DE ACCI\u00d3N: Formativa y demostrativa en campo. LUGAR DE","breadcrumb":{"@id":"https:\/\/www.asajacyl.com\/soria\/servicios-socio\/curso-poda-e-injerto-en-vinedo#breadcrumb"},"inLanguage":"es","potentialAction":[{"@type":"ReadAction","target":["https:\/\/www.asajacyl.com\/soria\/servicios-socio\/curso-poda-e-injerto-en-vinedo"]}]},{"@type":"ImageObject","inLanguage":"es","@id":"https:\/\/www.asajacyl.com\/soria\/servicios-socio\/curso-poda-e-injerto-en-vinedo#primaryimage","url":"https:\/\/www.asajacyl.com\/soria\/wp-content\/uploads\/sites\/9\/2023\/11\/Captura-poda.jpg","contentUrl":"https:\/\/www.asajacyl.com\/soria\/wp-content\/uploads\/sites\/9\/2023\/11\/Captura-poda.jpg","width":604,"height":533},{"@type":"BreadcrumbList","@id":"https:\/\/www.asajacyl.com\/soria\/servicios-socio\/curso-poda-e-injerto-en-vinedo#breadcrumb","itemListElement":[{"@type":"ListItem","position":1,"name":"Portada","item":"https:\/\/www.asajacyl.com\/soria\/"},{"@type":"ListItem","position":2,"name":"CURSO \u2013 PODA E INJERTO EN VI\u00d1EDO"}]},{"@type":"WebSite","@id":"https:\/\/www.asajacyl.com\/soria\/#website","url":"https:\/\/www.asajacyl.com\/soria\/","name":"ASAJA Soria","description":"Otro sitio m\u00e1s de Provincias ASAJA Castilla y Le\u00f3n","potentialAction":[{"@type":"SearchAction","target":{"@type":"EntryPoint","urlTemplate":"https:\/\/www.asajacyl.com\/soria\/?s={search_term_string}"},"query-input":{"@type":"PropertyValueSpecification","valueRequired":true,"valueName":"search_term_string"}}],"inLanguage":"es"},{"@type":"Person","@id":"https:\/\/www.asajacyl.com\/soria\/#\/schema\/person\/fd3081c40255119ce8133b87e6aedfab","name":"Juan Ignacio Prieto Nieto","image":{"@type":"ImageObject","inLanguage":"es","@id":"https:\/\/www.asajacyl.com\/soria\/#\/schema\/person\/image\/","url":"https:\/\/secure.gravatar.com\/avatar\/8266b36e4d9001acb4700699a2468dc8?s=96&d=mm&r=g","contentUrl":"https:\/\/secure.gravatar.com\/avatar\/8266b36e4d9001acb4700699a2468dc8?s=96&d=mm&r=g","caption":"Juan Ignacio Prieto Nieto"},"url":"https:\/\/www.asajacyl.com\/soria\/author\/juanfranciscoby"}]}},"_links":{"self":[{"href":"https:\/\/www.asajacyl.com\/soria\/wp-json\/wp\/v2\/posts\/7440"}],"collection":[{"href":"https:\/\/www.asajacyl.com\/soria\/wp-json\/wp\/v2\/posts"}],"about":[{"href":"https:\/\/www.asajacyl.com\/soria\/wp-json\/wp\/v2\/types\/post"}],"author":[{"embeddable":true,"href":"https:\/\/www.asajacyl.com\/soria\/wp-json\/wp\/v2\/users\/12"}],"replies":[{"embeddable":true,"href":"https:\/\/www.asajacyl.com\/soria\/wp-json\/wp\/v2\/comments?post=7440"}],"version-history":[{"count":4,"href":"https:\/\/www.asajacyl.com\/soria\/wp-json\/wp\/v2\/posts\/7440\/revisions"}],"predecessor-version":[{"id":7449,"href":"https:\/\/www.asajacyl.com\/soria\/wp-json\/wp\/v2\/posts\/7440\/revisions\/7449"}],"wp:featuredmedia":[{"embeddable":true,"href":"https:\/\/www.asajacyl.com\/soria\/wp-json\/wp\/v2\/media\/7443"}],"wp:attachment":[{"href":"https:\/\/www.asajacyl.com\/soria\/wp-json\/wp\/v2\/media?parent=7440"}],"wp:term":[{"taxonomy":"category","embeddable":true,"href":"https:\/\/www.asajacyl.com\/soria\/wp-json\/wp\/v2\/categories?post=7440"},{"taxonomy":"post_tag","embeddable":true,"href":"https:\/\/www.asajacyl.com\/soria\/wp-json\/wp\/v2\/tags?post=7440"}],"curies":[{"name":"wp","href":"https:\/\/api.w.org\/{rel}","templated":true}]}}