{"id":7497,"date":"2023-12-26T11:39:17","date_gmt":"2023-12-26T10:39:17","guid":{"rendered":"https:\/\/www.asajacyl.com\/soria\/?p=7497"},"modified":"2024-01-09T16:40:53","modified_gmt":"2024-01-09T15:40:53","slug":"asaja-soria-denuncia-la-preocupante-situacion-derivada-de-la-superpoblacion-de-la-fauna-silvestre","status":"publish","type":"post","link":"https:\/\/www.asajacyl.com\/soria\/asaja-soria-informa\/asaja-soria-denuncia-la-preocupante-situacion-derivada-de-la-superpoblacion-de-la-fauna-silvestre","title":{"rendered":"ASAJA Soria denuncia la preocupante situaci\u00f3n derivada de la superpoblaci\u00f3n de la fauna silvestre"},"content":{"rendered":"\n\n\n<h2><strong><em>La OPA considera que la carga cineg\u00e9tica que soporta el campo es insostenible y pone el foco en que el seguro ha retirado la cobertura por da\u00f1os de estos animales<\/em><\/strong><\/h2>\n<p>Seg\u00fan datos de la Direcci\u00f3n General de Tr\u00e1fico, este 2023 va a cerrarse con cerca de 1500 siniestros, accidentes o percances en las carreteras de la provincia que han sido provocados por animales silvestres. Aunque en 2022 la cifra fue todav\u00eda incluso superior, no deja de ser muy preocupante y alt\u00edsima.<\/p>\n<p>Los accidentes son un lamentable term\u00f3metro que mide tambi\u00e9n la carga cineg\u00e9tica que soporta el campo. Sigue habiendo una superpoblaci\u00f3n insostenible e insoportable para los profesionales de la agroganader\u00eda. Agroseguro, ENESA, ha retirado en todos los seguros agrarios de primavera la cobertura de los da\u00f1os que provocan esos animales. Cazadores y administraci\u00f3n deben ser conscientes de esta nueva situaci\u00f3n. Adem\u00e1s, la reclamaci\u00f3n de da\u00f1os se est\u00e1 complicando jur\u00eddicamente y hay que conocer muy bien los pasos que dar.<\/p>\n<p>La proliferaci\u00f3n de fauna silvestre en zonas de cultivo no es culpa de los agricultores, sino que son precisamente los productores los que soportan las p\u00e9rdidas en sus cosechas. Por ello, ASAJA Soria hace un llamamiento a la responsabilidad de las autoridades competentes que dise\u00f1an las pol\u00edticas de conservaci\u00f3n, para que adopten cuantas medidas hagan falta para un adecuado control de las especies cineg\u00e9ticas, en aras de prevenir accidentes, incluso muertes, en las carreteras y los cuantiosos da\u00f1os a los cultivos. No pueden pasar por alto las consecuencias que esas pol\u00edticas tienen sobre las producciones agroganaderas, la econom\u00eda de la provincia y la salud y seguridad de toda la sociedad.<\/p>\n<p>La realidad es que esta provincia es la que registra el mayor n\u00famero de siniestros provocados por fauna salvaje de toda Espa\u00f1a. ASAJA lamenta el complaciente estado de narcolepsia que parece estar pasando la sociedad soriana porque hace unos a\u00f1os con la mitad de accidentes se quemaban las calles. Los accidentes, como los da\u00f1os, no eran un problema hasta el cambio de este nuevo siglo, que lleg\u00f3 \u2018ecologizador\u2019, y con eso que se comenz\u00f3 a llamar desarrollo rural, con la Agenda 2000, para encauzar parte del presupuesto agr\u00edcola y dedicarlo a otros recursos rurales. No es de extra\u00f1ar que el sector se sienta como el dicho: \u201cadem\u00e1s de burro, apaleado\u201d.<\/p>\n<p><em>\u00a0<\/em><\/p>\n","protected":false},"excerpt":{"rendered":"<p>La OPA considera que la carga cineg\u00e9tica que soporta el campo es insostenible y pone el foco en que el seguro ha retirado la cobertura por da\u00f1os de estos animales Seg\u00fan datos de la Direcci\u00f3n General de Tr\u00e1fico, este 2023 va a cerrarse con cerca de 1500 siniestros, accidentes o percances en las carreteras de [&hellip;]<\/p>\n","protected":false},"author":12,"featured_media":7498,"comment_status":"open","ping_status":"open","sticky":false,"template":"","format":"standard","meta":{"footnotes":""},"categories":[10,25],"tags":[],"yoast_head":"<!-- This site is optimized with the Yoast SEO plugin v24.5 - https:\/\/yoast.com\/wordpress\/plugins\/seo\/ -->\n<title>ASAJA Soria denuncia la preocupante situaci\u00f3n derivada de la superpoblaci\u00f3n de la fauna silvestre - ASAJA Soria<\/title>\n<meta name=\"description\" content=\"La OPA considera que la carga cineg\u00e9tica que soporta el campo es insostenible y pone el foco en que el seguro ha retirado la cobertura por da\u00f1os de estos\" \/>\n<meta name=\"robots\" content=\"index, follow, max-snippet:-1, max-image-preview:large, max-video-preview:-1\" \/>\n<link rel=\"canonical\" href=\"https:\/\/www.asajacyl.com\/soria\/asaja-soria-informa\/asaja-soria-denuncia-la-preocupante-situacion-derivada-de-la-superpoblacion-de-la-fauna-silvestre\" \/>\n<meta property=\"og:locale\" content=\"es_ES\" \/>\n<meta property=\"og:type\" content=\"article\" \/>\n<meta property=\"og:title\" content=\"ASAJA Soria denuncia la preocupante situaci\u00f3n derivada de la superpoblaci\u00f3n de la fauna silvestre - ASAJA Soria\" \/>\n<meta property=\"og:description\" content=\"La OPA considera que la carga cineg\u00e9tica que soporta el campo es insostenible y pone el foco en que el seguro ha retirado la cobertura por da\u00f1os de estos\" \/>\n<meta property=\"og:url\" content=\"https:\/\/www.asajacyl.com\/soria\/asaja-soria-informa\/asaja-soria-denuncia-la-preocupante-situacion-derivada-de-la-superpoblacion-de-la-fauna-silvestre\" \/>\n<meta property=\"og:site_name\" content=\"ASAJA Soria\" \/>\n<meta property=\"article:published_time\" content=\"2023-12-26T10:39:17+00:00\" \/>\n<meta property=\"article:modified_time\" content=\"2024-01-09T15:40:53+00:00\" \/>\n<meta property=\"og:image\" content=\"https:\/\/www.asajacyl.com\/soria\/wp-content\/uploads\/sites\/9\/2023\/12\/danos-cultivos.jpg\" \/>\n\t<meta property=\"og:image:width\" content=\"2500\" \/>\n\t<meta property=\"og:image:height\" content=\"1875\" \/>\n\t<meta property=\"og:image:type\" content=\"image\/jpeg\" \/>\n<meta name=\"author\" content=\"Juan Ignacio Prieto Nieto\" \/>\n<meta name=\"twitter:card\" content=\"summary_large_image\" \/>\n<meta name=\"twitter:label1\" content=\"Escrito por\" \/>\n\t<meta name=\"twitter:data1\" content=\"Juan Ignacio Prieto Nieto\" \/>\n\t<meta name=\"twitter:label2\" content=\"Tiempo de lectura\" \/>\n\t<meta name=\"twitter:data2\" content=\"2 minutos\" \/>\n<script type=\"application\/ld+json\" class=\"yoast-schema-graph\">{\"@context\":\"https:\/\/schema.org\",\"@graph\":[{\"@type\":\"WebPage\",\"@id\":\"https:\/\/www.asajacyl.com\/soria\/asaja-soria-informa\/asaja-soria-denuncia-la-preocupante-situacion-derivada-de-la-superpoblacion-de-la-fauna-silvestre\",\"url\":\"https:\/\/www.asajacyl.com\/soria\/asaja-soria-informa\/asaja-soria-denuncia-la-preocupante-situacion-derivada-de-la-superpoblacion-de-la-fauna-silvestre\",\"name\":\"ASAJA Soria denuncia la preocupante situaci\u00f3n derivada de la superpoblaci\u00f3n de la fauna silvestre - ASAJA Soria\",\"isPartOf\":{\"@id\":\"https:\/\/www.asajacyl.com\/soria\/#website\"},\"primaryImageOfPage\":{\"@id\":\"https:\/\/www.asajacyl.com\/soria\/asaja-soria-informa\/asaja-soria-denuncia-la-preocupante-situacion-derivada-de-la-superpoblacion-de-la-fauna-silvestre#primaryimage\"},\"image\":{\"@id\":\"https:\/\/www.asajacyl.com\/soria\/asaja-soria-informa\/asaja-soria-denuncia-la-preocupante-situacion-derivada-de-la-superpoblacion-de-la-fauna-silvestre#primaryimage\"},\"thumbnailUrl\":\"https:\/\/www.asajacyl.com\/soria\/wp-content\/uploads\/sites\/9\/2023\/12\/danos-cultivos.jpg\",\"datePublished\":\"2023-12-26T10:39:17+00:00\",\"dateModified\":\"2024-01-09T15:40:53+00:00\",\"author\":{\"@id\":\"https:\/\/www.asajacyl.com\/soria\/#\/schema\/person\/fd3081c40255119ce8133b87e6aedfab\"},\"description\":\"La OPA considera que la carga cineg\u00e9tica que soporta el campo es insostenible y pone el foco en que el seguro ha retirado la cobertura por da\u00f1os de estos\",\"breadcrumb\":{\"@id\":\"https:\/\/www.asajacyl.com\/soria\/asaja-soria-informa\/asaja-soria-denuncia-la-preocupante-situacion-derivada-de-la-superpoblacion-de-la-fauna-silvestre#breadcrumb\"},\"inLanguage\":\"es\",\"potentialAction\":[{\"@type\":\"ReadAction\",\"target\":[\"https:\/\/www.asajacyl.com\/soria\/asaja-soria-informa\/asaja-soria-denuncia-la-preocupante-situacion-derivada-de-la-superpoblacion-de-la-fauna-silvestre\"]}]},{\"@type\":\"ImageObject\",\"inLanguage\":\"es\",\"@id\":\"https:\/\/www.asajacyl.com\/soria\/asaja-soria-informa\/asaja-soria-denuncia-la-preocupante-situacion-derivada-de-la-superpoblacion-de-la-fauna-silvestre#primaryimage\",\"url\":\"https:\/\/www.asajacyl.com\/soria\/wp-content\/uploads\/sites\/9\/2023\/12\/danos-cultivos.jpg\",\"contentUrl\":\"https:\/\/www.asajacyl.com\/soria\/wp-content\/uploads\/sites\/9\/2023\/12\/danos-cultivos.jpg\",\"width\":2500,\"height\":1875},{\"@type\":\"BreadcrumbList\",\"@id\":\"https:\/\/www.asajacyl.com\/soria\/asaja-soria-informa\/asaja-soria-denuncia-la-preocupante-situacion-derivada-de-la-superpoblacion-de-la-fauna-silvestre#breadcrumb\",\"itemListElement\":[{\"@type\":\"ListItem\",\"position\":1,\"name\":\"Portada\",\"item\":\"https:\/\/www.asajacyl.com\/soria\/\"},{\"@type\":\"ListItem\",\"position\":2,\"name\":\"ASAJA Soria denuncia la preocupante situaci\u00f3n derivada de la superpoblaci\u00f3n de la fauna silvestre\"}]},{\"@type\":\"WebSite\",\"@id\":\"https:\/\/www.asajacyl.com\/soria\/#website\",\"url\":\"https:\/\/www.asajacyl.com\/soria\/\",\"name\":\"ASAJA Soria\",\"description\":\"Otro sitio m\u00e1s de Provincias ASAJA Castilla y Le\u00f3n\",\"potentialAction\":[{\"@type\":\"SearchAction\",\"target\":{\"@type\":\"EntryPoint\",\"urlTemplate\":\"https:\/\/www.asajacyl.com\/soria\/?s={search_term_string}\"},\"query-input\":{\"@type\":\"PropertyValueSpecification\",\"valueRequired\":true,\"valueName\":\"search_term_string\"}}],\"inLanguage\":\"es\"},{\"@type\":\"Person\",\"@id\":\"https:\/\/www.asajacyl.com\/soria\/#\/schema\/person\/fd3081c40255119ce8133b87e6aedfab\",\"name\":\"Juan Ignacio Prieto Nieto\",\"image\":{\"@type\":\"ImageObject\",\"inLanguage\":\"es\",\"@id\":\"https:\/\/www.asajacyl.com\/soria\/#\/schema\/person\/image\/\",\"url\":\"https:\/\/secure.gravatar.com\/avatar\/8266b36e4d9001acb4700699a2468dc8?s=96&d=mm&r=g\",\"contentUrl\":\"https:\/\/secure.gravatar.com\/avatar\/8266b36e4d9001acb4700699a2468dc8?s=96&d=mm&r=g\",\"caption\":\"Juan Ignacio Prieto Nieto\"},\"url\":\"https:\/\/www.asajacyl.com\/soria\/author\/juanfranciscoby\"}]}<\/script>\n<!-- \/ Yoast SEO plugin. -->","yoast_head_json":{"title":"ASAJA Soria denuncia la preocupante situaci\u00f3n derivada de la superpoblaci\u00f3n de la fauna silvestre - ASAJA Soria","description":"La OPA considera que la carga cineg\u00e9tica que soporta el campo es insostenible y pone el foco en que el seguro ha retirado la cobertura por da\u00f1os de estos","robots":{"index":"index","follow":"follow","max-snippet":"max-snippet:-1","max-image-preview":"max-image-preview:large","max-video-preview":"max-video-preview:-1"},"canonical":"https:\/\/www.asajacyl.com\/soria\/asaja-soria-informa\/asaja-soria-denuncia-la-preocupante-situacion-derivada-de-la-superpoblacion-de-la-fauna-silvestre","og_locale":"es_ES","og_type":"article","og_title":"ASAJA Soria denuncia la preocupante situaci\u00f3n derivada de la superpoblaci\u00f3n de la fauna silvestre - ASAJA Soria","og_description":"La OPA considera que la carga cineg\u00e9tica que soporta el campo es insostenible y pone el foco en que el seguro ha retirado la cobertura por da\u00f1os de estos","og_url":"https:\/\/www.asajacyl.com\/soria\/asaja-soria-informa\/asaja-soria-denuncia-la-preocupante-situacion-derivada-de-la-superpoblacion-de-la-fauna-silvestre","og_site_name":"ASAJA Soria","article_published_time":"2023-12-26T10:39:17+00:00","article_modified_time":"2024-01-09T15:40:53+00:00","og_image":[{"width":2500,"height":1875,"url":"https:\/\/www.asajacyl.com\/soria\/wp-content\/uploads\/sites\/9\/2023\/12\/danos-cultivos.jpg","type":"image\/jpeg"}],"author":"Juan Ignacio Prieto Nieto","twitter_card":"summary_large_image","twitter_misc":{"Escrito por":"Juan Ignacio Prieto Nieto","Tiempo de lectura":"2 minutos"},"schema":{"@context":"https:\/\/schema.org","@graph":[{"@type":"WebPage","@id":"https:\/\/www.asajacyl.com\/soria\/asaja-soria-informa\/asaja-soria-denuncia-la-preocupante-situacion-derivada-de-la-superpoblacion-de-la-fauna-silvestre","url":"https:\/\/www.asajacyl.com\/soria\/asaja-soria-informa\/asaja-soria-denuncia-la-preocupante-situacion-derivada-de-la-superpoblacion-de-la-fauna-silvestre","name":"ASAJA Soria denuncia la preocupante situaci\u00f3n derivada de la superpoblaci\u00f3n de la fauna silvestre - ASAJA Soria","isPartOf":{"@id":"https:\/\/www.asajacyl.com\/soria\/#website"},"primaryImageOfPage":{"@id":"https:\/\/www.asajacyl.com\/soria\/asaja-soria-informa\/asaja-soria-denuncia-la-preocupante-situacion-derivada-de-la-superpoblacion-de-la-fauna-silvestre#primaryimage"},"image":{"@id":"https:\/\/www.asajacyl.com\/soria\/asaja-soria-informa\/asaja-soria-denuncia-la-preocupante-situacion-derivada-de-la-superpoblacion-de-la-fauna-silvestre#primaryimage"},"thumbnailUrl":"https:\/\/www.asajacyl.com\/soria\/wp-content\/uploads\/sites\/9\/2023\/12\/danos-cultivos.jpg","datePublished":"2023-12-26T10:39:17+00:00","dateModified":"2024-01-09T15:40:53+00:00","author":{"@id":"https:\/\/www.asajacyl.com\/soria\/#\/schema\/person\/fd3081c40255119ce8133b87e6aedfab"},"description":"La OPA considera que la carga cineg\u00e9tica que soporta el campo es insostenible y pone el foco en que el seguro ha retirado la cobertura por da\u00f1os de estos","breadcrumb":{"@id":"https:\/\/www.asajacyl.com\/soria\/asaja-soria-informa\/asaja-soria-denuncia-la-preocupante-situacion-derivada-de-la-superpoblacion-de-la-fauna-silvestre#breadcrumb"},"inLanguage":"es","potentialAction":[{"@type":"ReadAction","target":["https:\/\/www.asajacyl.com\/soria\/asaja-soria-informa\/asaja-soria-denuncia-la-preocupante-situacion-derivada-de-la-superpoblacion-de-la-fauna-silvestre"]}]},{"@type":"ImageObject","inLanguage":"es","@id":"https:\/\/www.asajacyl.com\/soria\/asaja-soria-informa\/asaja-soria-denuncia-la-preocupante-situacion-derivada-de-la-superpoblacion-de-la-fauna-silvestre#primaryimage","url":"https:\/\/www.asajacyl.com\/soria\/wp-content\/uploads\/sites\/9\/2023\/12\/danos-cultivos.jpg","contentUrl":"https:\/\/www.asajacyl.com\/soria\/wp-content\/uploads\/sites\/9\/2023\/12\/danos-cultivos.jpg","width":2500,"height":1875},{"@type":"BreadcrumbList","@id":"https:\/\/www.asajacyl.com\/soria\/asaja-soria-informa\/asaja-soria-denuncia-la-preocupante-situacion-derivada-de-la-superpoblacion-de-la-fauna-silvestre#breadcrumb","itemListElement":[{"@type":"ListItem","position":1,"name":"Portada","item":"https:\/\/www.asajacyl.com\/soria\/"},{"@type":"ListItem","position":2,"name":"ASAJA Soria denuncia la preocupante situaci\u00f3n derivada de la superpoblaci\u00f3n de la fauna silvestre"}]},{"@type":"WebSite","@id":"https:\/\/www.asajacyl.com\/soria\/#website","url":"https:\/\/www.asajacyl.com\/soria\/","name":"ASAJA Soria","description":"Otro sitio m\u00e1s de Provincias ASAJA Castilla y Le\u00f3n","potentialAction":[{"@type":"SearchAction","target":{"@type":"EntryPoint","urlTemplate":"https:\/\/www.asajacyl.com\/soria\/?s={search_term_string}"},"query-input":{"@type":"PropertyValueSpecification","valueRequired":true,"valueName":"search_term_string"}}],"inLanguage":"es"},{"@type":"Person","@id":"https:\/\/www.asajacyl.com\/soria\/#\/schema\/person\/fd3081c40255119ce8133b87e6aedfab","name":"Juan Ignacio Prieto Nieto","image":{"@type":"ImageObject","inLanguage":"es","@id":"https:\/\/www.asajacyl.com\/soria\/#\/schema\/person\/image\/","url":"https:\/\/secure.gravatar.com\/avatar\/8266b36e4d9001acb4700699a2468dc8?s=96&d=mm&r=g","contentUrl":"https:\/\/secure.gravatar.com\/avatar\/8266b36e4d9001acb4700699a2468dc8?s=96&d=mm&r=g","caption":"Juan Ignacio Prieto Nieto"},"url":"https:\/\/www.asajacyl.com\/soria\/author\/juanfranciscoby"}]}},"_links":{"self":[{"href":"https:\/\/www.asajacyl.com\/soria\/wp-json\/wp\/v2\/posts\/7497"}],"collection":[{"href":"https:\/\/www.asajacyl.com\/soria\/wp-json\/wp\/v2\/posts"}],"about":[{"href":"https:\/\/www.asajacyl.com\/soria\/wp-json\/wp\/v2\/types\/post"}],"author":[{"embeddable":true,"href":"https:\/\/www.asajacyl.com\/soria\/wp-json\/wp\/v2\/users\/12"}],"replies":[{"embeddable":true,"href":"https:\/\/www.asajacyl.com\/soria\/wp-json\/wp\/v2\/comments?post=7497"}],"version-history":[{"count":3,"href":"https:\/\/www.asajacyl.com\/soria\/wp-json\/wp\/v2\/posts\/7497\/revisions"}],"predecessor-version":[{"id":7502,"href":"https:\/\/www.asajacyl.com\/soria\/wp-json\/wp\/v2\/posts\/7497\/revisions\/7502"}],"wp:featuredmedia":[{"embeddable":true,"href":"https:\/\/www.asajacyl.com\/soria\/wp-json\/wp\/v2\/media\/7498"}],"wp:attachment":[{"href":"https:\/\/www.asajacyl.com\/soria\/wp-json\/wp\/v2\/media?parent=7497"}],"wp:term":[{"taxonomy":"category","embeddable":true,"href":"https:\/\/www.asajacyl.com\/soria\/wp-json\/wp\/v2\/categories?post=7497"},{"taxonomy":"post_tag","embeddable":true,"href":"https:\/\/www.asajacyl.com\/soria\/wp-json\/wp\/v2\/tags?post=7497"}],"curies":[{"name":"wp","href":"https:\/\/api.w.org\/{rel}","templated":true}]}}