{"id":7511,"date":"2024-01-09T16:38:35","date_gmt":"2024-01-09T15:38:35","guid":{"rendered":"https:\/\/www.asajacyl.com\/soria\/?p=7511"},"modified":"2024-01-25T16:45:54","modified_gmt":"2024-01-25T15:45:54","slug":"donaciano-dujo-preve-movilizaciones-en-primavera-para-salvar-la-critica-situacion-que-afronta-el-campo-regional","status":"publish","type":"post","link":"https:\/\/www.asajacyl.com\/soria\/asaja-soria-informa\/donaciano-dujo-preve-movilizaciones-en-primavera-para-salvar-la-critica-situacion-que-afronta-el-campo-regional","title":{"rendered":"Donaciano Dujo prev\u00e9 un 2024 conflictivo para el campo regional, por la baja rentabilidad y una PAC que limita la producci\u00f3n"},"content":{"rendered":"\n<h2><strong><u>El presidente de ASAJA Castilla y L\u00e9on no descarta movilizaciones y propiciar\u00e1 la unidad del sector para sumar fuerzas<\/u><\/strong><\/h2>\n<p>ASAJA de Castilla y Le\u00f3n ha presentado el 9 de enero el balance del sector agrario y ganadero en 2023 y sus propuestas y demandas de cara a 2024, un a\u00f1o que el presidente de la organizaci\u00f3n profesional agraria, Donaciano Dujo, augura \u201cmuy complicado para el campo, con muchos frentes abiertos que dificultan su rentabilidad y su futuro\u201d. Dujo -acompa\u00f1ado en la rueda de prensa por el secretario general y la gerente de ASAJA CyL, Jos\u00e9 Antonio Turrado y Nuria Ruiz- recalc\u00f3 que \u201cse inicia un periodo muy reivindicativo, en los despachos y tambi\u00e9n en la calle, porque los profesionales est\u00e1n hartos y muy presionados por todos los lados\u201d.<\/p>\n<p><img loading=\"lazy\" decoding=\"async\" class=\"wp-image-7516 alignleft\" src=\"https:\/\/www.asajacyl.com\/soria\/wp-content\/uploads\/sites\/9\/2024\/01\/foto-0.jpg\" alt=\"\" width=\"450\" height=\"253\" srcset=\"https:\/\/www.asajacyl.com\/soria\/wp-content\/uploads\/sites\/9\/2024\/01\/foto-0.jpg 2500w, https:\/\/www.asajacyl.com\/soria\/wp-content\/uploads\/sites\/9\/2024\/01\/foto-0-300x169.jpg 300w, https:\/\/www.asajacyl.com\/soria\/wp-content\/uploads\/sites\/9\/2024\/01\/foto-0-1024x576.jpg 1024w, https:\/\/www.asajacyl.com\/soria\/wp-content\/uploads\/sites\/9\/2024\/01\/foto-0-768x432.jpg 768w, https:\/\/www.asajacyl.com\/soria\/wp-content\/uploads\/sites\/9\/2024\/01\/foto-0-1536x864.jpg 1536w, https:\/\/www.asajacyl.com\/soria\/wp-content\/uploads\/sites\/9\/2024\/01\/foto-0-2048x1152.jpg 2048w, https:\/\/www.asajacyl.com\/soria\/wp-content\/uploads\/sites\/9\/2024\/01\/foto-0-696x391.jpg 696w, https:\/\/www.asajacyl.com\/soria\/wp-content\/uploads\/sites\/9\/2024\/01\/foto-0-1068x601.jpg 1068w, https:\/\/www.asajacyl.com\/soria\/wp-content\/uploads\/sites\/9\/2024\/01\/foto-0-1920x1080.jpg 1920w, https:\/\/www.asajacyl.com\/soria\/wp-content\/uploads\/sites\/9\/2024\/01\/foto-0-747x420.jpg 747w\" sizes=\"(max-width: 450px) 100vw, 450px\" \/><\/p>\n<p>Para la organizaci\u00f3n agraria, en 2023 \u201cse han conjugado la sequ\u00eda, las incongruencias de la PAC, unos precios que no compensan los altos costes, o la aparici\u00f3n de enfermedades desconocidas como la Enfermedad Hemorr\u00e1gica Epizo\u00f3tica (EHE) para agudizar como nunca la sensaci\u00f3n del campo de que se trabaja a p\u00e9rdidas o con suerte para mantener la rueda de la producci\u00f3n, lejos de un horizonte de estabilidad y rentabilidad que garantice el futuro\u201d.<\/p>\n<p>N\u00facleo de la protesta de ASAJA ser\u00e1 la PAC, \u201cque debe ser cambiada urgentemente, porque, adem\u00e1s de su complejidad burocr\u00e1tica, nos est\u00e1 obligando con reglas absurdas a trabajar para no recoger. Obliga al campo a no producir alimentos, justo cuando m\u00e1s necesidad hay en el planeta\u201d, se\u00f1al\u00f3 Donaciano Dujo. En este sentido, el l\u00edder de ASAJA subray\u00f3 la importancia de las elecciones europeas, que se celebrar\u00e1n el pr\u00f3ximo 9 de junio: \u201cDesde ASAJA promoveremos un voto masivo de apoyo a nuestros eurodiputados, pero no ser\u00e1 un cheque en blanco, sino un voto supeditado a que peleen por una agricultura y ganader\u00eda del siglo XXI, profesional y productiva, y por un medio rural vivo\u201d.<\/p>\n<p>Otro punto esencial en este 2024 ser\u00e1n los seguros agrarios, \u201ccada vez m\u00e1s necesarios, ya que acumulamos varias sequ\u00edas casi seguidas, en las que Castilla y Le\u00f3n ha sido la comunidad con m\u00e1s superficie siniestrada\u201d. Sin embargo, Dujo critic\u00f3 que los seguros \u201csean cada vez m\u00e1s caros y menos eficientes, cuando el agricultor necesita lo contrario, p\u00f3lizas asequibles y mayores coberturas\u201d. Para eso es urgente que el Ministerio ampl\u00ede el presupuesto destinado a los seguros, \u201calgo a lo que Luis Planas se ha comprometido por ahora solo de palabra, pero tiene que estar publicado en el BOE\u201d. Igualmente pidi\u00f3 que el Gobierno asegure la continuidad del gas\u00f3leo agr\u00edcola y la devoluci\u00f3n del impuesto de hidrocarburos, \u201cporque ser\u00eda completamente inviable mover los tractores sin ese apoyo al combustible profesional\u201d.<\/p>\n<p>En cuanto a las previsiones de siembras, aunque no ser\u00e1 hasta la campa\u00f1a de primavera cuando se concreten, todo parece apuntar que la bajada de superficie registrada en la campa\u00f1a 2022-23 se mantendr\u00e1 en la actual, la 2023-24, \u201cporque a los agricultores no nos salen las cuentas. Los costes de producci\u00f3n est\u00e1n ligeramente m\u00e1s bajos que el a\u00f1o pasado, pero tambi\u00e9n se paga cien euros menos la tonelada de cereal. Para compensar los gastos tienes que recoger 3.000 kilos por hect\u00e1rea, y en estos tiempos sabemos que no es nada f\u00e1cil\u201d.<\/p>\n<p>Igualmente, ASAJA recalca la importancia de que el tiempo acompa\u00f1e para la ganader\u00eda, \u201cporque no puede soportar otro a\u00f1o de falta de pastos y de forrajes que se pagan m\u00e1s que el cereal. Si no hay paja ser\u00eda un gran problema\u201d, indic\u00f3 el presidente de la OPA. En la misma l\u00ednea, expres\u00f3 la preocupaci\u00f3n de la organizaci\u00f3n por la posible evoluci\u00f3n de la EHE, \u201cporque en sanidad animal se requieren soluciones r\u00e1pidas y acuerdos entre las administraciones, no el desgobierno que hemos tenido en 2023\u201d.<\/p>\n<p>Por \u00faltimo, Donaciano Dujo expuso las cr\u00edticas de ASAJA a la proliferaci\u00f3n sin control de parques fotovoltaicos por el territorio. \u201cEstamos a favor de las energ\u00edas renovables, pero no de que arrasen con todo, incluyendo tierras productivas que siempre han estado dedicadas a la agricultura y la ganader\u00eda\u201d.<\/p>\n<p><strong>Resumen del balance 2023<\/strong><\/p>\n<p>ASAJA calific\u00f3 2023 como un a\u00f1o catastr\u00f3fico para el campo de Castilla y Le\u00f3n. Desde el punto de vista productivo, el a\u00f1o 2023 ha sido desfavorable climatol\u00f3gicamente hablando, lo que, sumado a los ajustes que se han visto obligados a hacer los profesionales del campo para reducir unos gastos disparados desde la guerra en Ucrania, explica que haya habido reducciones notables tanto en las producciones agr\u00edcolas como en las ganaderas. Este balance es a\u00fan m\u00e1s grave si tenemos en cuenta que se trata del tercer a\u00f1o en n\u00fameros rojos para el campo de Castilla y Le\u00f3n, en los que el p\u00e9simo comportamiento del clima y el incremento de los costes de producci\u00f3n han complicado enormemente la rentabilidad de las explotaciones.<\/p>\n<p>En agricultura, las producciones han sido en general pobres, y las llamativas cotizaciones alcanzadas solo en algunos momentos apenas han llegado a los bolsillos de los agricultores. El sector m\u00e1s golpeado ha sido el de los cereales, con un importante descenso en valor, tanto por la sequ\u00eda como por los precios, descendentes desde hace meses, adem\u00e1s de por los elevados costes. Tambi\u00e9n han sido p\u00e9simas las producciones en leguminosas. Mejor comportamiento ha tenido las producciones m\u00e1s ligadas al regad\u00edo, pero aun as\u00ed en algunas zonas no se pudo regar con normalidad por la falta de agua en primavera.<\/p>\n<p>La ganader\u00eda no ha tenido tampoco buen a\u00f1o, empezando por la falta de pastos para la ganader\u00eda extensiva o el elevado precio de piensos o la paja que alcanz\u00f3 cotizaciones nunca vistas, y continuando con aspectos sanitarios a los que se suman enfermedades desconocidas como la Enfermedad Hemorr\u00e1gica Epizo\u00f3tica.<\/p>\n<p>La producci\u00f3n ganadera mitiga en parte el retroceso del cereal. Aun as\u00ed, el alza se debe a un sostenimiento de los precios de venta, no a los vol\u00famenes producidos, que son similares o incluso menores en varios subsectores, en los que hace mella el cierre de explotaciones o la limitaci\u00f3n de la producci\u00f3n para reducir los costes de producci\u00f3n. Los sectores m\u00e1s resistentes siguen siendo los intensivos, porcino, av\u00edcola y huevos, mientras que otro, como el ovino, no logran frenar su ca\u00edda, y ni siquiera puntuales alzas de precios (como en ovino de leche) logran que haya una oferta mayor.<\/p>\n<p>Respecto a los costes de producci\u00f3n, se han moderado principalmente en energ\u00eda y lubricantes y fertilizantes, pero en ning\u00fan caso se ha retornado a los umbrales de \u2018normalidad\u2019 previos a la guerra de Ucrania. As\u00ed las cosas, este 2023 se agudiza como nunca la sensaci\u00f3n del campo de que se trabaja a p\u00e9rdidas o con suerte para mantener la rueda de la producci\u00f3n.<\/p>\n<p>El panorama es a\u00fan m\u00e1s complejo si se tiene en cuenta la nueva PAC, as\u00ed como multitud de reglamentos y normativa, que constri\u00f1en sobremanera la producci\u00f3n agr\u00edcola y ganadera, y la burocracia, en definitiva, que cada vez complica m\u00e1s la labor de los agricultores y ganaderos y que va en muchos casos en contra de la l\u00f3gica de la producci\u00f3n de alimentos y a favor de determinadas causas pol\u00edticas e ideol\u00f3gicas.<\/p>\n","protected":false},"excerpt":{"rendered":"<p>El presidente de ASAJA Castilla y L\u00e9on no descarta movilizaciones y propiciar\u00e1 la unidad del sector para sumar fuerzas ASAJA de Castilla y Le\u00f3n ha presentado el 9 de enero el balance del sector agrario y ganadero en 2023 y sus propuestas y demandas de cara a 2024, un a\u00f1o que el presidente de la [&hellip;]<\/p>\n","protected":false},"author":12,"featured_media":7176,"comment_status":"open","ping_status":"open","sticky":false,"template":"","format":"standard","meta":{"footnotes":""},"categories":[10,25],"tags":[],"yoast_head":"<!-- This site is optimized with the Yoast SEO plugin v24.5 - https:\/\/yoast.com\/wordpress\/plugins\/seo\/ -->\n<title>Donaciano Dujo prev\u00e9 un 2024 conflictivo para el campo regional, por la baja rentabilidad y una PAC que limita la producci\u00f3n - ASAJA Soria<\/title>\n<meta name=\"description\" content=\"El presidente de ASAJA Castilla y L\u00e9on no descarta movilizaciones y propiciar\u00e1 la unidad del sector para sumar fuerzas ASAJA de Castilla y Le\u00f3n ha\" \/>\n<meta name=\"robots\" content=\"index, follow, max-snippet:-1, max-image-preview:large, max-video-preview:-1\" \/>\n<link rel=\"canonical\" href=\"https:\/\/www.asajacyl.com\/soria\/asaja-soria-informa\/donaciano-dujo-preve-movilizaciones-en-primavera-para-salvar-la-critica-situacion-que-afronta-el-campo-regional\" \/>\n<meta property=\"og:locale\" content=\"es_ES\" \/>\n<meta property=\"og:type\" content=\"article\" \/>\n<meta property=\"og:title\" content=\"Donaciano Dujo prev\u00e9 un 2024 conflictivo para el campo regional, por la baja rentabilidad y una PAC que limita la producci\u00f3n - ASAJA Soria\" \/>\n<meta property=\"og:description\" content=\"El presidente de ASAJA Castilla y L\u00e9on no descarta movilizaciones y propiciar\u00e1 la unidad del sector para sumar fuerzas ASAJA de Castilla y Le\u00f3n ha\" \/>\n<meta property=\"og:url\" content=\"https:\/\/www.asajacyl.com\/soria\/asaja-soria-informa\/donaciano-dujo-preve-movilizaciones-en-primavera-para-salvar-la-critica-situacion-que-afronta-el-campo-regional\" \/>\n<meta property=\"og:site_name\" content=\"ASAJA Soria\" \/>\n<meta property=\"article:published_time\" content=\"2024-01-09T15:38:35+00:00\" \/>\n<meta property=\"article:modified_time\" content=\"2024-01-25T15:45:54+00:00\" \/>\n<meta property=\"og:image\" content=\"https:\/\/www.asajacyl.com\/soria\/wp-content\/uploads\/sites\/9\/2023\/08\/Captura-1.jpg\" \/>\n\t<meta property=\"og:image:width\" content=\"506\" \/>\n\t<meta property=\"og:image:height\" content=\"335\" \/>\n\t<meta property=\"og:image:type\" content=\"image\/jpeg\" \/>\n<meta name=\"author\" content=\"Juan Ignacio Prieto Nieto\" \/>\n<meta name=\"twitter:card\" content=\"summary_large_image\" \/>\n<meta name=\"twitter:label1\" content=\"Escrito por\" \/>\n\t<meta name=\"twitter:data1\" content=\"Juan Ignacio Prieto Nieto\" \/>\n\t<meta name=\"twitter:label2\" content=\"Tiempo de lectura\" \/>\n\t<meta name=\"twitter:data2\" content=\"6 minutos\" \/>\n<script type=\"application\/ld+json\" class=\"yoast-schema-graph\">{\"@context\":\"https:\/\/schema.org\",\"@graph\":[{\"@type\":\"WebPage\",\"@id\":\"https:\/\/www.asajacyl.com\/soria\/asaja-soria-informa\/donaciano-dujo-preve-movilizaciones-en-primavera-para-salvar-la-critica-situacion-que-afronta-el-campo-regional\",\"url\":\"https:\/\/www.asajacyl.com\/soria\/asaja-soria-informa\/donaciano-dujo-preve-movilizaciones-en-primavera-para-salvar-la-critica-situacion-que-afronta-el-campo-regional\",\"name\":\"Donaciano Dujo prev\u00e9 un 2024 conflictivo para el campo regional, por la baja rentabilidad y una PAC que limita la producci\u00f3n - ASAJA Soria\",\"isPartOf\":{\"@id\":\"https:\/\/www.asajacyl.com\/soria\/#website\"},\"primaryImageOfPage\":{\"@id\":\"https:\/\/www.asajacyl.com\/soria\/asaja-soria-informa\/donaciano-dujo-preve-movilizaciones-en-primavera-para-salvar-la-critica-situacion-que-afronta-el-campo-regional#primaryimage\"},\"image\":{\"@id\":\"https:\/\/www.asajacyl.com\/soria\/asaja-soria-informa\/donaciano-dujo-preve-movilizaciones-en-primavera-para-salvar-la-critica-situacion-que-afronta-el-campo-regional#primaryimage\"},\"thumbnailUrl\":\"https:\/\/www.asajacyl.com\/soria\/wp-content\/uploads\/sites\/9\/2023\/08\/Captura-1.jpg\",\"datePublished\":\"2024-01-09T15:38:35+00:00\",\"dateModified\":\"2024-01-25T15:45:54+00:00\",\"author\":{\"@id\":\"https:\/\/www.asajacyl.com\/soria\/#\/schema\/person\/fd3081c40255119ce8133b87e6aedfab\"},\"description\":\"El presidente de ASAJA Castilla y L\u00e9on no descarta movilizaciones y propiciar\u00e1 la unidad del sector para sumar fuerzas ASAJA de Castilla y Le\u00f3n ha\",\"breadcrumb\":{\"@id\":\"https:\/\/www.asajacyl.com\/soria\/asaja-soria-informa\/donaciano-dujo-preve-movilizaciones-en-primavera-para-salvar-la-critica-situacion-que-afronta-el-campo-regional#breadcrumb\"},\"inLanguage\":\"es\",\"potentialAction\":[{\"@type\":\"ReadAction\",\"target\":[\"https:\/\/www.asajacyl.com\/soria\/asaja-soria-informa\/donaciano-dujo-preve-movilizaciones-en-primavera-para-salvar-la-critica-situacion-que-afronta-el-campo-regional\"]}]},{\"@type\":\"ImageObject\",\"inLanguage\":\"es\",\"@id\":\"https:\/\/www.asajacyl.com\/soria\/asaja-soria-informa\/donaciano-dujo-preve-movilizaciones-en-primavera-para-salvar-la-critica-situacion-que-afronta-el-campo-regional#primaryimage\",\"url\":\"https:\/\/www.asajacyl.com\/soria\/wp-content\/uploads\/sites\/9\/2023\/08\/Captura-1.jpg\",\"contentUrl\":\"https:\/\/www.asajacyl.com\/soria\/wp-content\/uploads\/sites\/9\/2023\/08\/Captura-1.jpg\",\"width\":506,\"height\":335},{\"@type\":\"BreadcrumbList\",\"@id\":\"https:\/\/www.asajacyl.com\/soria\/asaja-soria-informa\/donaciano-dujo-preve-movilizaciones-en-primavera-para-salvar-la-critica-situacion-que-afronta-el-campo-regional#breadcrumb\",\"itemListElement\":[{\"@type\":\"ListItem\",\"position\":1,\"name\":\"Portada\",\"item\":\"https:\/\/www.asajacyl.com\/soria\/\"},{\"@type\":\"ListItem\",\"position\":2,\"name\":\"Donaciano Dujo prev\u00e9 un 2024 conflictivo para el campo regional, por la baja rentabilidad y una PAC que limita la producci\u00f3n\"}]},{\"@type\":\"WebSite\",\"@id\":\"https:\/\/www.asajacyl.com\/soria\/#website\",\"url\":\"https:\/\/www.asajacyl.com\/soria\/\",\"name\":\"ASAJA Soria\",\"description\":\"Otro sitio m\u00e1s de Provincias ASAJA Castilla y Le\u00f3n\",\"potentialAction\":[{\"@type\":\"SearchAction\",\"target\":{\"@type\":\"EntryPoint\",\"urlTemplate\":\"https:\/\/www.asajacyl.com\/soria\/?s={search_term_string}\"},\"query-input\":{\"@type\":\"PropertyValueSpecification\",\"valueRequired\":true,\"valueName\":\"search_term_string\"}}],\"inLanguage\":\"es\"},{\"@type\":\"Person\",\"@id\":\"https:\/\/www.asajacyl.com\/soria\/#\/schema\/person\/fd3081c40255119ce8133b87e6aedfab\",\"name\":\"Juan Ignacio Prieto Nieto\",\"image\":{\"@type\":\"ImageObject\",\"inLanguage\":\"es\",\"@id\":\"https:\/\/www.asajacyl.com\/soria\/#\/schema\/person\/image\/\",\"url\":\"https:\/\/secure.gravatar.com\/avatar\/8266b36e4d9001acb4700699a2468dc8?s=96&d=mm&r=g\",\"contentUrl\":\"https:\/\/secure.gravatar.com\/avatar\/8266b36e4d9001acb4700699a2468dc8?s=96&d=mm&r=g\",\"caption\":\"Juan Ignacio Prieto Nieto\"},\"url\":\"https:\/\/www.asajacyl.com\/soria\/author\/juanfranciscoby\"}]}<\/script>\n<!-- \/ Yoast SEO plugin. -->","yoast_head_json":{"title":"Donaciano Dujo prev\u00e9 un 2024 conflictivo para el campo regional, por la baja rentabilidad y una PAC que limita la producci\u00f3n - ASAJA Soria","description":"El presidente de ASAJA Castilla y L\u00e9on no descarta movilizaciones y propiciar\u00e1 la unidad del sector para sumar fuerzas ASAJA de Castilla y Le\u00f3n ha","robots":{"index":"index","follow":"follow","max-snippet":"max-snippet:-1","max-image-preview":"max-image-preview:large","max-video-preview":"max-video-preview:-1"},"canonical":"https:\/\/www.asajacyl.com\/soria\/asaja-soria-informa\/donaciano-dujo-preve-movilizaciones-en-primavera-para-salvar-la-critica-situacion-que-afronta-el-campo-regional","og_locale":"es_ES","og_type":"article","og_title":"Donaciano Dujo prev\u00e9 un 2024 conflictivo para el campo regional, por la baja rentabilidad y una PAC que limita la producci\u00f3n - ASAJA Soria","og_description":"El presidente de ASAJA Castilla y L\u00e9on no descarta movilizaciones y propiciar\u00e1 la unidad del sector para sumar fuerzas ASAJA de Castilla y Le\u00f3n ha","og_url":"https:\/\/www.asajacyl.com\/soria\/asaja-soria-informa\/donaciano-dujo-preve-movilizaciones-en-primavera-para-salvar-la-critica-situacion-que-afronta-el-campo-regional","og_site_name":"ASAJA Soria","article_published_time":"2024-01-09T15:38:35+00:00","article_modified_time":"2024-01-25T15:45:54+00:00","og_image":[{"width":506,"height":335,"url":"https:\/\/www.asajacyl.com\/soria\/wp-content\/uploads\/sites\/9\/2023\/08\/Captura-1.jpg","type":"image\/jpeg"}],"author":"Juan Ignacio Prieto Nieto","twitter_card":"summary_large_image","twitter_misc":{"Escrito por":"Juan Ignacio Prieto Nieto","Tiempo de lectura":"6 minutos"},"schema":{"@context":"https:\/\/schema.org","@graph":[{"@type":"WebPage","@id":"https:\/\/www.asajacyl.com\/soria\/asaja-soria-informa\/donaciano-dujo-preve-movilizaciones-en-primavera-para-salvar-la-critica-situacion-que-afronta-el-campo-regional","url":"https:\/\/www.asajacyl.com\/soria\/asaja-soria-informa\/donaciano-dujo-preve-movilizaciones-en-primavera-para-salvar-la-critica-situacion-que-afronta-el-campo-regional","name":"Donaciano Dujo prev\u00e9 un 2024 conflictivo para el campo regional, por la baja rentabilidad y una PAC que limita la producci\u00f3n - ASAJA Soria","isPartOf":{"@id":"https:\/\/www.asajacyl.com\/soria\/#website"},"primaryImageOfPage":{"@id":"https:\/\/www.asajacyl.com\/soria\/asaja-soria-informa\/donaciano-dujo-preve-movilizaciones-en-primavera-para-salvar-la-critica-situacion-que-afronta-el-campo-regional#primaryimage"},"image":{"@id":"https:\/\/www.asajacyl.com\/soria\/asaja-soria-informa\/donaciano-dujo-preve-movilizaciones-en-primavera-para-salvar-la-critica-situacion-que-afronta-el-campo-regional#primaryimage"},"thumbnailUrl":"https:\/\/www.asajacyl.com\/soria\/wp-content\/uploads\/sites\/9\/2023\/08\/Captura-1.jpg","datePublished":"2024-01-09T15:38:35+00:00","dateModified":"2024-01-25T15:45:54+00:00","author":{"@id":"https:\/\/www.asajacyl.com\/soria\/#\/schema\/person\/fd3081c40255119ce8133b87e6aedfab"},"description":"El presidente de ASAJA Castilla y L\u00e9on no descarta movilizaciones y propiciar\u00e1 la unidad del sector para sumar fuerzas ASAJA de Castilla y Le\u00f3n ha","breadcrumb":{"@id":"https:\/\/www.asajacyl.com\/soria\/asaja-soria-informa\/donaciano-dujo-preve-movilizaciones-en-primavera-para-salvar-la-critica-situacion-que-afronta-el-campo-regional#breadcrumb"},"inLanguage":"es","potentialAction":[{"@type":"ReadAction","target":["https:\/\/www.asajacyl.com\/soria\/asaja-soria-informa\/donaciano-dujo-preve-movilizaciones-en-primavera-para-salvar-la-critica-situacion-que-afronta-el-campo-regional"]}]},{"@type":"ImageObject","inLanguage":"es","@id":"https:\/\/www.asajacyl.com\/soria\/asaja-soria-informa\/donaciano-dujo-preve-movilizaciones-en-primavera-para-salvar-la-critica-situacion-que-afronta-el-campo-regional#primaryimage","url":"https:\/\/www.asajacyl.com\/soria\/wp-content\/uploads\/sites\/9\/2023\/08\/Captura-1.jpg","contentUrl":"https:\/\/www.asajacyl.com\/soria\/wp-content\/uploads\/sites\/9\/2023\/08\/Captura-1.jpg","width":506,"height":335},{"@type":"BreadcrumbList","@id":"https:\/\/www.asajacyl.com\/soria\/asaja-soria-informa\/donaciano-dujo-preve-movilizaciones-en-primavera-para-salvar-la-critica-situacion-que-afronta-el-campo-regional#breadcrumb","itemListElement":[{"@type":"ListItem","position":1,"name":"Portada","item":"https:\/\/www.asajacyl.com\/soria\/"},{"@type":"ListItem","position":2,"name":"Donaciano Dujo prev\u00e9 un 2024 conflictivo para el campo regional, por la baja rentabilidad y una PAC que limita la producci\u00f3n"}]},{"@type":"WebSite","@id":"https:\/\/www.asajacyl.com\/soria\/#website","url":"https:\/\/www.asajacyl.com\/soria\/","name":"ASAJA Soria","description":"Otro sitio m\u00e1s de Provincias ASAJA Castilla y Le\u00f3n","potentialAction":[{"@type":"SearchAction","target":{"@type":"EntryPoint","urlTemplate":"https:\/\/www.asajacyl.com\/soria\/?s={search_term_string}"},"query-input":{"@type":"PropertyValueSpecification","valueRequired":true,"valueName":"search_term_string"}}],"inLanguage":"es"},{"@type":"Person","@id":"https:\/\/www.asajacyl.com\/soria\/#\/schema\/person\/fd3081c40255119ce8133b87e6aedfab","name":"Juan Ignacio Prieto Nieto","image":{"@type":"ImageObject","inLanguage":"es","@id":"https:\/\/www.asajacyl.com\/soria\/#\/schema\/person\/image\/","url":"https:\/\/secure.gravatar.com\/avatar\/8266b36e4d9001acb4700699a2468dc8?s=96&d=mm&r=g","contentUrl":"https:\/\/secure.gravatar.com\/avatar\/8266b36e4d9001acb4700699a2468dc8?s=96&d=mm&r=g","caption":"Juan Ignacio Prieto Nieto"},"url":"https:\/\/www.asajacyl.com\/soria\/author\/juanfranciscoby"}]}},"_links":{"self":[{"href":"https:\/\/www.asajacyl.com\/soria\/wp-json\/wp\/v2\/posts\/7511"}],"collection":[{"href":"https:\/\/www.asajacyl.com\/soria\/wp-json\/wp\/v2\/posts"}],"about":[{"href":"https:\/\/www.asajacyl.com\/soria\/wp-json\/wp\/v2\/types\/post"}],"author":[{"embeddable":true,"href":"https:\/\/www.asajacyl.com\/soria\/wp-json\/wp\/v2\/users\/12"}],"replies":[{"embeddable":true,"href":"https:\/\/www.asajacyl.com\/soria\/wp-json\/wp\/v2\/comments?post=7511"}],"version-history":[{"count":4,"href":"https:\/\/www.asajacyl.com\/soria\/wp-json\/wp\/v2\/posts\/7511\/revisions"}],"predecessor-version":[{"id":7518,"href":"https:\/\/www.asajacyl.com\/soria\/wp-json\/wp\/v2\/posts\/7511\/revisions\/7518"}],"wp:featuredmedia":[{"embeddable":true,"href":"https:\/\/www.asajacyl.com\/soria\/wp-json\/wp\/v2\/media\/7176"}],"wp:attachment":[{"href":"https:\/\/www.asajacyl.com\/soria\/wp-json\/wp\/v2\/media?parent=7511"}],"wp:term":[{"taxonomy":"category","embeddable":true,"href":"https:\/\/www.asajacyl.com\/soria\/wp-json\/wp\/v2\/categories?post=7511"},{"taxonomy":"post_tag","embeddable":true,"href":"https:\/\/www.asajacyl.com\/soria\/wp-json\/wp\/v2\/tags?post=7511"}],"curies":[{"name":"wp","href":"https:\/\/api.w.org\/{rel}","templated":true}]}}