{"id":7539,"date":"2024-01-25T09:43:18","date_gmt":"2024-01-25T08:43:18","guid":{"rendered":"https:\/\/www.asajacyl.com\/soria\/?p=7539"},"modified":"2024-01-31T11:53:21","modified_gmt":"2024-01-31T10:53:21","slug":"asaja-soria-pide-una-reduccion-de-los-modulos-fiscales-teniendose-en-cuenta-las-incidencias-climatologicas-de-2023","status":"publish","type":"post","link":"https:\/\/www.asajacyl.com\/soria\/asaja-soria-informa\/asaja-soria-pide-una-reduccion-de-los-modulos-fiscales-teniendose-en-cuenta-las-incidencias-climatologicas-de-2023","title":{"rendered":"ASAJA Soria pide una reducci\u00f3n de los m\u00f3dulos fiscales, teni\u00e9ndose en cuenta las incidencias climatol\u00f3gicas de 2023"},"content":{"rendered":"\n\n\n<h2><em>La OPA ha enviado una carta al subdelegado del Gobierno para que el Ministerio de Agricultura, que elabora en estas fechas el informe que respalda la coyuntural rebaja, reconozca esta situaci\u00f3n tan adversa<\/em><\/h2>\n<p>La Asociaci\u00f3n Agraria de J\u00f3venes Agricultores de Soria (ASAJA) se ha dirigido a trav\u00e9s de una carta al subdelegado del Gobierno, Miguel Latorre Zubiri, para en primer lugar agradecer a la Subdelegaci\u00f3n la trayectoria de reconocimiento de las rebajas de los m\u00f3dulos en estos a\u00f1os anteriores en nuestra provincia por situaciones adversas de mercado u otras incidencias clim\u00e1ticas.<\/p>\n<p>ASAJA Soria, consciente de que esa trayectoria impulsada desde la propia organizaci\u00f3n profesional agraria hace pensar con fundamento que ya la Subdelegaci\u00f3n estar\u00e1 inmersa en los trabajos para la confecci\u00f3n de un informe elaborado tambi\u00e9n por el Ministerio de Agricultura, un a\u00f1o m\u00e1s no quiere dejar pasar la oportunidad de insistir en la necesidad de aplicar una rebaja coyuntural de los m\u00f3dulos para determinadas actividades agr\u00edcolas, ganaderas y forestales, para ajustar el esfuerzo fiscal que deber\u00e1n afrontar en la campa\u00f1a de la renta los profesionales afectados por desarrollar su actividad productora en aquellos subsectores o zonas da\u00f1adas.<\/p>\n<p>ASAJA destaca que el a\u00f1o pasado el sector sufri\u00f3 una de las peores sequ\u00edas persistentes en la provincia, que merm\u00f3 la cosecha rebaj\u00e1ndola a m\u00ednimos hist\u00f3ricos. Para la Opa, es preciso insistir y llamar la atenci\u00f3n sobre la extraordinaria gravedad de esa situaci\u00f3n que han atravesado las explotaciones sorianas en la campa\u00f1a pasada y que resultaron lamentablemente muy afectadas por la sequ\u00eda, las heladas, el aumento del precio de los insumos y de los piensos y la falta de pastos.<\/p>\n<p>Por las particularidades del sistema de tributaci\u00f3n de la mayor\u00eda de agricultores y ganaderos, de no corregirse este m\u00f3dulo, estar\u00edan obligados a tributar por unas producciones, y por un valor, que no obtuvieron, por lo que no solamente es de justicia sino necesario.<\/p>\n<p>Aunque la petici\u00f3n de ASAJA Soria es de tipo general para toda la provincia, a medida que vaya avanzando el informe y puesto que la reducci\u00f3n de los m\u00f3dulos suele realizarse por parte del Ministerio de Hacienda por t\u00e9rminos municipales, recordamos que los ayuntamientos tambi\u00e9n pueden promover o interesarse por la situaci\u00f3n particular y concreta de sus t\u00e9rminos municipales dirigi\u00e9ndose a la Subdelegaci\u00f3n.<\/p>\n<p>ASAJA Soria espera que estas peticiones se tengan en cuenta en la posterior modificaci\u00f3n de la Orden de m\u00f3dulos antes de la declaraci\u00f3n de la Renta y se ha ofrecido, como siempre, a colaborar con la Subdelegaci\u00f3n del Gobierno.<\/p>\n<p>\u00a0<\/p>\n<p>\u00a0<\/p>\n","protected":false},"excerpt":{"rendered":"<p>La OPA ha enviado una carta al subdelegado del Gobierno para que el Ministerio de Agricultura, que elabora en estas fechas el informe que respalda la coyuntural rebaja, reconozca esta situaci\u00f3n tan adversa La Asociaci\u00f3n Agraria de J\u00f3venes Agricultores de Soria (ASAJA) se ha dirigido a trav\u00e9s de una carta al subdelegado del Gobierno, Miguel [&hellip;]<\/p>\n","protected":false},"author":12,"featured_media":7540,"comment_status":"open","ping_status":"open","sticky":false,"template":"","format":"standard","meta":{"footnotes":""},"categories":[10,25],"tags":[],"yoast_head":"<!-- This site is optimized with the Yoast SEO plugin v24.5 - https:\/\/yoast.com\/wordpress\/plugins\/seo\/ -->\n<title>ASAJA Soria pide una reducci\u00f3n de los m\u00f3dulos fiscales, teni\u00e9ndose en cuenta las incidencias climatol\u00f3gicas de 2023 - ASAJA Soria<\/title>\n<meta name=\"description\" content=\"La OPA ha enviado una carta al subdelegado del Gobierno para que el Ministerio de Agricultura, que elabora en estas fechas el informe que respalda la\" \/>\n<meta name=\"robots\" content=\"index, follow, max-snippet:-1, max-image-preview:large, max-video-preview:-1\" \/>\n<link rel=\"canonical\" href=\"https:\/\/www.asajacyl.com\/soria\/asaja-soria-informa\/asaja-soria-pide-una-reduccion-de-los-modulos-fiscales-teniendose-en-cuenta-las-incidencias-climatologicas-de-2023\" \/>\n<meta property=\"og:locale\" content=\"es_ES\" \/>\n<meta property=\"og:type\" content=\"article\" \/>\n<meta property=\"og:title\" content=\"ASAJA Soria pide una reducci\u00f3n de los m\u00f3dulos fiscales, teni\u00e9ndose en cuenta las incidencias climatol\u00f3gicas de 2023 - ASAJA Soria\" \/>\n<meta property=\"og:description\" content=\"La OPA ha enviado una carta al subdelegado del Gobierno para que el Ministerio de Agricultura, que elabora en estas fechas el informe que respalda la\" \/>\n<meta property=\"og:url\" content=\"https:\/\/www.asajacyl.com\/soria\/asaja-soria-informa\/asaja-soria-pide-una-reduccion-de-los-modulos-fiscales-teniendose-en-cuenta-las-incidencias-climatologicas-de-2023\" \/>\n<meta property=\"og:site_name\" content=\"ASAJA Soria\" \/>\n<meta property=\"article:published_time\" content=\"2024-01-25T08:43:18+00:00\" \/>\n<meta property=\"article:modified_time\" content=\"2024-01-31T10:53:21+00:00\" \/>\n<meta property=\"og:image\" content=\"https:\/\/www.asajacyl.com\/soria\/wp-content\/uploads\/sites\/9\/2024\/01\/foto-sequia.jpg\" \/>\n\t<meta property=\"og:image:width\" content=\"1417\" \/>\n\t<meta property=\"og:image:height\" content=\"1063\" \/>\n\t<meta property=\"og:image:type\" content=\"image\/jpeg\" \/>\n<meta name=\"author\" content=\"Juan Ignacio Prieto Nieto\" \/>\n<meta name=\"twitter:card\" content=\"summary_large_image\" \/>\n<meta name=\"twitter:label1\" content=\"Escrito por\" \/>\n\t<meta name=\"twitter:data1\" content=\"Juan Ignacio Prieto Nieto\" \/>\n\t<meta name=\"twitter:label2\" content=\"Tiempo de lectura\" \/>\n\t<meta name=\"twitter:data2\" content=\"3 minutos\" \/>\n<script type=\"application\/ld+json\" class=\"yoast-schema-graph\">{\"@context\":\"https:\/\/schema.org\",\"@graph\":[{\"@type\":\"WebPage\",\"@id\":\"https:\/\/www.asajacyl.com\/soria\/asaja-soria-informa\/asaja-soria-pide-una-reduccion-de-los-modulos-fiscales-teniendose-en-cuenta-las-incidencias-climatologicas-de-2023\",\"url\":\"https:\/\/www.asajacyl.com\/soria\/asaja-soria-informa\/asaja-soria-pide-una-reduccion-de-los-modulos-fiscales-teniendose-en-cuenta-las-incidencias-climatologicas-de-2023\",\"name\":\"ASAJA Soria pide una reducci\u00f3n de los m\u00f3dulos fiscales, teni\u00e9ndose en cuenta las incidencias climatol\u00f3gicas de 2023 - ASAJA Soria\",\"isPartOf\":{\"@id\":\"https:\/\/www.asajacyl.com\/soria\/#website\"},\"primaryImageOfPage\":{\"@id\":\"https:\/\/www.asajacyl.com\/soria\/asaja-soria-informa\/asaja-soria-pide-una-reduccion-de-los-modulos-fiscales-teniendose-en-cuenta-las-incidencias-climatologicas-de-2023#primaryimage\"},\"image\":{\"@id\":\"https:\/\/www.asajacyl.com\/soria\/asaja-soria-informa\/asaja-soria-pide-una-reduccion-de-los-modulos-fiscales-teniendose-en-cuenta-las-incidencias-climatologicas-de-2023#primaryimage\"},\"thumbnailUrl\":\"https:\/\/www.asajacyl.com\/soria\/wp-content\/uploads\/sites\/9\/2024\/01\/foto-sequia.jpg\",\"datePublished\":\"2024-01-25T08:43:18+00:00\",\"dateModified\":\"2024-01-31T10:53:21+00:00\",\"author\":{\"@id\":\"https:\/\/www.asajacyl.com\/soria\/#\/schema\/person\/fd3081c40255119ce8133b87e6aedfab\"},\"description\":\"La OPA ha enviado una carta al subdelegado del Gobierno para que el Ministerio de Agricultura, que elabora en estas fechas el informe que respalda la\",\"breadcrumb\":{\"@id\":\"https:\/\/www.asajacyl.com\/soria\/asaja-soria-informa\/asaja-soria-pide-una-reduccion-de-los-modulos-fiscales-teniendose-en-cuenta-las-incidencias-climatologicas-de-2023#breadcrumb\"},\"inLanguage\":\"es\",\"potentialAction\":[{\"@type\":\"ReadAction\",\"target\":[\"https:\/\/www.asajacyl.com\/soria\/asaja-soria-informa\/asaja-soria-pide-una-reduccion-de-los-modulos-fiscales-teniendose-en-cuenta-las-incidencias-climatologicas-de-2023\"]}]},{\"@type\":\"ImageObject\",\"inLanguage\":\"es\",\"@id\":\"https:\/\/www.asajacyl.com\/soria\/asaja-soria-informa\/asaja-soria-pide-una-reduccion-de-los-modulos-fiscales-teniendose-en-cuenta-las-incidencias-climatologicas-de-2023#primaryimage\",\"url\":\"https:\/\/www.asajacyl.com\/soria\/wp-content\/uploads\/sites\/9\/2024\/01\/foto-sequia.jpg\",\"contentUrl\":\"https:\/\/www.asajacyl.com\/soria\/wp-content\/uploads\/sites\/9\/2024\/01\/foto-sequia.jpg\",\"width\":1417,\"height\":1063},{\"@type\":\"BreadcrumbList\",\"@id\":\"https:\/\/www.asajacyl.com\/soria\/asaja-soria-informa\/asaja-soria-pide-una-reduccion-de-los-modulos-fiscales-teniendose-en-cuenta-las-incidencias-climatologicas-de-2023#breadcrumb\",\"itemListElement\":[{\"@type\":\"ListItem\",\"position\":1,\"name\":\"Portada\",\"item\":\"https:\/\/www.asajacyl.com\/soria\/\"},{\"@type\":\"ListItem\",\"position\":2,\"name\":\"ASAJA Soria pide una reducci\u00f3n de los m\u00f3dulos fiscales, teni\u00e9ndose en cuenta las incidencias climatol\u00f3gicas de 2023\"}]},{\"@type\":\"WebSite\",\"@id\":\"https:\/\/www.asajacyl.com\/soria\/#website\",\"url\":\"https:\/\/www.asajacyl.com\/soria\/\",\"name\":\"ASAJA Soria\",\"description\":\"Otro sitio m\u00e1s de Provincias ASAJA Castilla y Le\u00f3n\",\"potentialAction\":[{\"@type\":\"SearchAction\",\"target\":{\"@type\":\"EntryPoint\",\"urlTemplate\":\"https:\/\/www.asajacyl.com\/soria\/?s={search_term_string}\"},\"query-input\":{\"@type\":\"PropertyValueSpecification\",\"valueRequired\":true,\"valueName\":\"search_term_string\"}}],\"inLanguage\":\"es\"},{\"@type\":\"Person\",\"@id\":\"https:\/\/www.asajacyl.com\/soria\/#\/schema\/person\/fd3081c40255119ce8133b87e6aedfab\",\"name\":\"Juan Ignacio Prieto Nieto\",\"image\":{\"@type\":\"ImageObject\",\"inLanguage\":\"es\",\"@id\":\"https:\/\/www.asajacyl.com\/soria\/#\/schema\/person\/image\/\",\"url\":\"https:\/\/secure.gravatar.com\/avatar\/8266b36e4d9001acb4700699a2468dc8?s=96&d=mm&r=g\",\"contentUrl\":\"https:\/\/secure.gravatar.com\/avatar\/8266b36e4d9001acb4700699a2468dc8?s=96&d=mm&r=g\",\"caption\":\"Juan Ignacio Prieto Nieto\"},\"url\":\"https:\/\/www.asajacyl.com\/soria\/author\/juanfranciscoby\"}]}<\/script>\n<!-- \/ Yoast SEO plugin. -->","yoast_head_json":{"title":"ASAJA Soria pide una reducci\u00f3n de los m\u00f3dulos fiscales, teni\u00e9ndose en cuenta las incidencias climatol\u00f3gicas de 2023 - ASAJA Soria","description":"La OPA ha enviado una carta al subdelegado del Gobierno para que el Ministerio de Agricultura, que elabora en estas fechas el informe que respalda la","robots":{"index":"index","follow":"follow","max-snippet":"max-snippet:-1","max-image-preview":"max-image-preview:large","max-video-preview":"max-video-preview:-1"},"canonical":"https:\/\/www.asajacyl.com\/soria\/asaja-soria-informa\/asaja-soria-pide-una-reduccion-de-los-modulos-fiscales-teniendose-en-cuenta-las-incidencias-climatologicas-de-2023","og_locale":"es_ES","og_type":"article","og_title":"ASAJA Soria pide una reducci\u00f3n de los m\u00f3dulos fiscales, teni\u00e9ndose en cuenta las incidencias climatol\u00f3gicas de 2023 - ASAJA Soria","og_description":"La OPA ha enviado una carta al subdelegado del Gobierno para que el Ministerio de Agricultura, que elabora en estas fechas el informe que respalda la","og_url":"https:\/\/www.asajacyl.com\/soria\/asaja-soria-informa\/asaja-soria-pide-una-reduccion-de-los-modulos-fiscales-teniendose-en-cuenta-las-incidencias-climatologicas-de-2023","og_site_name":"ASAJA Soria","article_published_time":"2024-01-25T08:43:18+00:00","article_modified_time":"2024-01-31T10:53:21+00:00","og_image":[{"width":1417,"height":1063,"url":"https:\/\/www.asajacyl.com\/soria\/wp-content\/uploads\/sites\/9\/2024\/01\/foto-sequia.jpg","type":"image\/jpeg"}],"author":"Juan Ignacio Prieto Nieto","twitter_card":"summary_large_image","twitter_misc":{"Escrito por":"Juan Ignacio Prieto Nieto","Tiempo de lectura":"3 minutos"},"schema":{"@context":"https:\/\/schema.org","@graph":[{"@type":"WebPage","@id":"https:\/\/www.asajacyl.com\/soria\/asaja-soria-informa\/asaja-soria-pide-una-reduccion-de-los-modulos-fiscales-teniendose-en-cuenta-las-incidencias-climatologicas-de-2023","url":"https:\/\/www.asajacyl.com\/soria\/asaja-soria-informa\/asaja-soria-pide-una-reduccion-de-los-modulos-fiscales-teniendose-en-cuenta-las-incidencias-climatologicas-de-2023","name":"ASAJA Soria pide una reducci\u00f3n de los m\u00f3dulos fiscales, teni\u00e9ndose en cuenta las incidencias climatol\u00f3gicas de 2023 - ASAJA Soria","isPartOf":{"@id":"https:\/\/www.asajacyl.com\/soria\/#website"},"primaryImageOfPage":{"@id":"https:\/\/www.asajacyl.com\/soria\/asaja-soria-informa\/asaja-soria-pide-una-reduccion-de-los-modulos-fiscales-teniendose-en-cuenta-las-incidencias-climatologicas-de-2023#primaryimage"},"image":{"@id":"https:\/\/www.asajacyl.com\/soria\/asaja-soria-informa\/asaja-soria-pide-una-reduccion-de-los-modulos-fiscales-teniendose-en-cuenta-las-incidencias-climatologicas-de-2023#primaryimage"},"thumbnailUrl":"https:\/\/www.asajacyl.com\/soria\/wp-content\/uploads\/sites\/9\/2024\/01\/foto-sequia.jpg","datePublished":"2024-01-25T08:43:18+00:00","dateModified":"2024-01-31T10:53:21+00:00","author":{"@id":"https:\/\/www.asajacyl.com\/soria\/#\/schema\/person\/fd3081c40255119ce8133b87e6aedfab"},"description":"La OPA ha enviado una carta al subdelegado del Gobierno para que el Ministerio de Agricultura, que elabora en estas fechas el informe que respalda la","breadcrumb":{"@id":"https:\/\/www.asajacyl.com\/soria\/asaja-soria-informa\/asaja-soria-pide-una-reduccion-de-los-modulos-fiscales-teniendose-en-cuenta-las-incidencias-climatologicas-de-2023#breadcrumb"},"inLanguage":"es","potentialAction":[{"@type":"ReadAction","target":["https:\/\/www.asajacyl.com\/soria\/asaja-soria-informa\/asaja-soria-pide-una-reduccion-de-los-modulos-fiscales-teniendose-en-cuenta-las-incidencias-climatologicas-de-2023"]}]},{"@type":"ImageObject","inLanguage":"es","@id":"https:\/\/www.asajacyl.com\/soria\/asaja-soria-informa\/asaja-soria-pide-una-reduccion-de-los-modulos-fiscales-teniendose-en-cuenta-las-incidencias-climatologicas-de-2023#primaryimage","url":"https:\/\/www.asajacyl.com\/soria\/wp-content\/uploads\/sites\/9\/2024\/01\/foto-sequia.jpg","contentUrl":"https:\/\/www.asajacyl.com\/soria\/wp-content\/uploads\/sites\/9\/2024\/01\/foto-sequia.jpg","width":1417,"height":1063},{"@type":"BreadcrumbList","@id":"https:\/\/www.asajacyl.com\/soria\/asaja-soria-informa\/asaja-soria-pide-una-reduccion-de-los-modulos-fiscales-teniendose-en-cuenta-las-incidencias-climatologicas-de-2023#breadcrumb","itemListElement":[{"@type":"ListItem","position":1,"name":"Portada","item":"https:\/\/www.asajacyl.com\/soria\/"},{"@type":"ListItem","position":2,"name":"ASAJA Soria pide una reducci\u00f3n de los m\u00f3dulos fiscales, teni\u00e9ndose en cuenta las incidencias climatol\u00f3gicas de 2023"}]},{"@type":"WebSite","@id":"https:\/\/www.asajacyl.com\/soria\/#website","url":"https:\/\/www.asajacyl.com\/soria\/","name":"ASAJA Soria","description":"Otro sitio m\u00e1s de Provincias ASAJA Castilla y Le\u00f3n","potentialAction":[{"@type":"SearchAction","target":{"@type":"EntryPoint","urlTemplate":"https:\/\/www.asajacyl.com\/soria\/?s={search_term_string}"},"query-input":{"@type":"PropertyValueSpecification","valueRequired":true,"valueName":"search_term_string"}}],"inLanguage":"es"},{"@type":"Person","@id":"https:\/\/www.asajacyl.com\/soria\/#\/schema\/person\/fd3081c40255119ce8133b87e6aedfab","name":"Juan Ignacio Prieto Nieto","image":{"@type":"ImageObject","inLanguage":"es","@id":"https:\/\/www.asajacyl.com\/soria\/#\/schema\/person\/image\/","url":"https:\/\/secure.gravatar.com\/avatar\/8266b36e4d9001acb4700699a2468dc8?s=96&d=mm&r=g","contentUrl":"https:\/\/secure.gravatar.com\/avatar\/8266b36e4d9001acb4700699a2468dc8?s=96&d=mm&r=g","caption":"Juan Ignacio Prieto Nieto"},"url":"https:\/\/www.asajacyl.com\/soria\/author\/juanfranciscoby"}]}},"_links":{"self":[{"href":"https:\/\/www.asajacyl.com\/soria\/wp-json\/wp\/v2\/posts\/7539"}],"collection":[{"href":"https:\/\/www.asajacyl.com\/soria\/wp-json\/wp\/v2\/posts"}],"about":[{"href":"https:\/\/www.asajacyl.com\/soria\/wp-json\/wp\/v2\/types\/post"}],"author":[{"embeddable":true,"href":"https:\/\/www.asajacyl.com\/soria\/wp-json\/wp\/v2\/users\/12"}],"replies":[{"embeddable":true,"href":"https:\/\/www.asajacyl.com\/soria\/wp-json\/wp\/v2\/comments?post=7539"}],"version-history":[{"count":1,"href":"https:\/\/www.asajacyl.com\/soria\/wp-json\/wp\/v2\/posts\/7539\/revisions"}],"predecessor-version":[{"id":7541,"href":"https:\/\/www.asajacyl.com\/soria\/wp-json\/wp\/v2\/posts\/7539\/revisions\/7541"}],"wp:featuredmedia":[{"embeddable":true,"href":"https:\/\/www.asajacyl.com\/soria\/wp-json\/wp\/v2\/media\/7540"}],"wp:attachment":[{"href":"https:\/\/www.asajacyl.com\/soria\/wp-json\/wp\/v2\/media?parent=7539"}],"wp:term":[{"taxonomy":"category","embeddable":true,"href":"https:\/\/www.asajacyl.com\/soria\/wp-json\/wp\/v2\/categories?post=7539"},{"taxonomy":"post_tag","embeddable":true,"href":"https:\/\/www.asajacyl.com\/soria\/wp-json\/wp\/v2\/tags?post=7539"}],"curies":[{"name":"wp","href":"https:\/\/api.w.org\/{rel}","templated":true}]}}