{"id":7545,"date":"2024-01-25T16:56:10","date_gmt":"2024-01-25T15:56:10","guid":{"rendered":"https:\/\/www.asajacyl.com\/soria\/?p=7545"},"modified":"2024-01-25T16:56:12","modified_gmt":"2024-01-25T15:56:12","slug":"asaja-presenta-a-manueco-reivindicaciones-concretas-y-prioritarias-que-deben-marcar-la-politica-agraria-regional","status":"publish","type":"post","link":"https:\/\/www.asajacyl.com\/soria\/asaja-soria-informa\/asaja-presenta-a-manueco-reivindicaciones-concretas-y-prioritarias-que-deben-marcar-la-politica-agraria-regional","title":{"rendered":"ASAJA PRESENTA A MA\u00d1UECO REIVINDICACIONES CONCRETAS Y PRIORITARIAS QUE DEBEN MARCAR LA POL\u00cdTICA AGRARIA REGIONAL"},"content":{"rendered":"\n\n\n<h2><strong>El presidente de la Junta presidi\u00f3 el Consejo Agrario de Castilla y Le\u00f3n, \u00f3rgano superior de interlocuci\u00f3n con los representantes de los agricultores y ganaderos <\/strong><\/h2>\n<p>ASAJA de Castilla y Le\u00f3n present\u00f3 el 25 de enero en el Consejo Agrario de Castilla y Le\u00f3n, encabezado por Alfonso Fern\u00e1ndez Ma\u00f1ueco, presidente de la Junta de Castilla y Le\u00f3n, un documento con reivindicaciones que, para la principal OPA del sector, deben definir una pol\u00edtica agraria propia de la Comunidad Aut\u00f3noma.<\/p>\n<p>Seg\u00fan Donaciano Dujo, presidente de ASAJA de Castilla y Le\u00f3n, \u201cnuestra comunidad aut\u00f3noma est\u00e1 llamada a ocupar un lugar muy importante en la producci\u00f3n agroganadera nacional, tiene la capacidad de ser una potencia y no puede perder ese tren, en un momento muy complicado, tanto nacional como europeo e internacional, en el que la falta de apoyo puede repercutir en que ese motor se frene. Es fundamental que contemos con una pol\u00edtica propia de defensa de nuestra agricultura y ganader\u00eda\u201d. Adem\u00e1s, el presidente de ASAJA valor\u00f3 la recuperaci\u00f3n, \u201ctras un periodo demasiado largo, de estos encuentros con en Presidencia, importantes porque el apoyo al campo tiene que emanar del conjunto del Gobierno auton\u00f3mico\u201d.<\/p>\n<p>El documento se resume en los siguientes apartados:<\/p>\n<ul>\n<li>PAC profesional, flexible y productiva.<\/li>\n<li>Pol\u00edtica hidr\u00e1ulica con apuesta por el regad\u00edo, concentraciones parcelarias e inversiones en infraestructuras agrarias.<\/li>\n<li>Relevo generacional y modernizaci\u00f3n de explotaciones.<\/li>\n<li>Sanidad animal y vegetal eficientes y adaptadas a la realidad del sector.<\/li>\n<li>Cadena alimentaria equilibrada, con remuneraci\u00f3n justa del sector productor.<\/li>\n<li>Seguros agrarios universales, con coberturas amplias y asequibles.<\/li>\n<li>Fiscalidad y asuntos laborales, atentos a las especificidades agrarias.<\/li>\n<li>Medio ambiente y fauna salvaje, con sostenibilidad y rentabilidad de las explotaciones.<\/li>\n<li>Instalaciones fotovoltaicas supeditadas al respeto de los usos agr\u00edcolas y ganaderos del suelo.<\/li>\n<li>Interlocuci\u00f3n y reconocimiento de las OPA, como red imprescindible de asesoramiento a los agricultores y ganaderos.<\/li>\n<\/ul>\n<p>\u00a0<\/p>\n<p><strong>REIVINDICACIONES DE ASAJA PARA IMPULSAR LA POL\u00cdTICA AGRARIA REGIONAL:<\/strong><\/p>\n<p><strong>1- APLICACI\u00d3N DE LA PAC<\/strong><\/p>\n<p>Las reivindicaciones de ASAJA se centran en medidas de flexibilizaci\u00f3n en los diferentes \u00e1mbitos de decisiones. Estamos en contra del barbecho obligatorio y de aspectos como la rotaci\u00f3n y diversificaci\u00f3n de cultivos tal y como se imponen. Hay que reducir la presi\u00f3n en las obligaciones y restricciones que se imponen en abonado, tratamientos fitosanitarios y uso de medicamentos. Tenemos que recordar que esta PAC que hemos estrenado en 2023, y que de una forma u otra estar\u00e1 vigente hasta finales de la d\u00e9cada, supone menos recursos econ\u00f3micos que la anterior y nos obliga a pr\u00e1cticas agron\u00f3micas que merman la capacidad de producci\u00f3n de las explotaciones y encarecen los costes de producci\u00f3n, por lo que nos hace menos competitivos en los mercados globales. La PAC actual, de la forma que la dise\u00f1\u00f3 la UE y el Plan Estrat\u00e9gico aprobado en Espa\u00f1a, perjudica al agricultor profesional, modelo que predomina en Castilla y Le\u00f3n, pero que ya no es mayoritario en otros territorios. Mientras que en Espa\u00f1a solo el 35% de los agricultores cotizan a la Seguridad Social por su actividad agraria, en Castilla y Le\u00f3n lo hacen casi el 60%.<\/p>\n<p>En este sentido destacamos el Documento elaborado por consenso entre la Consejer\u00eda y las OPA que se ha trasladado al Ministerio e instamos a intensificar el trabajo necesario para conseguir los cambios propuestos.<\/p>\n<p>La globalizaci\u00f3n, tambi\u00e9n en materia agraria, es un hecho, por eso nuestra preocupaci\u00f3n cuando se negocian tratados internacionales como el de Mercosur, cuando se quitan todos los aranceles a Ucrania, cuando no se aplican \u201cclausulas espejo\u201d a los productos importados, o cuando este libre mercado no se aplica para lo que nosotros compramos, como son los fertilizantes.<\/p>\n<p>Espa\u00f1a debe tener vocaci\u00f3n de exportaci\u00f3n en materia agroalimentaria. El objetivo como productores no puede ser solo autoabastecernos, sino producir para exportar, algo para lo que hemos demostrado estar preparados, y no ya solo en productos mediterr\u00e1neos, sino tambi\u00e9n en sectores como el vino o la carne. Reclamamos pues pol\u00edticas agrarias que fomenten la competitividad de las explotaciones para que los productos agrarios salgan a los mercados de dentro y fuera de la UE.<\/p>\n<p><strong>2- POL\u00cdTICA HIDR\u00c1ULICA<\/strong><\/p>\n<p>Castilla y Le\u00f3n tiene que ser m\u00e1s ambiciosa en las pol\u00edticas hidr\u00e1ulicas a futuro, planificando nuevas regulaciones o aumentando las existentes, y recargando acu\u00edferos deficitarios, y que este mayor volumen de agua sirva para consolidar los regad\u00edos actuales y para transformar a nuevos regad\u00edos. Urge la modernizaci\u00f3n de todo el regad\u00edo de Castilla y Le\u00f3n, que deber\u00eda de estar ejecutada a lo largo de la d\u00e9cada actual.<\/p>\n<p>Hay que recordar que todo el sector, apoyado en este caso s\u00ed por la Junta de Castilla y Le\u00f3n, rechaz\u00f3 en el Consejo del Agua el actual Plan Hidrol\u00f3gico de la Cuenca del Duero, que el Consejo de ministros aprob\u00f3 sin el mayor rubor. En este \u00e1mbito es imprescindible establecer un tr\u00e1mite diferente, simplificado y con menos exigencias, que garantice la concesi\u00f3n de peque\u00f1as dotaciones de agua para crear nuevas explotaci\u00f3n o peque\u00f1as agroindustrias en nuestro medio rural.<\/p>\n<p><strong>3- INFRAESTRUCTURAS AGRARIAS<\/strong><\/p>\n<p>Adem\u00e1s de las infraestructuras agrarias de concentraciones y reconcentraciones parcelarias vinculadas a la modernizaci\u00f3n del regad\u00edo, se ha de dar respuesta a todos los proyectos de concentraci\u00f3n y reconcentraci\u00f3n parcelaria all\u00ed donde hay demanda de los agricultores profesionales. El trabajo de las concentraciones parcelarias deber\u00eda de recaer en un \u00fanico \u00f3rgano directivo de la Consejer\u00eda, en nuestra opini\u00f3n en el Itacyl. Disponer de mayores unidades de cultivos, con una buena red de caminos de acceso, es una medida para aumentar la competitividad de las explotaciones, as\u00ed como apoyar las permutas de fincas o aumentar la unidad m\u00ednima de cultivo.<\/p>\n<p><strong>\u00a0<\/strong><strong>4- RELEVO GENERACIONAL Y MODERNIZACI\u00d3N DE EXPLOTA-CIONES<\/strong><\/p>\n<p>En los dos \u00faltimos a\u00f1os se han publicado ayudas de modernizaci\u00f3n de explotaciones, aprovechando fondos europeos, reguladas al margen de lo que ya exist\u00eda: el Plan Renove de maquinaria del Gobierno, y las actuaciones del Programa de Desarrollo Rural de la JCyL. Estas nuevas convocatorias se hicieron siguiendo criterios que han tenido efectos perversos, como son inflar y distorsionar el mercado de la maquinaria, crear falsas expectativas para la mayor\u00eda de los solicitantes a los que se le deniega por falta de presupuesto, y, en definitiva, repartir, con car\u00e1cter general, mucho dinero entre pocos beneficiarios.<\/p>\n<p>Mientras esto ocurre, en la l\u00ednea de ayudas tradicional, la que ven\u00eda vinculada al PDR y ahora al Plan Estrat\u00e9gico de la PAC para Espa\u00f1a, no se modifican los criterios y las caracter\u00edsticas de las ayudas, a pesar de la petici\u00f3n reiterada de ASAJA, se establece en muchos casos una modulaci\u00f3n de las inversiones que est\u00e1 un 50% por debajo de su valor real, y consecuencia de ello la subvenci\u00f3n efectiva que puede alcanzar un beneficiario a duras penas llaga al 25% del coste de la inversi\u00f3n.<\/p>\n<p>Por lo tanto, denunciamos, ya no tanto la falta de presupuesto para estas l\u00edneas de ayuda, como s\u00ed los criterios que se emplean, lo que supone un reparto no siempre justo, que provoca una competencia desleal entre profesionales del campo.<\/p>\n<p>La incorporaci\u00f3n de j\u00f3venes al campo va a un ritmo razonable, salvo alg\u00fan desequilibrio territorial, permitiendo que todo el campo est\u00e9 trabajado y que no haya riegos de abandono de tierras y pastos. El mayor problema que encuentra los j\u00f3venes es la falta de pastos y de tierras, lo que se debe de atenuar con pol\u00edticas que incentiven el cese efectivo de los profesionales que llegan a la edad de jubilaci\u00f3n, como la nueva l\u00ednea de sucesi\u00f3n de explotaciones en la que tanta esperanza ten\u00edamos y que debe ser mejorada.<\/p>\n<p>La formaci\u00f3n es un reto constante en nuestro sector, las nuevas tecnolog\u00edas, la digitalizaci\u00f3n de las explotaciones son m\u00e1s necesarias que nunca y los profesionales deben contar con recursos para conocerlas y aplicarlas en sus explotaciones.<\/p>\n<p><strong>5- SANIDAD ANIMAL Y VEGETAL<\/strong><\/p>\n<p>En esta materia reclamamos materias activas y medicamentos eficaces para el tratamiento de plagas y enfermedades, en cultivos y animales, actuaci\u00f3n coordinada entre administraciones implicadas y pactada con el sector, medidas preventivas cuando sea posible, presupuesto suficiente para compensar p\u00e9rdidas, y coberturas de da\u00f1os en el seguro oficial.<\/p>\n<p>La preocupaci\u00f3n del sector ganadero est\u00e1 en el control y\/o erradicaci\u00f3n de la tuberculosis bovina, en enfermedades que llegan de otras latitudes quiz\u00e1s debido al cambio clim\u00e1tico como la Lengua Azul o la EHE, las que se trasmiten a trav\u00e9s de la fauna salvaje, o en el caso de los cultivos la siempre amenaza de los topillos o los da\u00f1os por plagas y enfermedades a los cultivos herb\u00e1ceos en los meses de primavera. En sanidad vegetal, defendemos que la persistencia de ciertas plagas y enfermedades en nuestros cultivos tiene mucho que ver con el hecho de estar prohibida la quema controlada de rastrojos, por lo que ponemos de nuevo en el debate la propuesta de ASAJA de poder quemar rastrojos por razones fitosanitarias.<\/p>\n<p><strong>6- CADENA ALIMENTARIA<\/strong><\/p>\n<p>El sector primario es consciente de la necesidad de disponer de una industria agroalimentaria potente que transforme y comercialice nuestros productos para abastecer el mercado interior y para afrontar el reto de la exportaci\u00f3n. Nos referimos a esta industria en plural, al margen de la figura societaria, que incluye tambi\u00e9n el movimiento cooperativo. La Ley de la Cadena Alimentaria, que ASAJA ha apoyado a su paso por los distintos gobiernos, es un buen instrumento para defender los intereses del eslab\u00f3n m\u00e1s d\u00e9bil de la cadena de valor, que es el productor, pero los mecanismos de los que dispone no son suficientes. Es nuestro deseo que se ahonde en medidas que refuercen el papel de los productores a la hora de negociar la venta de sus mercanc\u00edas para que haya un reparto justo de los beneficios y en todo caso se impida la venta a p\u00e9rdidas.<\/p>\n<p>Tambi\u00e9n es necesario un marco regional que permita de la venta directa del productor al consumidor, que para determinados alimentos y zonas es necesario en Castilla y Le\u00f3n.<\/p>\n<p><strong>7- SEGUROS AGRARIOS<\/strong><\/p>\n<p>ASAJA defiende el actual sistema de seguros agrarios como herramienta v\u00e1lida para afrontar las adversidades derivadas del clima en el caso de cultivos o pastos o de las enfermedades en el caso de los animales. No nos cansamos en reclamar una mejora de las condiciones y coberturas de aseguramiento en las distintas l\u00edneas, en algunas zonas y que se incluyan nuevas coberturas, y criticamos el encarecimiento del coste de las p\u00f3lizas que estamos viendo que se ha producido en los seguros de 2024 con respecto a los de 2023 (a un a\u00f1o de siniestros le sigue otro de subida de las p\u00f3lizas). Pedimos a la Junta de Castilla y Le\u00f3n que sea c\u00f3mplice y nos apoye en las propuestas de mejora del seguro agrario, y que incremente su participaci\u00f3n en la subvenci\u00f3n del mismo para que, en todas las l\u00edneas de seguro, el complemento al apoyo del Estado alcance el m\u00e1ximo de ayuda permitida por la UE.<\/p>\n<p><strong>8- FISCALIDAD<\/strong><\/p>\n<p>ASAJA valora y agradece el esfuerzo que en materia fiscal ha hecho la Junta de Castilla y Le\u00f3n con motivo de la crisis por la sequ\u00eda y la guerra en Ucrania, en particular la exenci\u00f3n de tasas agr\u00edcolas o ganaderas.<\/p>\n<p>Agradecemos todos los apoyos recibidos con motivo de la crisis antes citada, como se los agradecemos tambi\u00e9n al Estado, aunque en ambos casos han sido insuficientes. Pedimos que estas ayudas extraordinarias por las graves crisis sufridas no tributen fiscalmente.<\/p>\n<p>Otras medias, seguro que con buena intenci\u00f3n, no van a dar resultado por estar mal dise\u00f1adas. En todo caso, en el aspecto fiscal ASAJA mira a la administraci\u00f3n del Estado, y le recuerda la falta de liquidez de muchos agricultores y ganaderos por estar facturando sin IVA sus producciones a la espera de recuperar el IVA soportado muchos meses despu\u00e9s cuando Hacienda lo estime. Por otra parte, ASAJA es firme defensora del sistema de m\u00f3dulos, y reclama una revisi\u00f3n, para todas las producciones, a efectos de la declaraci\u00f3n del IRPF de 2023. En este sentido, corresponde a la Junta de Castilla y Le\u00f3n elevar al ministerio de agricultura el porcentaje de da\u00f1os constatado.<\/p>\n<p>Tambi\u00e9n consideramos necesario incrementar el tope m\u00e1ximo de ingresos para poder acogerse a este r\u00e9gimen tributario simplificado, teniendo en cuenta el incremento del tama\u00f1o de las explotaciones y el incremento del precio de los productos que puntuales supone facturar m\u00e1s vendiendo menos y sin tener en cuenta el mayor incremento del coste de los insumos.<\/p>\n<p><strong>9- ASPECTOS LABORALES<\/strong><\/p>\n<p>La estad\u00edstica dice que cada a\u00f1o hay mayor proporci\u00f3n de asalariados del campo con respecto a los aut\u00f3nomos del campo, y eso es debido a la necesidad de mano de obra conforme las explotaciones son m\u00e1s grandes. En estos momentos contamos con casi 38.000 cotizantes aut\u00f3nomos y algo m\u00e1s de 22.000 cuenta ajena en el sector agrario regional.<\/p>\n<p>El campo no es ajeno a cuestiones de calado en el \u00e1mbito laboral como puede ser el incremento del salario m\u00ednimo o la jornada laboral, por poner dos ejemplos, que se ha incrementado en los \u00faltimos 5 a\u00f1os un 54% hasta llegar a los 15.876 \u20ac anuales y todo ello en un contexto en el que es tan dif\u00edcil encontrar mano de obra para esta profesi\u00f3n, cargada de prejuicios, y que se ejerce en un entorno, el del medio rural, que tampoco es atractivo para muchos trabajadores. Por lo tanto, los costes laborales, y sobre todo la dificultad para encontrar trabajadores cualificados y con deseo de permanencia en la empresa agraria, se han convertido en un problema m\u00e1s para muchas explotaciones.<\/p>\n<p><strong>10- MEDIO AMBIENTE Y FAUNA SALVAJE <\/strong><\/p>\n<p>ASAJA defiende que la fauna salvaje debe tener un control para que sus poblaciones sean compatibles con la actividad en el campo y con la vida en nuestros pueblos, las poblaciones son excesivas provocando importantes da\u00f1os tanto al sector ganadero como agr\u00edcola pero tambi\u00e9n provocando cada d\u00eda m\u00e1s accidentes viales.<\/p>\n<p>ASAJA ha estado al lado de la Junta exigiendo que el lobo salga del listado LESPRE donde le meti\u00f3 el Gobierno de la naci\u00f3n, y hemos apoyado en Europa un cambio normativo para el control de la especie, incluso al sur del Duero, en l\u00ednea con los postulados que desde hace unas semanas se promulga desde Europa. Tambi\u00e9n la Junta ha contado con la aportaci\u00f3n de ASAJA y con el apoyo de ASAJA cuando ha tenido que regular o legislar aspectos relacionados con la caza. Tambi\u00e9n ha habido un cierto consenso respecto a las compensaciones econ\u00f3micas en los da\u00f1os provocados por el lobo o el oso.<\/p>\n<p>ASAJA seguir\u00e1 reivindicando un control de lobo y de otras especies que causan da\u00f1os en cultivos, de especies que trasmiten enfermedades como el jabal\u00ed, y seguir\u00e1 reivindicando una compensaci\u00f3n r\u00e1pida y total cuando los da\u00f1os se produzcan.<\/p>\n<p>En temas medioambientales, ASAJA denuncia las trabas injustificadas que muchas veces tienen los proyectos agroganaderos para superar los tr\u00e1mites ambientales, en particular la ganader\u00eda intensiva.<\/p>\n<p><strong>11-INSTALACIONES FOTOVOLTAICAS<\/strong><\/p>\n<p>ASAJA ha sido especialmente combativa contra los macro parques fotovoltaicos que de una forma indiscriminada se han proyectado en nuestras tierras y nuestros pastos, expulsando de ellas a los agricultores y ganaderos de toda la vida. ASAJA reconoce algunos avances normativos por parte de la Junta y del Estado desde que se dieron a conocer los primeros proyectos hasta la actualidad, y en particular avances exigiendo que las l\u00edneas de evacuaci\u00f3n sean subterr\u00e1neas, pero en todo caso avances insuficientes, y por lo tanto un problema agrario no solucionado.<\/p>\n<p>ASAJA pide a la Junta que no fomente ni permita\u00a0 macro parques para producir electricidad por encima de nuestro consumo, que los autorizados se ubiquen en terrenos sin inter\u00e9s agron\u00f3mico, que no se permitan donde la administraci\u00f3n ha realizado, e incluso apoyado con fondos p\u00fablicos, \u00a0actuaciones como regad\u00edos o concentraciones parcelarias, que se ubiquen pr\u00f3ximos a los centros de consumo, que se aprovechen l\u00edneas de evacuaci\u00f3n ya existentes, o en su defecto, que siempre sean l\u00edneas de evacuaci\u00f3n subterr\u00e1neas.<\/p>\n<p><strong>12-INTERLOCUCI\u00d3N Y RECONOCIMIENTO DE LAS OPA<\/strong><\/p>\n<p>ASAJA considera que el peso econ\u00f3mico, social y territorial del sector agr\u00edcola en Castilla y Le\u00f3n requiere una interlocuci\u00f3n fluida con el presidente de la comunidad, por lo que es necesaria la participaci\u00f3n frecuente del presidente en el principal foro de interlocuci\u00f3n agrario, el Consejo Agrario de Castilla y Le\u00f3n, donde poner encima de la mesa los problemas del sector y del extenso medio rural, para debatir y consensuar las medidas de pol\u00edtica agraria regional necesarias.<\/p>\n<p>La interlocuci\u00f3n y representaci\u00f3n en el sector agrario emana de la Ley Agraria que establece los cauces de interlocuci\u00f3n y tambi\u00e9n el proceso electoral para el reconocimiento de las Organizaciones Profesionales Agrarias m\u00e1s representativas en los \u00e1mbitos tanto regional como provinciales. Tras el \u00faltimo proceso electoral celebrado en febrero de 2023 las 3 OPA representativas en Castilla y Le\u00f3n reconocidas legalmente para la interlocuci\u00f3n son ASAJA, Alianza UPA-COAG y UCCL.<\/p>\n<p>En este \u00e1mbito, tambi\u00e9n en el marco de la Ley Agraria, agradecemos el inminente reconocimiento de las OPA como entidades colaboradoras de la Administraci\u00f3n auton\u00f3mica tras 10 a\u00f1os esperando el desarrollo normativo. Esperamos que no se quede en simple reconocimiento de la ardua labor que ya realizamos y este marco legal ampare la colaboraci\u00f3n no solo pol\u00edtico-sindical sino tambi\u00e9n la gesti\u00f3n y colaboraci\u00f3n administrativa que cada a\u00f1o m\u00e1s ampliamente desarrollamos.<\/p>\n<p>ASAJA CyL, 25 de enero de 2024.<\/p>\n<p><strong><u>\u00a0<\/u><\/strong><\/p>\n","protected":false},"excerpt":{"rendered":"<p>El presidente de la Junta presidi\u00f3 el Consejo Agrario de Castilla y Le\u00f3n, \u00f3rgano superior de interlocuci\u00f3n con los representantes de los agricultores y ganaderos ASAJA de Castilla y Le\u00f3n present\u00f3 el 25 de enero en el Consejo Agrario de Castilla y Le\u00f3n, encabezado por Alfonso Fern\u00e1ndez Ma\u00f1ueco, presidente de la Junta de Castilla y [&hellip;]<\/p>\n","protected":false},"author":12,"featured_media":7546,"comment_status":"open","ping_status":"open","sticky":false,"template":"","format":"standard","meta":{"footnotes":""},"categories":[10,25],"tags":[],"yoast_head":"<!-- This site is optimized with the Yoast SEO plugin v24.5 - https:\/\/yoast.com\/wordpress\/plugins\/seo\/ -->\n<title>ASAJA PRESENTA A MA\u00d1UECO REIVINDICACIONES CONCRETAS Y PRIORITARIAS QUE DEBEN MARCAR LA POL\u00cdTICA AGRARIA REGIONAL - ASAJA Soria<\/title>\n<meta name=\"description\" content=\"El presidente de la Junta presidi\u00f3 el Consejo Agrario de Castilla y Le\u00f3n, \u00f3rgano superior de interlocuci\u00f3n con los representantes de los agricultores y\" \/>\n<meta name=\"robots\" content=\"index, follow, max-snippet:-1, max-image-preview:large, max-video-preview:-1\" \/>\n<link rel=\"canonical\" href=\"https:\/\/www.asajacyl.com\/soria\/asaja-soria-informa\/asaja-presenta-a-manueco-reivindicaciones-concretas-y-prioritarias-que-deben-marcar-la-politica-agraria-regional\" \/>\n<meta property=\"og:locale\" content=\"es_ES\" \/>\n<meta property=\"og:type\" content=\"article\" \/>\n<meta property=\"og:title\" content=\"ASAJA PRESENTA A MA\u00d1UECO REIVINDICACIONES CONCRETAS Y PRIORITARIAS QUE DEBEN MARCAR LA POL\u00cdTICA AGRARIA REGIONAL - ASAJA Soria\" \/>\n<meta property=\"og:description\" content=\"El presidente de la Junta presidi\u00f3 el Consejo Agrario de Castilla y Le\u00f3n, \u00f3rgano superior de interlocuci\u00f3n con los representantes de los agricultores y\" \/>\n<meta property=\"og:url\" content=\"https:\/\/www.asajacyl.com\/soria\/asaja-soria-informa\/asaja-presenta-a-manueco-reivindicaciones-concretas-y-prioritarias-que-deben-marcar-la-politica-agraria-regional\" \/>\n<meta property=\"og:site_name\" content=\"ASAJA Soria\" \/>\n<meta property=\"article:published_time\" content=\"2024-01-25T15:56:10+00:00\" \/>\n<meta property=\"article:modified_time\" content=\"2024-01-25T15:56:12+00:00\" \/>\n<meta property=\"og:image\" content=\"https:\/\/www.asajacyl.com\/soria\/wp-content\/uploads\/sites\/9\/2024\/01\/2024-01-25\u00a9FHERAS-00019-1068x705-1.jpg\" \/>\n\t<meta property=\"og:image:width\" content=\"1068\" \/>\n\t<meta property=\"og:image:height\" content=\"705\" \/>\n\t<meta property=\"og:image:type\" content=\"image\/jpeg\" \/>\n<meta name=\"author\" content=\"Juan Ignacio Prieto Nieto\" \/>\n<meta name=\"twitter:card\" content=\"summary_large_image\" \/>\n<meta name=\"twitter:label1\" content=\"Escrito por\" \/>\n\t<meta name=\"twitter:data1\" content=\"Juan Ignacio Prieto Nieto\" \/>\n\t<meta name=\"twitter:label2\" content=\"Tiempo de lectura\" \/>\n\t<meta name=\"twitter:data2\" content=\"14 minutos\" \/>\n<script type=\"application\/ld+json\" class=\"yoast-schema-graph\">{\"@context\":\"https:\/\/schema.org\",\"@graph\":[{\"@type\":\"WebPage\",\"@id\":\"https:\/\/www.asajacyl.com\/soria\/asaja-soria-informa\/asaja-presenta-a-manueco-reivindicaciones-concretas-y-prioritarias-que-deben-marcar-la-politica-agraria-regional\",\"url\":\"https:\/\/www.asajacyl.com\/soria\/asaja-soria-informa\/asaja-presenta-a-manueco-reivindicaciones-concretas-y-prioritarias-que-deben-marcar-la-politica-agraria-regional\",\"name\":\"ASAJA PRESENTA A MA\u00d1UECO REIVINDICACIONES CONCRETAS Y PRIORITARIAS QUE DEBEN MARCAR LA POL\u00cdTICA AGRARIA REGIONAL - ASAJA Soria\",\"isPartOf\":{\"@id\":\"https:\/\/www.asajacyl.com\/soria\/#website\"},\"primaryImageOfPage\":{\"@id\":\"https:\/\/www.asajacyl.com\/soria\/asaja-soria-informa\/asaja-presenta-a-manueco-reivindicaciones-concretas-y-prioritarias-que-deben-marcar-la-politica-agraria-regional#primaryimage\"},\"image\":{\"@id\":\"https:\/\/www.asajacyl.com\/soria\/asaja-soria-informa\/asaja-presenta-a-manueco-reivindicaciones-concretas-y-prioritarias-que-deben-marcar-la-politica-agraria-regional#primaryimage\"},\"thumbnailUrl\":\"https:\/\/www.asajacyl.com\/soria\/wp-content\/uploads\/sites\/9\/2024\/01\/2024-01-25\u00a9FHERAS-00019-1068x705-1.jpg\",\"datePublished\":\"2024-01-25T15:56:10+00:00\",\"dateModified\":\"2024-01-25T15:56:12+00:00\",\"author\":{\"@id\":\"https:\/\/www.asajacyl.com\/soria\/#\/schema\/person\/fd3081c40255119ce8133b87e6aedfab\"},\"description\":\"El presidente de la Junta presidi\u00f3 el Consejo Agrario de Castilla y Le\u00f3n, \u00f3rgano superior de interlocuci\u00f3n con los representantes de los agricultores y\",\"breadcrumb\":{\"@id\":\"https:\/\/www.asajacyl.com\/soria\/asaja-soria-informa\/asaja-presenta-a-manueco-reivindicaciones-concretas-y-prioritarias-que-deben-marcar-la-politica-agraria-regional#breadcrumb\"},\"inLanguage\":\"es\",\"potentialAction\":[{\"@type\":\"ReadAction\",\"target\":[\"https:\/\/www.asajacyl.com\/soria\/asaja-soria-informa\/asaja-presenta-a-manueco-reivindicaciones-concretas-y-prioritarias-que-deben-marcar-la-politica-agraria-regional\"]}]},{\"@type\":\"ImageObject\",\"inLanguage\":\"es\",\"@id\":\"https:\/\/www.asajacyl.com\/soria\/asaja-soria-informa\/asaja-presenta-a-manueco-reivindicaciones-concretas-y-prioritarias-que-deben-marcar-la-politica-agraria-regional#primaryimage\",\"url\":\"https:\/\/www.asajacyl.com\/soria\/wp-content\/uploads\/sites\/9\/2024\/01\/2024-01-25\u00a9FHERAS-00019-1068x705-1.jpg\",\"contentUrl\":\"https:\/\/www.asajacyl.com\/soria\/wp-content\/uploads\/sites\/9\/2024\/01\/2024-01-25\u00a9FHERAS-00019-1068x705-1.jpg\",\"width\":1068,\"height\":705},{\"@type\":\"BreadcrumbList\",\"@id\":\"https:\/\/www.asajacyl.com\/soria\/asaja-soria-informa\/asaja-presenta-a-manueco-reivindicaciones-concretas-y-prioritarias-que-deben-marcar-la-politica-agraria-regional#breadcrumb\",\"itemListElement\":[{\"@type\":\"ListItem\",\"position\":1,\"name\":\"Portada\",\"item\":\"https:\/\/www.asajacyl.com\/soria\/\"},{\"@type\":\"ListItem\",\"position\":2,\"name\":\"ASAJA PRESENTA A MA\u00d1UECO REIVINDICACIONES CONCRETAS Y PRIORITARIAS QUE DEBEN MARCAR LA POL\u00cdTICA AGRARIA REGIONAL\"}]},{\"@type\":\"WebSite\",\"@id\":\"https:\/\/www.asajacyl.com\/soria\/#website\",\"url\":\"https:\/\/www.asajacyl.com\/soria\/\",\"name\":\"ASAJA Soria\",\"description\":\"Otro sitio m\u00e1s de Provincias ASAJA Castilla y Le\u00f3n\",\"potentialAction\":[{\"@type\":\"SearchAction\",\"target\":{\"@type\":\"EntryPoint\",\"urlTemplate\":\"https:\/\/www.asajacyl.com\/soria\/?s={search_term_string}\"},\"query-input\":{\"@type\":\"PropertyValueSpecification\",\"valueRequired\":true,\"valueName\":\"search_term_string\"}}],\"inLanguage\":\"es\"},{\"@type\":\"Person\",\"@id\":\"https:\/\/www.asajacyl.com\/soria\/#\/schema\/person\/fd3081c40255119ce8133b87e6aedfab\",\"name\":\"Juan Ignacio Prieto Nieto\",\"image\":{\"@type\":\"ImageObject\",\"inLanguage\":\"es\",\"@id\":\"https:\/\/www.asajacyl.com\/soria\/#\/schema\/person\/image\/\",\"url\":\"https:\/\/secure.gravatar.com\/avatar\/8266b36e4d9001acb4700699a2468dc8?s=96&d=mm&r=g\",\"contentUrl\":\"https:\/\/secure.gravatar.com\/avatar\/8266b36e4d9001acb4700699a2468dc8?s=96&d=mm&r=g\",\"caption\":\"Juan Ignacio Prieto Nieto\"},\"url\":\"https:\/\/www.asajacyl.com\/soria\/author\/juanfranciscoby\"}]}<\/script>\n<!-- \/ Yoast SEO plugin. -->","yoast_head_json":{"title":"ASAJA PRESENTA A MA\u00d1UECO REIVINDICACIONES CONCRETAS Y PRIORITARIAS QUE DEBEN MARCAR LA POL\u00cdTICA AGRARIA REGIONAL - ASAJA Soria","description":"El presidente de la Junta presidi\u00f3 el Consejo Agrario de Castilla y Le\u00f3n, \u00f3rgano superior de interlocuci\u00f3n con los representantes de los agricultores y","robots":{"index":"index","follow":"follow","max-snippet":"max-snippet:-1","max-image-preview":"max-image-preview:large","max-video-preview":"max-video-preview:-1"},"canonical":"https:\/\/www.asajacyl.com\/soria\/asaja-soria-informa\/asaja-presenta-a-manueco-reivindicaciones-concretas-y-prioritarias-que-deben-marcar-la-politica-agraria-regional","og_locale":"es_ES","og_type":"article","og_title":"ASAJA PRESENTA A MA\u00d1UECO REIVINDICACIONES CONCRETAS Y PRIORITARIAS QUE DEBEN MARCAR LA POL\u00cdTICA AGRARIA REGIONAL - ASAJA Soria","og_description":"El presidente de la Junta presidi\u00f3 el Consejo Agrario de Castilla y Le\u00f3n, \u00f3rgano superior de interlocuci\u00f3n con los representantes de los agricultores y","og_url":"https:\/\/www.asajacyl.com\/soria\/asaja-soria-informa\/asaja-presenta-a-manueco-reivindicaciones-concretas-y-prioritarias-que-deben-marcar-la-politica-agraria-regional","og_site_name":"ASAJA Soria","article_published_time":"2024-01-25T15:56:10+00:00","article_modified_time":"2024-01-25T15:56:12+00:00","og_image":[{"width":1068,"height":705,"url":"https:\/\/www.asajacyl.com\/soria\/wp-content\/uploads\/sites\/9\/2024\/01\/2024-01-25\u00a9FHERAS-00019-1068x705-1.jpg","type":"image\/jpeg"}],"author":"Juan Ignacio Prieto Nieto","twitter_card":"summary_large_image","twitter_misc":{"Escrito por":"Juan Ignacio Prieto Nieto","Tiempo de lectura":"14 minutos"},"schema":{"@context":"https:\/\/schema.org","@graph":[{"@type":"WebPage","@id":"https:\/\/www.asajacyl.com\/soria\/asaja-soria-informa\/asaja-presenta-a-manueco-reivindicaciones-concretas-y-prioritarias-que-deben-marcar-la-politica-agraria-regional","url":"https:\/\/www.asajacyl.com\/soria\/asaja-soria-informa\/asaja-presenta-a-manueco-reivindicaciones-concretas-y-prioritarias-que-deben-marcar-la-politica-agraria-regional","name":"ASAJA PRESENTA A MA\u00d1UECO REIVINDICACIONES CONCRETAS Y PRIORITARIAS QUE DEBEN MARCAR LA POL\u00cdTICA AGRARIA REGIONAL - ASAJA Soria","isPartOf":{"@id":"https:\/\/www.asajacyl.com\/soria\/#website"},"primaryImageOfPage":{"@id":"https:\/\/www.asajacyl.com\/soria\/asaja-soria-informa\/asaja-presenta-a-manueco-reivindicaciones-concretas-y-prioritarias-que-deben-marcar-la-politica-agraria-regional#primaryimage"},"image":{"@id":"https:\/\/www.asajacyl.com\/soria\/asaja-soria-informa\/asaja-presenta-a-manueco-reivindicaciones-concretas-y-prioritarias-que-deben-marcar-la-politica-agraria-regional#primaryimage"},"thumbnailUrl":"https:\/\/www.asajacyl.com\/soria\/wp-content\/uploads\/sites\/9\/2024\/01\/2024-01-25\u00a9FHERAS-00019-1068x705-1.jpg","datePublished":"2024-01-25T15:56:10+00:00","dateModified":"2024-01-25T15:56:12+00:00","author":{"@id":"https:\/\/www.asajacyl.com\/soria\/#\/schema\/person\/fd3081c40255119ce8133b87e6aedfab"},"description":"El presidente de la Junta presidi\u00f3 el Consejo Agrario de Castilla y Le\u00f3n, \u00f3rgano superior de interlocuci\u00f3n con los representantes de los agricultores y","breadcrumb":{"@id":"https:\/\/www.asajacyl.com\/soria\/asaja-soria-informa\/asaja-presenta-a-manueco-reivindicaciones-concretas-y-prioritarias-que-deben-marcar-la-politica-agraria-regional#breadcrumb"},"inLanguage":"es","potentialAction":[{"@type":"ReadAction","target":["https:\/\/www.asajacyl.com\/soria\/asaja-soria-informa\/asaja-presenta-a-manueco-reivindicaciones-concretas-y-prioritarias-que-deben-marcar-la-politica-agraria-regional"]}]},{"@type":"ImageObject","inLanguage":"es","@id":"https:\/\/www.asajacyl.com\/soria\/asaja-soria-informa\/asaja-presenta-a-manueco-reivindicaciones-concretas-y-prioritarias-que-deben-marcar-la-politica-agraria-regional#primaryimage","url":"https:\/\/www.asajacyl.com\/soria\/wp-content\/uploads\/sites\/9\/2024\/01\/2024-01-25\u00a9FHERAS-00019-1068x705-1.jpg","contentUrl":"https:\/\/www.asajacyl.com\/soria\/wp-content\/uploads\/sites\/9\/2024\/01\/2024-01-25\u00a9FHERAS-00019-1068x705-1.jpg","width":1068,"height":705},{"@type":"BreadcrumbList","@id":"https:\/\/www.asajacyl.com\/soria\/asaja-soria-informa\/asaja-presenta-a-manueco-reivindicaciones-concretas-y-prioritarias-que-deben-marcar-la-politica-agraria-regional#breadcrumb","itemListElement":[{"@type":"ListItem","position":1,"name":"Portada","item":"https:\/\/www.asajacyl.com\/soria\/"},{"@type":"ListItem","position":2,"name":"ASAJA PRESENTA A MA\u00d1UECO REIVINDICACIONES CONCRETAS Y PRIORITARIAS QUE DEBEN MARCAR LA POL\u00cdTICA AGRARIA REGIONAL"}]},{"@type":"WebSite","@id":"https:\/\/www.asajacyl.com\/soria\/#website","url":"https:\/\/www.asajacyl.com\/soria\/","name":"ASAJA Soria","description":"Otro sitio m\u00e1s de Provincias ASAJA Castilla y Le\u00f3n","potentialAction":[{"@type":"SearchAction","target":{"@type":"EntryPoint","urlTemplate":"https:\/\/www.asajacyl.com\/soria\/?s={search_term_string}"},"query-input":{"@type":"PropertyValueSpecification","valueRequired":true,"valueName":"search_term_string"}}],"inLanguage":"es"},{"@type":"Person","@id":"https:\/\/www.asajacyl.com\/soria\/#\/schema\/person\/fd3081c40255119ce8133b87e6aedfab","name":"Juan Ignacio Prieto Nieto","image":{"@type":"ImageObject","inLanguage":"es","@id":"https:\/\/www.asajacyl.com\/soria\/#\/schema\/person\/image\/","url":"https:\/\/secure.gravatar.com\/avatar\/8266b36e4d9001acb4700699a2468dc8?s=96&d=mm&r=g","contentUrl":"https:\/\/secure.gravatar.com\/avatar\/8266b36e4d9001acb4700699a2468dc8?s=96&d=mm&r=g","caption":"Juan Ignacio Prieto Nieto"},"url":"https:\/\/www.asajacyl.com\/soria\/author\/juanfranciscoby"}]}},"_links":{"self":[{"href":"https:\/\/www.asajacyl.com\/soria\/wp-json\/wp\/v2\/posts\/7545"}],"collection":[{"href":"https:\/\/www.asajacyl.com\/soria\/wp-json\/wp\/v2\/posts"}],"about":[{"href":"https:\/\/www.asajacyl.com\/soria\/wp-json\/wp\/v2\/types\/post"}],"author":[{"embeddable":true,"href":"https:\/\/www.asajacyl.com\/soria\/wp-json\/wp\/v2\/users\/12"}],"replies":[{"embeddable":true,"href":"https:\/\/www.asajacyl.com\/soria\/wp-json\/wp\/v2\/comments?post=7545"}],"version-history":[{"count":1,"href":"https:\/\/www.asajacyl.com\/soria\/wp-json\/wp\/v2\/posts\/7545\/revisions"}],"predecessor-version":[{"id":7547,"href":"https:\/\/www.asajacyl.com\/soria\/wp-json\/wp\/v2\/posts\/7545\/revisions\/7547"}],"wp:featuredmedia":[{"embeddable":true,"href":"https:\/\/www.asajacyl.com\/soria\/wp-json\/wp\/v2\/media\/7546"}],"wp:attachment":[{"href":"https:\/\/www.asajacyl.com\/soria\/wp-json\/wp\/v2\/media?parent=7545"}],"wp:term":[{"taxonomy":"category","embeddable":true,"href":"https:\/\/www.asajacyl.com\/soria\/wp-json\/wp\/v2\/categories?post=7545"},{"taxonomy":"post_tag","embeddable":true,"href":"https:\/\/www.asajacyl.com\/soria\/wp-json\/wp\/v2\/tags?post=7545"}],"curies":[{"name":"wp","href":"https:\/\/api.w.org\/{rel}","templated":true}]}}