{"id":7568,"date":"2024-01-31T12:00:32","date_gmt":"2024-01-31T11:00:32","guid":{"rendered":"https:\/\/www.asajacyl.com\/soria\/?p=7568"},"modified":"2024-01-31T12:00:33","modified_gmt":"2024-01-31T11:00:33","slug":"carta-a-la-presidenta-de-la-comision-europea-para-pedir-rentabilidad-para-el-campo","status":"publish","type":"post","link":"https:\/\/www.asajacyl.com\/soria\/asaja-soria-informa\/carta-a-la-presidenta-de-la-comision-europea-para-pedir-rentabilidad-para-el-campo","title":{"rendered":"Carta a la presidenta de la Comisi\u00f3n Europea para pedir rentabilidad para el campo"},"content":{"rendered":"\n\n\n<h2>Los agricultores y ganaderos europeos, unidos en\u00a0<a href=\"https:\/\/copa-cogeca.eu\/publications\">COPA COGECA<\/a>, que agrupa a sus organizaciones y cooperativas, ASAJA entre ellas, han remitido una carta a la presidenta de la Comisi\u00f3n Europea, \u00darsula von der Leyen, en la que advierten que la mitad de los Estados miembros ya programan protestas generalizadas, y que depende de la UE responder a esta emergencia. A pocos meses de unas elecciones cruciales para el futuro de Europa, la comunidad agr\u00edcola, principal actor de la primera Pol\u00edtica Com\u00fan Europea, espera una reacci\u00f3n del ejecutivo europeo para poder continuar sus actividades en condiciones aceptables, con unos ingresos dignos y menos cargas administrativas.<\/h2>\n<p><img loading=\"lazy\" decoding=\"async\" class=\"size-full wp-image-23082 aligncenter td-animation-stack-type0-2\" src=\"https:\/\/www.asajacyl.com\/wp-content\/uploads\/2024\/01\/copa-cogeca.jpg\" alt=\"\" width=\"680\" height=\"383\" \/><\/p>\n<p>A continuaci\u00f3n, reproducimos el contenido de la carta enviada hoy por COPA-COGECA:<\/p>\n<p>\u00abEstimada Presidenta de la Comisi\u00f3n Europea,<\/p>\n<p>Hoy debemos escuchar los ecos que resuenan en nuestros campos, desde el oeste hasta el este de Europa. Las comunidades agr\u00edcolas se enfrentan a enormes desaf\u00edos y presiones que s\u00f3lo se han acumulado en los \u00faltimos a\u00f1os.<\/p>\n<p>Se\u00f1ora Presidenta, si se re\u00fane con los agricultores en los pr\u00f3ximos d\u00edas podr\u00e1 escuchar lo que tienen en com\u00fan. Las cargas econ\u00f3micas y la burocracia est\u00e1n estrangulando a los agricultores en toda la UE. En toda la UE, los efectos de las crisis clim\u00e1ticas y geopol\u00edticas est\u00e1n afectando considerablemente a nuestras explotaciones. Y todo ello con la sensaci\u00f3n de que se van a imponer m\u00e1s limitaciones y m\u00e1s regulaciones europeas a las explotaciones con consecuencias graves e irreversibles sobre las producciones, los ingresos y el aumento de las importaciones con menos est\u00e1ndares medioambientales y sociales.<\/p>\n<p>Durante los \u00faltimos a\u00f1os, hemos hablado en\u00e9rgicamente, \u00a1pero no hemos sido escuchados! Como resultado, la situaci\u00f3n es actualmente muy tensa en muchos Estados miembros, con los agricultores saliendo a las calles, ya que la supervivencia de la agricultura familiar europea tal como se la conoce hoy est\u00e1 en peligro.<\/p>\n<p>Con su discurso sobre el Estado de la Uni\u00f3n del 13 de septiembre de 2023, propone un Di\u00e1logo Estrat\u00e9gico sobre el futuro de la agricultura para entablar \u201cm\u00e1s di\u00e1logo y menos polarizaci\u00f3n\u201d y abandonar el \u201cenfoque de arriba hacia abajo\u201d del Pacto Verde y Farm to Fork Strategy.<\/p>\n<p>El di\u00e1logo es esencial y acogemos con satisfacci\u00f3n el hecho de que la comunidad agr\u00edcola sea parte del di\u00e1logo estrat\u00e9gico y esperamos ser escuchados y comprendidos. Sin embargo, sabemos que este debate se centrar\u00e1 en propuestas y soluciones a largo plazo y para la nueva Comisi\u00f3n Europea.<\/p>\n<p>Hoy, todos los miembros del COPA y COGECA afirman que es urgente dar respuestas a corto plazo a las preguntas planteadas por miles de agricultores que desde hace varios meses manifiestan su angustia y su incomprensi\u00f3n:<\/p>\n<ul>\n<li>Decidir finalmente sobre las muy necesarias derogaciones de la condicionalidad de la PAC (por ejemplo, BCAM 6, 7 y 8), los esquemas ecol\u00f3gicos y los compromisos agroambientales y clim\u00e1ticos que se basan en esto, para 2024. Necesitamos una acci\u00f3n com\u00fan para abordar estas severas dificultades.<\/li>\n<li>Adaptar la pr\u00f3xima propuesta de Medidas Comerciales con Ucrania creando un sistema que garantice que el destino de todos los env\u00edos de productos agr\u00edcolas ucranianos se determine antes de su entrada a la UE e introducir un sistema para garantizar que los productos ucranianos lleguen a este destino final acordado. Adem\u00e1s, pedimos la introducci\u00f3n de umbrales de importaci\u00f3n para cualquier producto agr\u00edcola sujeto a liberalizaci\u00f3n comercial.<\/li>\n<li>Asegurar la reciprocidad en los est\u00e1ndares de producci\u00f3n agr\u00edcola y la igualdad de condiciones para garantizar el comercio justo. Las preocupaciones comerciales van mucho m\u00e1s all\u00e1 de los impactos de la liberalizaci\u00f3n comercial con Ucrania. En ese sentido, el acuerdo Mercosur es inaceptable para la mayor\u00eda de los agricultores de la UE. En este momento, un impulso continuo para lograr que el acuerdo se cumpla ser\u00e1 percibido como una nueva provocaci\u00f3n por parte de la comunidad agr\u00edcola y aumentar\u00e1 el rechazo a las decisiones adoptadas por la Comisi\u00f3n Europea.<\/li>\n<\/ul>\n<p>La agricultura europea es el modelo m\u00e1s sostenible del mundo. Los agricultores y las cooperativas agr\u00edcolas son esenciales para las cadenas de suministro de alimentos y energ\u00eda, cruciales en el contexto geopol\u00edtico actual y merecen ser reconocidos como estrat\u00e9gicos.<\/p>\n<p>A pocos meses de unas elecciones cruciales para el futuro de Europa, la comunidad agr\u00edcola, principal actor de la primera Pol\u00edtica Com\u00fan Europea, espera una reacci\u00f3n del ejecutivo europeo para poder continuar sus actividades en condiciones aceptables, con unos ingresos dignos y menos cargas administrativas.<\/p>\n<p>Quedamos a su disposici\u00f3n para realizar intercambios en los pr\u00f3ximos d\u00edas y semanas. Solicitamos una reuni\u00f3n con usted junto con nuestros agricultores y miembros de las cooperativas agr\u00edcolas.\u00bb<\/p>\n","protected":false},"excerpt":{"rendered":"<p>Los agricultores y ganaderos europeos, unidos en\u00a0COPA COGECA, que agrupa a sus organizaciones y cooperativas, ASAJA entre ellas, han remitido una carta a la presidenta de la Comisi\u00f3n Europea, \u00darsula von der Leyen, en la que advierten que la mitad de los Estados miembros ya programan protestas generalizadas, y que depende de la UE responder [&hellip;]<\/p>\n","protected":false},"author":12,"featured_media":7569,"comment_status":"open","ping_status":"open","sticky":false,"template":"","format":"standard","meta":{"footnotes":""},"categories":[10,25],"tags":[],"yoast_head":"<!-- This site is optimized with the Yoast SEO plugin v24.5 - https:\/\/yoast.com\/wordpress\/plugins\/seo\/ -->\n<title>Carta a la presidenta de la Comisi\u00f3n Europea para pedir rentabilidad para el campo - ASAJA Soria<\/title>\n<meta name=\"description\" content=\"Los agricultores y ganaderos europeos, unidos en\u00a0COPA COGECA, que agrupa a sus organizaciones y cooperativas, ASAJA entre ellas, han remitido una carta a\" \/>\n<meta name=\"robots\" content=\"index, follow, max-snippet:-1, max-image-preview:large, max-video-preview:-1\" \/>\n<link rel=\"canonical\" href=\"https:\/\/www.asajacyl.com\/soria\/asaja-soria-informa\/carta-a-la-presidenta-de-la-comision-europea-para-pedir-rentabilidad-para-el-campo\" \/>\n<meta property=\"og:locale\" content=\"es_ES\" \/>\n<meta property=\"og:type\" content=\"article\" \/>\n<meta property=\"og:title\" content=\"Carta a la presidenta de la Comisi\u00f3n Europea para pedir rentabilidad para el campo - ASAJA Soria\" \/>\n<meta property=\"og:description\" content=\"Los agricultores y ganaderos europeos, unidos en\u00a0COPA COGECA, que agrupa a sus organizaciones y cooperativas, ASAJA entre ellas, han remitido una carta a\" \/>\n<meta property=\"og:url\" content=\"https:\/\/www.asajacyl.com\/soria\/asaja-soria-informa\/carta-a-la-presidenta-de-la-comision-europea-para-pedir-rentabilidad-para-el-campo\" \/>\n<meta property=\"og:site_name\" content=\"ASAJA Soria\" \/>\n<meta property=\"article:published_time\" content=\"2024-01-31T11:00:32+00:00\" \/>\n<meta property=\"article:modified_time\" content=\"2024-01-31T11:00:33+00:00\" \/>\n<meta property=\"og:image\" content=\"https:\/\/www.asajacyl.com\/soria\/wp-content\/uploads\/sites\/9\/2024\/01\/copa-cogeca.jpg\" \/>\n\t<meta property=\"og:image:width\" content=\"680\" \/>\n\t<meta property=\"og:image:height\" content=\"383\" \/>\n\t<meta property=\"og:image:type\" content=\"image\/jpeg\" \/>\n<meta name=\"author\" content=\"Juan Ignacio Prieto Nieto\" \/>\n<meta name=\"twitter:card\" content=\"summary_large_image\" \/>\n<meta name=\"twitter:label1\" content=\"Escrito por\" \/>\n\t<meta name=\"twitter:data1\" content=\"Juan Ignacio Prieto Nieto\" \/>\n\t<meta name=\"twitter:label2\" content=\"Tiempo de lectura\" \/>\n\t<meta name=\"twitter:data2\" content=\"4 minutos\" \/>\n<script type=\"application\/ld+json\" class=\"yoast-schema-graph\">{\"@context\":\"https:\/\/schema.org\",\"@graph\":[{\"@type\":\"WebPage\",\"@id\":\"https:\/\/www.asajacyl.com\/soria\/asaja-soria-informa\/carta-a-la-presidenta-de-la-comision-europea-para-pedir-rentabilidad-para-el-campo\",\"url\":\"https:\/\/www.asajacyl.com\/soria\/asaja-soria-informa\/carta-a-la-presidenta-de-la-comision-europea-para-pedir-rentabilidad-para-el-campo\",\"name\":\"Carta a la presidenta de la Comisi\u00f3n Europea para pedir rentabilidad para el campo - ASAJA Soria\",\"isPartOf\":{\"@id\":\"https:\/\/www.asajacyl.com\/soria\/#website\"},\"primaryImageOfPage\":{\"@id\":\"https:\/\/www.asajacyl.com\/soria\/asaja-soria-informa\/carta-a-la-presidenta-de-la-comision-europea-para-pedir-rentabilidad-para-el-campo#primaryimage\"},\"image\":{\"@id\":\"https:\/\/www.asajacyl.com\/soria\/asaja-soria-informa\/carta-a-la-presidenta-de-la-comision-europea-para-pedir-rentabilidad-para-el-campo#primaryimage\"},\"thumbnailUrl\":\"https:\/\/www.asajacyl.com\/soria\/wp-content\/uploads\/sites\/9\/2024\/01\/copa-cogeca.jpg\",\"datePublished\":\"2024-01-31T11:00:32+00:00\",\"dateModified\":\"2024-01-31T11:00:33+00:00\",\"author\":{\"@id\":\"https:\/\/www.asajacyl.com\/soria\/#\/schema\/person\/fd3081c40255119ce8133b87e6aedfab\"},\"description\":\"Los agricultores y ganaderos europeos, unidos en\u00a0COPA COGECA, que agrupa a sus organizaciones y cooperativas, ASAJA entre ellas, han remitido una carta a\",\"breadcrumb\":{\"@id\":\"https:\/\/www.asajacyl.com\/soria\/asaja-soria-informa\/carta-a-la-presidenta-de-la-comision-europea-para-pedir-rentabilidad-para-el-campo#breadcrumb\"},\"inLanguage\":\"es\",\"potentialAction\":[{\"@type\":\"ReadAction\",\"target\":[\"https:\/\/www.asajacyl.com\/soria\/asaja-soria-informa\/carta-a-la-presidenta-de-la-comision-europea-para-pedir-rentabilidad-para-el-campo\"]}]},{\"@type\":\"ImageObject\",\"inLanguage\":\"es\",\"@id\":\"https:\/\/www.asajacyl.com\/soria\/asaja-soria-informa\/carta-a-la-presidenta-de-la-comision-europea-para-pedir-rentabilidad-para-el-campo#primaryimage\",\"url\":\"https:\/\/www.asajacyl.com\/soria\/wp-content\/uploads\/sites\/9\/2024\/01\/copa-cogeca.jpg\",\"contentUrl\":\"https:\/\/www.asajacyl.com\/soria\/wp-content\/uploads\/sites\/9\/2024\/01\/copa-cogeca.jpg\",\"width\":680,\"height\":383},{\"@type\":\"BreadcrumbList\",\"@id\":\"https:\/\/www.asajacyl.com\/soria\/asaja-soria-informa\/carta-a-la-presidenta-de-la-comision-europea-para-pedir-rentabilidad-para-el-campo#breadcrumb\",\"itemListElement\":[{\"@type\":\"ListItem\",\"position\":1,\"name\":\"Portada\",\"item\":\"https:\/\/www.asajacyl.com\/soria\/\"},{\"@type\":\"ListItem\",\"position\":2,\"name\":\"Carta a la presidenta de la Comisi\u00f3n Europea para pedir rentabilidad para el campo\"}]},{\"@type\":\"WebSite\",\"@id\":\"https:\/\/www.asajacyl.com\/soria\/#website\",\"url\":\"https:\/\/www.asajacyl.com\/soria\/\",\"name\":\"ASAJA Soria\",\"description\":\"Otro sitio m\u00e1s de Provincias ASAJA Castilla y Le\u00f3n\",\"potentialAction\":[{\"@type\":\"SearchAction\",\"target\":{\"@type\":\"EntryPoint\",\"urlTemplate\":\"https:\/\/www.asajacyl.com\/soria\/?s={search_term_string}\"},\"query-input\":{\"@type\":\"PropertyValueSpecification\",\"valueRequired\":true,\"valueName\":\"search_term_string\"}}],\"inLanguage\":\"es\"},{\"@type\":\"Person\",\"@id\":\"https:\/\/www.asajacyl.com\/soria\/#\/schema\/person\/fd3081c40255119ce8133b87e6aedfab\",\"name\":\"Juan Ignacio Prieto Nieto\",\"image\":{\"@type\":\"ImageObject\",\"inLanguage\":\"es\",\"@id\":\"https:\/\/www.asajacyl.com\/soria\/#\/schema\/person\/image\/\",\"url\":\"https:\/\/secure.gravatar.com\/avatar\/8266b36e4d9001acb4700699a2468dc8?s=96&d=mm&r=g\",\"contentUrl\":\"https:\/\/secure.gravatar.com\/avatar\/8266b36e4d9001acb4700699a2468dc8?s=96&d=mm&r=g\",\"caption\":\"Juan Ignacio Prieto Nieto\"},\"url\":\"https:\/\/www.asajacyl.com\/soria\/author\/juanfranciscoby\"}]}<\/script>\n<!-- \/ Yoast SEO plugin. -->","yoast_head_json":{"title":"Carta a la presidenta de la Comisi\u00f3n Europea para pedir rentabilidad para el campo - ASAJA Soria","description":"Los agricultores y ganaderos europeos, unidos en\u00a0COPA COGECA, que agrupa a sus organizaciones y cooperativas, ASAJA entre ellas, han remitido una carta a","robots":{"index":"index","follow":"follow","max-snippet":"max-snippet:-1","max-image-preview":"max-image-preview:large","max-video-preview":"max-video-preview:-1"},"canonical":"https:\/\/www.asajacyl.com\/soria\/asaja-soria-informa\/carta-a-la-presidenta-de-la-comision-europea-para-pedir-rentabilidad-para-el-campo","og_locale":"es_ES","og_type":"article","og_title":"Carta a la presidenta de la Comisi\u00f3n Europea para pedir rentabilidad para el campo - ASAJA Soria","og_description":"Los agricultores y ganaderos europeos, unidos en\u00a0COPA COGECA, que agrupa a sus organizaciones y cooperativas, ASAJA entre ellas, han remitido una carta a","og_url":"https:\/\/www.asajacyl.com\/soria\/asaja-soria-informa\/carta-a-la-presidenta-de-la-comision-europea-para-pedir-rentabilidad-para-el-campo","og_site_name":"ASAJA Soria","article_published_time":"2024-01-31T11:00:32+00:00","article_modified_time":"2024-01-31T11:00:33+00:00","og_image":[{"width":680,"height":383,"url":"https:\/\/www.asajacyl.com\/soria\/wp-content\/uploads\/sites\/9\/2024\/01\/copa-cogeca.jpg","type":"image\/jpeg"}],"author":"Juan Ignacio Prieto Nieto","twitter_card":"summary_large_image","twitter_misc":{"Escrito por":"Juan Ignacio Prieto Nieto","Tiempo de lectura":"4 minutos"},"schema":{"@context":"https:\/\/schema.org","@graph":[{"@type":"WebPage","@id":"https:\/\/www.asajacyl.com\/soria\/asaja-soria-informa\/carta-a-la-presidenta-de-la-comision-europea-para-pedir-rentabilidad-para-el-campo","url":"https:\/\/www.asajacyl.com\/soria\/asaja-soria-informa\/carta-a-la-presidenta-de-la-comision-europea-para-pedir-rentabilidad-para-el-campo","name":"Carta a la presidenta de la Comisi\u00f3n Europea para pedir rentabilidad para el campo - ASAJA Soria","isPartOf":{"@id":"https:\/\/www.asajacyl.com\/soria\/#website"},"primaryImageOfPage":{"@id":"https:\/\/www.asajacyl.com\/soria\/asaja-soria-informa\/carta-a-la-presidenta-de-la-comision-europea-para-pedir-rentabilidad-para-el-campo#primaryimage"},"image":{"@id":"https:\/\/www.asajacyl.com\/soria\/asaja-soria-informa\/carta-a-la-presidenta-de-la-comision-europea-para-pedir-rentabilidad-para-el-campo#primaryimage"},"thumbnailUrl":"https:\/\/www.asajacyl.com\/soria\/wp-content\/uploads\/sites\/9\/2024\/01\/copa-cogeca.jpg","datePublished":"2024-01-31T11:00:32+00:00","dateModified":"2024-01-31T11:00:33+00:00","author":{"@id":"https:\/\/www.asajacyl.com\/soria\/#\/schema\/person\/fd3081c40255119ce8133b87e6aedfab"},"description":"Los agricultores y ganaderos europeos, unidos en\u00a0COPA COGECA, que agrupa a sus organizaciones y cooperativas, ASAJA entre ellas, han remitido una carta a","breadcrumb":{"@id":"https:\/\/www.asajacyl.com\/soria\/asaja-soria-informa\/carta-a-la-presidenta-de-la-comision-europea-para-pedir-rentabilidad-para-el-campo#breadcrumb"},"inLanguage":"es","potentialAction":[{"@type":"ReadAction","target":["https:\/\/www.asajacyl.com\/soria\/asaja-soria-informa\/carta-a-la-presidenta-de-la-comision-europea-para-pedir-rentabilidad-para-el-campo"]}]},{"@type":"ImageObject","inLanguage":"es","@id":"https:\/\/www.asajacyl.com\/soria\/asaja-soria-informa\/carta-a-la-presidenta-de-la-comision-europea-para-pedir-rentabilidad-para-el-campo#primaryimage","url":"https:\/\/www.asajacyl.com\/soria\/wp-content\/uploads\/sites\/9\/2024\/01\/copa-cogeca.jpg","contentUrl":"https:\/\/www.asajacyl.com\/soria\/wp-content\/uploads\/sites\/9\/2024\/01\/copa-cogeca.jpg","width":680,"height":383},{"@type":"BreadcrumbList","@id":"https:\/\/www.asajacyl.com\/soria\/asaja-soria-informa\/carta-a-la-presidenta-de-la-comision-europea-para-pedir-rentabilidad-para-el-campo#breadcrumb","itemListElement":[{"@type":"ListItem","position":1,"name":"Portada","item":"https:\/\/www.asajacyl.com\/soria\/"},{"@type":"ListItem","position":2,"name":"Carta a la presidenta de la Comisi\u00f3n Europea para pedir rentabilidad para el campo"}]},{"@type":"WebSite","@id":"https:\/\/www.asajacyl.com\/soria\/#website","url":"https:\/\/www.asajacyl.com\/soria\/","name":"ASAJA Soria","description":"Otro sitio m\u00e1s de Provincias ASAJA Castilla y Le\u00f3n","potentialAction":[{"@type":"SearchAction","target":{"@type":"EntryPoint","urlTemplate":"https:\/\/www.asajacyl.com\/soria\/?s={search_term_string}"},"query-input":{"@type":"PropertyValueSpecification","valueRequired":true,"valueName":"search_term_string"}}],"inLanguage":"es"},{"@type":"Person","@id":"https:\/\/www.asajacyl.com\/soria\/#\/schema\/person\/fd3081c40255119ce8133b87e6aedfab","name":"Juan Ignacio Prieto Nieto","image":{"@type":"ImageObject","inLanguage":"es","@id":"https:\/\/www.asajacyl.com\/soria\/#\/schema\/person\/image\/","url":"https:\/\/secure.gravatar.com\/avatar\/8266b36e4d9001acb4700699a2468dc8?s=96&d=mm&r=g","contentUrl":"https:\/\/secure.gravatar.com\/avatar\/8266b36e4d9001acb4700699a2468dc8?s=96&d=mm&r=g","caption":"Juan Ignacio Prieto Nieto"},"url":"https:\/\/www.asajacyl.com\/soria\/author\/juanfranciscoby"}]}},"_links":{"self":[{"href":"https:\/\/www.asajacyl.com\/soria\/wp-json\/wp\/v2\/posts\/7568"}],"collection":[{"href":"https:\/\/www.asajacyl.com\/soria\/wp-json\/wp\/v2\/posts"}],"about":[{"href":"https:\/\/www.asajacyl.com\/soria\/wp-json\/wp\/v2\/types\/post"}],"author":[{"embeddable":true,"href":"https:\/\/www.asajacyl.com\/soria\/wp-json\/wp\/v2\/users\/12"}],"replies":[{"embeddable":true,"href":"https:\/\/www.asajacyl.com\/soria\/wp-json\/wp\/v2\/comments?post=7568"}],"version-history":[{"count":1,"href":"https:\/\/www.asajacyl.com\/soria\/wp-json\/wp\/v2\/posts\/7568\/revisions"}],"predecessor-version":[{"id":7570,"href":"https:\/\/www.asajacyl.com\/soria\/wp-json\/wp\/v2\/posts\/7568\/revisions\/7570"}],"wp:featuredmedia":[{"embeddable":true,"href":"https:\/\/www.asajacyl.com\/soria\/wp-json\/wp\/v2\/media\/7569"}],"wp:attachment":[{"href":"https:\/\/www.asajacyl.com\/soria\/wp-json\/wp\/v2\/media?parent=7568"}],"wp:term":[{"taxonomy":"category","embeddable":true,"href":"https:\/\/www.asajacyl.com\/soria\/wp-json\/wp\/v2\/categories?post=7568"},{"taxonomy":"post_tag","embeddable":true,"href":"https:\/\/www.asajacyl.com\/soria\/wp-json\/wp\/v2\/tags?post=7568"}],"curies":[{"name":"wp","href":"https:\/\/api.w.org\/{rel}","templated":true}]}}