{"id":7571,"date":"2024-01-31T12:05:22","date_gmt":"2024-01-31T11:05:22","guid":{"rendered":"https:\/\/www.asajacyl.com\/soria\/?p=7571"},"modified":"2024-01-31T12:05:24","modified_gmt":"2024-01-31T11:05:24","slug":"articulo-de-opinion-de-la-presidenta-de-asaja-soria-revista-155","status":"publish","type":"post","link":"https:\/\/www.asajacyl.com\/soria\/asaja-soria-informa\/articulo-de-opinion-de-la-presidenta-de-asaja-soria-revista-155","title":{"rendered":"ART\u00cdCULO DE OPINI\u00d3N DE LA PRESIDENTA DE ASAJA SORIA (REVISTA 155)"},"content":{"rendered":"\n\n\n<p>A punto de cerrar 2023 podemos hablar de un a\u00f1o desastroso para el campo. No hace falta dar muchos datos para que sea indiscutible: 850 kilos por hect\u00e1rea de media; los peores rendimientos en tres d\u00e9cadas como m\u00ednimo. Precios de los medios de producci\u00f3n disparados, mientras que nuestras producciones valen un 35 por ciento menos, como es el caso del girasol si lo comparamos con diciembre del a\u00f1o anterior. A eso hay que a\u00f1adir que la campa\u00f1a de 2022 fue tambi\u00e9n muy complicada, as\u00ed que en muchas explotaciones ya no se puede alargar m\u00e1s la partida. Ahora les toca mover ficha a las Administraciones antes de que se rompa el tablero y nos quedemos ya no sin poder jugar sino sin sector primario en Soria. Las desventajas espec\u00edficas del territorio y de las decisiones pol\u00edticas que siempre han dejado fuera de lo urgente, y de lo que es de justicia, a nuestra provincia ocasionan el retraso de nuestro sector primario y eso ya es hora de que cambie. No queda mucho tiempo y la inactividad, pasotismo o discriminaci\u00f3n de las administraciones ser\u00eda un desastre irreparable que nos va a salir muy caro en todos los sentidos a los gobernantes y a los gobernados. Y, si no, al tiempo\u2026<\/p>\n<p>Ante ese panorama, por nuestra parte todos tenemos que echar el resto para en 2024 ponernos a trabajar si cabe con m\u00e1s entusiasmo por el campo, con sentido de la responsabilidad y con valent\u00eda para afrontar los retos m\u00e1s inminentes y reclamar lo que es nuestro, sin perder el esp\u00edritu autocr\u00edtico, pero siempre con el punto de mira colocado en que todas las actuaciones de los que sentimos muy dentro al campo y a ASAJA est\u00e9n marcadas por el compromiso con el sector y con el deseo de desarrollar entre todos un sector primario en el que se pueda vivir, y tenga el reconocimiento que se merece; todo ello a trav\u00e9s de un servicio combativo, razonable y honesto en favor de la agroganader\u00eda de la provincia. Y para empezar por alg\u00fan sitio no est\u00e1 de m\u00e1s consumir y regalar los magn\u00edficos productos sorianos. M\u00e1s all\u00e1 de nuestro conocid\u00edsimo lema: <em>El cordero que no te lo vendan forastero, <\/em>hay infinidad de alimentos de la m\u00e1xima calidad elaborados en Soria que no pueden faltar en estas fechas navide\u00f1as, como el cochinillo, la miel, los pollos de corral, la ternera, los l\u00e1cteos y quesos, los huevos, el cardo rojo, los panes, las cervezas, los pat\u00e9s, los frutos rojos, lechugas, manzanas, fresas, legumbres, chorizos y otros embutidos, torreznos, patatas fritas, mantequilla, vinos y espumosos, dulces y reposter\u00eda de todo tipo, etc\u00e9tera. Alimentos todos ellos que son una excelente opci\u00f3n para las comidas especiales de estas fechas, pero que tambi\u00e9n son por s\u00ed mismos un gran regalo de Reyes o de Pap\u00e1 Noel, y por supuesto para todo el a\u00f1o, porque se trata de algo riqu\u00edsimo, \u00fatil, con totales garant\u00edas de calidad y bien recibido.<\/p>\n<p>Os deseo de todo coraz\u00f3n que pas\u00e9is unas muy felices fiestas, y ya sab\u00e9is que tanto la junta directiva como los servicios t\u00e9cnicos de la organizaci\u00f3n est\u00e1n a vuestra disposici\u00f3n en todo lo que sea impulsar las peque\u00f1as empresas agroganaderas. Los que vivimos, invertimos y trabajamos en el mundo rural somos muy importantes para el futuro de la provincia. Reivindiqu\u00e9moslo con la cabeza bien alta tambi\u00e9n en 2024, como siempre se ha hecho en estas siglas desde sus or\u00edgenes.<\/p>\n","protected":false},"excerpt":{"rendered":"<p>A punto de cerrar 2023 podemos hablar de un a\u00f1o desastroso para el campo. No hace falta dar muchos datos para que sea indiscutible: 850 kilos por hect\u00e1rea de media; los peores rendimientos en tres d\u00e9cadas como m\u00ednimo. Precios de los medios de producci\u00f3n disparados, mientras que nuestras producciones valen un 35 por ciento menos, [&hellip;]<\/p>\n","protected":false},"author":12,"featured_media":7176,"comment_status":"open","ping_status":"open","sticky":false,"template":"","format":"standard","meta":{"footnotes":""},"categories":[10,28],"tags":[],"yoast_head":"<!-- This site is optimized with the Yoast SEO plugin v24.5 - https:\/\/yoast.com\/wordpress\/plugins\/seo\/ -->\n<title>ART\u00cdCULO DE OPINI\u00d3N DE LA PRESIDENTA DE ASAJA SORIA (REVISTA 155) - ASAJA Soria<\/title>\n<meta name=\"description\" content=\"A punto de cerrar 2023 podemos hablar de un a\u00f1o desastroso para el campo. No hace falta dar muchos datos para que sea indiscutible: 850 kilos por hect\u00e1rea\" \/>\n<meta name=\"robots\" content=\"index, follow, max-snippet:-1, max-image-preview:large, max-video-preview:-1\" \/>\n<link rel=\"canonical\" href=\"https:\/\/www.asajacyl.com\/soria\/asaja-soria-informa\/articulo-de-opinion-de-la-presidenta-de-asaja-soria-revista-155\" \/>\n<meta property=\"og:locale\" content=\"es_ES\" \/>\n<meta property=\"og:type\" content=\"article\" \/>\n<meta property=\"og:title\" content=\"ART\u00cdCULO DE OPINI\u00d3N DE LA PRESIDENTA DE ASAJA SORIA (REVISTA 155) - ASAJA Soria\" \/>\n<meta property=\"og:description\" content=\"A punto de cerrar 2023 podemos hablar de un a\u00f1o desastroso para el campo. No hace falta dar muchos datos para que sea indiscutible: 850 kilos por hect\u00e1rea\" \/>\n<meta property=\"og:url\" content=\"https:\/\/www.asajacyl.com\/soria\/asaja-soria-informa\/articulo-de-opinion-de-la-presidenta-de-asaja-soria-revista-155\" \/>\n<meta property=\"og:site_name\" content=\"ASAJA Soria\" \/>\n<meta property=\"article:published_time\" content=\"2024-01-31T11:05:22+00:00\" \/>\n<meta property=\"article:modified_time\" content=\"2024-01-31T11:05:24+00:00\" \/>\n<meta property=\"og:image\" content=\"https:\/\/www.asajacyl.com\/soria\/wp-content\/uploads\/sites\/9\/2023\/08\/Captura-1.jpg\" \/>\n\t<meta property=\"og:image:width\" content=\"506\" \/>\n\t<meta property=\"og:image:height\" content=\"335\" \/>\n\t<meta property=\"og:image:type\" content=\"image\/jpeg\" \/>\n<meta name=\"author\" content=\"Juan Ignacio Prieto Nieto\" \/>\n<meta name=\"twitter:card\" content=\"summary_large_image\" \/>\n<meta name=\"twitter:label1\" content=\"Escrito por\" \/>\n\t<meta name=\"twitter:data1\" content=\"Juan Ignacio Prieto Nieto\" \/>\n\t<meta name=\"twitter:label2\" content=\"Tiempo de lectura\" \/>\n\t<meta name=\"twitter:data2\" content=\"3 minutos\" \/>\n<script type=\"application\/ld+json\" class=\"yoast-schema-graph\">{\"@context\":\"https:\/\/schema.org\",\"@graph\":[{\"@type\":\"WebPage\",\"@id\":\"https:\/\/www.asajacyl.com\/soria\/asaja-soria-informa\/articulo-de-opinion-de-la-presidenta-de-asaja-soria-revista-155\",\"url\":\"https:\/\/www.asajacyl.com\/soria\/asaja-soria-informa\/articulo-de-opinion-de-la-presidenta-de-asaja-soria-revista-155\",\"name\":\"ART\u00cdCULO DE OPINI\u00d3N DE LA PRESIDENTA DE ASAJA SORIA (REVISTA 155) - ASAJA Soria\",\"isPartOf\":{\"@id\":\"https:\/\/www.asajacyl.com\/soria\/#website\"},\"primaryImageOfPage\":{\"@id\":\"https:\/\/www.asajacyl.com\/soria\/asaja-soria-informa\/articulo-de-opinion-de-la-presidenta-de-asaja-soria-revista-155#primaryimage\"},\"image\":{\"@id\":\"https:\/\/www.asajacyl.com\/soria\/asaja-soria-informa\/articulo-de-opinion-de-la-presidenta-de-asaja-soria-revista-155#primaryimage\"},\"thumbnailUrl\":\"https:\/\/www.asajacyl.com\/soria\/wp-content\/uploads\/sites\/9\/2023\/08\/Captura-1.jpg\",\"datePublished\":\"2024-01-31T11:05:22+00:00\",\"dateModified\":\"2024-01-31T11:05:24+00:00\",\"author\":{\"@id\":\"https:\/\/www.asajacyl.com\/soria\/#\/schema\/person\/fd3081c40255119ce8133b87e6aedfab\"},\"description\":\"A punto de cerrar 2023 podemos hablar de un a\u00f1o desastroso para el campo. No hace falta dar muchos datos para que sea indiscutible: 850 kilos por hect\u00e1rea\",\"breadcrumb\":{\"@id\":\"https:\/\/www.asajacyl.com\/soria\/asaja-soria-informa\/articulo-de-opinion-de-la-presidenta-de-asaja-soria-revista-155#breadcrumb\"},\"inLanguage\":\"es\",\"potentialAction\":[{\"@type\":\"ReadAction\",\"target\":[\"https:\/\/www.asajacyl.com\/soria\/asaja-soria-informa\/articulo-de-opinion-de-la-presidenta-de-asaja-soria-revista-155\"]}]},{\"@type\":\"ImageObject\",\"inLanguage\":\"es\",\"@id\":\"https:\/\/www.asajacyl.com\/soria\/asaja-soria-informa\/articulo-de-opinion-de-la-presidenta-de-asaja-soria-revista-155#primaryimage\",\"url\":\"https:\/\/www.asajacyl.com\/soria\/wp-content\/uploads\/sites\/9\/2023\/08\/Captura-1.jpg\",\"contentUrl\":\"https:\/\/www.asajacyl.com\/soria\/wp-content\/uploads\/sites\/9\/2023\/08\/Captura-1.jpg\",\"width\":506,\"height\":335},{\"@type\":\"BreadcrumbList\",\"@id\":\"https:\/\/www.asajacyl.com\/soria\/asaja-soria-informa\/articulo-de-opinion-de-la-presidenta-de-asaja-soria-revista-155#breadcrumb\",\"itemListElement\":[{\"@type\":\"ListItem\",\"position\":1,\"name\":\"Portada\",\"item\":\"https:\/\/www.asajacyl.com\/soria\/\"},{\"@type\":\"ListItem\",\"position\":2,\"name\":\"ART\u00cdCULO DE OPINI\u00d3N DE LA PRESIDENTA DE ASAJA SORIA (REVISTA 155)\"}]},{\"@type\":\"WebSite\",\"@id\":\"https:\/\/www.asajacyl.com\/soria\/#website\",\"url\":\"https:\/\/www.asajacyl.com\/soria\/\",\"name\":\"ASAJA Soria\",\"description\":\"Otro sitio m\u00e1s de Provincias ASAJA Castilla y Le\u00f3n\",\"potentialAction\":[{\"@type\":\"SearchAction\",\"target\":{\"@type\":\"EntryPoint\",\"urlTemplate\":\"https:\/\/www.asajacyl.com\/soria\/?s={search_term_string}\"},\"query-input\":{\"@type\":\"PropertyValueSpecification\",\"valueRequired\":true,\"valueName\":\"search_term_string\"}}],\"inLanguage\":\"es\"},{\"@type\":\"Person\",\"@id\":\"https:\/\/www.asajacyl.com\/soria\/#\/schema\/person\/fd3081c40255119ce8133b87e6aedfab\",\"name\":\"Juan Ignacio Prieto Nieto\",\"image\":{\"@type\":\"ImageObject\",\"inLanguage\":\"es\",\"@id\":\"https:\/\/www.asajacyl.com\/soria\/#\/schema\/person\/image\/\",\"url\":\"https:\/\/secure.gravatar.com\/avatar\/8266b36e4d9001acb4700699a2468dc8?s=96&d=mm&r=g\",\"contentUrl\":\"https:\/\/secure.gravatar.com\/avatar\/8266b36e4d9001acb4700699a2468dc8?s=96&d=mm&r=g\",\"caption\":\"Juan Ignacio Prieto Nieto\"},\"url\":\"https:\/\/www.asajacyl.com\/soria\/author\/juanfranciscoby\"}]}<\/script>\n<!-- \/ Yoast SEO plugin. -->","yoast_head_json":{"title":"ART\u00cdCULO DE OPINI\u00d3N DE LA PRESIDENTA DE ASAJA SORIA (REVISTA 155) - ASAJA Soria","description":"A punto de cerrar 2023 podemos hablar de un a\u00f1o desastroso para el campo. No hace falta dar muchos datos para que sea indiscutible: 850 kilos por hect\u00e1rea","robots":{"index":"index","follow":"follow","max-snippet":"max-snippet:-1","max-image-preview":"max-image-preview:large","max-video-preview":"max-video-preview:-1"},"canonical":"https:\/\/www.asajacyl.com\/soria\/asaja-soria-informa\/articulo-de-opinion-de-la-presidenta-de-asaja-soria-revista-155","og_locale":"es_ES","og_type":"article","og_title":"ART\u00cdCULO DE OPINI\u00d3N DE LA PRESIDENTA DE ASAJA SORIA (REVISTA 155) - ASAJA Soria","og_description":"A punto de cerrar 2023 podemos hablar de un a\u00f1o desastroso para el campo. No hace falta dar muchos datos para que sea indiscutible: 850 kilos por hect\u00e1rea","og_url":"https:\/\/www.asajacyl.com\/soria\/asaja-soria-informa\/articulo-de-opinion-de-la-presidenta-de-asaja-soria-revista-155","og_site_name":"ASAJA Soria","article_published_time":"2024-01-31T11:05:22+00:00","article_modified_time":"2024-01-31T11:05:24+00:00","og_image":[{"width":506,"height":335,"url":"https:\/\/www.asajacyl.com\/soria\/wp-content\/uploads\/sites\/9\/2023\/08\/Captura-1.jpg","type":"image\/jpeg"}],"author":"Juan Ignacio Prieto Nieto","twitter_card":"summary_large_image","twitter_misc":{"Escrito por":"Juan Ignacio Prieto Nieto","Tiempo de lectura":"3 minutos"},"schema":{"@context":"https:\/\/schema.org","@graph":[{"@type":"WebPage","@id":"https:\/\/www.asajacyl.com\/soria\/asaja-soria-informa\/articulo-de-opinion-de-la-presidenta-de-asaja-soria-revista-155","url":"https:\/\/www.asajacyl.com\/soria\/asaja-soria-informa\/articulo-de-opinion-de-la-presidenta-de-asaja-soria-revista-155","name":"ART\u00cdCULO DE OPINI\u00d3N DE LA PRESIDENTA DE ASAJA SORIA (REVISTA 155) - ASAJA Soria","isPartOf":{"@id":"https:\/\/www.asajacyl.com\/soria\/#website"},"primaryImageOfPage":{"@id":"https:\/\/www.asajacyl.com\/soria\/asaja-soria-informa\/articulo-de-opinion-de-la-presidenta-de-asaja-soria-revista-155#primaryimage"},"image":{"@id":"https:\/\/www.asajacyl.com\/soria\/asaja-soria-informa\/articulo-de-opinion-de-la-presidenta-de-asaja-soria-revista-155#primaryimage"},"thumbnailUrl":"https:\/\/www.asajacyl.com\/soria\/wp-content\/uploads\/sites\/9\/2023\/08\/Captura-1.jpg","datePublished":"2024-01-31T11:05:22+00:00","dateModified":"2024-01-31T11:05:24+00:00","author":{"@id":"https:\/\/www.asajacyl.com\/soria\/#\/schema\/person\/fd3081c40255119ce8133b87e6aedfab"},"description":"A punto de cerrar 2023 podemos hablar de un a\u00f1o desastroso para el campo. No hace falta dar muchos datos para que sea indiscutible: 850 kilos por hect\u00e1rea","breadcrumb":{"@id":"https:\/\/www.asajacyl.com\/soria\/asaja-soria-informa\/articulo-de-opinion-de-la-presidenta-de-asaja-soria-revista-155#breadcrumb"},"inLanguage":"es","potentialAction":[{"@type":"ReadAction","target":["https:\/\/www.asajacyl.com\/soria\/asaja-soria-informa\/articulo-de-opinion-de-la-presidenta-de-asaja-soria-revista-155"]}]},{"@type":"ImageObject","inLanguage":"es","@id":"https:\/\/www.asajacyl.com\/soria\/asaja-soria-informa\/articulo-de-opinion-de-la-presidenta-de-asaja-soria-revista-155#primaryimage","url":"https:\/\/www.asajacyl.com\/soria\/wp-content\/uploads\/sites\/9\/2023\/08\/Captura-1.jpg","contentUrl":"https:\/\/www.asajacyl.com\/soria\/wp-content\/uploads\/sites\/9\/2023\/08\/Captura-1.jpg","width":506,"height":335},{"@type":"BreadcrumbList","@id":"https:\/\/www.asajacyl.com\/soria\/asaja-soria-informa\/articulo-de-opinion-de-la-presidenta-de-asaja-soria-revista-155#breadcrumb","itemListElement":[{"@type":"ListItem","position":1,"name":"Portada","item":"https:\/\/www.asajacyl.com\/soria\/"},{"@type":"ListItem","position":2,"name":"ART\u00cdCULO DE OPINI\u00d3N DE LA PRESIDENTA DE ASAJA SORIA (REVISTA 155)"}]},{"@type":"WebSite","@id":"https:\/\/www.asajacyl.com\/soria\/#website","url":"https:\/\/www.asajacyl.com\/soria\/","name":"ASAJA Soria","description":"Otro sitio m\u00e1s de Provincias ASAJA Castilla y Le\u00f3n","potentialAction":[{"@type":"SearchAction","target":{"@type":"EntryPoint","urlTemplate":"https:\/\/www.asajacyl.com\/soria\/?s={search_term_string}"},"query-input":{"@type":"PropertyValueSpecification","valueRequired":true,"valueName":"search_term_string"}}],"inLanguage":"es"},{"@type":"Person","@id":"https:\/\/www.asajacyl.com\/soria\/#\/schema\/person\/fd3081c40255119ce8133b87e6aedfab","name":"Juan Ignacio Prieto Nieto","image":{"@type":"ImageObject","inLanguage":"es","@id":"https:\/\/www.asajacyl.com\/soria\/#\/schema\/person\/image\/","url":"https:\/\/secure.gravatar.com\/avatar\/8266b36e4d9001acb4700699a2468dc8?s=96&d=mm&r=g","contentUrl":"https:\/\/secure.gravatar.com\/avatar\/8266b36e4d9001acb4700699a2468dc8?s=96&d=mm&r=g","caption":"Juan Ignacio Prieto Nieto"},"url":"https:\/\/www.asajacyl.com\/soria\/author\/juanfranciscoby"}]}},"_links":{"self":[{"href":"https:\/\/www.asajacyl.com\/soria\/wp-json\/wp\/v2\/posts\/7571"}],"collection":[{"href":"https:\/\/www.asajacyl.com\/soria\/wp-json\/wp\/v2\/posts"}],"about":[{"href":"https:\/\/www.asajacyl.com\/soria\/wp-json\/wp\/v2\/types\/post"}],"author":[{"embeddable":true,"href":"https:\/\/www.asajacyl.com\/soria\/wp-json\/wp\/v2\/users\/12"}],"replies":[{"embeddable":true,"href":"https:\/\/www.asajacyl.com\/soria\/wp-json\/wp\/v2\/comments?post=7571"}],"version-history":[{"count":1,"href":"https:\/\/www.asajacyl.com\/soria\/wp-json\/wp\/v2\/posts\/7571\/revisions"}],"predecessor-version":[{"id":7572,"href":"https:\/\/www.asajacyl.com\/soria\/wp-json\/wp\/v2\/posts\/7571\/revisions\/7572"}],"wp:featuredmedia":[{"embeddable":true,"href":"https:\/\/www.asajacyl.com\/soria\/wp-json\/wp\/v2\/media\/7176"}],"wp:attachment":[{"href":"https:\/\/www.asajacyl.com\/soria\/wp-json\/wp\/v2\/media?parent=7571"}],"wp:term":[{"taxonomy":"category","embeddable":true,"href":"https:\/\/www.asajacyl.com\/soria\/wp-json\/wp\/v2\/categories?post=7571"},{"taxonomy":"post_tag","embeddable":true,"href":"https:\/\/www.asajacyl.com\/soria\/wp-json\/wp\/v2\/tags?post=7571"}],"curies":[{"name":"wp","href":"https:\/\/api.w.org\/{rel}","templated":true}]}}