{"id":7575,"date":"2024-02-01T19:07:08","date_gmt":"2024-02-01T18:07:08","guid":{"rendered":"https:\/\/www.asajacyl.com\/soria\/?p=7575"},"modified":"2024-02-01T19:29:00","modified_gmt":"2024-02-01T18:29:00","slug":"asaja-bruselas-se-reune-con-la-presidenta-de-la-comision-europea-para-abordar-los-desafios-agricolas","status":"publish","type":"post","link":"https:\/\/www.asajacyl.com\/soria\/asaja-soria-informa\/asaja-bruselas-se-reune-con-la-presidenta-de-la-comision-europea-para-abordar-los-desafios-agricolas","title":{"rendered":"ASAJA se une a la protesta agraria europea en Bruselas"},"content":{"rendered":"\n\n\n\n\n<h2><span style=\"font-weight: inherit;font-style: inherit\" data-contrast=\"auto\">La Asociaci\u00f3n Agraria-J\u00f3venes Agricultores (ASAJA), en su compromiso continuo con la defensa de los intereses del sector agrario, ha participado <\/span><span style=\"font-weight: inherit;font-style: inherit\" data-contrast=\"auto\">en la gran protesta que se llev\u00f3 a cabo en Bruselas, <\/span><span style=\"font-style: inherit\" data-contrast=\"auto\"><span style=\"font-weight: inherit;font-style: inherit\" data-ccp-charstyle=\"normaltextrun\">el jueves 1 de febrero<\/span><span style=\"font-weight: inherit;font-style: inherit\" data-ccp-charstyle=\"normaltextrun\">\u00a0en la plaza de Luxemburgo<\/span><span style=\"font-weight: inherit;font-style: inherit\" data-ccp-charstyle=\"normaltextrun\"> (frente al Parlamento Europeo)<\/span><\/span><span style=\"font-weight: inherit;font-style: inherit\" data-contrast=\"auto\">. Esta acci\u00f3n se enmarca dentro de las movilizaciones que el sector agropecuario europeo est\u00e1 llevando a cabo para denunciar la situaci\u00f3n cr\u00edtica que enfrenta.<\/span><span style=\"font-weight: inherit;font-style: inherit\" data-ccp-props=\"{&quot;134233117&quot;:true,&quot;134233118&quot;:true,&quot;134233279&quot;:true,&quot;201341983&quot;:0,&quot;335551550&quot;:6,&quot;335551620&quot;:6,&quot;335559740&quot;:360}\">\u00a0<\/span><\/h2>\n<p><span style=\"font-weight: inherit;font-style: inherit\" data-contrast=\"auto\">La protesta, convocada entre otras por la F\u00e9d\u00e9ration Wallonne de l&#8217;Agriculture (FWA), miembro del COPA-COGECA, y la F\u00e9d\u00e9ration des Jeunes Agriculteurs (FJA), miembro del CEJA, tambi\u00e9n cont\u00f3 con la participaci\u00f3n de la Confedera\u00e7\u00e3o dos Agricultores de Portugal (CAP). Estas organizaciones se unen en un frente com\u00fan para abordar los retos y presiones a los que se enfrenta el sector, agravados por las crisis clim\u00e1ticas y geopol\u00edticas, as\u00ed como por la carga de la burocracia y las restricciones impuestas por la pol\u00edtica agraria com\u00fan de la Uni\u00f3n Europea.<\/span><span style=\"font-weight: inherit;font-style: inherit\" data-ccp-props=\"{&quot;134233117&quot;:true,&quot;134233118&quot;:true,&quot;134233279&quot;:true,&quot;201341983&quot;:0,&quot;335551550&quot;:6,&quot;335551620&quot;:6,&quot;335559740&quot;:360}\">\u00a0<\/span><\/p>\n<p><span style=\"font-weight: inherit;font-style: inherit\" data-contrast=\"auto\">Las reivindicaciones para la protesta se centran en abordar las incoherencias existentes entre la legislaci\u00f3n de la Uni\u00f3n Europea y los acuerdos internacionales, lo que nos lleva a exigir la implementaci\u00f3n de la &#8216;cl\u00e1usula espejo&#8217;. Adem\u00e1s, se solicita una evaluaci\u00f3n m\u00e1s efectiva de la legislaci\u00f3n de la UE, con especial atenci\u00f3n a las implicaciones del Pacto Verde (Green Deal) y en especial la Estrategia de la Granja a la Mesa, la Ley de la Restauraci\u00f3n de la Naturaleza y de la Directiva de Usos Industriales. Esto es crucial para asegurar que dichas pol\u00edticas no solo sean ambientalmente sostenibles, sino tambi\u00e9n viables para los agricultores y ganaderos. Por \u00faltimo, se reitera la necesidad de garantizar ingresos decentes para los agricultores, esenciales para la sostenibilidad del sector agrario, la seguridad alimentaria y la asequibilidad de los alimentos en Europa. Estos puntos son fundamentales para el futuro del sector agr\u00edcola y deben ser considerados con urgencia por la Comisi\u00f3n Europea.<\/span><span style=\"font-weight: inherit;font-style: inherit\" data-ccp-props=\"{&quot;134233117&quot;:true,&quot;134233118&quot;:true,&quot;134233279&quot;:true,&quot;201341983&quot;:0,&quot;335551550&quot;:6,&quot;335551620&quot;:6,&quot;335559740&quot;:360}\">\u00a0<\/span><\/p>\n<p><span style=\"font-weight: inherit;font-style: inherit\" data-contrast=\"auto\">Con esta movilizaci\u00f3n, ASAJA y sus hom\u00f3logos europeos buscan un reconocimiento m\u00e1s profundo de la importancia estrat\u00e9gica del sector agropecuario europeo, no solo en t\u00e9rminos de suministro de alimentos y energ\u00eda, sino tambi\u00e9n como un pilar crucial en el actual contexto geopol\u00edtico. A pocos meses de elecciones claves para el futuro de Europa, el sector agr\u00edcola demanda acciones concretas que permitan continuar sus actividades con dignidad y menores cargas administrativas.<\/span><span style=\"font-weight: inherit;font-style: inherit\" data-ccp-props=\"{&quot;134233117&quot;:true,&quot;134233118&quot;:true,&quot;134233279&quot;:true,&quot;201341983&quot;:0,&quot;335551550&quot;:6,&quot;335551620&quot;:6,&quot;335559740&quot;:360}\">\u00a0<\/span><\/p>\n<p><span style=\"font-weight: inherit;font-style: inherit\" data-contrast=\"auto\">La agricultura europea, reconocida como el modelo m\u00e1s sostenible del mundo, juega un papel crucial en las cadenas de suministro de alimentos y energ\u00eda, especialmente en el contexto geopol\u00edtico actual. El sector demanda ser reconocido como actor estrat\u00e9gico y espera una reacci\u00f3n del ejecutivo europeo para poder continuar sus actividades en condiciones justas y merecidas, con ingresos dignos y con una verdadera simplificaci\u00f3n.\u00a0<\/span><span style=\"font-weight: inherit;font-style: inherit\" data-ccp-props=\"{&quot;134233117&quot;:false,&quot;134233118&quot;:false,&quot;134233279&quot;:true,&quot;201341983&quot;:0,&quot;335551550&quot;:6,&quot;335551620&quot;:6,&quot;335559738&quot;:0,&quot;335559739&quot;:0,&quot;335559740&quot;:360}\">\u00a0<\/span><\/p>\n<p>\u00a0<\/p>\n<p>\u00a0<\/p>\n","protected":false},"excerpt":{"rendered":"<p>La Asociaci\u00f3n Agraria-J\u00f3venes Agricultores (ASAJA), en su compromiso continuo con la defensa de los intereses del sector agrario, ha participado en la gran protesta que se llev\u00f3 a cabo en Bruselas, el jueves 1 de febrero\u00a0en la plaza de Luxemburgo (frente al Parlamento Europeo). Esta acci\u00f3n se enmarca dentro de las movilizaciones que el sector [&hellip;]<\/p>\n","protected":false},"author":12,"featured_media":7576,"comment_status":"open","ping_status":"open","sticky":false,"template":"","format":"standard","meta":{"footnotes":""},"categories":[10,25],"tags":[],"yoast_head":"<!-- This site is optimized with the Yoast SEO plugin v24.5 - https:\/\/yoast.com\/wordpress\/plugins\/seo\/ -->\n<title>ASAJA se une a la protesta agraria europea en Bruselas - ASAJA Soria<\/title>\n<meta name=\"description\" content=\"La Asociaci\u00f3n Agraria-J\u00f3venes Agricultores (ASAJA), en su compromiso continuo con la defensa de los intereses del sector agrario, ha participado en la\" \/>\n<meta name=\"robots\" content=\"index, follow, max-snippet:-1, max-image-preview:large, max-video-preview:-1\" \/>\n<link rel=\"canonical\" href=\"https:\/\/www.asajacyl.com\/soria\/asaja-soria-informa\/asaja-bruselas-se-reune-con-la-presidenta-de-la-comision-europea-para-abordar-los-desafios-agricolas\" \/>\n<meta property=\"og:locale\" content=\"es_ES\" \/>\n<meta property=\"og:type\" content=\"article\" \/>\n<meta property=\"og:title\" content=\"ASAJA se une a la protesta agraria europea en Bruselas - ASAJA Soria\" \/>\n<meta property=\"og:description\" content=\"La Asociaci\u00f3n Agraria-J\u00f3venes Agricultores (ASAJA), en su compromiso continuo con la defensa de los intereses del sector agrario, ha participado en la\" \/>\n<meta property=\"og:url\" content=\"https:\/\/www.asajacyl.com\/soria\/asaja-soria-informa\/asaja-bruselas-se-reune-con-la-presidenta-de-la-comision-europea-para-abordar-los-desafios-agricolas\" \/>\n<meta property=\"og:site_name\" content=\"ASAJA Soria\" \/>\n<meta property=\"article:published_time\" content=\"2024-02-01T18:07:08+00:00\" \/>\n<meta property=\"article:modified_time\" content=\"2024-02-01T18:29:00+00:00\" \/>\n<meta property=\"og:image\" content=\"https:\/\/www.asajacyl.com\/soria\/wp-content\/uploads\/sites\/9\/2024\/02\/Captura-de-pantalla-2024-02-01-190613.jpg\" \/>\n\t<meta property=\"og:image:width\" content=\"607\" \/>\n\t<meta property=\"og:image:height\" content=\"347\" \/>\n\t<meta property=\"og:image:type\" content=\"image\/jpeg\" \/>\n<meta name=\"author\" content=\"Juan Ignacio Prieto Nieto\" \/>\n<meta name=\"twitter:card\" content=\"summary_large_image\" \/>\n<meta name=\"twitter:label1\" content=\"Escrito por\" \/>\n\t<meta name=\"twitter:data1\" content=\"Juan Ignacio Prieto Nieto\" \/>\n\t<meta name=\"twitter:label2\" content=\"Tiempo de lectura\" \/>\n\t<meta name=\"twitter:data2\" content=\"3 minutos\" \/>\n<script type=\"application\/ld+json\" class=\"yoast-schema-graph\">{\"@context\":\"https:\/\/schema.org\",\"@graph\":[{\"@type\":\"WebPage\",\"@id\":\"https:\/\/www.asajacyl.com\/soria\/asaja-soria-informa\/asaja-bruselas-se-reune-con-la-presidenta-de-la-comision-europea-para-abordar-los-desafios-agricolas\",\"url\":\"https:\/\/www.asajacyl.com\/soria\/asaja-soria-informa\/asaja-bruselas-se-reune-con-la-presidenta-de-la-comision-europea-para-abordar-los-desafios-agricolas\",\"name\":\"ASAJA se une a la protesta agraria europea en Bruselas - ASAJA Soria\",\"isPartOf\":{\"@id\":\"https:\/\/www.asajacyl.com\/soria\/#website\"},\"primaryImageOfPage\":{\"@id\":\"https:\/\/www.asajacyl.com\/soria\/asaja-soria-informa\/asaja-bruselas-se-reune-con-la-presidenta-de-la-comision-europea-para-abordar-los-desafios-agricolas#primaryimage\"},\"image\":{\"@id\":\"https:\/\/www.asajacyl.com\/soria\/asaja-soria-informa\/asaja-bruselas-se-reune-con-la-presidenta-de-la-comision-europea-para-abordar-los-desafios-agricolas#primaryimage\"},\"thumbnailUrl\":\"https:\/\/www.asajacyl.com\/soria\/wp-content\/uploads\/sites\/9\/2024\/02\/Captura-de-pantalla-2024-02-01-190613.jpg\",\"datePublished\":\"2024-02-01T18:07:08+00:00\",\"dateModified\":\"2024-02-01T18:29:00+00:00\",\"author\":{\"@id\":\"https:\/\/www.asajacyl.com\/soria\/#\/schema\/person\/fd3081c40255119ce8133b87e6aedfab\"},\"description\":\"La Asociaci\u00f3n Agraria-J\u00f3venes Agricultores (ASAJA), en su compromiso continuo con la defensa de los intereses del sector agrario, ha participado en la\",\"breadcrumb\":{\"@id\":\"https:\/\/www.asajacyl.com\/soria\/asaja-soria-informa\/asaja-bruselas-se-reune-con-la-presidenta-de-la-comision-europea-para-abordar-los-desafios-agricolas#breadcrumb\"},\"inLanguage\":\"es\",\"potentialAction\":[{\"@type\":\"ReadAction\",\"target\":[\"https:\/\/www.asajacyl.com\/soria\/asaja-soria-informa\/asaja-bruselas-se-reune-con-la-presidenta-de-la-comision-europea-para-abordar-los-desafios-agricolas\"]}]},{\"@type\":\"ImageObject\",\"inLanguage\":\"es\",\"@id\":\"https:\/\/www.asajacyl.com\/soria\/asaja-soria-informa\/asaja-bruselas-se-reune-con-la-presidenta-de-la-comision-europea-para-abordar-los-desafios-agricolas#primaryimage\",\"url\":\"https:\/\/www.asajacyl.com\/soria\/wp-content\/uploads\/sites\/9\/2024\/02\/Captura-de-pantalla-2024-02-01-190613.jpg\",\"contentUrl\":\"https:\/\/www.asajacyl.com\/soria\/wp-content\/uploads\/sites\/9\/2024\/02\/Captura-de-pantalla-2024-02-01-190613.jpg\",\"width\":607,\"height\":347},{\"@type\":\"BreadcrumbList\",\"@id\":\"https:\/\/www.asajacyl.com\/soria\/asaja-soria-informa\/asaja-bruselas-se-reune-con-la-presidenta-de-la-comision-europea-para-abordar-los-desafios-agricolas#breadcrumb\",\"itemListElement\":[{\"@type\":\"ListItem\",\"position\":1,\"name\":\"Portada\",\"item\":\"https:\/\/www.asajacyl.com\/soria\/\"},{\"@type\":\"ListItem\",\"position\":2,\"name\":\"ASAJA se une a la protesta agraria europea en Bruselas\"}]},{\"@type\":\"WebSite\",\"@id\":\"https:\/\/www.asajacyl.com\/soria\/#website\",\"url\":\"https:\/\/www.asajacyl.com\/soria\/\",\"name\":\"ASAJA Soria\",\"description\":\"Otro sitio m\u00e1s de Provincias ASAJA Castilla y Le\u00f3n\",\"potentialAction\":[{\"@type\":\"SearchAction\",\"target\":{\"@type\":\"EntryPoint\",\"urlTemplate\":\"https:\/\/www.asajacyl.com\/soria\/?s={search_term_string}\"},\"query-input\":{\"@type\":\"PropertyValueSpecification\",\"valueRequired\":true,\"valueName\":\"search_term_string\"}}],\"inLanguage\":\"es\"},{\"@type\":\"Person\",\"@id\":\"https:\/\/www.asajacyl.com\/soria\/#\/schema\/person\/fd3081c40255119ce8133b87e6aedfab\",\"name\":\"Juan Ignacio Prieto Nieto\",\"image\":{\"@type\":\"ImageObject\",\"inLanguage\":\"es\",\"@id\":\"https:\/\/www.asajacyl.com\/soria\/#\/schema\/person\/image\/\",\"url\":\"https:\/\/secure.gravatar.com\/avatar\/8266b36e4d9001acb4700699a2468dc8?s=96&d=mm&r=g\",\"contentUrl\":\"https:\/\/secure.gravatar.com\/avatar\/8266b36e4d9001acb4700699a2468dc8?s=96&d=mm&r=g\",\"caption\":\"Juan Ignacio Prieto Nieto\"},\"url\":\"https:\/\/www.asajacyl.com\/soria\/author\/juanfranciscoby\"}]}<\/script>\n<!-- \/ Yoast SEO plugin. -->","yoast_head_json":{"title":"ASAJA se une a la protesta agraria europea en Bruselas - ASAJA Soria","description":"La Asociaci\u00f3n Agraria-J\u00f3venes Agricultores (ASAJA), en su compromiso continuo con la defensa de los intereses del sector agrario, ha participado en la","robots":{"index":"index","follow":"follow","max-snippet":"max-snippet:-1","max-image-preview":"max-image-preview:large","max-video-preview":"max-video-preview:-1"},"canonical":"https:\/\/www.asajacyl.com\/soria\/asaja-soria-informa\/asaja-bruselas-se-reune-con-la-presidenta-de-la-comision-europea-para-abordar-los-desafios-agricolas","og_locale":"es_ES","og_type":"article","og_title":"ASAJA se une a la protesta agraria europea en Bruselas - ASAJA Soria","og_description":"La Asociaci\u00f3n Agraria-J\u00f3venes Agricultores (ASAJA), en su compromiso continuo con la defensa de los intereses del sector agrario, ha participado en la","og_url":"https:\/\/www.asajacyl.com\/soria\/asaja-soria-informa\/asaja-bruselas-se-reune-con-la-presidenta-de-la-comision-europea-para-abordar-los-desafios-agricolas","og_site_name":"ASAJA Soria","article_published_time":"2024-02-01T18:07:08+00:00","article_modified_time":"2024-02-01T18:29:00+00:00","og_image":[{"width":607,"height":347,"url":"https:\/\/www.asajacyl.com\/soria\/wp-content\/uploads\/sites\/9\/2024\/02\/Captura-de-pantalla-2024-02-01-190613.jpg","type":"image\/jpeg"}],"author":"Juan Ignacio Prieto Nieto","twitter_card":"summary_large_image","twitter_misc":{"Escrito por":"Juan Ignacio Prieto Nieto","Tiempo de lectura":"3 minutos"},"schema":{"@context":"https:\/\/schema.org","@graph":[{"@type":"WebPage","@id":"https:\/\/www.asajacyl.com\/soria\/asaja-soria-informa\/asaja-bruselas-se-reune-con-la-presidenta-de-la-comision-europea-para-abordar-los-desafios-agricolas","url":"https:\/\/www.asajacyl.com\/soria\/asaja-soria-informa\/asaja-bruselas-se-reune-con-la-presidenta-de-la-comision-europea-para-abordar-los-desafios-agricolas","name":"ASAJA se une a la protesta agraria europea en Bruselas - ASAJA Soria","isPartOf":{"@id":"https:\/\/www.asajacyl.com\/soria\/#website"},"primaryImageOfPage":{"@id":"https:\/\/www.asajacyl.com\/soria\/asaja-soria-informa\/asaja-bruselas-se-reune-con-la-presidenta-de-la-comision-europea-para-abordar-los-desafios-agricolas#primaryimage"},"image":{"@id":"https:\/\/www.asajacyl.com\/soria\/asaja-soria-informa\/asaja-bruselas-se-reune-con-la-presidenta-de-la-comision-europea-para-abordar-los-desafios-agricolas#primaryimage"},"thumbnailUrl":"https:\/\/www.asajacyl.com\/soria\/wp-content\/uploads\/sites\/9\/2024\/02\/Captura-de-pantalla-2024-02-01-190613.jpg","datePublished":"2024-02-01T18:07:08+00:00","dateModified":"2024-02-01T18:29:00+00:00","author":{"@id":"https:\/\/www.asajacyl.com\/soria\/#\/schema\/person\/fd3081c40255119ce8133b87e6aedfab"},"description":"La Asociaci\u00f3n Agraria-J\u00f3venes Agricultores (ASAJA), en su compromiso continuo con la defensa de los intereses del sector agrario, ha participado en la","breadcrumb":{"@id":"https:\/\/www.asajacyl.com\/soria\/asaja-soria-informa\/asaja-bruselas-se-reune-con-la-presidenta-de-la-comision-europea-para-abordar-los-desafios-agricolas#breadcrumb"},"inLanguage":"es","potentialAction":[{"@type":"ReadAction","target":["https:\/\/www.asajacyl.com\/soria\/asaja-soria-informa\/asaja-bruselas-se-reune-con-la-presidenta-de-la-comision-europea-para-abordar-los-desafios-agricolas"]}]},{"@type":"ImageObject","inLanguage":"es","@id":"https:\/\/www.asajacyl.com\/soria\/asaja-soria-informa\/asaja-bruselas-se-reune-con-la-presidenta-de-la-comision-europea-para-abordar-los-desafios-agricolas#primaryimage","url":"https:\/\/www.asajacyl.com\/soria\/wp-content\/uploads\/sites\/9\/2024\/02\/Captura-de-pantalla-2024-02-01-190613.jpg","contentUrl":"https:\/\/www.asajacyl.com\/soria\/wp-content\/uploads\/sites\/9\/2024\/02\/Captura-de-pantalla-2024-02-01-190613.jpg","width":607,"height":347},{"@type":"BreadcrumbList","@id":"https:\/\/www.asajacyl.com\/soria\/asaja-soria-informa\/asaja-bruselas-se-reune-con-la-presidenta-de-la-comision-europea-para-abordar-los-desafios-agricolas#breadcrumb","itemListElement":[{"@type":"ListItem","position":1,"name":"Portada","item":"https:\/\/www.asajacyl.com\/soria\/"},{"@type":"ListItem","position":2,"name":"ASAJA se une a la protesta agraria europea en Bruselas"}]},{"@type":"WebSite","@id":"https:\/\/www.asajacyl.com\/soria\/#website","url":"https:\/\/www.asajacyl.com\/soria\/","name":"ASAJA Soria","description":"Otro sitio m\u00e1s de Provincias ASAJA Castilla y Le\u00f3n","potentialAction":[{"@type":"SearchAction","target":{"@type":"EntryPoint","urlTemplate":"https:\/\/www.asajacyl.com\/soria\/?s={search_term_string}"},"query-input":{"@type":"PropertyValueSpecification","valueRequired":true,"valueName":"search_term_string"}}],"inLanguage":"es"},{"@type":"Person","@id":"https:\/\/www.asajacyl.com\/soria\/#\/schema\/person\/fd3081c40255119ce8133b87e6aedfab","name":"Juan Ignacio Prieto Nieto","image":{"@type":"ImageObject","inLanguage":"es","@id":"https:\/\/www.asajacyl.com\/soria\/#\/schema\/person\/image\/","url":"https:\/\/secure.gravatar.com\/avatar\/8266b36e4d9001acb4700699a2468dc8?s=96&d=mm&r=g","contentUrl":"https:\/\/secure.gravatar.com\/avatar\/8266b36e4d9001acb4700699a2468dc8?s=96&d=mm&r=g","caption":"Juan Ignacio Prieto Nieto"},"url":"https:\/\/www.asajacyl.com\/soria\/author\/juanfranciscoby"}]}},"_links":{"self":[{"href":"https:\/\/www.asajacyl.com\/soria\/wp-json\/wp\/v2\/posts\/7575"}],"collection":[{"href":"https:\/\/www.asajacyl.com\/soria\/wp-json\/wp\/v2\/posts"}],"about":[{"href":"https:\/\/www.asajacyl.com\/soria\/wp-json\/wp\/v2\/types\/post"}],"author":[{"embeddable":true,"href":"https:\/\/www.asajacyl.com\/soria\/wp-json\/wp\/v2\/users\/12"}],"replies":[{"embeddable":true,"href":"https:\/\/www.asajacyl.com\/soria\/wp-json\/wp\/v2\/comments?post=7575"}],"version-history":[{"count":4,"href":"https:\/\/www.asajacyl.com\/soria\/wp-json\/wp\/v2\/posts\/7575\/revisions"}],"predecessor-version":[{"id":7583,"href":"https:\/\/www.asajacyl.com\/soria\/wp-json\/wp\/v2\/posts\/7575\/revisions\/7583"}],"wp:featuredmedia":[{"embeddable":true,"href":"https:\/\/www.asajacyl.com\/soria\/wp-json\/wp\/v2\/media\/7576"}],"wp:attachment":[{"href":"https:\/\/www.asajacyl.com\/soria\/wp-json\/wp\/v2\/media?parent=7575"}],"wp:term":[{"taxonomy":"category","embeddable":true,"href":"https:\/\/www.asajacyl.com\/soria\/wp-json\/wp\/v2\/categories?post=7575"},{"taxonomy":"post_tag","embeddable":true,"href":"https:\/\/www.asajacyl.com\/soria\/wp-json\/wp\/v2\/tags?post=7575"}],"curies":[{"name":"wp","href":"https:\/\/api.w.org\/{rel}","templated":true}]}}