{"id":7602,"date":"2024-02-12T18:51:11","date_gmt":"2024-02-12T17:51:11","guid":{"rendered":"https:\/\/www.asajacyl.com\/soria\/?p=7602"},"modified":"2024-02-13T17:30:30","modified_gmt":"2024-02-13T16:30:30","slug":"las-opas-mantienen-la-convocatoria-del-dia-14","status":"publish","type":"post","link":"https:\/\/www.asajacyl.com\/soria\/asaja-soria-informa\/las-opas-mantienen-la-convocatoria-del-dia-14","title":{"rendered":"Las organizaciones profesionales agrarias sorianas mantienen la convocatoria del d\u00eda 14"},"content":{"rendered":"\n\n\n<p><em>Sin embargo, las faltas de respeto dinamitan el acuerdo con la plataforma 6f<\/em><\/p>\n\n\n\n<p>A pesar de todas las muestras de respeto ofrecidas desde las organizaciones profesionales agrarias, como ha sido la no convocatoria del acto del d\u00eda 14 hasta despu\u00e9s de bien pasado el d\u00eda 6 de febrero, peticiones p\u00fablicas de respeto para todos los tractoristas que han participado en las protestas, e incluso la desconvocatoria del acto del 14 en aras de no interferir en la continuidad de las protestas espont\u00e1neas, y que ha culminado incluso con la participaci\u00f3n de la presidenta y del secretario general de ASAJA en la manifestaci\u00f3n de hoy, un grupo de la plataforma ha abordado, al mediod\u00eda, las oficinas de ASAJA, incomodando a los trabajadores y a algunos miembros de la organizaci\u00f3n que se encontraban en las oficinas, a los que se les ha entregado unas gambas.<\/p>\n<p>En la reuni\u00f3n mantenida con algunos dirigentes de la plataforma, pocas horas despu\u00e9s, y ante la negativa de reprobar este comportamiento a lo que se ha a\u00f1adido alguna falta m\u00e1s de respeto, las organizaciones han comprobado la imposibilidad de llegar a acuerdos para participar conjuntamente en los actos reivindicativos.<\/p>\n<p>Esta situaci\u00f3n provoca que la plataforma vaya a funcionar a su aire y las opas decidan mantener el calendario de protestas con la primera actuaci\u00f3n del d\u00eda 14.<\/p>\n<p>ASAJA recuerda que todas las muestras de actos de respeto que se han ido mencionando se han realizado siendo conscientes de que desde el principio esta plataforma manifest\u00f3 p\u00fablicamente que no participaran las opas en sus actos de protesta, cosa que hemos respetado y seguiremos respetando.<\/p>\n<p>ASAJA, COAG y UPA animan a una respuesta un\u00e1nime de todo el sector, agricultores y ganaderos, apoyando la concentraci\u00f3n en el Caballo Blanco, desde las 10:00 hasta las 13:00 para despu\u00e9s acudir a la Subdelegaci\u00f3n y a la Junta a entregar la mayor\u00eda de reivindicaciones compartidas por todo el sector.<\/p>\n<p>\u00a0<\/p>\n<p>\u00a0<\/p>\n<p><strong>\u00a0<\/strong><\/p>\n<p>\u00a0<\/p>\n","protected":false},"excerpt":{"rendered":"<p>Sin embargo, las faltas de respeto dinamitan el acuerdo con la plataforma 6f A pesar de todas las muestras de respeto ofrecidas desde las organizaciones profesionales agrarias, como ha sido la no convocatoria del acto del d\u00eda 14 hasta despu\u00e9s de bien pasado el d\u00eda 6 de febrero, peticiones p\u00fablicas de respeto para todos los [&hellip;]<\/p>\n","protected":false},"author":12,"featured_media":7178,"comment_status":"open","ping_status":"open","sticky":false,"template":"","format":"standard","meta":{"footnotes":""},"categories":[10,25],"tags":[],"yoast_head":"<!-- This site is optimized with the Yoast SEO plugin v24.5 - https:\/\/yoast.com\/wordpress\/plugins\/seo\/ -->\n<title>Las organizaciones profesionales agrarias sorianas mantienen la convocatoria del d\u00eda 14 - ASAJA Soria<\/title>\n<meta name=\"description\" content=\"Sin embargo, las faltas de respeto dinamitan el acuerdo con la plataforma 6f A pesar de todas las muestras de respeto ofrecidas desde las organizaciones\" \/>\n<meta name=\"robots\" content=\"index, follow, max-snippet:-1, max-image-preview:large, max-video-preview:-1\" \/>\n<link rel=\"canonical\" href=\"https:\/\/www.asajacyl.com\/soria\/asaja-soria-informa\/las-opas-mantienen-la-convocatoria-del-dia-14\" \/>\n<meta property=\"og:locale\" content=\"es_ES\" \/>\n<meta property=\"og:type\" content=\"article\" \/>\n<meta property=\"og:title\" content=\"Las organizaciones profesionales agrarias sorianas mantienen la convocatoria del d\u00eda 14 - ASAJA Soria\" \/>\n<meta property=\"og:description\" content=\"Sin embargo, las faltas de respeto dinamitan el acuerdo con la plataforma 6f A pesar de todas las muestras de respeto ofrecidas desde las organizaciones\" \/>\n<meta property=\"og:url\" content=\"https:\/\/www.asajacyl.com\/soria\/asaja-soria-informa\/las-opas-mantienen-la-convocatoria-del-dia-14\" \/>\n<meta property=\"og:site_name\" content=\"ASAJA Soria\" \/>\n<meta property=\"article:published_time\" content=\"2024-02-12T17:51:11+00:00\" \/>\n<meta property=\"article:modified_time\" content=\"2024-02-13T16:30:30+00:00\" \/>\n<meta property=\"og:image\" content=\"https:\/\/www.asajacyl.com\/soria\/wp-content\/uploads\/sites\/9\/2023\/08\/Captura-1-1.jpg\" \/>\n\t<meta property=\"og:image:width\" content=\"506\" \/>\n\t<meta property=\"og:image:height\" content=\"235\" \/>\n\t<meta property=\"og:image:type\" content=\"image\/jpeg\" \/>\n<meta name=\"author\" content=\"Juan Ignacio Prieto Nieto\" \/>\n<meta name=\"twitter:card\" content=\"summary_large_image\" \/>\n<meta name=\"twitter:label1\" content=\"Escrito por\" \/>\n\t<meta name=\"twitter:data1\" content=\"Juan Ignacio Prieto Nieto\" \/>\n\t<meta name=\"twitter:label2\" content=\"Tiempo de lectura\" \/>\n\t<meta name=\"twitter:data2\" content=\"2 minutos\" \/>\n<script type=\"application\/ld+json\" class=\"yoast-schema-graph\">{\"@context\":\"https:\/\/schema.org\",\"@graph\":[{\"@type\":\"WebPage\",\"@id\":\"https:\/\/www.asajacyl.com\/soria\/asaja-soria-informa\/las-opas-mantienen-la-convocatoria-del-dia-14\",\"url\":\"https:\/\/www.asajacyl.com\/soria\/asaja-soria-informa\/las-opas-mantienen-la-convocatoria-del-dia-14\",\"name\":\"Las organizaciones profesionales agrarias sorianas mantienen la convocatoria del d\u00eda 14 - ASAJA Soria\",\"isPartOf\":{\"@id\":\"https:\/\/www.asajacyl.com\/soria\/#website\"},\"primaryImageOfPage\":{\"@id\":\"https:\/\/www.asajacyl.com\/soria\/asaja-soria-informa\/las-opas-mantienen-la-convocatoria-del-dia-14#primaryimage\"},\"image\":{\"@id\":\"https:\/\/www.asajacyl.com\/soria\/asaja-soria-informa\/las-opas-mantienen-la-convocatoria-del-dia-14#primaryimage\"},\"thumbnailUrl\":\"https:\/\/www.asajacyl.com\/soria\/wp-content\/uploads\/sites\/9\/2023\/08\/Captura-1-1.jpg\",\"datePublished\":\"2024-02-12T17:51:11+00:00\",\"dateModified\":\"2024-02-13T16:30:30+00:00\",\"author\":{\"@id\":\"https:\/\/www.asajacyl.com\/soria\/#\/schema\/person\/fd3081c40255119ce8133b87e6aedfab\"},\"description\":\"Sin embargo, las faltas de respeto dinamitan el acuerdo con la plataforma 6f A pesar de todas las muestras de respeto ofrecidas desde las organizaciones\",\"breadcrumb\":{\"@id\":\"https:\/\/www.asajacyl.com\/soria\/asaja-soria-informa\/las-opas-mantienen-la-convocatoria-del-dia-14#breadcrumb\"},\"inLanguage\":\"es\",\"potentialAction\":[{\"@type\":\"ReadAction\",\"target\":[\"https:\/\/www.asajacyl.com\/soria\/asaja-soria-informa\/las-opas-mantienen-la-convocatoria-del-dia-14\"]}]},{\"@type\":\"ImageObject\",\"inLanguage\":\"es\",\"@id\":\"https:\/\/www.asajacyl.com\/soria\/asaja-soria-informa\/las-opas-mantienen-la-convocatoria-del-dia-14#primaryimage\",\"url\":\"https:\/\/www.asajacyl.com\/soria\/wp-content\/uploads\/sites\/9\/2023\/08\/Captura-1-1.jpg\",\"contentUrl\":\"https:\/\/www.asajacyl.com\/soria\/wp-content\/uploads\/sites\/9\/2023\/08\/Captura-1-1.jpg\",\"width\":506,\"height\":235},{\"@type\":\"BreadcrumbList\",\"@id\":\"https:\/\/www.asajacyl.com\/soria\/asaja-soria-informa\/las-opas-mantienen-la-convocatoria-del-dia-14#breadcrumb\",\"itemListElement\":[{\"@type\":\"ListItem\",\"position\":1,\"name\":\"Portada\",\"item\":\"https:\/\/www.asajacyl.com\/soria\/\"},{\"@type\":\"ListItem\",\"position\":2,\"name\":\"Las organizaciones profesionales agrarias sorianas mantienen la convocatoria del d\u00eda 14\"}]},{\"@type\":\"WebSite\",\"@id\":\"https:\/\/www.asajacyl.com\/soria\/#website\",\"url\":\"https:\/\/www.asajacyl.com\/soria\/\",\"name\":\"ASAJA Soria\",\"description\":\"Otro sitio m\u00e1s de Provincias ASAJA Castilla y Le\u00f3n\",\"potentialAction\":[{\"@type\":\"SearchAction\",\"target\":{\"@type\":\"EntryPoint\",\"urlTemplate\":\"https:\/\/www.asajacyl.com\/soria\/?s={search_term_string}\"},\"query-input\":{\"@type\":\"PropertyValueSpecification\",\"valueRequired\":true,\"valueName\":\"search_term_string\"}}],\"inLanguage\":\"es\"},{\"@type\":\"Person\",\"@id\":\"https:\/\/www.asajacyl.com\/soria\/#\/schema\/person\/fd3081c40255119ce8133b87e6aedfab\",\"name\":\"Juan Ignacio Prieto Nieto\",\"image\":{\"@type\":\"ImageObject\",\"inLanguage\":\"es\",\"@id\":\"https:\/\/www.asajacyl.com\/soria\/#\/schema\/person\/image\/\",\"url\":\"https:\/\/secure.gravatar.com\/avatar\/8266b36e4d9001acb4700699a2468dc8?s=96&d=mm&r=g\",\"contentUrl\":\"https:\/\/secure.gravatar.com\/avatar\/8266b36e4d9001acb4700699a2468dc8?s=96&d=mm&r=g\",\"caption\":\"Juan Ignacio Prieto Nieto\"},\"url\":\"https:\/\/www.asajacyl.com\/soria\/author\/juanfranciscoby\"}]}<\/script>\n<!-- \/ Yoast SEO plugin. -->","yoast_head_json":{"title":"Las organizaciones profesionales agrarias sorianas mantienen la convocatoria del d\u00eda 14 - ASAJA Soria","description":"Sin embargo, las faltas de respeto dinamitan el acuerdo con la plataforma 6f A pesar de todas las muestras de respeto ofrecidas desde las organizaciones","robots":{"index":"index","follow":"follow","max-snippet":"max-snippet:-1","max-image-preview":"max-image-preview:large","max-video-preview":"max-video-preview:-1"},"canonical":"https:\/\/www.asajacyl.com\/soria\/asaja-soria-informa\/las-opas-mantienen-la-convocatoria-del-dia-14","og_locale":"es_ES","og_type":"article","og_title":"Las organizaciones profesionales agrarias sorianas mantienen la convocatoria del d\u00eda 14 - ASAJA Soria","og_description":"Sin embargo, las faltas de respeto dinamitan el acuerdo con la plataforma 6f A pesar de todas las muestras de respeto ofrecidas desde las organizaciones","og_url":"https:\/\/www.asajacyl.com\/soria\/asaja-soria-informa\/las-opas-mantienen-la-convocatoria-del-dia-14","og_site_name":"ASAJA Soria","article_published_time":"2024-02-12T17:51:11+00:00","article_modified_time":"2024-02-13T16:30:30+00:00","og_image":[{"width":506,"height":235,"url":"https:\/\/www.asajacyl.com\/soria\/wp-content\/uploads\/sites\/9\/2023\/08\/Captura-1-1.jpg","type":"image\/jpeg"}],"author":"Juan Ignacio Prieto Nieto","twitter_card":"summary_large_image","twitter_misc":{"Escrito por":"Juan Ignacio Prieto Nieto","Tiempo de lectura":"2 minutos"},"schema":{"@context":"https:\/\/schema.org","@graph":[{"@type":"WebPage","@id":"https:\/\/www.asajacyl.com\/soria\/asaja-soria-informa\/las-opas-mantienen-la-convocatoria-del-dia-14","url":"https:\/\/www.asajacyl.com\/soria\/asaja-soria-informa\/las-opas-mantienen-la-convocatoria-del-dia-14","name":"Las organizaciones profesionales agrarias sorianas mantienen la convocatoria del d\u00eda 14 - ASAJA Soria","isPartOf":{"@id":"https:\/\/www.asajacyl.com\/soria\/#website"},"primaryImageOfPage":{"@id":"https:\/\/www.asajacyl.com\/soria\/asaja-soria-informa\/las-opas-mantienen-la-convocatoria-del-dia-14#primaryimage"},"image":{"@id":"https:\/\/www.asajacyl.com\/soria\/asaja-soria-informa\/las-opas-mantienen-la-convocatoria-del-dia-14#primaryimage"},"thumbnailUrl":"https:\/\/www.asajacyl.com\/soria\/wp-content\/uploads\/sites\/9\/2023\/08\/Captura-1-1.jpg","datePublished":"2024-02-12T17:51:11+00:00","dateModified":"2024-02-13T16:30:30+00:00","author":{"@id":"https:\/\/www.asajacyl.com\/soria\/#\/schema\/person\/fd3081c40255119ce8133b87e6aedfab"},"description":"Sin embargo, las faltas de respeto dinamitan el acuerdo con la plataforma 6f A pesar de todas las muestras de respeto ofrecidas desde las organizaciones","breadcrumb":{"@id":"https:\/\/www.asajacyl.com\/soria\/asaja-soria-informa\/las-opas-mantienen-la-convocatoria-del-dia-14#breadcrumb"},"inLanguage":"es","potentialAction":[{"@type":"ReadAction","target":["https:\/\/www.asajacyl.com\/soria\/asaja-soria-informa\/las-opas-mantienen-la-convocatoria-del-dia-14"]}]},{"@type":"ImageObject","inLanguage":"es","@id":"https:\/\/www.asajacyl.com\/soria\/asaja-soria-informa\/las-opas-mantienen-la-convocatoria-del-dia-14#primaryimage","url":"https:\/\/www.asajacyl.com\/soria\/wp-content\/uploads\/sites\/9\/2023\/08\/Captura-1-1.jpg","contentUrl":"https:\/\/www.asajacyl.com\/soria\/wp-content\/uploads\/sites\/9\/2023\/08\/Captura-1-1.jpg","width":506,"height":235},{"@type":"BreadcrumbList","@id":"https:\/\/www.asajacyl.com\/soria\/asaja-soria-informa\/las-opas-mantienen-la-convocatoria-del-dia-14#breadcrumb","itemListElement":[{"@type":"ListItem","position":1,"name":"Portada","item":"https:\/\/www.asajacyl.com\/soria\/"},{"@type":"ListItem","position":2,"name":"Las organizaciones profesionales agrarias sorianas mantienen la convocatoria del d\u00eda 14"}]},{"@type":"WebSite","@id":"https:\/\/www.asajacyl.com\/soria\/#website","url":"https:\/\/www.asajacyl.com\/soria\/","name":"ASAJA Soria","description":"Otro sitio m\u00e1s de Provincias ASAJA Castilla y Le\u00f3n","potentialAction":[{"@type":"SearchAction","target":{"@type":"EntryPoint","urlTemplate":"https:\/\/www.asajacyl.com\/soria\/?s={search_term_string}"},"query-input":{"@type":"PropertyValueSpecification","valueRequired":true,"valueName":"search_term_string"}}],"inLanguage":"es"},{"@type":"Person","@id":"https:\/\/www.asajacyl.com\/soria\/#\/schema\/person\/fd3081c40255119ce8133b87e6aedfab","name":"Juan Ignacio Prieto Nieto","image":{"@type":"ImageObject","inLanguage":"es","@id":"https:\/\/www.asajacyl.com\/soria\/#\/schema\/person\/image\/","url":"https:\/\/secure.gravatar.com\/avatar\/8266b36e4d9001acb4700699a2468dc8?s=96&d=mm&r=g","contentUrl":"https:\/\/secure.gravatar.com\/avatar\/8266b36e4d9001acb4700699a2468dc8?s=96&d=mm&r=g","caption":"Juan Ignacio Prieto Nieto"},"url":"https:\/\/www.asajacyl.com\/soria\/author\/juanfranciscoby"}]}},"_links":{"self":[{"href":"https:\/\/www.asajacyl.com\/soria\/wp-json\/wp\/v2\/posts\/7602"}],"collection":[{"href":"https:\/\/www.asajacyl.com\/soria\/wp-json\/wp\/v2\/posts"}],"about":[{"href":"https:\/\/www.asajacyl.com\/soria\/wp-json\/wp\/v2\/types\/post"}],"author":[{"embeddable":true,"href":"https:\/\/www.asajacyl.com\/soria\/wp-json\/wp\/v2\/users\/12"}],"replies":[{"embeddable":true,"href":"https:\/\/www.asajacyl.com\/soria\/wp-json\/wp\/v2\/comments?post=7602"}],"version-history":[{"count":2,"href":"https:\/\/www.asajacyl.com\/soria\/wp-json\/wp\/v2\/posts\/7602\/revisions"}],"predecessor-version":[{"id":7604,"href":"https:\/\/www.asajacyl.com\/soria\/wp-json\/wp\/v2\/posts\/7602\/revisions\/7604"}],"wp:featuredmedia":[{"embeddable":true,"href":"https:\/\/www.asajacyl.com\/soria\/wp-json\/wp\/v2\/media\/7178"}],"wp:attachment":[{"href":"https:\/\/www.asajacyl.com\/soria\/wp-json\/wp\/v2\/media?parent=7602"}],"wp:term":[{"taxonomy":"category","embeddable":true,"href":"https:\/\/www.asajacyl.com\/soria\/wp-json\/wp\/v2\/categories?post=7602"},{"taxonomy":"post_tag","embeddable":true,"href":"https:\/\/www.asajacyl.com\/soria\/wp-json\/wp\/v2\/tags?post=7602"}],"curies":[{"name":"wp","href":"https:\/\/api.w.org\/{rel}","templated":true}]}}