{"id":7609,"date":"2024-02-14T17:17:00","date_gmt":"2024-02-14T16:17:00","guid":{"rendered":"https:\/\/www.asajacyl.com\/soria\/?p=7609"},"modified":"2024-02-15T09:19:02","modified_gmt":"2024-02-15T08:19:02","slug":"el-campo-soriano-reivindica-poder-seguir-alimentando-a-las-familias","status":"publish","type":"post","link":"https:\/\/www.asajacyl.com\/soria\/asaja-soria-informa\/el-campo-soriano-reivindica-poder-seguir-alimentando-a-las-familias","title":{"rendered":"EL CAMPO SORIANO REIVINDICA PODER SEGUIR ALIMENTANDO A LAS FAMILIAS"},"content":{"rendered":"\n<h2>ASAJA, Upa y Coag, en unidad de acci\u00f3n, han pedido el d\u00eda de San Valent\u00edn que se escuche al campo, menos controles absurdos y que Bruselas no decida lo que se cultiva en Soria<\/h2>\n<p>El 14 de febrero el campo soriano se ha movilizado. El lema elegido ha sido: &#8216;queremos seguir alimentando a tu familia&#8217;. La actividad reivindicativa arranc\u00f3 a primera hora, con cortes de las v\u00edas principales de acceso a la ciudad en la zona del Caballo Blanco, lo que ha provocado largas colas de veh\u00edculos especialmente en la carretera nacional 122, y posteriormente con una manifestaci\u00f3n que ha llevado a medio millar de profesionales de la agroganader\u00eda a las puertas de la Subdelegaci\u00f3n del Gobierno y despu\u00e9s a las de la Delegaci\u00f3n Territorial de la Junta en Soria.&nbsp;<\/p>\n<p><img loading=\"lazy\" decoding=\"async\" class=\"aligncenter size-full wp-image-7611\" src=\"https:\/\/www.asajacyl.com\/soria\/wp-content\/uploads\/sites\/9\/2024\/02\/14-f-1.jpg\" alt=\"\" width=\"1863\" height=\"2500\" srcset=\"https:\/\/www.asajacyl.com\/soria\/wp-content\/uploads\/sites\/9\/2024\/02\/14-f-1.jpg 1863w, https:\/\/www.asajacyl.com\/soria\/wp-content\/uploads\/sites\/9\/2024\/02\/14-f-1-224x300.jpg 224w, https:\/\/www.asajacyl.com\/soria\/wp-content\/uploads\/sites\/9\/2024\/02\/14-f-1-763x1024.jpg 763w, https:\/\/www.asajacyl.com\/soria\/wp-content\/uploads\/sites\/9\/2024\/02\/14-f-1-768x1031.jpg 768w, https:\/\/www.asajacyl.com\/soria\/wp-content\/uploads\/sites\/9\/2024\/02\/14-f-1-1145x1536.jpg 1145w, https:\/\/www.asajacyl.com\/soria\/wp-content\/uploads\/sites\/9\/2024\/02\/14-f-1-1526x2048.jpg 1526w, https:\/\/www.asajacyl.com\/soria\/wp-content\/uploads\/sites\/9\/2024\/02\/14-f-1-696x934.jpg 696w, https:\/\/www.asajacyl.com\/soria\/wp-content\/uploads\/sites\/9\/2024\/02\/14-f-1-1068x1433.jpg 1068w, https:\/\/www.asajacyl.com\/soria\/wp-content\/uploads\/sites\/9\/2024\/02\/14-f-1-313x420.jpg 313w\" sizes=\"(max-width: 1863px) 100vw, 1863px\" \/><\/p>\n<p>La presidenta de ASAJA Soria, Ana Pastor ha garantizado que desde las OPAS \u00abse seguir\u00e1 dando voz al campo soriano en los problemas que se est\u00e1n atravesando\u00bb y ha pedido unidad, ya que \u00ablos problemas son de todos. Adem\u00e1s, seguiremos acometiendo todas las acciones reivindicativas que consideren nuestros socios hasta que se vean satisfechas nuestras peticiones\u00bb.<\/p>\n<p><img loading=\"lazy\" decoding=\"async\" class=\"aligncenter size-full wp-image-7612\" src=\"https:\/\/www.asajacyl.com\/soria\/wp-content\/uploads\/sites\/9\/2024\/02\/14-f2.jpg\" alt=\"\" width=\"1863\" height=\"2500\" srcset=\"https:\/\/www.asajacyl.com\/soria\/wp-content\/uploads\/sites\/9\/2024\/02\/14-f2.jpg 1863w, https:\/\/www.asajacyl.com\/soria\/wp-content\/uploads\/sites\/9\/2024\/02\/14-f2-224x300.jpg 224w, https:\/\/www.asajacyl.com\/soria\/wp-content\/uploads\/sites\/9\/2024\/02\/14-f2-763x1024.jpg 763w, https:\/\/www.asajacyl.com\/soria\/wp-content\/uploads\/sites\/9\/2024\/02\/14-f2-768x1031.jpg 768w, https:\/\/www.asajacyl.com\/soria\/wp-content\/uploads\/sites\/9\/2024\/02\/14-f2-1145x1536.jpg 1145w, https:\/\/www.asajacyl.com\/soria\/wp-content\/uploads\/sites\/9\/2024\/02\/14-f2-1526x2048.jpg 1526w, https:\/\/www.asajacyl.com\/soria\/wp-content\/uploads\/sites\/9\/2024\/02\/14-f2-696x934.jpg 696w, https:\/\/www.asajacyl.com\/soria\/wp-content\/uploads\/sites\/9\/2024\/02\/14-f2-1068x1433.jpg 1068w, https:\/\/www.asajacyl.com\/soria\/wp-content\/uploads\/sites\/9\/2024\/02\/14-f2-313x420.jpg 313w\" sizes=\"(max-width: 1863px) 100vw, 1863px\" \/><\/p>\n<p>En cuanto a las tres grandes reivindicaciones que se han trasladado, Pastor ha apuntado a una \u00abPAC absurda que exige muchas cosas que no se pueden llegar a cumplir, con leyes incompresibles como la del Bienestar Animal\u00bb. A ello se suma una \u00abexcesiva burocracia que nos ahoga con los tr\u00e1mites y que obliga a dedicar m\u00e1s tiempo a ello que a trabajar\u00bb. El tercer punto es el problema en los costes ya que \u00ablos precios de producci\u00f3n son mayores frente al desplome de lo que se vende. Como ejemplo est\u00e1 el trigo, que hoy mismo est\u00e1 m\u00e1s de 100 euros la tonelada m\u00e1s barato que en febrero de 2023\u00bb. Asimismo, la presidenta de ASAJA ha querido tener unas palabras de reconocimiento para las Fuerzas y Cuerpos de Seguridad, que han mostrado \u00abuna vez m\u00e1s su profesionalidad. Entre todas las partes ha habido di\u00e1logo y entendimiento y se ha podido desarrollar nuestra protesta por cauces razonables, pac\u00edficos y a la vez combativos sin ning\u00fan tipo de incidente\u00bb.<\/p>\n<p><img loading=\"lazy\" decoding=\"async\" class=\"aligncenter  wp-image-7613\" src=\"https:\/\/www.asajacyl.com\/soria\/wp-content\/uploads\/sites\/9\/2024\/02\/14f3.jpg\" alt=\"\" width=\"977\" height=\"733\" srcset=\"https:\/\/www.asajacyl.com\/soria\/wp-content\/uploads\/sites\/9\/2024\/02\/14f3.jpg 2016w, https:\/\/www.asajacyl.com\/soria\/wp-content\/uploads\/sites\/9\/2024\/02\/14f3-300x225.jpg 300w, https:\/\/www.asajacyl.com\/soria\/wp-content\/uploads\/sites\/9\/2024\/02\/14f3-1024x768.jpg 1024w, https:\/\/www.asajacyl.com\/soria\/wp-content\/uploads\/sites\/9\/2024\/02\/14f3-768x576.jpg 768w, https:\/\/www.asajacyl.com\/soria\/wp-content\/uploads\/sites\/9\/2024\/02\/14f3-1536x1152.jpg 1536w, https:\/\/www.asajacyl.com\/soria\/wp-content\/uploads\/sites\/9\/2024\/02\/14f3-696x522.jpg 696w, https:\/\/www.asajacyl.com\/soria\/wp-content\/uploads\/sites\/9\/2024\/02\/14f3-1068x801.jpg 1068w, https:\/\/www.asajacyl.com\/soria\/wp-content\/uploads\/sites\/9\/2024\/02\/14f3-1920x1440.jpg 1920w, https:\/\/www.asajacyl.com\/soria\/wp-content\/uploads\/sites\/9\/2024\/02\/14f3-560x420.jpg 560w, https:\/\/www.asajacyl.com\/soria\/wp-content\/uploads\/sites\/9\/2024\/02\/14f3-80x60.jpg 80w\" sizes=\"(max-width: 977px) 100vw, 977px\" \/><img loading=\"lazy\" decoding=\"async\" class=\"aligncenter size-full wp-image-7625\" src=\"https:\/\/www.asajacyl.com\/soria\/wp-content\/uploads\/sites\/9\/2024\/02\/14-f-arriba-0.jpg\" alt=\"\" width=\"2016\" height=\"1512\" srcset=\"https:\/\/www.asajacyl.com\/soria\/wp-content\/uploads\/sites\/9\/2024\/02\/14-f-arriba-0.jpg 2016w, https:\/\/www.asajacyl.com\/soria\/wp-content\/uploads\/sites\/9\/2024\/02\/14-f-arriba-0-300x225.jpg 300w, https:\/\/www.asajacyl.com\/soria\/wp-content\/uploads\/sites\/9\/2024\/02\/14-f-arriba-0-1024x768.jpg 1024w, https:\/\/www.asajacyl.com\/soria\/wp-content\/uploads\/sites\/9\/2024\/02\/14-f-arriba-0-768x576.jpg 768w, https:\/\/www.asajacyl.com\/soria\/wp-content\/uploads\/sites\/9\/2024\/02\/14-f-arriba-0-1536x1152.jpg 1536w, https:\/\/www.asajacyl.com\/soria\/wp-content\/uploads\/sites\/9\/2024\/02\/14-f-arriba-0-696x522.jpg 696w, https:\/\/www.asajacyl.com\/soria\/wp-content\/uploads\/sites\/9\/2024\/02\/14-f-arriba-0-1068x801.jpg 1068w, https:\/\/www.asajacyl.com\/soria\/wp-content\/uploads\/sites\/9\/2024\/02\/14-f-arriba-0-1920x1440.jpg 1920w, https:\/\/www.asajacyl.com\/soria\/wp-content\/uploads\/sites\/9\/2024\/02\/14-f-arriba-0-560x420.jpg 560w, https:\/\/www.asajacyl.com\/soria\/wp-content\/uploads\/sites\/9\/2024\/02\/14-f-arriba-0-80x60.jpg 80w\" sizes=\"(max-width: 2016px) 100vw, 2016px\" \/><\/p>\n<p><img loading=\"lazy\" decoding=\"async\" class=\"aligncenter size-full wp-image-7627\" src=\"https:\/\/www.asajacyl.com\/soria\/wp-content\/uploads\/sites\/9\/2024\/02\/14f-arri.jpg\" alt=\"\" width=\"2500\" height=\"1875\" srcset=\"https:\/\/www.asajacyl.com\/soria\/wp-content\/uploads\/sites\/9\/2024\/02\/14f-arri.jpg 2500w, https:\/\/www.asajacyl.com\/soria\/wp-content\/uploads\/sites\/9\/2024\/02\/14f-arri-300x225.jpg 300w, https:\/\/www.asajacyl.com\/soria\/wp-content\/uploads\/sites\/9\/2024\/02\/14f-arri-1024x768.jpg 1024w, https:\/\/www.asajacyl.com\/soria\/wp-content\/uploads\/sites\/9\/2024\/02\/14f-arri-768x576.jpg 768w, https:\/\/www.asajacyl.com\/soria\/wp-content\/uploads\/sites\/9\/2024\/02\/14f-arri-1536x1152.jpg 1536w, https:\/\/www.asajacyl.com\/soria\/wp-content\/uploads\/sites\/9\/2024\/02\/14f-arri-2048x1536.jpg 2048w, https:\/\/www.asajacyl.com\/soria\/wp-content\/uploads\/sites\/9\/2024\/02\/14f-arri-696x522.jpg 696w, https:\/\/www.asajacyl.com\/soria\/wp-content\/uploads\/sites\/9\/2024\/02\/14f-arri-1068x801.jpg 1068w, https:\/\/www.asajacyl.com\/soria\/wp-content\/uploads\/sites\/9\/2024\/02\/14f-arri-1920x1440.jpg 1920w, https:\/\/www.asajacyl.com\/soria\/wp-content\/uploads\/sites\/9\/2024\/02\/14f-arri-560x420.jpg 560w, https:\/\/www.asajacyl.com\/soria\/wp-content\/uploads\/sites\/9\/2024\/02\/14f-arri-80x60.jpg 80w\" sizes=\"(max-width: 2500px) 100vw, 2500px\" \/><img loading=\"lazy\" decoding=\"async\" class=\"aligncenter size-full wp-image-7629\" src=\"https:\/\/www.asajacyl.com\/soria\/wp-content\/uploads\/sites\/9\/2024\/02\/14-f-medio-00.jpg\" alt=\"\" width=\"1863\" height=\"2500\" srcset=\"https:\/\/www.asajacyl.com\/soria\/wp-content\/uploads\/sites\/9\/2024\/02\/14-f-medio-00.jpg 1863w, https:\/\/www.asajacyl.com\/soria\/wp-content\/uploads\/sites\/9\/2024\/02\/14-f-medio-00-224x300.jpg 224w, https:\/\/www.asajacyl.com\/soria\/wp-content\/uploads\/sites\/9\/2024\/02\/14-f-medio-00-763x1024.jpg 763w, https:\/\/www.asajacyl.com\/soria\/wp-content\/uploads\/sites\/9\/2024\/02\/14-f-medio-00-768x1031.jpg 768w, https:\/\/www.asajacyl.com\/soria\/wp-content\/uploads\/sites\/9\/2024\/02\/14-f-medio-00-1145x1536.jpg 1145w, https:\/\/www.asajacyl.com\/soria\/wp-content\/uploads\/sites\/9\/2024\/02\/14-f-medio-00-1526x2048.jpg 1526w, https:\/\/www.asajacyl.com\/soria\/wp-content\/uploads\/sites\/9\/2024\/02\/14-f-medio-00-696x934.jpg 696w, https:\/\/www.asajacyl.com\/soria\/wp-content\/uploads\/sites\/9\/2024\/02\/14-f-medio-00-1068x1433.jpg 1068w, https:\/\/www.asajacyl.com\/soria\/wp-content\/uploads\/sites\/9\/2024\/02\/14-f-medio-00-313x420.jpg 313w\" sizes=\"(max-width: 1863px) 100vw, 1863px\" \/><img loading=\"lazy\" decoding=\"async\" class=\"aligncenter size-full wp-image-7630\" src=\"https:\/\/www.asajacyl.com\/soria\/wp-content\/uploads\/sites\/9\/2024\/02\/14-f-medio-0.jpg\" alt=\"\" width=\"2500\" height=\"1875\" srcset=\"https:\/\/www.asajacyl.com\/soria\/wp-content\/uploads\/sites\/9\/2024\/02\/14-f-medio-0.jpg 2500w, https:\/\/www.asajacyl.com\/soria\/wp-content\/uploads\/sites\/9\/2024\/02\/14-f-medio-0-300x225.jpg 300w, https:\/\/www.asajacyl.com\/soria\/wp-content\/uploads\/sites\/9\/2024\/02\/14-f-medio-0-1024x768.jpg 1024w, https:\/\/www.asajacyl.com\/soria\/wp-content\/uploads\/sites\/9\/2024\/02\/14-f-medio-0-768x576.jpg 768w, https:\/\/www.asajacyl.com\/soria\/wp-content\/uploads\/sites\/9\/2024\/02\/14-f-medio-0-1536x1152.jpg 1536w, https:\/\/www.asajacyl.com\/soria\/wp-content\/uploads\/sites\/9\/2024\/02\/14-f-medio-0-2048x1536.jpg 2048w, https:\/\/www.asajacyl.com\/soria\/wp-content\/uploads\/sites\/9\/2024\/02\/14-f-medio-0-696x522.jpg 696w, https:\/\/www.asajacyl.com\/soria\/wp-content\/uploads\/sites\/9\/2024\/02\/14-f-medio-0-1068x801.jpg 1068w, https:\/\/www.asajacyl.com\/soria\/wp-content\/uploads\/sites\/9\/2024\/02\/14-f-medio-0-1920x1440.jpg 1920w, https:\/\/www.asajacyl.com\/soria\/wp-content\/uploads\/sites\/9\/2024\/02\/14-f-medio-0-560x420.jpg 560w, https:\/\/www.asajacyl.com\/soria\/wp-content\/uploads\/sites\/9\/2024\/02\/14-f-medio-0-80x60.jpg 80w\" sizes=\"(max-width: 2500px) 100vw, 2500px\" \/><img loading=\"lazy\" decoding=\"async\" class=\"aligncenter size-full wp-image-7631\" src=\"https:\/\/www.asajacyl.com\/soria\/wp-content\/uploads\/sites\/9\/2024\/02\/14-f-medio.jpg\" alt=\"\" width=\"2500\" height=\"1875\" srcset=\"https:\/\/www.asajacyl.com\/soria\/wp-content\/uploads\/sites\/9\/2024\/02\/14-f-medio.jpg 2500w, https:\/\/www.asajacyl.com\/soria\/wp-content\/uploads\/sites\/9\/2024\/02\/14-f-medio-300x225.jpg 300w, https:\/\/www.asajacyl.com\/soria\/wp-content\/uploads\/sites\/9\/2024\/02\/14-f-medio-1024x768.jpg 1024w, https:\/\/www.asajacyl.com\/soria\/wp-content\/uploads\/sites\/9\/2024\/02\/14-f-medio-768x576.jpg 768w, https:\/\/www.asajacyl.com\/soria\/wp-content\/uploads\/sites\/9\/2024\/02\/14-f-medio-1536x1152.jpg 1536w, https:\/\/www.asajacyl.com\/soria\/wp-content\/uploads\/sites\/9\/2024\/02\/14-f-medio-2048x1536.jpg 2048w, https:\/\/www.asajacyl.com\/soria\/wp-content\/uploads\/sites\/9\/2024\/02\/14-f-medio-696x522.jpg 696w, https:\/\/www.asajacyl.com\/soria\/wp-content\/uploads\/sites\/9\/2024\/02\/14-f-medio-1068x801.jpg 1068w, https:\/\/www.asajacyl.com\/soria\/wp-content\/uploads\/sites\/9\/2024\/02\/14-f-medio-1920x1440.jpg 1920w, https:\/\/www.asajacyl.com\/soria\/wp-content\/uploads\/sites\/9\/2024\/02\/14-f-medio-560x420.jpg 560w, https:\/\/www.asajacyl.com\/soria\/wp-content\/uploads\/sites\/9\/2024\/02\/14-f-medio-80x60.jpg 80w\" sizes=\"(max-width: 2500px) 100vw, 2500px\" \/><img loading=\"lazy\" decoding=\"async\" class=\"aligncenter size-full wp-image-7615\" src=\"https:\/\/www.asajacyl.com\/soria\/wp-content\/uploads\/sites\/9\/2024\/02\/14f5.jpg\" alt=\"\" width=\"2500\" height=\"1875\" srcset=\"https:\/\/www.asajacyl.com\/soria\/wp-content\/uploads\/sites\/9\/2024\/02\/14f5.jpg 2500w, https:\/\/www.asajacyl.com\/soria\/wp-content\/uploads\/sites\/9\/2024\/02\/14f5-300x225.jpg 300w, https:\/\/www.asajacyl.com\/soria\/wp-content\/uploads\/sites\/9\/2024\/02\/14f5-1024x768.jpg 1024w, https:\/\/www.asajacyl.com\/soria\/wp-content\/uploads\/sites\/9\/2024\/02\/14f5-768x576.jpg 768w, https:\/\/www.asajacyl.com\/soria\/wp-content\/uploads\/sites\/9\/2024\/02\/14f5-1536x1152.jpg 1536w, https:\/\/www.asajacyl.com\/soria\/wp-content\/uploads\/sites\/9\/2024\/02\/14f5-2048x1536.jpg 2048w, https:\/\/www.asajacyl.com\/soria\/wp-content\/uploads\/sites\/9\/2024\/02\/14f5-696x522.jpg 696w, https:\/\/www.asajacyl.com\/soria\/wp-content\/uploads\/sites\/9\/2024\/02\/14f5-1068x801.jpg 1068w, https:\/\/www.asajacyl.com\/soria\/wp-content\/uploads\/sites\/9\/2024\/02\/14f5-1920x1440.jpg 1920w, https:\/\/www.asajacyl.com\/soria\/wp-content\/uploads\/sites\/9\/2024\/02\/14f5-560x420.jpg 560w, https:\/\/www.asajacyl.com\/soria\/wp-content\/uploads\/sites\/9\/2024\/02\/14f5-80x60.jpg 80w\" sizes=\"(max-width: 2500px) 100vw, 2500px\" \/><img loading=\"lazy\" decoding=\"async\" class=\"aligncenter  wp-image-7614\" src=\"https:\/\/www.asajacyl.com\/soria\/wp-content\/uploads\/sites\/9\/2024\/02\/14f4.jpg\" alt=\"\" width=\"921\" height=\"1228\" srcset=\"https:\/\/www.asajacyl.com\/soria\/wp-content\/uploads\/sites\/9\/2024\/02\/14f4.jpg 1875w, https:\/\/www.asajacyl.com\/soria\/wp-content\/uploads\/sites\/9\/2024\/02\/14f4-225x300.jpg 225w, https:\/\/www.asajacyl.com\/soria\/wp-content\/uploads\/sites\/9\/2024\/02\/14f4-768x1024.jpg 768w, https:\/\/www.asajacyl.com\/soria\/wp-content\/uploads\/sites\/9\/2024\/02\/14f4-1152x1536.jpg 1152w, https:\/\/www.asajacyl.com\/soria\/wp-content\/uploads\/sites\/9\/2024\/02\/14f4-1536x2048.jpg 1536w, https:\/\/www.asajacyl.com\/soria\/wp-content\/uploads\/sites\/9\/2024\/02\/14f4-696x928.jpg 696w, https:\/\/www.asajacyl.com\/soria\/wp-content\/uploads\/sites\/9\/2024\/02\/14f4-1068x1424.jpg 1068w, https:\/\/www.asajacyl.com\/soria\/wp-content\/uploads\/sites\/9\/2024\/02\/14f4-315x420.jpg 315w\" sizes=\"(max-width: 921px) 100vw, 921px\" \/><\/p>\n<p><img loading=\"lazy\" decoding=\"async\" class=\"aligncenter size-full wp-image-7616\" src=\"https:\/\/www.asajacyl.com\/soria\/wp-content\/uploads\/sites\/9\/2024\/02\/14f7.jpg\" alt=\"\" width=\"2500\" height=\"1875\" srcset=\"https:\/\/www.asajacyl.com\/soria\/wp-content\/uploads\/sites\/9\/2024\/02\/14f7.jpg 2500w, https:\/\/www.asajacyl.com\/soria\/wp-content\/uploads\/sites\/9\/2024\/02\/14f7-300x225.jpg 300w, https:\/\/www.asajacyl.com\/soria\/wp-content\/uploads\/sites\/9\/2024\/02\/14f7-1024x768.jpg 1024w, https:\/\/www.asajacyl.com\/soria\/wp-content\/uploads\/sites\/9\/2024\/02\/14f7-768x576.jpg 768w, https:\/\/www.asajacyl.com\/soria\/wp-content\/uploads\/sites\/9\/2024\/02\/14f7-1536x1152.jpg 1536w, https:\/\/www.asajacyl.com\/soria\/wp-content\/uploads\/sites\/9\/2024\/02\/14f7-2048x1536.jpg 2048w, https:\/\/www.asajacyl.com\/soria\/wp-content\/uploads\/sites\/9\/2024\/02\/14f7-696x522.jpg 696w, https:\/\/www.asajacyl.com\/soria\/wp-content\/uploads\/sites\/9\/2024\/02\/14f7-1068x801.jpg 1068w, https:\/\/www.asajacyl.com\/soria\/wp-content\/uploads\/sites\/9\/2024\/02\/14f7-1920x1440.jpg 1920w, https:\/\/www.asajacyl.com\/soria\/wp-content\/uploads\/sites\/9\/2024\/02\/14f7-560x420.jpg 560w, https:\/\/www.asajacyl.com\/soria\/wp-content\/uploads\/sites\/9\/2024\/02\/14f7-80x60.jpg 80w\" sizes=\"(max-width: 2500px) 100vw, 2500px\" \/><\/p>\n<p><img loading=\"lazy\" decoding=\"async\" class=\"aligncenter size-full wp-image-7632\" src=\"https:\/\/www.asajacyl.com\/soria\/wp-content\/uploads\/sites\/9\/2024\/02\/14-f-subde-puerta-1.jpg\" alt=\"\" width=\"1875\" height=\"2500\" srcset=\"https:\/\/www.asajacyl.com\/soria\/wp-content\/uploads\/sites\/9\/2024\/02\/14-f-subde-puerta-1.jpg 1875w, https:\/\/www.asajacyl.com\/soria\/wp-content\/uploads\/sites\/9\/2024\/02\/14-f-subde-puerta-1-225x300.jpg 225w, https:\/\/www.asajacyl.com\/soria\/wp-content\/uploads\/sites\/9\/2024\/02\/14-f-subde-puerta-1-768x1024.jpg 768w, https:\/\/www.asajacyl.com\/soria\/wp-content\/uploads\/sites\/9\/2024\/02\/14-f-subde-puerta-1-1152x1536.jpg 1152w, https:\/\/www.asajacyl.com\/soria\/wp-content\/uploads\/sites\/9\/2024\/02\/14-f-subde-puerta-1-1536x2048.jpg 1536w, https:\/\/www.asajacyl.com\/soria\/wp-content\/uploads\/sites\/9\/2024\/02\/14-f-subde-puerta-1-696x928.jpg 696w, https:\/\/www.asajacyl.com\/soria\/wp-content\/uploads\/sites\/9\/2024\/02\/14-f-subde-puerta-1-1068x1424.jpg 1068w, https:\/\/www.asajacyl.com\/soria\/wp-content\/uploads\/sites\/9\/2024\/02\/14-f-subde-puerta-1-315x420.jpg 315w\" sizes=\"(max-width: 1875px) 100vw, 1875px\" \/><img loading=\"lazy\" decoding=\"async\" class=\"aligncenter size-full wp-image-7619\" src=\"https:\/\/www.asajacyl.com\/soria\/wp-content\/uploads\/sites\/9\/2024\/02\/14f9-1.jpg\" alt=\"\" width=\"2500\" height=\"1875\" srcset=\"https:\/\/www.asajacyl.com\/soria\/wp-content\/uploads\/sites\/9\/2024\/02\/14f9-1.jpg 2500w, https:\/\/www.asajacyl.com\/soria\/wp-content\/uploads\/sites\/9\/2024\/02\/14f9-1-300x225.jpg 300w, https:\/\/www.asajacyl.com\/soria\/wp-content\/uploads\/sites\/9\/2024\/02\/14f9-1-1024x768.jpg 1024w, https:\/\/www.asajacyl.com\/soria\/wp-content\/uploads\/sites\/9\/2024\/02\/14f9-1-768x576.jpg 768w, https:\/\/www.asajacyl.com\/soria\/wp-content\/uploads\/sites\/9\/2024\/02\/14f9-1-1536x1152.jpg 1536w, https:\/\/www.asajacyl.com\/soria\/wp-content\/uploads\/sites\/9\/2024\/02\/14f9-1-2048x1536.jpg 2048w, https:\/\/www.asajacyl.com\/soria\/wp-content\/uploads\/sites\/9\/2024\/02\/14f9-1-696x522.jpg 696w, https:\/\/www.asajacyl.com\/soria\/wp-content\/uploads\/sites\/9\/2024\/02\/14f9-1-1068x801.jpg 1068w, https:\/\/www.asajacyl.com\/soria\/wp-content\/uploads\/sites\/9\/2024\/02\/14f9-1-1920x1440.jpg 1920w, https:\/\/www.asajacyl.com\/soria\/wp-content\/uploads\/sites\/9\/2024\/02\/14f9-1-560x420.jpg 560w, https:\/\/www.asajacyl.com\/soria\/wp-content\/uploads\/sites\/9\/2024\/02\/14f9-1-80x60.jpg 80w\" sizes=\"(max-width: 2500px) 100vw, 2500px\" \/><\/p>\n<p>Entre las peticiones que se han dejado encima de la mesa del subdelegado del Gobierno, Miguel Latorre, y de la delegada de la Junta, Yolanda de Gregorio, tambi\u00e9n destacan las siguientes:<\/p>\n<ul>\n<li>Como medida de calado, un redise\u00f1o de la PAC para que se centre en la producci\u00f3n agraria y no \u00fanicamente en imposiciones medioambientales que complican la tarea de agricultores y ganaderos hasta hacer casi inviable su trabajo, como venimos reclamando. Exigencias que no vienen acompa\u00f1adas de contraprestaciones econ\u00f3micas que las compensen. Flexibilizaci\u00f3n inmediata de la PAC actual, incluida la libertad total de elecci\u00f3n de cultivos y barbechos por parte del agricultor.<\/li>\n<li>Paralizaci\u00f3n de las negociaciones de acuerdos entre la Uni\u00f3n Europea con MERCOSUR, Nueva Zelanda, Chile, Kenia, India, M\u00e9xico, Australia\u2026 Aumentar los controles en la frontera con otros pa\u00edses para garantizar que sus productos cumplan con las mismas normativas a los que son obligados los productores europeos. Y un control para que estas importaciones no superen las necesidades de estos productos hundiendo los mercados, como a veces ocurre con el cereal o girasol.<\/li>\n<li>Modi\ufb01caci\u00f3n y ampliaci\u00f3n de la Ley de la Cadena Agroalimentaria para prohibir las pr\u00e1cticas desleales y que los precios de los agricultores y ganaderos cubran realmente los costes de producci\u00f3n. Que la AICA (Agencia de Informaci\u00f3n y Control Alimentario) aplique sanciones econ\u00f3micas que sean disuasorias y que se ampl\u00eden sus recursos de control.<\/li>\n<li>Medidas que faciliten la incorporaci\u00f3n de j\u00f3venes al sector, eliminando las trabas y condicionantes que afectan a los j\u00f3venes y al resto de explotaciones.<\/li>\n<li>Que todas las administraciones reduzcan hasta l\u00edmites razonables la tremenda carga administrativa que soporta el sector agrario, hasta el punto de suponer costes econ\u00f3micos y de tiempo insoportables, abandonando los inasumibles objetivos de la agenda 2030 para el sector en especial en temas fitosanitarios, zoosanitarios y fertilizantes.<\/li>\n<li>Una pol\u00edtica \ufb01scal que compense al sector, perjudicado por el aumento de costes derivado de la guerra de Ucrania y otros con\ufb02ictos, as\u00ed como de la sequ\u00eda. Y en concreto una actualizaci\u00f3n del l\u00edmite del umbral para permanecer en el R\u00e9gimen de Estimaci\u00f3n Objetiva por M\u00f3dulos y una rebaja de la carga fiscal en Directa.<\/li>\n<li>Una mejora del sistema de seguros agrarios con el fin de reforzar esta necesaria herramienta desactivando las penalizaciones individuales especialmente por el motivo generalizado de las \u00faltimas sequ\u00edas.<\/li>\n<li>Apoyo al sector ganadero, con revisi\u00f3n de las normativas estatal y europea que condicionan su rentabilidad (sanidad y bienestar animal, gesti\u00f3n de residuos, lobo\u2026).<\/li>\n<li>Cambio de rumbo en la presi\u00f3n ambiental en las normativas nacionales y auton\u00f3micas con un mayor peso de los intereses agrarios y alimentarios en estos \u00e1mbitos sobre otros supuestamente ambientales, en asuntos como el control de los da\u00f1os de la fauna salvaje, el manteamiento de cauces y freno a la instalaci\u00f3n de parques de renovables en terrenos de inter\u00e9s agrario. (Ya sean para verter en la red o para hidr\u00f3geno verde). Y modificaci\u00f3n normativa que retire la herramienta Inter\u00e9s P\u00fablico que permite a estas empresas adue\u00f1arse de los terrenos de las nuestras en caso de conflicto.<\/li>\n<\/ul>\n<p><img loading=\"lazy\" decoding=\"async\" class=\"aligncenter size-full wp-image-7617\" src=\"https:\/\/www.asajacyl.com\/soria\/wp-content\/uploads\/sites\/9\/2024\/02\/14f10.jpg\" alt=\"\" width=\"2016\" height=\"1512\" srcset=\"https:\/\/www.asajacyl.com\/soria\/wp-content\/uploads\/sites\/9\/2024\/02\/14f10.jpg 2016w, https:\/\/www.asajacyl.com\/soria\/wp-content\/uploads\/sites\/9\/2024\/02\/14f10-300x225.jpg 300w, https:\/\/www.asajacyl.com\/soria\/wp-content\/uploads\/sites\/9\/2024\/02\/14f10-1024x768.jpg 1024w, https:\/\/www.asajacyl.com\/soria\/wp-content\/uploads\/sites\/9\/2024\/02\/14f10-768x576.jpg 768w, https:\/\/www.asajacyl.com\/soria\/wp-content\/uploads\/sites\/9\/2024\/02\/14f10-1536x1152.jpg 1536w, https:\/\/www.asajacyl.com\/soria\/wp-content\/uploads\/sites\/9\/2024\/02\/14f10-696x522.jpg 696w, https:\/\/www.asajacyl.com\/soria\/wp-content\/uploads\/sites\/9\/2024\/02\/14f10-1068x801.jpg 1068w, https:\/\/www.asajacyl.com\/soria\/wp-content\/uploads\/sites\/9\/2024\/02\/14f10-1920x1440.jpg 1920w, https:\/\/www.asajacyl.com\/soria\/wp-content\/uploads\/sites\/9\/2024\/02\/14f10-560x420.jpg 560w, https:\/\/www.asajacyl.com\/soria\/wp-content\/uploads\/sites\/9\/2024\/02\/14f10-80x60.jpg 80w\" sizes=\"(max-width: 2016px) 100vw, 2016px\" \/><\/p>\n<p>El responsable del Gobierno central en Soria ha apuntado que mandar\u00e1 de forma inmediata el documento con las reivindicaciones de las organizaciones agrarias sorianas al Ministerio de Agricultura. Asimismo, ha agradecido el comportamiento de los manifestantes. Desde la Junta de Castilla y Le\u00f3n, la delegada territorial ha mostrado buena predisposici\u00f3n a tomar en cuenta las reivindicaciones y ha asegurado que desde el Gobierno regional se apoya al campo provincial y as\u00ed se seguir\u00e1 haciendo con m\u00e1s intensidad.&nbsp;<\/p>\n<p><img loading=\"lazy\" decoding=\"async\" class=\"aligncenter size-full wp-image-7618\" src=\"https:\/\/www.asajacyl.com\/soria\/wp-content\/uploads\/sites\/9\/2024\/02\/14-f-9.jpg\" alt=\"\" width=\"2500\" height=\"1875\" srcset=\"https:\/\/www.asajacyl.com\/soria\/wp-content\/uploads\/sites\/9\/2024\/02\/14-f-9.jpg 2500w, https:\/\/www.asajacyl.com\/soria\/wp-content\/uploads\/sites\/9\/2024\/02\/14-f-9-300x225.jpg 300w, https:\/\/www.asajacyl.com\/soria\/wp-content\/uploads\/sites\/9\/2024\/02\/14-f-9-1024x768.jpg 1024w, https:\/\/www.asajacyl.com\/soria\/wp-content\/uploads\/sites\/9\/2024\/02\/14-f-9-768x576.jpg 768w, https:\/\/www.asajacyl.com\/soria\/wp-content\/uploads\/sites\/9\/2024\/02\/14-f-9-1536x1152.jpg 1536w, https:\/\/www.asajacyl.com\/soria\/wp-content\/uploads\/sites\/9\/2024\/02\/14-f-9-2048x1536.jpg 2048w, https:\/\/www.asajacyl.com\/soria\/wp-content\/uploads\/sites\/9\/2024\/02\/14-f-9-696x522.jpg 696w, https:\/\/www.asajacyl.com\/soria\/wp-content\/uploads\/sites\/9\/2024\/02\/14-f-9-1068x801.jpg 1068w, https:\/\/www.asajacyl.com\/soria\/wp-content\/uploads\/sites\/9\/2024\/02\/14-f-9-1920x1440.jpg 1920w, https:\/\/www.asajacyl.com\/soria\/wp-content\/uploads\/sites\/9\/2024\/02\/14-f-9-560x420.jpg 560w, https:\/\/www.asajacyl.com\/soria\/wp-content\/uploads\/sites\/9\/2024\/02\/14-f-9-80x60.jpg 80w\" sizes=\"(max-width: 2500px) 100vw, 2500px\" \/><\/p>\n<p>&nbsp;<\/p>\n\n\n","protected":false},"excerpt":{"rendered":"<p>ASAJA, Upa y Coag, en unidad de acci\u00f3n, han pedido el d\u00eda de San Valent\u00edn que se escuche al campo, menos controles absurdos y que Bruselas no decida lo que se cultiva en Soria El 14 de febrero el campo soriano se ha movilizado. El lema elegido ha sido: &#8216;queremos seguir alimentando a tu familia&#8217;. [&hellip;]<\/p>\n","protected":false},"author":12,"featured_media":7635,"comment_status":"open","ping_status":"open","sticky":false,"template":"","format":"standard","meta":{"footnotes":""},"categories":[10,25],"tags":[],"yoast_head":"<!-- This site is optimized with the Yoast SEO plugin v24.5 - https:\/\/yoast.com\/wordpress\/plugins\/seo\/ -->\n<title>EL CAMPO SORIANO REIVINDICA PODER SEGUIR ALIMENTANDO A LAS FAMILIAS - ASAJA Soria<\/title>\n<meta name=\"description\" content=\"ASAJA, Upa y Coag, en unidad de acci\u00f3n, han pedido el d\u00eda de San Valent\u00edn que se escuche al campo, menos controles absurdos y que Bruselas no decida lo\" \/>\n<meta name=\"robots\" content=\"index, follow, max-snippet:-1, max-image-preview:large, max-video-preview:-1\" \/>\n<link rel=\"canonical\" href=\"https:\/\/www.asajacyl.com\/soria\/asaja-soria-informa\/el-campo-soriano-reivindica-poder-seguir-alimentando-a-las-familias\" \/>\n<meta property=\"og:locale\" content=\"es_ES\" \/>\n<meta property=\"og:type\" content=\"article\" \/>\n<meta property=\"og:title\" content=\"EL CAMPO SORIANO REIVINDICA PODER SEGUIR ALIMENTANDO A LAS FAMILIAS - ASAJA Soria\" \/>\n<meta property=\"og:description\" content=\"ASAJA, Upa y Coag, en unidad de acci\u00f3n, han pedido el d\u00eda de San Valent\u00edn que se escuche al campo, menos controles absurdos y que Bruselas no decida lo\" \/>\n<meta property=\"og:url\" content=\"https:\/\/www.asajacyl.com\/soria\/asaja-soria-informa\/el-campo-soriano-reivindica-poder-seguir-alimentando-a-las-familias\" \/>\n<meta property=\"og:site_name\" content=\"ASAJA Soria\" \/>\n<meta property=\"article:published_time\" content=\"2024-02-14T16:17:00+00:00\" \/>\n<meta property=\"article:modified_time\" content=\"2024-02-15T08:19:02+00:00\" \/>\n<meta property=\"og:image\" content=\"https:\/\/www.asajacyl.com\/soria\/wp-content\/uploads\/sites\/9\/2024\/02\/port-14-fff.jpg\" \/>\n\t<meta property=\"og:image:width\" content=\"2500\" \/>\n\t<meta property=\"og:image:height\" content=\"2180\" \/>\n\t<meta property=\"og:image:type\" content=\"image\/jpeg\" \/>\n<meta name=\"author\" content=\"Juan Ignacio Prieto Nieto\" \/>\n<meta name=\"twitter:card\" content=\"summary_large_image\" \/>\n<meta name=\"twitter:label1\" content=\"Escrito por\" \/>\n\t<meta name=\"twitter:data1\" content=\"Juan Ignacio Prieto Nieto\" \/>\n\t<meta name=\"twitter:label2\" content=\"Tiempo de lectura\" \/>\n\t<meta name=\"twitter:data2\" content=\"5 minutos\" \/>\n<script type=\"application\/ld+json\" class=\"yoast-schema-graph\">{\"@context\":\"https:\/\/schema.org\",\"@graph\":[{\"@type\":\"WebPage\",\"@id\":\"https:\/\/www.asajacyl.com\/soria\/asaja-soria-informa\/el-campo-soriano-reivindica-poder-seguir-alimentando-a-las-familias\",\"url\":\"https:\/\/www.asajacyl.com\/soria\/asaja-soria-informa\/el-campo-soriano-reivindica-poder-seguir-alimentando-a-las-familias\",\"name\":\"EL CAMPO SORIANO REIVINDICA PODER SEGUIR ALIMENTANDO A LAS FAMILIAS - ASAJA Soria\",\"isPartOf\":{\"@id\":\"https:\/\/www.asajacyl.com\/soria\/#website\"},\"primaryImageOfPage\":{\"@id\":\"https:\/\/www.asajacyl.com\/soria\/asaja-soria-informa\/el-campo-soriano-reivindica-poder-seguir-alimentando-a-las-familias#primaryimage\"},\"image\":{\"@id\":\"https:\/\/www.asajacyl.com\/soria\/asaja-soria-informa\/el-campo-soriano-reivindica-poder-seguir-alimentando-a-las-familias#primaryimage\"},\"thumbnailUrl\":\"https:\/\/www.asajacyl.com\/soria\/wp-content\/uploads\/sites\/9\/2024\/02\/port-14-fff.jpg\",\"datePublished\":\"2024-02-14T16:17:00+00:00\",\"dateModified\":\"2024-02-15T08:19:02+00:00\",\"author\":{\"@id\":\"https:\/\/www.asajacyl.com\/soria\/#\/schema\/person\/fd3081c40255119ce8133b87e6aedfab\"},\"description\":\"ASAJA, Upa y Coag, en unidad de acci\u00f3n, han pedido el d\u00eda de San Valent\u00edn que se escuche al campo, menos controles absurdos y que Bruselas no decida lo\",\"breadcrumb\":{\"@id\":\"https:\/\/www.asajacyl.com\/soria\/asaja-soria-informa\/el-campo-soriano-reivindica-poder-seguir-alimentando-a-las-familias#breadcrumb\"},\"inLanguage\":\"es\",\"potentialAction\":[{\"@type\":\"ReadAction\",\"target\":[\"https:\/\/www.asajacyl.com\/soria\/asaja-soria-informa\/el-campo-soriano-reivindica-poder-seguir-alimentando-a-las-familias\"]}]},{\"@type\":\"ImageObject\",\"inLanguage\":\"es\",\"@id\":\"https:\/\/www.asajacyl.com\/soria\/asaja-soria-informa\/el-campo-soriano-reivindica-poder-seguir-alimentando-a-las-familias#primaryimage\",\"url\":\"https:\/\/www.asajacyl.com\/soria\/wp-content\/uploads\/sites\/9\/2024\/02\/port-14-fff.jpg\",\"contentUrl\":\"https:\/\/www.asajacyl.com\/soria\/wp-content\/uploads\/sites\/9\/2024\/02\/port-14-fff.jpg\",\"width\":2500,\"height\":2180},{\"@type\":\"BreadcrumbList\",\"@id\":\"https:\/\/www.asajacyl.com\/soria\/asaja-soria-informa\/el-campo-soriano-reivindica-poder-seguir-alimentando-a-las-familias#breadcrumb\",\"itemListElement\":[{\"@type\":\"ListItem\",\"position\":1,\"name\":\"Portada\",\"item\":\"https:\/\/www.asajacyl.com\/soria\/\"},{\"@type\":\"ListItem\",\"position\":2,\"name\":\"EL CAMPO SORIANO REIVINDICA PODER SEGUIR ALIMENTANDO A LAS FAMILIAS\"}]},{\"@type\":\"WebSite\",\"@id\":\"https:\/\/www.asajacyl.com\/soria\/#website\",\"url\":\"https:\/\/www.asajacyl.com\/soria\/\",\"name\":\"ASAJA Soria\",\"description\":\"Otro sitio m\u00e1s de Provincias ASAJA Castilla y Le\u00f3n\",\"potentialAction\":[{\"@type\":\"SearchAction\",\"target\":{\"@type\":\"EntryPoint\",\"urlTemplate\":\"https:\/\/www.asajacyl.com\/soria\/?s={search_term_string}\"},\"query-input\":{\"@type\":\"PropertyValueSpecification\",\"valueRequired\":true,\"valueName\":\"search_term_string\"}}],\"inLanguage\":\"es\"},{\"@type\":\"Person\",\"@id\":\"https:\/\/www.asajacyl.com\/soria\/#\/schema\/person\/fd3081c40255119ce8133b87e6aedfab\",\"name\":\"Juan Ignacio Prieto Nieto\",\"image\":{\"@type\":\"ImageObject\",\"inLanguage\":\"es\",\"@id\":\"https:\/\/www.asajacyl.com\/soria\/#\/schema\/person\/image\/\",\"url\":\"https:\/\/secure.gravatar.com\/avatar\/8266b36e4d9001acb4700699a2468dc8?s=96&d=mm&r=g\",\"contentUrl\":\"https:\/\/secure.gravatar.com\/avatar\/8266b36e4d9001acb4700699a2468dc8?s=96&d=mm&r=g\",\"caption\":\"Juan Ignacio Prieto Nieto\"},\"url\":\"https:\/\/www.asajacyl.com\/soria\/author\/juanfranciscoby\"}]}<\/script>\n<!-- \/ Yoast SEO plugin. -->","yoast_head_json":{"title":"EL CAMPO SORIANO REIVINDICA PODER SEGUIR ALIMENTANDO A LAS FAMILIAS - ASAJA Soria","description":"ASAJA, Upa y Coag, en unidad de acci\u00f3n, han pedido el d\u00eda de San Valent\u00edn que se escuche al campo, menos controles absurdos y que Bruselas no decida lo","robots":{"index":"index","follow":"follow","max-snippet":"max-snippet:-1","max-image-preview":"max-image-preview:large","max-video-preview":"max-video-preview:-1"},"canonical":"https:\/\/www.asajacyl.com\/soria\/asaja-soria-informa\/el-campo-soriano-reivindica-poder-seguir-alimentando-a-las-familias","og_locale":"es_ES","og_type":"article","og_title":"EL CAMPO SORIANO REIVINDICA PODER SEGUIR ALIMENTANDO A LAS FAMILIAS - ASAJA Soria","og_description":"ASAJA, Upa y Coag, en unidad de acci\u00f3n, han pedido el d\u00eda de San Valent\u00edn que se escuche al campo, menos controles absurdos y que Bruselas no decida lo","og_url":"https:\/\/www.asajacyl.com\/soria\/asaja-soria-informa\/el-campo-soriano-reivindica-poder-seguir-alimentando-a-las-familias","og_site_name":"ASAJA Soria","article_published_time":"2024-02-14T16:17:00+00:00","article_modified_time":"2024-02-15T08:19:02+00:00","og_image":[{"width":2500,"height":2180,"url":"https:\/\/www.asajacyl.com\/soria\/wp-content\/uploads\/sites\/9\/2024\/02\/port-14-fff.jpg","type":"image\/jpeg"}],"author":"Juan Ignacio Prieto Nieto","twitter_card":"summary_large_image","twitter_misc":{"Escrito por":"Juan Ignacio Prieto Nieto","Tiempo de lectura":"5 minutos"},"schema":{"@context":"https:\/\/schema.org","@graph":[{"@type":"WebPage","@id":"https:\/\/www.asajacyl.com\/soria\/asaja-soria-informa\/el-campo-soriano-reivindica-poder-seguir-alimentando-a-las-familias","url":"https:\/\/www.asajacyl.com\/soria\/asaja-soria-informa\/el-campo-soriano-reivindica-poder-seguir-alimentando-a-las-familias","name":"EL CAMPO SORIANO REIVINDICA PODER SEGUIR ALIMENTANDO A LAS FAMILIAS - ASAJA Soria","isPartOf":{"@id":"https:\/\/www.asajacyl.com\/soria\/#website"},"primaryImageOfPage":{"@id":"https:\/\/www.asajacyl.com\/soria\/asaja-soria-informa\/el-campo-soriano-reivindica-poder-seguir-alimentando-a-las-familias#primaryimage"},"image":{"@id":"https:\/\/www.asajacyl.com\/soria\/asaja-soria-informa\/el-campo-soriano-reivindica-poder-seguir-alimentando-a-las-familias#primaryimage"},"thumbnailUrl":"https:\/\/www.asajacyl.com\/soria\/wp-content\/uploads\/sites\/9\/2024\/02\/port-14-fff.jpg","datePublished":"2024-02-14T16:17:00+00:00","dateModified":"2024-02-15T08:19:02+00:00","author":{"@id":"https:\/\/www.asajacyl.com\/soria\/#\/schema\/person\/fd3081c40255119ce8133b87e6aedfab"},"description":"ASAJA, Upa y Coag, en unidad de acci\u00f3n, han pedido el d\u00eda de San Valent\u00edn que se escuche al campo, menos controles absurdos y que Bruselas no decida lo","breadcrumb":{"@id":"https:\/\/www.asajacyl.com\/soria\/asaja-soria-informa\/el-campo-soriano-reivindica-poder-seguir-alimentando-a-las-familias#breadcrumb"},"inLanguage":"es","potentialAction":[{"@type":"ReadAction","target":["https:\/\/www.asajacyl.com\/soria\/asaja-soria-informa\/el-campo-soriano-reivindica-poder-seguir-alimentando-a-las-familias"]}]},{"@type":"ImageObject","inLanguage":"es","@id":"https:\/\/www.asajacyl.com\/soria\/asaja-soria-informa\/el-campo-soriano-reivindica-poder-seguir-alimentando-a-las-familias#primaryimage","url":"https:\/\/www.asajacyl.com\/soria\/wp-content\/uploads\/sites\/9\/2024\/02\/port-14-fff.jpg","contentUrl":"https:\/\/www.asajacyl.com\/soria\/wp-content\/uploads\/sites\/9\/2024\/02\/port-14-fff.jpg","width":2500,"height":2180},{"@type":"BreadcrumbList","@id":"https:\/\/www.asajacyl.com\/soria\/asaja-soria-informa\/el-campo-soriano-reivindica-poder-seguir-alimentando-a-las-familias#breadcrumb","itemListElement":[{"@type":"ListItem","position":1,"name":"Portada","item":"https:\/\/www.asajacyl.com\/soria\/"},{"@type":"ListItem","position":2,"name":"EL CAMPO SORIANO REIVINDICA PODER SEGUIR ALIMENTANDO A LAS FAMILIAS"}]},{"@type":"WebSite","@id":"https:\/\/www.asajacyl.com\/soria\/#website","url":"https:\/\/www.asajacyl.com\/soria\/","name":"ASAJA Soria","description":"Otro sitio m\u00e1s de Provincias ASAJA Castilla y Le\u00f3n","potentialAction":[{"@type":"SearchAction","target":{"@type":"EntryPoint","urlTemplate":"https:\/\/www.asajacyl.com\/soria\/?s={search_term_string}"},"query-input":{"@type":"PropertyValueSpecification","valueRequired":true,"valueName":"search_term_string"}}],"inLanguage":"es"},{"@type":"Person","@id":"https:\/\/www.asajacyl.com\/soria\/#\/schema\/person\/fd3081c40255119ce8133b87e6aedfab","name":"Juan Ignacio Prieto Nieto","image":{"@type":"ImageObject","inLanguage":"es","@id":"https:\/\/www.asajacyl.com\/soria\/#\/schema\/person\/image\/","url":"https:\/\/secure.gravatar.com\/avatar\/8266b36e4d9001acb4700699a2468dc8?s=96&d=mm&r=g","contentUrl":"https:\/\/secure.gravatar.com\/avatar\/8266b36e4d9001acb4700699a2468dc8?s=96&d=mm&r=g","caption":"Juan Ignacio Prieto Nieto"},"url":"https:\/\/www.asajacyl.com\/soria\/author\/juanfranciscoby"}]}},"_links":{"self":[{"href":"https:\/\/www.asajacyl.com\/soria\/wp-json\/wp\/v2\/posts\/7609"}],"collection":[{"href":"https:\/\/www.asajacyl.com\/soria\/wp-json\/wp\/v2\/posts"}],"about":[{"href":"https:\/\/www.asajacyl.com\/soria\/wp-json\/wp\/v2\/types\/post"}],"author":[{"embeddable":true,"href":"https:\/\/www.asajacyl.com\/soria\/wp-json\/wp\/v2\/users\/12"}],"replies":[{"embeddable":true,"href":"https:\/\/www.asajacyl.com\/soria\/wp-json\/wp\/v2\/comments?post=7609"}],"version-history":[{"count":5,"href":"https:\/\/www.asajacyl.com\/soria\/wp-json\/wp\/v2\/posts\/7609\/revisions"}],"predecessor-version":[{"id":7636,"href":"https:\/\/www.asajacyl.com\/soria\/wp-json\/wp\/v2\/posts\/7609\/revisions\/7636"}],"wp:featuredmedia":[{"embeddable":true,"href":"https:\/\/www.asajacyl.com\/soria\/wp-json\/wp\/v2\/media\/7635"}],"wp:attachment":[{"href":"https:\/\/www.asajacyl.com\/soria\/wp-json\/wp\/v2\/media?parent=7609"}],"wp:term":[{"taxonomy":"category","embeddable":true,"href":"https:\/\/www.asajacyl.com\/soria\/wp-json\/wp\/v2\/categories?post=7609"},{"taxonomy":"post_tag","embeddable":true,"href":"https:\/\/www.asajacyl.com\/soria\/wp-json\/wp\/v2\/tags?post=7609"}],"curies":[{"name":"wp","href":"https:\/\/api.w.org\/{rel}","templated":true}]}}