{"id":7637,"date":"2024-02-14T18:05:58","date_gmt":"2024-02-14T17:05:58","guid":{"rendered":"https:\/\/www.asajacyl.com\/soria\/?p=7637"},"modified":"2024-02-15T09:26:37","modified_gmt":"2024-02-15T08:26:37","slug":"la-concentracion-manifestacion-del-14-de-febrero-en-imagenes","status":"publish","type":"post","link":"https:\/\/www.asajacyl.com\/soria\/asaja-soria-informa\/la-concentracion-manifestacion-del-14-de-febrero-en-imagenes","title":{"rendered":"LA CONCENTRACI\u00d3N-MANIFESTACI\u00d3N DEL 14 DE FEBRERO EN IM\u00c1GENES"},"content":{"rendered":"\n\n\n<p><img loading=\"lazy\" decoding=\"async\" class=\"aligncenter size-full wp-image-7638\" src=\"https:\/\/www.asajacyl.com\/soria\/wp-content\/uploads\/sites\/9\/2024\/02\/0d8c4d9e-fc67-4906-8cd9-138436eafa41.jpg\" alt=\"\" width=\"1600\" height=\"1200\" srcset=\"https:\/\/www.asajacyl.com\/soria\/wp-content\/uploads\/sites\/9\/2024\/02\/0d8c4d9e-fc67-4906-8cd9-138436eafa41.jpg 1600w, https:\/\/www.asajacyl.com\/soria\/wp-content\/uploads\/sites\/9\/2024\/02\/0d8c4d9e-fc67-4906-8cd9-138436eafa41-300x225.jpg 300w, https:\/\/www.asajacyl.com\/soria\/wp-content\/uploads\/sites\/9\/2024\/02\/0d8c4d9e-fc67-4906-8cd9-138436eafa41-1024x768.jpg 1024w, https:\/\/www.asajacyl.com\/soria\/wp-content\/uploads\/sites\/9\/2024\/02\/0d8c4d9e-fc67-4906-8cd9-138436eafa41-768x576.jpg 768w, https:\/\/www.asajacyl.com\/soria\/wp-content\/uploads\/sites\/9\/2024\/02\/0d8c4d9e-fc67-4906-8cd9-138436eafa41-1536x1152.jpg 1536w, https:\/\/www.asajacyl.com\/soria\/wp-content\/uploads\/sites\/9\/2024\/02\/0d8c4d9e-fc67-4906-8cd9-138436eafa41-696x522.jpg 696w, https:\/\/www.asajacyl.com\/soria\/wp-content\/uploads\/sites\/9\/2024\/02\/0d8c4d9e-fc67-4906-8cd9-138436eafa41-1068x801.jpg 1068w, https:\/\/www.asajacyl.com\/soria\/wp-content\/uploads\/sites\/9\/2024\/02\/0d8c4d9e-fc67-4906-8cd9-138436eafa41-560x420.jpg 560w, https:\/\/www.asajacyl.com\/soria\/wp-content\/uploads\/sites\/9\/2024\/02\/0d8c4d9e-fc67-4906-8cd9-138436eafa41-80x60.jpg 80w\" sizes=\"(max-width: 1600px) 100vw, 1600px\" \/><img loading=\"lazy\" decoding=\"async\" class=\"aligncenter size-full wp-image-7640\" src=\"https:\/\/www.asajacyl.com\/soria\/wp-content\/uploads\/sites\/9\/2024\/02\/IMG_0453.jpg\" alt=\"\" width=\"2500\" height=\"1875\" srcset=\"https:\/\/www.asajacyl.com\/soria\/wp-content\/uploads\/sites\/9\/2024\/02\/IMG_0453.jpg 2500w, https:\/\/www.asajacyl.com\/soria\/wp-content\/uploads\/sites\/9\/2024\/02\/IMG_0453-300x225.jpg 300w, https:\/\/www.asajacyl.com\/soria\/wp-content\/uploads\/sites\/9\/2024\/02\/IMG_0453-1024x768.jpg 1024w, https:\/\/www.asajacyl.com\/soria\/wp-content\/uploads\/sites\/9\/2024\/02\/IMG_0453-768x576.jpg 768w, https:\/\/www.asajacyl.com\/soria\/wp-content\/uploads\/sites\/9\/2024\/02\/IMG_0453-1536x1152.jpg 1536w, https:\/\/www.asajacyl.com\/soria\/wp-content\/uploads\/sites\/9\/2024\/02\/IMG_0453-2048x1536.jpg 2048w, https:\/\/www.asajacyl.com\/soria\/wp-content\/uploads\/sites\/9\/2024\/02\/IMG_0453-696x522.jpg 696w, https:\/\/www.asajacyl.com\/soria\/wp-content\/uploads\/sites\/9\/2024\/02\/IMG_0453-1068x801.jpg 1068w, https:\/\/www.asajacyl.com\/soria\/wp-content\/uploads\/sites\/9\/2024\/02\/IMG_0453-1920x1440.jpg 1920w, https:\/\/www.asajacyl.com\/soria\/wp-content\/uploads\/sites\/9\/2024\/02\/IMG_0453-560x420.jpg 560w, https:\/\/www.asajacyl.com\/soria\/wp-content\/uploads\/sites\/9\/2024\/02\/IMG_0453-80x60.jpg 80w\" sizes=\"(max-width: 2500px) 100vw, 2500px\" \/> <img loading=\"lazy\" decoding=\"async\" class=\"aligncenter size-full wp-image-7641\" src=\"https:\/\/www.asajacyl.com\/soria\/wp-content\/uploads\/sites\/9\/2024\/02\/IMG_0416.jpg\" alt=\"\" width=\"2500\" height=\"1875\" srcset=\"https:\/\/www.asajacyl.com\/soria\/wp-content\/uploads\/sites\/9\/2024\/02\/IMG_0416.jpg 2500w, https:\/\/www.asajacyl.com\/soria\/wp-content\/uploads\/sites\/9\/2024\/02\/IMG_0416-300x225.jpg 300w, https:\/\/www.asajacyl.com\/soria\/wp-content\/uploads\/sites\/9\/2024\/02\/IMG_0416-1024x768.jpg 1024w, https:\/\/www.asajacyl.com\/soria\/wp-content\/uploads\/sites\/9\/2024\/02\/IMG_0416-768x576.jpg 768w, https:\/\/www.asajacyl.com\/soria\/wp-content\/uploads\/sites\/9\/2024\/02\/IMG_0416-1536x1152.jpg 1536w, https:\/\/www.asajacyl.com\/soria\/wp-content\/uploads\/sites\/9\/2024\/02\/IMG_0416-2048x1536.jpg 2048w, https:\/\/www.asajacyl.com\/soria\/wp-content\/uploads\/sites\/9\/2024\/02\/IMG_0416-696x522.jpg 696w, https:\/\/www.asajacyl.com\/soria\/wp-content\/uploads\/sites\/9\/2024\/02\/IMG_0416-1068x801.jpg 1068w, https:\/\/www.asajacyl.com\/soria\/wp-content\/uploads\/sites\/9\/2024\/02\/IMG_0416-1920x1440.jpg 1920w, https:\/\/www.asajacyl.com\/soria\/wp-content\/uploads\/sites\/9\/2024\/02\/IMG_0416-560x420.jpg 560w, https:\/\/www.asajacyl.com\/soria\/wp-content\/uploads\/sites\/9\/2024\/02\/IMG_0416-80x60.jpg 80w\" sizes=\"(max-width: 2500px) 100vw, 2500px\" \/><img loading=\"lazy\" decoding=\"async\" class=\"aligncenter size-full wp-image-7642\" src=\"https:\/\/www.asajacyl.com\/soria\/wp-content\/uploads\/sites\/9\/2024\/02\/IMG_0447.jpg\" alt=\"\" width=\"2500\" height=\"1875\" srcset=\"https:\/\/www.asajacyl.com\/soria\/wp-content\/uploads\/sites\/9\/2024\/02\/IMG_0447.jpg 2500w, https:\/\/www.asajacyl.com\/soria\/wp-content\/uploads\/sites\/9\/2024\/02\/IMG_0447-300x225.jpg 300w, https:\/\/www.asajacyl.com\/soria\/wp-content\/uploads\/sites\/9\/2024\/02\/IMG_0447-1024x768.jpg 1024w, https:\/\/www.asajacyl.com\/soria\/wp-content\/uploads\/sites\/9\/2024\/02\/IMG_0447-768x576.jpg 768w, https:\/\/www.asajacyl.com\/soria\/wp-content\/uploads\/sites\/9\/2024\/02\/IMG_0447-1536x1152.jpg 1536w, https:\/\/www.asajacyl.com\/soria\/wp-content\/uploads\/sites\/9\/2024\/02\/IMG_0447-2048x1536.jpg 2048w, https:\/\/www.asajacyl.com\/soria\/wp-content\/uploads\/sites\/9\/2024\/02\/IMG_0447-696x522.jpg 696w, https:\/\/www.asajacyl.com\/soria\/wp-content\/uploads\/sites\/9\/2024\/02\/IMG_0447-1068x801.jpg 1068w, https:\/\/www.asajacyl.com\/soria\/wp-content\/uploads\/sites\/9\/2024\/02\/IMG_0447-1920x1440.jpg 1920w, https:\/\/www.asajacyl.com\/soria\/wp-content\/uploads\/sites\/9\/2024\/02\/IMG_0447-560x420.jpg 560w, https:\/\/www.asajacyl.com\/soria\/wp-content\/uploads\/sites\/9\/2024\/02\/IMG_0447-80x60.jpg 80w\" sizes=\"(max-width: 2500px) 100vw, 2500px\" \/><\/p>\n","protected":false},"excerpt":{"rendered":"","protected":false},"author":12,"featured_media":7651,"comment_status":"open","ping_status":"open","sticky":false,"template":"","format":"standard","meta":{"footnotes":""},"categories":[10,25],"tags":[],"yoast_head":"<!-- This site is optimized with the Yoast SEO plugin v24.5 - https:\/\/yoast.com\/wordpress\/plugins\/seo\/ -->\n<title>LA CONCENTRACI\u00d3N-MANIFESTACI\u00d3N DEL 14 DE FEBRERO EN IM\u00c1GENES - ASAJA Soria<\/title>\n<meta name=\"robots\" content=\"index, follow, max-snippet:-1, max-image-preview:large, max-video-preview:-1\" \/>\n<link rel=\"canonical\" href=\"https:\/\/www.asajacyl.com\/soria\/asaja-soria-informa\/la-concentracion-manifestacion-del-14-de-febrero-en-imagenes\" \/>\n<meta property=\"og:locale\" content=\"es_ES\" \/>\n<meta property=\"og:type\" content=\"article\" \/>\n<meta property=\"og:title\" content=\"LA CONCENTRACI\u00d3N-MANIFESTACI\u00d3N DEL 14 DE FEBRERO EN IM\u00c1GENES - ASAJA Soria\" \/>\n<meta property=\"og:url\" content=\"https:\/\/www.asajacyl.com\/soria\/asaja-soria-informa\/la-concentracion-manifestacion-del-14-de-febrero-en-imagenes\" \/>\n<meta property=\"og:site_name\" content=\"ASAJA Soria\" \/>\n<meta property=\"article:published_time\" content=\"2024-02-14T17:05:58+00:00\" \/>\n<meta property=\"article:modified_time\" content=\"2024-02-15T08:26:37+00:00\" \/>\n<meta property=\"og:image\" content=\"https:\/\/www.asajacyl.com\/soria\/wp-content\/uploads\/sites\/9\/2024\/02\/IMG_0484.jpg\" \/>\n\t<meta property=\"og:image:width\" content=\"2500\" \/>\n\t<meta property=\"og:image:height\" content=\"1875\" \/>\n\t<meta property=\"og:image:type\" content=\"image\/jpeg\" \/>\n<meta name=\"author\" content=\"Juan Ignacio Prieto Nieto\" \/>\n<meta name=\"twitter:card\" content=\"summary_large_image\" \/>\n<meta name=\"twitter:label1\" content=\"Escrito por\" \/>\n\t<meta name=\"twitter:data1\" content=\"Juan Ignacio Prieto Nieto\" \/>\n\t<meta name=\"twitter:label2\" content=\"Tiempo de lectura\" \/>\n\t<meta name=\"twitter:data2\" content=\"1 minuto\" \/>\n<script type=\"application\/ld+json\" class=\"yoast-schema-graph\">{\"@context\":\"https:\/\/schema.org\",\"@graph\":[{\"@type\":\"WebPage\",\"@id\":\"https:\/\/www.asajacyl.com\/soria\/asaja-soria-informa\/la-concentracion-manifestacion-del-14-de-febrero-en-imagenes\",\"url\":\"https:\/\/www.asajacyl.com\/soria\/asaja-soria-informa\/la-concentracion-manifestacion-del-14-de-febrero-en-imagenes\",\"name\":\"LA CONCENTRACI\u00d3N-MANIFESTACI\u00d3N DEL 14 DE FEBRERO EN IM\u00c1GENES - ASAJA Soria\",\"isPartOf\":{\"@id\":\"https:\/\/www.asajacyl.com\/soria\/#website\"},\"primaryImageOfPage\":{\"@id\":\"https:\/\/www.asajacyl.com\/soria\/asaja-soria-informa\/la-concentracion-manifestacion-del-14-de-febrero-en-imagenes#primaryimage\"},\"image\":{\"@id\":\"https:\/\/www.asajacyl.com\/soria\/asaja-soria-informa\/la-concentracion-manifestacion-del-14-de-febrero-en-imagenes#primaryimage\"},\"thumbnailUrl\":\"https:\/\/www.asajacyl.com\/soria\/wp-content\/uploads\/sites\/9\/2024\/02\/IMG_0484.jpg\",\"datePublished\":\"2024-02-14T17:05:58+00:00\",\"dateModified\":\"2024-02-15T08:26:37+00:00\",\"author\":{\"@id\":\"https:\/\/www.asajacyl.com\/soria\/#\/schema\/person\/fd3081c40255119ce8133b87e6aedfab\"},\"breadcrumb\":{\"@id\":\"https:\/\/www.asajacyl.com\/soria\/asaja-soria-informa\/la-concentracion-manifestacion-del-14-de-febrero-en-imagenes#breadcrumb\"},\"inLanguage\":\"es\",\"potentialAction\":[{\"@type\":\"ReadAction\",\"target\":[\"https:\/\/www.asajacyl.com\/soria\/asaja-soria-informa\/la-concentracion-manifestacion-del-14-de-febrero-en-imagenes\"]}]},{\"@type\":\"ImageObject\",\"inLanguage\":\"es\",\"@id\":\"https:\/\/www.asajacyl.com\/soria\/asaja-soria-informa\/la-concentracion-manifestacion-del-14-de-febrero-en-imagenes#primaryimage\",\"url\":\"https:\/\/www.asajacyl.com\/soria\/wp-content\/uploads\/sites\/9\/2024\/02\/IMG_0484.jpg\",\"contentUrl\":\"https:\/\/www.asajacyl.com\/soria\/wp-content\/uploads\/sites\/9\/2024\/02\/IMG_0484.jpg\",\"width\":2500,\"height\":1875},{\"@type\":\"BreadcrumbList\",\"@id\":\"https:\/\/www.asajacyl.com\/soria\/asaja-soria-informa\/la-concentracion-manifestacion-del-14-de-febrero-en-imagenes#breadcrumb\",\"itemListElement\":[{\"@type\":\"ListItem\",\"position\":1,\"name\":\"Portada\",\"item\":\"https:\/\/www.asajacyl.com\/soria\/\"},{\"@type\":\"ListItem\",\"position\":2,\"name\":\"LA CONCENTRACI\u00d3N-MANIFESTACI\u00d3N DEL 14 DE FEBRERO EN IM\u00c1GENES\"}]},{\"@type\":\"WebSite\",\"@id\":\"https:\/\/www.asajacyl.com\/soria\/#website\",\"url\":\"https:\/\/www.asajacyl.com\/soria\/\",\"name\":\"ASAJA Soria\",\"description\":\"Otro sitio m\u00e1s de Provincias ASAJA Castilla y Le\u00f3n\",\"potentialAction\":[{\"@type\":\"SearchAction\",\"target\":{\"@type\":\"EntryPoint\",\"urlTemplate\":\"https:\/\/www.asajacyl.com\/soria\/?s={search_term_string}\"},\"query-input\":{\"@type\":\"PropertyValueSpecification\",\"valueRequired\":true,\"valueName\":\"search_term_string\"}}],\"inLanguage\":\"es\"},{\"@type\":\"Person\",\"@id\":\"https:\/\/www.asajacyl.com\/soria\/#\/schema\/person\/fd3081c40255119ce8133b87e6aedfab\",\"name\":\"Juan Ignacio Prieto Nieto\",\"image\":{\"@type\":\"ImageObject\",\"inLanguage\":\"es\",\"@id\":\"https:\/\/www.asajacyl.com\/soria\/#\/schema\/person\/image\/\",\"url\":\"https:\/\/secure.gravatar.com\/avatar\/8266b36e4d9001acb4700699a2468dc8?s=96&d=mm&r=g\",\"contentUrl\":\"https:\/\/secure.gravatar.com\/avatar\/8266b36e4d9001acb4700699a2468dc8?s=96&d=mm&r=g\",\"caption\":\"Juan Ignacio Prieto Nieto\"},\"url\":\"https:\/\/www.asajacyl.com\/soria\/author\/juanfranciscoby\"}]}<\/script>\n<!-- \/ Yoast SEO plugin. -->","yoast_head_json":{"title":"LA CONCENTRACI\u00d3N-MANIFESTACI\u00d3N DEL 14 DE FEBRERO EN IM\u00c1GENES - ASAJA Soria","robots":{"index":"index","follow":"follow","max-snippet":"max-snippet:-1","max-image-preview":"max-image-preview:large","max-video-preview":"max-video-preview:-1"},"canonical":"https:\/\/www.asajacyl.com\/soria\/asaja-soria-informa\/la-concentracion-manifestacion-del-14-de-febrero-en-imagenes","og_locale":"es_ES","og_type":"article","og_title":"LA CONCENTRACI\u00d3N-MANIFESTACI\u00d3N DEL 14 DE FEBRERO EN IM\u00c1GENES - ASAJA Soria","og_url":"https:\/\/www.asajacyl.com\/soria\/asaja-soria-informa\/la-concentracion-manifestacion-del-14-de-febrero-en-imagenes","og_site_name":"ASAJA Soria","article_published_time":"2024-02-14T17:05:58+00:00","article_modified_time":"2024-02-15T08:26:37+00:00","og_image":[{"width":2500,"height":1875,"url":"https:\/\/www.asajacyl.com\/soria\/wp-content\/uploads\/sites\/9\/2024\/02\/IMG_0484.jpg","type":"image\/jpeg"}],"author":"Juan Ignacio Prieto Nieto","twitter_card":"summary_large_image","twitter_misc":{"Escrito por":"Juan Ignacio Prieto Nieto","Tiempo de lectura":"1 minuto"},"schema":{"@context":"https:\/\/schema.org","@graph":[{"@type":"WebPage","@id":"https:\/\/www.asajacyl.com\/soria\/asaja-soria-informa\/la-concentracion-manifestacion-del-14-de-febrero-en-imagenes","url":"https:\/\/www.asajacyl.com\/soria\/asaja-soria-informa\/la-concentracion-manifestacion-del-14-de-febrero-en-imagenes","name":"LA CONCENTRACI\u00d3N-MANIFESTACI\u00d3N DEL 14 DE FEBRERO EN IM\u00c1GENES - ASAJA Soria","isPartOf":{"@id":"https:\/\/www.asajacyl.com\/soria\/#website"},"primaryImageOfPage":{"@id":"https:\/\/www.asajacyl.com\/soria\/asaja-soria-informa\/la-concentracion-manifestacion-del-14-de-febrero-en-imagenes#primaryimage"},"image":{"@id":"https:\/\/www.asajacyl.com\/soria\/asaja-soria-informa\/la-concentracion-manifestacion-del-14-de-febrero-en-imagenes#primaryimage"},"thumbnailUrl":"https:\/\/www.asajacyl.com\/soria\/wp-content\/uploads\/sites\/9\/2024\/02\/IMG_0484.jpg","datePublished":"2024-02-14T17:05:58+00:00","dateModified":"2024-02-15T08:26:37+00:00","author":{"@id":"https:\/\/www.asajacyl.com\/soria\/#\/schema\/person\/fd3081c40255119ce8133b87e6aedfab"},"breadcrumb":{"@id":"https:\/\/www.asajacyl.com\/soria\/asaja-soria-informa\/la-concentracion-manifestacion-del-14-de-febrero-en-imagenes#breadcrumb"},"inLanguage":"es","potentialAction":[{"@type":"ReadAction","target":["https:\/\/www.asajacyl.com\/soria\/asaja-soria-informa\/la-concentracion-manifestacion-del-14-de-febrero-en-imagenes"]}]},{"@type":"ImageObject","inLanguage":"es","@id":"https:\/\/www.asajacyl.com\/soria\/asaja-soria-informa\/la-concentracion-manifestacion-del-14-de-febrero-en-imagenes#primaryimage","url":"https:\/\/www.asajacyl.com\/soria\/wp-content\/uploads\/sites\/9\/2024\/02\/IMG_0484.jpg","contentUrl":"https:\/\/www.asajacyl.com\/soria\/wp-content\/uploads\/sites\/9\/2024\/02\/IMG_0484.jpg","width":2500,"height":1875},{"@type":"BreadcrumbList","@id":"https:\/\/www.asajacyl.com\/soria\/asaja-soria-informa\/la-concentracion-manifestacion-del-14-de-febrero-en-imagenes#breadcrumb","itemListElement":[{"@type":"ListItem","position":1,"name":"Portada","item":"https:\/\/www.asajacyl.com\/soria\/"},{"@type":"ListItem","position":2,"name":"LA CONCENTRACI\u00d3N-MANIFESTACI\u00d3N DEL 14 DE FEBRERO EN IM\u00c1GENES"}]},{"@type":"WebSite","@id":"https:\/\/www.asajacyl.com\/soria\/#website","url":"https:\/\/www.asajacyl.com\/soria\/","name":"ASAJA Soria","description":"Otro sitio m\u00e1s de Provincias ASAJA Castilla y Le\u00f3n","potentialAction":[{"@type":"SearchAction","target":{"@type":"EntryPoint","urlTemplate":"https:\/\/www.asajacyl.com\/soria\/?s={search_term_string}"},"query-input":{"@type":"PropertyValueSpecification","valueRequired":true,"valueName":"search_term_string"}}],"inLanguage":"es"},{"@type":"Person","@id":"https:\/\/www.asajacyl.com\/soria\/#\/schema\/person\/fd3081c40255119ce8133b87e6aedfab","name":"Juan Ignacio Prieto Nieto","image":{"@type":"ImageObject","inLanguage":"es","@id":"https:\/\/www.asajacyl.com\/soria\/#\/schema\/person\/image\/","url":"https:\/\/secure.gravatar.com\/avatar\/8266b36e4d9001acb4700699a2468dc8?s=96&d=mm&r=g","contentUrl":"https:\/\/secure.gravatar.com\/avatar\/8266b36e4d9001acb4700699a2468dc8?s=96&d=mm&r=g","caption":"Juan Ignacio Prieto Nieto"},"url":"https:\/\/www.asajacyl.com\/soria\/author\/juanfranciscoby"}]}},"_links":{"self":[{"href":"https:\/\/www.asajacyl.com\/soria\/wp-json\/wp\/v2\/posts\/7637"}],"collection":[{"href":"https:\/\/www.asajacyl.com\/soria\/wp-json\/wp\/v2\/posts"}],"about":[{"href":"https:\/\/www.asajacyl.com\/soria\/wp-json\/wp\/v2\/types\/post"}],"author":[{"embeddable":true,"href":"https:\/\/www.asajacyl.com\/soria\/wp-json\/wp\/v2\/users\/12"}],"replies":[{"embeddable":true,"href":"https:\/\/www.asajacyl.com\/soria\/wp-json\/wp\/v2\/comments?post=7637"}],"version-history":[{"count":1,"href":"https:\/\/www.asajacyl.com\/soria\/wp-json\/wp\/v2\/posts\/7637\/revisions"}],"predecessor-version":[{"id":7643,"href":"https:\/\/www.asajacyl.com\/soria\/wp-json\/wp\/v2\/posts\/7637\/revisions\/7643"}],"wp:featuredmedia":[{"embeddable":true,"href":"https:\/\/www.asajacyl.com\/soria\/wp-json\/wp\/v2\/media\/7651"}],"wp:attachment":[{"href":"https:\/\/www.asajacyl.com\/soria\/wp-json\/wp\/v2\/media?parent=7637"}],"wp:term":[{"taxonomy":"category","embeddable":true,"href":"https:\/\/www.asajacyl.com\/soria\/wp-json\/wp\/v2\/categories?post=7637"},{"taxonomy":"post_tag","embeddable":true,"href":"https:\/\/www.asajacyl.com\/soria\/wp-json\/wp\/v2\/tags?post=7637"}],"curies":[{"name":"wp","href":"https:\/\/api.w.org\/{rel}","templated":true}]}}