{"id":7647,"date":"2024-02-15T09:14:57","date_gmt":"2024-02-15T08:14:57","guid":{"rendered":"https:\/\/www.asajacyl.com\/soria\/?p=7647"},"modified":"2024-03-07T10:28:34","modified_gmt":"2024-03-07T09:28:34","slug":"asaja-coag-y-upa-convocaran-actos-de-protesta-en-madrid-el-proximo-26-de-febrero","status":"publish","type":"post","link":"https:\/\/www.asajacyl.com\/soria\/asaja-soria-informa\/asaja-coag-y-upa-convocaran-actos-de-protesta-en-madrid-el-proximo-26-de-febrero","title":{"rendered":"ASAJA, COAG y UPA convocan actos de protesta en Madrid el 26 de febrero"},"content":{"rendered":"\n\n\n<p>CONJUNTAMENTE, ASAJA, UPA Y COAG PONEN A DISPOSICI\u00d3N DE TODOS LOS AGRICULTORES Y GANADEROS AUTOBUSES PARA EL DESPLAZAMIENTO<\/p>\n<p><img loading=\"lazy\" decoding=\"async\" class=\"aligncenter size-full wp-image-7669\" src=\"https:\/\/www.asajacyl.com\/soria\/wp-content\/uploads\/sites\/9\/2024\/02\/PHOTO-2024-02-21-18-51-37.jpg\" alt=\"\" width=\"560\" height=\"497\" srcset=\"https:\/\/www.asajacyl.com\/soria\/wp-content\/uploads\/sites\/9\/2024\/02\/PHOTO-2024-02-21-18-51-37.jpg 560w, https:\/\/www.asajacyl.com\/soria\/wp-content\/uploads\/sites\/9\/2024\/02\/PHOTO-2024-02-21-18-51-37-300x266.jpg 300w, https:\/\/www.asajacyl.com\/soria\/wp-content\/uploads\/sites\/9\/2024\/02\/PHOTO-2024-02-21-18-51-37-473x420.jpg 473w\" sizes=\"(max-width: 560px) 100vw, 560px\" \/><\/p>\n<p><span style=\"font-weight: inherit;font-style: inherit\" data-contrast=\"auto\">El campo espa\u00f1ol se est\u00e1 manifestando en todo el pa\u00eds. Las organizaciones profesionales agrarias, ASAJA, COAG y UPA, contin\u00faan su calendario de protestas en unidad de acci\u00f3n, que est\u00e1n sacando a la calle a miles de agricultores y ganaderos de todos los sectores.<\/span><\/p>\n<p><span style=\"font-weight: inherit;font-style: inherit\" data-contrast=\"auto\">Las organizaciones han anunciado que llevar\u00e1n sus protestas a Madrid coincidiendo con la reuni\u00f3n del Consejo de Ministros de Agricultura de la Uni\u00f3n Europea, el pr\u00f3ximo 26 de febrero. Y es que las demandas de los productores de alimentos se dirigen a las Administraciones a todos los niveles: europeo, nacional y auton\u00f3mico. \u201cTodas ellas deben escuchar al campo e impulsar las reformas que estamos demandando\u201d, se\u00f1alan.<\/span><span style=\"font-weight: inherit;font-style: inherit\" data-ccp-props=\"{&quot;134233279&quot;:true,&quot;201341983&quot;:0,&quot;335559739&quot;:160,&quot;335559740&quot;:360}\">\u00a0<\/span><\/p>\n<p><span style=\"font-weight: inherit;font-style: inherit\" data-contrast=\"auto\">Las OPAs consideran que los ministros de Agricultura deben actuar con urgencia y aprobar reformas en materia de cadena alimentaria, de acuerdos comerciales con terceros pa\u00edses, de simplificaci\u00f3n burocr\u00e1tica y de flexibilizaci\u00f3n de la PAC, entre otros muchos temas.<\/span><span style=\"font-weight: inherit;font-style: inherit\" data-ccp-props=\"{&quot;134233279&quot;:true,&quot;201341983&quot;:0,&quot;335559739&quot;:160,&quot;335559740&quot;:360}\">\u00a0<\/span><\/p>\n<p><span style=\"font-weight: inherit;font-style: inherit\" data-ccp-props=\"{&quot;134233279&quot;:true,&quot;201341983&quot;:0,&quot;335559739&quot;:160,&quot;335559740&quot;:360}\">\u00a0<\/span><span style=\"font-weight: inherit;font-style: inherit\" data-contrast=\"auto\">Al Gobierno de Espa\u00f1a le reclaman que lidere en Europa las reclamaciones del campo espa\u00f1ol, que son \u201cjustas, necesarias y leg\u00edtimas\u201d. En ese sentido se lo trasladar\u00e1n hoy a Luis Planas en el Ministerio de Agricultura, en una reuni\u00f3n en la que esperan avances que ayuden a resolver la crisis del campo.<\/span><span style=\"font-weight: inherit;font-style: inherit\" data-ccp-props=\"{&quot;134233279&quot;:true,&quot;201341983&quot;:0,&quot;335559739&quot;:160,&quot;335559740&quot;:360}\">\u00a0<\/span><\/p>\n","protected":false},"excerpt":{"rendered":"<p>CONJUNTAMENTE, ASAJA, UPA Y COAG PONEN A DISPOSICI\u00d3N DE TODOS LOS AGRICULTORES Y GANADEROS AUTOBUSES PARA EL DESPLAZAMIENTO El campo espa\u00f1ol se est\u00e1 manifestando en todo el pa\u00eds. Las organizaciones profesionales agrarias, ASAJA, COAG y UPA, contin\u00faan su calendario de protestas en unidad de acci\u00f3n, que est\u00e1n sacando a la calle a miles de agricultores [&hellip;]<\/p>\n","protected":false},"author":12,"featured_media":7642,"comment_status":"open","ping_status":"open","sticky":false,"template":"","format":"standard","meta":{"footnotes":""},"categories":[10,25],"tags":[],"yoast_head":"<!-- This site is optimized with the Yoast SEO plugin v24.5 - https:\/\/yoast.com\/wordpress\/plugins\/seo\/ -->\n<title>ASAJA, COAG y UPA convocan actos de protesta en Madrid el 26 de febrero - ASAJA Soria<\/title>\n<meta name=\"description\" content=\"CONJUNTAMENTE, ASAJA, UPA Y COAG PONEN A DISPOSICI\u00d3N DE TODOS LOS AGRICULTORES Y GANADEROS AUTOBUSES PARA EL DESPLAZAMIENTO El campo espa\u00f1ol se est\u00e1\" \/>\n<meta name=\"robots\" content=\"index, follow, max-snippet:-1, max-image-preview:large, max-video-preview:-1\" \/>\n<link rel=\"canonical\" href=\"https:\/\/www.asajacyl.com\/soria\/asaja-soria-informa\/asaja-coag-y-upa-convocaran-actos-de-protesta-en-madrid-el-proximo-26-de-febrero\" \/>\n<meta property=\"og:locale\" content=\"es_ES\" \/>\n<meta property=\"og:type\" content=\"article\" \/>\n<meta property=\"og:title\" content=\"ASAJA, COAG y UPA convocan actos de protesta en Madrid el 26 de febrero - ASAJA Soria\" \/>\n<meta property=\"og:description\" content=\"CONJUNTAMENTE, ASAJA, UPA Y COAG PONEN A DISPOSICI\u00d3N DE TODOS LOS AGRICULTORES Y GANADEROS AUTOBUSES PARA EL DESPLAZAMIENTO El campo espa\u00f1ol se est\u00e1\" \/>\n<meta property=\"og:url\" content=\"https:\/\/www.asajacyl.com\/soria\/asaja-soria-informa\/asaja-coag-y-upa-convocaran-actos-de-protesta-en-madrid-el-proximo-26-de-febrero\" \/>\n<meta property=\"og:site_name\" content=\"ASAJA Soria\" \/>\n<meta property=\"article:published_time\" content=\"2024-02-15T08:14:57+00:00\" \/>\n<meta property=\"article:modified_time\" content=\"2024-03-07T09:28:34+00:00\" \/>\n<meta property=\"og:image\" content=\"https:\/\/www.asajacyl.com\/soria\/wp-content\/uploads\/sites\/9\/2024\/02\/IMG_0447.jpg\" \/>\n\t<meta property=\"og:image:width\" content=\"2500\" \/>\n\t<meta property=\"og:image:height\" content=\"1875\" \/>\n\t<meta property=\"og:image:type\" content=\"image\/jpeg\" \/>\n<meta name=\"author\" content=\"Juan Ignacio Prieto Nieto\" \/>\n<meta name=\"twitter:card\" content=\"summary_large_image\" \/>\n<meta name=\"twitter:label1\" content=\"Escrito por\" \/>\n\t<meta name=\"twitter:data1\" content=\"Juan Ignacio Prieto Nieto\" \/>\n\t<meta name=\"twitter:label2\" content=\"Tiempo de lectura\" \/>\n\t<meta name=\"twitter:data2\" content=\"2 minutos\" \/>\n<script type=\"application\/ld+json\" class=\"yoast-schema-graph\">{\"@context\":\"https:\/\/schema.org\",\"@graph\":[{\"@type\":\"WebPage\",\"@id\":\"https:\/\/www.asajacyl.com\/soria\/asaja-soria-informa\/asaja-coag-y-upa-convocaran-actos-de-protesta-en-madrid-el-proximo-26-de-febrero\",\"url\":\"https:\/\/www.asajacyl.com\/soria\/asaja-soria-informa\/asaja-coag-y-upa-convocaran-actos-de-protesta-en-madrid-el-proximo-26-de-febrero\",\"name\":\"ASAJA, COAG y UPA convocan actos de protesta en Madrid el 26 de febrero - ASAJA Soria\",\"isPartOf\":{\"@id\":\"https:\/\/www.asajacyl.com\/soria\/#website\"},\"primaryImageOfPage\":{\"@id\":\"https:\/\/www.asajacyl.com\/soria\/asaja-soria-informa\/asaja-coag-y-upa-convocaran-actos-de-protesta-en-madrid-el-proximo-26-de-febrero#primaryimage\"},\"image\":{\"@id\":\"https:\/\/www.asajacyl.com\/soria\/asaja-soria-informa\/asaja-coag-y-upa-convocaran-actos-de-protesta-en-madrid-el-proximo-26-de-febrero#primaryimage\"},\"thumbnailUrl\":\"https:\/\/www.asajacyl.com\/soria\/wp-content\/uploads\/sites\/9\/2024\/02\/IMG_0447.jpg\",\"datePublished\":\"2024-02-15T08:14:57+00:00\",\"dateModified\":\"2024-03-07T09:28:34+00:00\",\"author\":{\"@id\":\"https:\/\/www.asajacyl.com\/soria\/#\/schema\/person\/fd3081c40255119ce8133b87e6aedfab\"},\"description\":\"CONJUNTAMENTE, ASAJA, UPA Y COAG PONEN A DISPOSICI\u00d3N DE TODOS LOS AGRICULTORES Y GANADEROS AUTOBUSES PARA EL DESPLAZAMIENTO El campo espa\u00f1ol se est\u00e1\",\"breadcrumb\":{\"@id\":\"https:\/\/www.asajacyl.com\/soria\/asaja-soria-informa\/asaja-coag-y-upa-convocaran-actos-de-protesta-en-madrid-el-proximo-26-de-febrero#breadcrumb\"},\"inLanguage\":\"es\",\"potentialAction\":[{\"@type\":\"ReadAction\",\"target\":[\"https:\/\/www.asajacyl.com\/soria\/asaja-soria-informa\/asaja-coag-y-upa-convocaran-actos-de-protesta-en-madrid-el-proximo-26-de-febrero\"]}]},{\"@type\":\"ImageObject\",\"inLanguage\":\"es\",\"@id\":\"https:\/\/www.asajacyl.com\/soria\/asaja-soria-informa\/asaja-coag-y-upa-convocaran-actos-de-protesta-en-madrid-el-proximo-26-de-febrero#primaryimage\",\"url\":\"https:\/\/www.asajacyl.com\/soria\/wp-content\/uploads\/sites\/9\/2024\/02\/IMG_0447.jpg\",\"contentUrl\":\"https:\/\/www.asajacyl.com\/soria\/wp-content\/uploads\/sites\/9\/2024\/02\/IMG_0447.jpg\",\"width\":2500,\"height\":1875},{\"@type\":\"BreadcrumbList\",\"@id\":\"https:\/\/www.asajacyl.com\/soria\/asaja-soria-informa\/asaja-coag-y-upa-convocaran-actos-de-protesta-en-madrid-el-proximo-26-de-febrero#breadcrumb\",\"itemListElement\":[{\"@type\":\"ListItem\",\"position\":1,\"name\":\"Portada\",\"item\":\"https:\/\/www.asajacyl.com\/soria\/\"},{\"@type\":\"ListItem\",\"position\":2,\"name\":\"ASAJA, COAG y UPA convocan actos de protesta en Madrid el 26 de febrero\"}]},{\"@type\":\"WebSite\",\"@id\":\"https:\/\/www.asajacyl.com\/soria\/#website\",\"url\":\"https:\/\/www.asajacyl.com\/soria\/\",\"name\":\"ASAJA Soria\",\"description\":\"Otro sitio m\u00e1s de Provincias ASAJA Castilla y Le\u00f3n\",\"potentialAction\":[{\"@type\":\"SearchAction\",\"target\":{\"@type\":\"EntryPoint\",\"urlTemplate\":\"https:\/\/www.asajacyl.com\/soria\/?s={search_term_string}\"},\"query-input\":{\"@type\":\"PropertyValueSpecification\",\"valueRequired\":true,\"valueName\":\"search_term_string\"}}],\"inLanguage\":\"es\"},{\"@type\":\"Person\",\"@id\":\"https:\/\/www.asajacyl.com\/soria\/#\/schema\/person\/fd3081c40255119ce8133b87e6aedfab\",\"name\":\"Juan Ignacio Prieto Nieto\",\"image\":{\"@type\":\"ImageObject\",\"inLanguage\":\"es\",\"@id\":\"https:\/\/www.asajacyl.com\/soria\/#\/schema\/person\/image\/\",\"url\":\"https:\/\/secure.gravatar.com\/avatar\/8266b36e4d9001acb4700699a2468dc8?s=96&d=mm&r=g\",\"contentUrl\":\"https:\/\/secure.gravatar.com\/avatar\/8266b36e4d9001acb4700699a2468dc8?s=96&d=mm&r=g\",\"caption\":\"Juan Ignacio Prieto Nieto\"},\"url\":\"https:\/\/www.asajacyl.com\/soria\/author\/juanfranciscoby\"}]}<\/script>\n<!-- \/ Yoast SEO plugin. -->","yoast_head_json":{"title":"ASAJA, COAG y UPA convocan actos de protesta en Madrid el 26 de febrero - ASAJA Soria","description":"CONJUNTAMENTE, ASAJA, UPA Y COAG PONEN A DISPOSICI\u00d3N DE TODOS LOS AGRICULTORES Y GANADEROS AUTOBUSES PARA EL DESPLAZAMIENTO El campo espa\u00f1ol se est\u00e1","robots":{"index":"index","follow":"follow","max-snippet":"max-snippet:-1","max-image-preview":"max-image-preview:large","max-video-preview":"max-video-preview:-1"},"canonical":"https:\/\/www.asajacyl.com\/soria\/asaja-soria-informa\/asaja-coag-y-upa-convocaran-actos-de-protesta-en-madrid-el-proximo-26-de-febrero","og_locale":"es_ES","og_type":"article","og_title":"ASAJA, COAG y UPA convocan actos de protesta en Madrid el 26 de febrero - ASAJA Soria","og_description":"CONJUNTAMENTE, ASAJA, UPA Y COAG PONEN A DISPOSICI\u00d3N DE TODOS LOS AGRICULTORES Y GANADEROS AUTOBUSES PARA EL DESPLAZAMIENTO El campo espa\u00f1ol se est\u00e1","og_url":"https:\/\/www.asajacyl.com\/soria\/asaja-soria-informa\/asaja-coag-y-upa-convocaran-actos-de-protesta-en-madrid-el-proximo-26-de-febrero","og_site_name":"ASAJA Soria","article_published_time":"2024-02-15T08:14:57+00:00","article_modified_time":"2024-03-07T09:28:34+00:00","og_image":[{"width":2500,"height":1875,"url":"https:\/\/www.asajacyl.com\/soria\/wp-content\/uploads\/sites\/9\/2024\/02\/IMG_0447.jpg","type":"image\/jpeg"}],"author":"Juan Ignacio Prieto Nieto","twitter_card":"summary_large_image","twitter_misc":{"Escrito por":"Juan Ignacio Prieto Nieto","Tiempo de lectura":"2 minutos"},"schema":{"@context":"https:\/\/schema.org","@graph":[{"@type":"WebPage","@id":"https:\/\/www.asajacyl.com\/soria\/asaja-soria-informa\/asaja-coag-y-upa-convocaran-actos-de-protesta-en-madrid-el-proximo-26-de-febrero","url":"https:\/\/www.asajacyl.com\/soria\/asaja-soria-informa\/asaja-coag-y-upa-convocaran-actos-de-protesta-en-madrid-el-proximo-26-de-febrero","name":"ASAJA, COAG y UPA convocan actos de protesta en Madrid el 26 de febrero - ASAJA Soria","isPartOf":{"@id":"https:\/\/www.asajacyl.com\/soria\/#website"},"primaryImageOfPage":{"@id":"https:\/\/www.asajacyl.com\/soria\/asaja-soria-informa\/asaja-coag-y-upa-convocaran-actos-de-protesta-en-madrid-el-proximo-26-de-febrero#primaryimage"},"image":{"@id":"https:\/\/www.asajacyl.com\/soria\/asaja-soria-informa\/asaja-coag-y-upa-convocaran-actos-de-protesta-en-madrid-el-proximo-26-de-febrero#primaryimage"},"thumbnailUrl":"https:\/\/www.asajacyl.com\/soria\/wp-content\/uploads\/sites\/9\/2024\/02\/IMG_0447.jpg","datePublished":"2024-02-15T08:14:57+00:00","dateModified":"2024-03-07T09:28:34+00:00","author":{"@id":"https:\/\/www.asajacyl.com\/soria\/#\/schema\/person\/fd3081c40255119ce8133b87e6aedfab"},"description":"CONJUNTAMENTE, ASAJA, UPA Y COAG PONEN A DISPOSICI\u00d3N DE TODOS LOS AGRICULTORES Y GANADEROS AUTOBUSES PARA EL DESPLAZAMIENTO El campo espa\u00f1ol se est\u00e1","breadcrumb":{"@id":"https:\/\/www.asajacyl.com\/soria\/asaja-soria-informa\/asaja-coag-y-upa-convocaran-actos-de-protesta-en-madrid-el-proximo-26-de-febrero#breadcrumb"},"inLanguage":"es","potentialAction":[{"@type":"ReadAction","target":["https:\/\/www.asajacyl.com\/soria\/asaja-soria-informa\/asaja-coag-y-upa-convocaran-actos-de-protesta-en-madrid-el-proximo-26-de-febrero"]}]},{"@type":"ImageObject","inLanguage":"es","@id":"https:\/\/www.asajacyl.com\/soria\/asaja-soria-informa\/asaja-coag-y-upa-convocaran-actos-de-protesta-en-madrid-el-proximo-26-de-febrero#primaryimage","url":"https:\/\/www.asajacyl.com\/soria\/wp-content\/uploads\/sites\/9\/2024\/02\/IMG_0447.jpg","contentUrl":"https:\/\/www.asajacyl.com\/soria\/wp-content\/uploads\/sites\/9\/2024\/02\/IMG_0447.jpg","width":2500,"height":1875},{"@type":"BreadcrumbList","@id":"https:\/\/www.asajacyl.com\/soria\/asaja-soria-informa\/asaja-coag-y-upa-convocaran-actos-de-protesta-en-madrid-el-proximo-26-de-febrero#breadcrumb","itemListElement":[{"@type":"ListItem","position":1,"name":"Portada","item":"https:\/\/www.asajacyl.com\/soria\/"},{"@type":"ListItem","position":2,"name":"ASAJA, COAG y UPA convocan actos de protesta en Madrid el 26 de febrero"}]},{"@type":"WebSite","@id":"https:\/\/www.asajacyl.com\/soria\/#website","url":"https:\/\/www.asajacyl.com\/soria\/","name":"ASAJA Soria","description":"Otro sitio m\u00e1s de Provincias ASAJA Castilla y Le\u00f3n","potentialAction":[{"@type":"SearchAction","target":{"@type":"EntryPoint","urlTemplate":"https:\/\/www.asajacyl.com\/soria\/?s={search_term_string}"},"query-input":{"@type":"PropertyValueSpecification","valueRequired":true,"valueName":"search_term_string"}}],"inLanguage":"es"},{"@type":"Person","@id":"https:\/\/www.asajacyl.com\/soria\/#\/schema\/person\/fd3081c40255119ce8133b87e6aedfab","name":"Juan Ignacio Prieto Nieto","image":{"@type":"ImageObject","inLanguage":"es","@id":"https:\/\/www.asajacyl.com\/soria\/#\/schema\/person\/image\/","url":"https:\/\/secure.gravatar.com\/avatar\/8266b36e4d9001acb4700699a2468dc8?s=96&d=mm&r=g","contentUrl":"https:\/\/secure.gravatar.com\/avatar\/8266b36e4d9001acb4700699a2468dc8?s=96&d=mm&r=g","caption":"Juan Ignacio Prieto Nieto"},"url":"https:\/\/www.asajacyl.com\/soria\/author\/juanfranciscoby"}]}},"_links":{"self":[{"href":"https:\/\/www.asajacyl.com\/soria\/wp-json\/wp\/v2\/posts\/7647"}],"collection":[{"href":"https:\/\/www.asajacyl.com\/soria\/wp-json\/wp\/v2\/posts"}],"about":[{"href":"https:\/\/www.asajacyl.com\/soria\/wp-json\/wp\/v2\/types\/post"}],"author":[{"embeddable":true,"href":"https:\/\/www.asajacyl.com\/soria\/wp-json\/wp\/v2\/users\/12"}],"replies":[{"embeddable":true,"href":"https:\/\/www.asajacyl.com\/soria\/wp-json\/wp\/v2\/comments?post=7647"}],"version-history":[{"count":6,"href":"https:\/\/www.asajacyl.com\/soria\/wp-json\/wp\/v2\/posts\/7647\/revisions"}],"predecessor-version":[{"id":7763,"href":"https:\/\/www.asajacyl.com\/soria\/wp-json\/wp\/v2\/posts\/7647\/revisions\/7763"}],"wp:featuredmedia":[{"embeddable":true,"href":"https:\/\/www.asajacyl.com\/soria\/wp-json\/wp\/v2\/media\/7642"}],"wp:attachment":[{"href":"https:\/\/www.asajacyl.com\/soria\/wp-json\/wp\/v2\/media?parent=7647"}],"wp:term":[{"taxonomy":"category","embeddable":true,"href":"https:\/\/www.asajacyl.com\/soria\/wp-json\/wp\/v2\/categories?post=7647"},{"taxonomy":"post_tag","embeddable":true,"href":"https:\/\/www.asajacyl.com\/soria\/wp-json\/wp\/v2\/tags?post=7647"}],"curies":[{"name":"wp","href":"https:\/\/api.w.org\/{rel}","templated":true}]}}