{"id":7659,"date":"2024-02-16T14:18:56","date_gmt":"2024-02-16T13:18:56","guid":{"rendered":"https:\/\/www.asajacyl.com\/soria\/?p=7659"},"modified":"2024-02-16T14:22:36","modified_gmt":"2024-02-16T13:22:36","slug":"paquete-de-medidas-presentadas-el-14-de-febrero-a-las-opas-en-la-reunion-con-el-ministro-planas","status":"publish","type":"post","link":"https:\/\/www.asajacyl.com\/soria\/asaja-soria-informa\/paquete-de-medidas-presentadas-el-14-de-febrero-a-las-opas-en-la-reunion-con-el-ministro-planas","title":{"rendered":"Paquete de medidas presentadas el 14 de febrero a las OPAs en la reuni\u00f3n con el ministro Planas"},"content":{"rendered":"\n<h2 style=\"font-weight: inherit;font-style: inherit\"><b><span data-contrast=\"none\"><span style=\"font-weight: inherit;font-style: inherit\">Anuncia la creaci\u00f3n de la Agencia Estatal de Informaci\u00f3n y Control Alimentario, dotado de mayor financiaci\u00f3n y personal, para realizar m\u00e1s inspecciones y mayor n\u00famero de controles de oficio con el objetivo de reforzar la aplicaci\u00f3n la ley de la cadena alimentaria.<\/span><\/span><\/b><span style=\"font-weight: inherit;font-style: inherit\" data-ccp-props=\"{&quot;134233117&quot;:false,&quot;134233118&quot;:false,&quot;134233279&quot;:true,&quot;201341983&quot;:0,&quot;335551550&quot;:0,&quot;335551620&quot;:0,&quot;335557856&quot;:16579320,&quot;335559738&quot;:75,&quot;335559739&quot;:75,&quot;335559740&quot;:360}\">\u00a0<\/span><\/h2>\n<h2 style=\"font-weight: inherit;font-style: inherit\"><b><span data-contrast=\"none\"><span style=\"font-weight: inherit;font-style: inherit\">Se remitir\u00e1 <\/span><span style=\"font-weight: inherit;font-style: inherit\">a Bruselas la propuesta de simplificaci\u00f3n de la Pol\u00edtica Agraria Com\u00fan relativa a la rotaci\u00f3n de cultivos o los<\/span> <span style=\"font-weight: inherit;font-style: inherit\">ecorreg\u00edmen<\/span><span style=\"font-weight: inherit;font-style: inherit\">e<\/span><span style=\"font-weight: inherit;font-style: inherit\">s.<\/span><\/span><\/b><\/h2>\n<h2 style=\"font-weight: inherit;font-style: inherit\"><b><span data-contrast=\"none\"><span style=\"font-weight: inherit;font-style: inherit\">La puesta en marcha del cuaderno digital ser\u00e1 voluntaria y se incentivar\u00e1 su adopci\u00f3n, que redundar\u00e1 en una mejor planificaci\u00f3n de costes de las explotaciones.<\/span><\/span><\/b><span style=\"font-weight: inherit;font-style: inherit\" data-ccp-props=\"{&quot;134233117&quot;:false,&quot;134233118&quot;:false,&quot;134233279&quot;:true,&quot;201341983&quot;:0,&quot;335551550&quot;:0,&quot;335551620&quot;:0,&quot;335557856&quot;:16579320,&quot;335559738&quot;:75,&quot;335559739&quot;:75,&quot;335559740&quot;:360}\">\u00a0 <br \/><\/span><\/h2>\n<p><span data-contrast=\"none\"><span style=\"font-weight: inherit;font-style: inherit\">El ministro de Agri<\/span><span style=\"font-weight: inherit;font-style: inherit\">cultura present\u00f3 ayer<\/span><span style=\"font-weight: inherit;font-style: inherit\"> a las organizaciones profesionales agrarias un paquete de medidas, para dar respuesta a las inquietudes de los agricultores y ganaderos que fueron trasladadas al Gobierno en la reuni\u00f3n celebrada el pasado d\u00eda 2.<\/span><\/span><span style=\"font-weight: inherit;font-style: inherit\" data-ccp-props=\"{&quot;134233117&quot;:false,&quot;134233118&quot;:false,&quot;134233279&quot;:true,&quot;201341983&quot;:0,&quot;335551550&quot;:0,&quot;335551620&quot;:0,&quot;335557856&quot;:16777215,&quot;335559738&quot;:0,&quot;335559739&quot;:128,&quot;335559740&quot;:360}\">\u00a0<\/span><\/p>\n<p><span style=\"font-weight: inherit;font-style: inherit\" data-ccp-props=\"{&quot;134233117&quot;:false,&quot;134233118&quot;:false,&quot;134233279&quot;:true,&quot;201341983&quot;:0,&quot;335551550&quot;:0,&quot;335551620&quot;:0,&quot;335557856&quot;:16777215,&quot;335559738&quot;:0,&quot;335559739&quot;:128,&quot;335559740&quot;:360}\">\u00a0<\/span><span data-contrast=\"none\"><span style=\"font-weight: inherit;font-style: inherit\">Se trata de <b><strong>18 medidas <\/strong><\/b>que se articulan en torno a siete bloques y tienen que ver con las principales aspiraciones planteadas en aquella reuni\u00f3n, mejora en la aplicaci\u00f3n de la ley de la cadena, la simplificaci\u00f3n de los tr\u00e1mites burocr\u00e1ticos y normativa de la Pol\u00edtica Agraria Com\u00fan (PAC) y acuerdos comerciales, entre otros.<\/span><\/span><span style=\"font-weight: inherit;font-style: inherit\" data-ccp-props=\"{&quot;134233117&quot;:false,&quot;134233118&quot;:false,&quot;134233279&quot;:true,&quot;201341983&quot;:0,&quot;335551550&quot;:0,&quot;335551620&quot;:0,&quot;335557856&quot;:16777215,&quot;335559738&quot;:0,&quot;335559739&quot;:128,&quot;335559740&quot;:360}\">\u00a0<\/span><\/p>\n<p><span style=\"font-weight: inherit;font-style: inherit\" data-ccp-props=\"{&quot;134233117&quot;:false,&quot;134233118&quot;:false,&quot;134233279&quot;:true,&quot;201341983&quot;:0,&quot;335551550&quot;:0,&quot;335551620&quot;:0,&quot;335557856&quot;:16777215,&quot;335559738&quot;:0,&quot;335559739&quot;:128,&quot;335559740&quot;:360}\">\u00a0<\/span><span data-contrast=\"none\"><span style=\"font-weight: inherit;font-style: inherit\">Los bloques de medidas propuestos por el ministro son los siguientes:<\/span><\/span><span style=\"font-weight: inherit;font-style: inherit\" data-ccp-props=\"{&quot;134233117&quot;:false,&quot;134233118&quot;:false,&quot;134233279&quot;:true,&quot;201341983&quot;:0,&quot;335551550&quot;:0,&quot;335551620&quot;:0,&quot;335557856&quot;:16777215,&quot;335559738&quot;:0,&quot;335559739&quot;:128,&quot;335559740&quot;:360}\">\u00a0<\/span><\/p>\n<p><span style=\"font-weight: inherit;font-style: inherit\" data-ccp-props=\"{&quot;134233117&quot;:false,&quot;134233118&quot;:false,&quot;134233279&quot;:true,&quot;201341983&quot;:0,&quot;335551550&quot;:0,&quot;335551620&quot;:0,&quot;335557856&quot;:16777215,&quot;335559738&quot;:0,&quot;335559739&quot;:128,&quot;335559740&quot;:360}\">\u00a0<\/span><\/p>\n<p><span style=\"font-weight: inherit;font-style: inherit\"><b><span data-contrast=\"none\">REFUERZO EN LA APLICACI\u00d3N DE LA LEY DE LA CADENA<\/span><\/b>\u00a0<\/span><\/p>\n<p><span style=\"font-weight: inherit;font-style: inherit\" data-ccp-props=\"{&quot;134233117&quot;:false,&quot;134233118&quot;:false,&quot;134233279&quot;:true,&quot;201341983&quot;:0,&quot;335551550&quot;:0,&quot;335551620&quot;:0,&quot;335557856&quot;:16777215,&quot;335559738&quot;:0,&quot;335559739&quot;:128,&quot;335559740&quot;:360}\">\u00a0<\/span><b><span data-contrast=\"none\"><span style=\"font-weight: inherit;font-style: inherit\">Creaci\u00f3n de una Agencia Estatal de Informaci\u00f3n y Control Alimentario<\/span><\/span><\/b><span data-contrast=\"none\"><span style=\"font-weight: inherit;font-style: inherit\">. Esta elevaci\u00f3n de rango de la actual agencia, que es un organismo aut\u00f3nomo del ministerio, supondr\u00e1 incrementar la capacidad administrativa de control e inspecci\u00f3n con mayores medios para el cumplimiento de la ley de la cadena. La creaci\u00f3n de esta agencia requiere la aprobaci\u00f3n de una ley. Adem\u00e1s, se\u00a0<\/span><\/span><b><span data-contrast=\"none\"><span style=\"font-weight: inherit;font-style: inherit\">reforzar\u00e1 la coordinaci\u00f3n con las comunidades aut\u00f3noma<\/span><\/span><\/b><span data-contrast=\"none\"><span style=\"font-weight: inherit;font-style: inherit\">, que ha afirmado el ministro, tiene que asumir las responsabilidades que les corresponden en la inspecci\u00f3n de los contratos en la cadena.<\/span><\/span><span style=\"font-weight: inherit;font-style: inherit\" data-ccp-props=\"{&quot;134233117&quot;:false,&quot;134233118&quot;:false,&quot;134233279&quot;:true,&quot;201341983&quot;:0,&quot;335551550&quot;:0,&quot;335551620&quot;:0,&quot;335557856&quot;:16777215,&quot;335559738&quot;:0,&quot;335559739&quot;:128,&quot;335559740&quot;:360}\">\u00a0<\/span><\/p>\n<p><span data-contrast=\"none\"><span style=\"font-weight: inherit;font-style: inherit\">As\u00ed mismo se pondr\u00e1n al d\u00eda los\u00a0<\/span><\/span><b><span data-contrast=\"none\"><span style=\"font-weight: inherit;font-style: inherit\">planes de inspecci\u00f3n de oficio<\/span><\/span><\/b><span data-contrast=\"none\"><span style=\"font-weight: inherit;font-style: inherit\">, trabajo para el que conjuntamente entre el Gobierno, organizaciones agrarias y comunidades aut\u00f3nomas el Gobierno se identificar\u00e1n aquellos sectores en los que se debe actuar con car\u00e1cter preferente.<\/span><\/span><span style=\"font-weight: inherit;font-style: inherit\" data-ccp-props=\"{&quot;134233117&quot;:false,&quot;134233118&quot;:false,&quot;134233279&quot;:true,&quot;201341983&quot;:0,&quot;335551550&quot;:0,&quot;335551620&quot;:0,&quot;335557856&quot;:16777215,&quot;335559738&quot;:0,&quot;335559739&quot;:128,&quot;335559740&quot;:360}\">\u00a0<\/span><\/p>\n<p><span data-contrast=\"none\"><span style=\"font-weight: inherit;font-style: inherit\">Igualmente, se prev\u00e9 la\u00a0<\/span><\/span><b><span data-contrast=\"none\"><span style=\"font-weight: inherit;font-style: inherit\">publicaci\u00f3n del acumulado de las sanciones graves y muy graves<\/span><\/span><\/b><span data-contrast=\"none\"><span style=\"font-weight: inherit;font-style: inherit\">\u00a0<\/span><span style=\"font-weight: inherit;font-style: inherit\">impuestas por incumplimientos de la ley de la cadena. Desde 2023 se publican con car\u00e1cter trimestral las sanciones individuales. La publicaci\u00f3n de los acumulados tendr\u00e1 un car\u00e1cter muy pedag\u00f3gico, seg\u00fan el ministro.<\/span><\/span><span style=\"font-weight: inherit;font-style: inherit\" data-ccp-props=\"{&quot;134233117&quot;:false,&quot;134233118&quot;:false,&quot;134233279&quot;:true,&quot;201341983&quot;:0,&quot;335551550&quot;:0,&quot;335551620&quot;:0,&quot;335557856&quot;:16777215,&quot;335559738&quot;:0,&quot;335559739&quot;:128,&quot;335559740&quot;:360}\">\u00a0<\/span><\/p>\n<p><span data-contrast=\"none\"><span style=\"font-weight: inherit;font-style: inherit\">Espa\u00f1a tambi\u00e9n\u00a0<\/span><\/span><b><span data-contrast=\"none\"><span style=\"font-weight: inherit;font-style: inherit\">propondr\u00e1 a la Comisi\u00f3n Europea la actualizaci\u00f3n de la directiva sobre pr\u00e1cticas comerciales desleales<\/span><\/span><\/b><span data-contrast=\"none\"><span style=\"font-weight: inherit;font-style: inherit\">, para la que servir\u00e1 de modelo la reforma de la ley de la cadena aprobada en diciembre de 2021.<\/span><\/span><span style=\"font-weight: inherit;font-style: inherit\" data-ccp-props=\"{&quot;134233117&quot;:false,&quot;134233118&quot;:false,&quot;134233279&quot;:true,&quot;201341983&quot;:0,&quot;335551550&quot;:0,&quot;335551620&quot;:0,&quot;335557856&quot;:16777215,&quot;335559738&quot;:0,&quot;335559739&quot;:128,&quot;335559740&quot;:360}\">\u00a0<\/span><\/p>\n<p><span style=\"font-weight: inherit;font-style: inherit\" data-ccp-props=\"{&quot;134233117&quot;:false,&quot;134233118&quot;:false,&quot;134233279&quot;:true,&quot;201341983&quot;:0,&quot;335551550&quot;:0,&quot;335551620&quot;:0,&quot;335557856&quot;:16777215,&quot;335559738&quot;:0,&quot;335559739&quot;:128,&quot;335559740&quot;:360}\">\u00a0<\/span><\/p>\n<p><span style=\"font-weight: inherit;font-style: inherit\"><b><span data-contrast=\"none\">SIMPLIFICACI\u00d3N<\/span><\/b>\u00a0<\/span><\/p>\n<p><span data-contrast=\"none\"><span style=\"font-weight: inherit;font-style: inherit\">El Gobierno va a trasladar a la Uni\u00f3n Europea en el Consejo de <\/span><span style=\"font-weight: inherit;font-style: inherit\">Ministros<\/span><span style=\"font-weight: inherit;font-style: inherit\"> del pr\u00f3ximo d\u00eda 26 varias propuestas de\u00a0<\/span><\/span><b><span data-contrast=\"none\"><span style=\"font-weight: inherit;font-style: inherit\">simplificaci\u00f3n de la normativa sobre Buenas Condiciones Agrarias y Medioambientales (BCAM)<\/span><\/span><\/b><span data-contrast=\"none\"><span style=\"font-weight: inherit;font-style: inherit\">\u00a0de la Pol\u00edtica Agraria Comunitaria (PAC). En concreto, la derogaci\u00f3n para 2023 de las relativas a la rotaci\u00f3n de cultivos (BCAM 7) y superficies no productivas (BCAM 8) en los cultivos de regad\u00edos. Tambi\u00e9n se solicitar\u00e1 la exenci\u00f3n de la <\/span><span style=\"font-weight: inherit;font-style: inherit\">ag<\/span><span style=\"font-weight: inherit;font-style: inherit\">ricultura ecol\u00f3gica de \u00e9sta, igual que lo est\u00e1 ya de la BCAM 7.<\/span><\/span><span style=\"font-weight: inherit;font-style: inherit\" data-ccp-props=\"{&quot;134233117&quot;:false,&quot;134233118&quot;:false,&quot;134233279&quot;:true,&quot;201341983&quot;:0,&quot;335551550&quot;:0,&quot;335551620&quot;:0,&quot;335557856&quot;:16777215,&quot;335559738&quot;:0,&quot;335559739&quot;:128,&quot;335559740&quot;:360}\">\u00a0<\/span><\/p>\n<p><span data-contrast=\"none\"><span style=\"font-weight: inherit;font-style: inherit\">Adem\u00e1s, se solicitar\u00e1 la eliminaci\u00f3n de la retroactividad en el c\u00f3mputo de los a\u00f1os de rotaci\u00f3n y la posibilidad de que compute como rotaci\u00f3n que un a\u00f1o se haya puesto un cultivo secundario sin que se haya hecho uso en los a\u00f1os anteriores.<\/span><\/span><span style=\"font-weight: inherit;font-style: inherit\" data-ccp-props=\"{&quot;134233117&quot;:false,&quot;134233118&quot;:false,&quot;134233279&quot;:true,&quot;201341983&quot;:0,&quot;335551550&quot;:0,&quot;335551620&quot;:0,&quot;335557856&quot;:16777215,&quot;335559738&quot;:0,&quot;335559739&quot;:128,&quot;335559740&quot;:360}\">\u00a0<\/span><\/p>\n<p><span data-contrast=\"none\"><span style=\"font-weight: inherit;font-style: inherit\">Para la cobertura m\u00ednima de suelo (BCAM 6), se propondr\u00e1 permitir el laboreo vertical entre la cosecha y el 1 de septiembre y permitir el abonado en verde em ese periodo.<\/span><\/span><span style=\"font-weight: inherit;font-style: inherit\" data-ccp-props=\"{&quot;134233117&quot;:false,&quot;134233118&quot;:false,&quot;134233279&quot;:true,&quot;201341983&quot;:0,&quot;335551550&quot;:0,&quot;335551620&quot;:0,&quot;335557856&quot;:16777215,&quot;335559738&quot;:0,&quot;335559739&quot;:128,&quot;335559740&quot;:360}\">\u00a0<\/span><\/p>\n<p><span data-contrast=\"none\"><span style=\"font-weight: inherit;font-style: inherit\">En el \u00e1mbito de las competencias del Gobierno y las comunidades aut\u00f3nomas, la propuesta ministerial es la\u00a0<\/span><\/span><b><span data-contrast=\"none\"><span style=\"font-weight: inherit;font-style: inherit\">simplificaci\u00f3n de la carga administrativa<\/span><\/span><\/b><span data-contrast=\"none\"><span style=\"font-weight: inherit;font-style: inherit\">\u00a0<\/span><span style=\"font-weight: inherit;font-style: inherit\">para agricultores y ganaderos y la gesti\u00f3n del Plan Estrat\u00e9gico Nacional de la PAC, propuestas que se han trasladado ya a la Comisi\u00f3n Europea para que sean autorizadas en el Consejo del d\u00eda 26.<\/span><\/span><span style=\"font-weight: inherit;font-style: inherit\" data-ccp-props=\"{&quot;134233117&quot;:false,&quot;134233118&quot;:false,&quot;134233279&quot;:true,&quot;201341983&quot;:0,&quot;335551550&quot;:0,&quot;335551620&quot;:0,&quot;335557856&quot;:16777215,&quot;335559738&quot;:0,&quot;335559739&quot;:128,&quot;335559740&quot;:360}\">\u00a0<\/span><\/p>\n<p><span data-contrast=\"none\"><span style=\"font-weight: inherit;font-style: inherit\">El ministro ha puesto dos ejemplos de esta simplificaci\u00f3n que beneficiar\u00e1n sobre todo a los peque\u00f1os y medianos agricultores: La eliminaci\u00f3n de incluir una foto georreferenciada en <\/span><span style=\"font-weight: inherit;font-style: inherit\">la declaraciones<\/span><span style=\"font-weight: inherit;font-style: inherit\"> para tener acceso a las ayudas y restaurar el r\u00e9gimen simplificado para las explotaciones que perciben hasta 5.000 euros de ayudas, lo que se traduce en menores controles.<\/span><\/span><span style=\"font-weight: inherit;font-style: inherit\" data-ccp-props=\"{&quot;134233117&quot;:false,&quot;134233118&quot;:false,&quot;134233279&quot;:true,&quot;201341983&quot;:0,&quot;335551550&quot;:0,&quot;335551620&quot;:0,&quot;335557856&quot;:16777215,&quot;335559738&quot;:0,&quot;335559739&quot;:128,&quot;335559740&quot;:360}\">\u00a0<\/span><\/p>\n<p><span data-contrast=\"none\"><span style=\"font-weight: inherit;font-style: inherit\">Tambi\u00e9n\u00a0<\/span><\/span><b><span data-contrast=\"none\"><span style=\"font-weight: inherit;font-style: inherit\">se ampliar\u00e1 el cat\u00e1logo de los <\/span><span style=\"font-weight: inherit;font-style: inherit\">ecorreg\u00edmenes<\/span><\/span><\/b><span data-contrast=\"none\"><span style=\"font-weight: inherit;font-style: inherit\">, la nueva figura de la PAC introducida en este a\u00f1o que remunera pr\u00e1cticas beneficiosas para el medio ambiente, para tener en cuenta a las zonas especialmente \u00e1ridas.<\/span><\/span><span style=\"font-weight: inherit;font-style: inherit\" data-ccp-props=\"{&quot;134233117&quot;:false,&quot;134233118&quot;:false,&quot;134233279&quot;:true,&quot;201341983&quot;:0,&quot;335551550&quot;:0,&quot;335551620&quot;:0,&quot;335557856&quot;:16777215,&quot;335559738&quot;:0,&quot;335559739&quot;:128,&quot;335559740&quot;:360}\">\u00a0<\/span><\/p>\n<p><span data-contrast=\"none\"><span style=\"font-weight: inherit;font-style: inherit\">El ministro ha anunciado\u00a0<\/span><\/span><b><span data-contrast=\"none\"><span style=\"font-weight: inherit;font-style: inherit\">que la implantaci\u00f3n del cuaderno digital de explotaci\u00f3n tendr\u00e1 car\u00e1cter voluntario<\/span><\/span><\/b><span data-contrast=\"none\"><span style=\"font-weight: inherit;font-style: inherit\">\u00a0<\/span><span style=\"font-weight: inherit;font-style: inherit\">y que se habilitar\u00e1n medias para incentivar su puesta en pr\u00e1ctica, dado que, seg\u00fan ha explicado el ministro, se considera una herramienta fundamental para la mejora de la sostenibilidad en las explotaciones agr\u00edcolas y ganaderas.<\/span><\/span><span style=\"font-weight: inherit;font-style: inherit\" data-ccp-props=\"{&quot;134233117&quot;:false,&quot;134233118&quot;:false,&quot;134233279&quot;:true,&quot;201341983&quot;:0,&quot;335551550&quot;:0,&quot;335551620&quot;:0,&quot;335557856&quot;:16777215,&quot;335559738&quot;:0,&quot;335559739&quot;:128,&quot;335559740&quot;:360}\">\u00a0<\/span><\/p>\n<p><span style=\"font-weight: inherit;font-style: inherit\" data-ccp-props=\"{&quot;134233117&quot;:false,&quot;134233118&quot;:false,&quot;134233279&quot;:true,&quot;201341983&quot;:0,&quot;335551550&quot;:0,&quot;335551620&quot;:0,&quot;335557856&quot;:16777215,&quot;335559738&quot;:0,&quot;335559739&quot;:128,&quot;335559740&quot;:360}\">\u00a0<\/span><\/p>\n<p><span style=\"font-weight: inherit;font-style: inherit\"><b><span data-contrast=\"none\">CUESTIONES COMERCIALES<\/span><\/b>\u00a0<\/span><\/p>\n<p><span data-contrast=\"none\"><span style=\"font-weight: inherit;font-style: inherit\">El Gobierno se compromete a\u00a0<\/span><\/span><b><span data-contrast=\"none\"><span style=\"font-weight: inherit;font-style: inherit\">defender en todos los foros internacionales<\/span><\/span><\/b><span data-contrast=\"none\"><span style=\"font-weight: inherit;font-style: inherit\">, y en particular en la Uni\u00f3n Europea y la Organizaci\u00f3n Mundial del Comercio del\u00a0<\/span><\/span><b><span data-contrast=\"none\"><span style=\"font-weight: inherit;font-style: inherit\">principio de reciprocidad<\/span><\/span><\/b><span data-contrast=\"none\"><span style=\"font-weight: inherit;font-style: inherit\">\u00a0en la utilizaci\u00f3n de productos fitosanitarios en la producci\u00f3n de alimentos importados de terceros pa\u00edses. Si un producto fitosanitario est\u00e1 prohibido en la UE, no debe utilizarse tampoco en la producci\u00f3n de alimentos que vayan a ser importados<\/span><span style=\"font-weight: inherit;font-style: inherit\">.<\/span><\/span><span style=\"font-weight: inherit;font-style: inherit\" data-ccp-props=\"{&quot;134233117&quot;:false,&quot;134233118&quot;:false,&quot;134233279&quot;:true,&quot;201341983&quot;:0,&quot;335551550&quot;:0,&quot;335551620&quot;:0,&quot;335557856&quot;:16777215,&quot;335559738&quot;:0,&quot;335559739&quot;:128,&quot;335559740&quot;:360}\">\u00a0<\/span><\/p>\n<p><span data-contrast=\"none\"><span style=\"font-weight: inherit;font-style: inherit\">Espa\u00f1a instar\u00e1 a la Comisi\u00f3n Europea a arbitrar medias para\u00a0<\/span><\/span><b><span data-contrast=\"none\"><span style=\"font-weight: inherit;font-style: inherit\">mejorar la coordinaci\u00f3n de las aduanas nacionales<\/span><\/span><\/b><span data-contrast=\"none\"><span style=\"font-weight: inherit;font-style: inherit\">\u00a0<\/span><span style=\"font-weight: inherit;font-style: inherit\">con el objetivo de mejorar la eficacia de la uni\u00f3n aduanera.<\/span><\/span><span style=\"font-weight: inherit;font-style: inherit\" data-ccp-props=\"{&quot;134233117&quot;:false,&quot;134233118&quot;:false,&quot;134233279&quot;:true,&quot;201341983&quot;:0,&quot;335551550&quot;:0,&quot;335551620&quot;:0,&quot;335557856&quot;:16777215,&quot;335559738&quot;:0,&quot;335559739&quot;:128,&quot;335559740&quot;:360}\">\u00a0<\/span><\/p>\n<p><span data-contrast=\"none\"><span style=\"font-weight: inherit;font-style: inherit\">Se ha<\/span><span style=\"font-weight: inherit;font-style: inherit\"> anunciado tambi\u00e9n una\u00a0<\/span><\/span><b><span data-contrast=\"none\"><span style=\"font-weight: inherit;font-style: inherit\">reorganizaci\u00f3n de la inspecci\u00f3n en frontera en Espa\u00f1a<\/span><\/span><\/b><span data-contrast=\"none\"><span style=\"font-weight: inherit;font-style: inherit\">\u00a0para mejorar la eficacia de los controles.<\/span><\/span><span style=\"font-weight: inherit;font-style: inherit\" data-ccp-props=\"{&quot;134233117&quot;:false,&quot;134233118&quot;:false,&quot;134233279&quot;:true,&quot;201341983&quot;:0,&quot;335551550&quot;:0,&quot;335551620&quot;:0,&quot;335557856&quot;:16777215,&quot;335559738&quot;:0,&quot;335559739&quot;:128,&quot;335559740&quot;:360}\">\u00a0<\/span><\/p>\n<p><span data-contrast=\"none\"><span style=\"font-weight: inherit;font-style: inherit\">Adem\u00e1s, <\/span><span style=\"font-weight: inherit;font-style: inherit\">se ha <\/span><span style=\"font-weight: inherit;font-style: inherit\">se\u00f1alado que en los casos en los que la\u00a0<\/span><\/span><b><span data-contrast=\"none\"><span style=\"font-weight: inherit;font-style: inherit\">Uni\u00f3n Europea no haya establecido un l\u00edmite m\u00e1ximo de residuos para sustancias que no est\u00e9n autorizada<\/span><\/span><\/b><span data-contrast=\"none\"><span style=\"font-weight: inherit;font-style: inherit\">s en territorio comunitario,\u00a0<\/span><\/span><b><span data-contrast=\"none\"><span style=\"font-weight: inherit;font-style: inherit\">Espa\u00f1a aplicar\u00e1, de forma preventiva, un l\u00edmite cero<\/span><\/span><\/b><span data-contrast=\"none\"><span style=\"font-weight: inherit;font-style: inherit\">.<\/span><\/span><span style=\"font-weight: inherit;font-style: inherit\" data-ccp-props=\"{&quot;134233117&quot;:false,&quot;134233118&quot;:false,&quot;134233279&quot;:true,&quot;201341983&quot;:0,&quot;335551550&quot;:0,&quot;335551620&quot;:0,&quot;335557856&quot;:16777215,&quot;335559738&quot;:0,&quot;335559739&quot;:128,&quot;335559740&quot;:360}\">\u00a0<\/span><\/p>\n<p>\u00a0<\/p>\n<p><span style=\"font-weight: inherit;font-style: inherit\"><b><span data-contrast=\"none\">SEGUROS AGRARIOS<\/span><\/b>\u00a0<br \/><\/span><span data-contrast=\"none\"><span style=\"font-weight: inherit;font-style: inherit\">El Gobierno\u00a0<\/span><\/span><b><span data-contrast=\"none\"><span style=\"font-weight: inherit;font-style: inherit\">reforzar\u00e1 el apoyo a la contrataci\u00f3n de seguros agrarios<\/span><\/span><\/b><span data-contrast=\"none\"><span style=\"font-weight: inherit;font-style: inherit\">, con una l\u00ednea de ayudas que en 2024 asciende a un total de 284,5 millones de euros, as\u00ed como a realizar las aportaciones necesarias para adaptar las diferentes l\u00edneas a las nuevas circunstancias clim\u00e1ticas.<\/span><\/span><span style=\"font-weight: inherit;font-style: inherit\" data-ccp-props=\"{&quot;134233117&quot;:false,&quot;134233118&quot;:false,&quot;134233279&quot;:true,&quot;201341983&quot;:0,&quot;335551550&quot;:0,&quot;335551620&quot;:0,&quot;335557856&quot;:16777215,&quot;335559738&quot;:0,&quot;335559739&quot;:128,&quot;335559740&quot;:360}\">\u00a0<\/span><\/p>\n<p><span data-contrast=\"none\"><span style=\"font-weight: inherit;font-style: inherit\">\u00a0<\/span><\/span><span style=\"font-weight: inherit;font-style: inherit\" data-ccp-props=\"{&quot;134233117&quot;:false,&quot;134233118&quot;:false,&quot;134233279&quot;:true,&quot;201341983&quot;:0,&quot;335551550&quot;:0,&quot;335551620&quot;:0,&quot;335557856&quot;:16777215,&quot;335559738&quot;:0,&quot;335559739&quot;:128,&quot;335559740&quot;:360}\">\u00a0<\/span><\/p>\n<p><span style=\"font-weight: inherit;font-style: inherit\"><b><span data-contrast=\"none\">GAS\u00d3LEO PROFESIONAL<\/span><\/b>\u00a0<br \/><\/span><b><span data-contrast=\"none\"><span style=\"font-weight: inherit;font-style: inherit\">Mantenimiento de la reducci\u00f3n en el impuesto de hidrocarburos para el gas\u00f3leo de uso agr\u00edcola<\/span><\/span><\/b><span data-contrast=\"none\"><span style=\"font-weight: inherit;font-style: inherit\">, con un tipo de 3,3 c\u00e9ntimos por litro, frente al general de 37,9 c\u00e9ntimos por litro.<\/span><\/span><span style=\"font-weight: inherit;font-style: inherit\" data-ccp-props=\"{&quot;134233117&quot;:false,&quot;134233118&quot;:false,&quot;134233279&quot;:true,&quot;201341983&quot;:0,&quot;335551550&quot;:0,&quot;335551620&quot;:0,&quot;335557856&quot;:16777215,&quot;335559738&quot;:0,&quot;335559739&quot;:128,&quot;335559740&quot;:360}\">\u00a0<\/span><\/p>\n<p><span data-contrast=\"none\"><span style=\"font-weight: inherit;font-style: inherit\">Adem\u00e1s,\u00a0<\/span><\/span><b><span data-contrast=\"none\"><span style=\"font-weight: inherit;font-style: inherit\">durante 2024 se mantendr\u00e1 la vigencia de las reducciones del 35 % de la factura del gas\u00f3leo y en un 15 % de pl\u00e1sticos y fertilizantes en el m\u00e9todo de estimaci\u00f3n objetiva del Impuesto de la Renta para las Personas F\u00edsicas (IRPF<\/span><\/span><\/b><span data-contrast=\"none\"><span style=\"font-weight: inherit;font-style: inherit\">), una de las medidas extraordinarias aplicadas por el Gobierno para hacer frente a las consecuencias de la guerra en Ucrania.<\/span><\/span><span style=\"font-weight: inherit;font-style: inherit\" data-ccp-props=\"{&quot;134233117&quot;:false,&quot;134233118&quot;:false,&quot;134233279&quot;:true,&quot;201341983&quot;:0,&quot;335551550&quot;:0,&quot;335551620&quot;:0,&quot;335557856&quot;:16777215,&quot;335559738&quot;:0,&quot;335559739&quot;:128,&quot;335559740&quot;:360}\">\u00a0<\/span><\/p>\n<p><span style=\"font-weight: inherit;font-style: inherit\"><span data-contrast=\"none\">\u00a0<\/span>\u00a0<\/span><\/p>\n<p><span style=\"font-weight: inherit;font-style: inherit\"><b><span data-contrast=\"none\">INICIATIVAS PARA EL RELEVO GENERACIONAL<\/span><\/b>\u00a0<\/span><\/p>\n<p><span data-contrast=\"none\"><span style=\"font-weight: inherit;font-style: inherit\">E<\/span><span style=\"font-weight: inherit;font-style: inherit\">s clave que el Gobierno y las comunidades aut\u00f3nomas se pongan de acuerdo en articular apoyos para\u00a0<\/span><\/span><b><span data-contrast=\"none\"><span style=\"font-weight: inherit;font-style: inherit\">fomentar la incorporaci\u00f3n de j\u00f3venes<\/span><\/span><\/b><span data-contrast=\"none\"><span style=\"font-weight: inherit;font-style: inherit\">, y ha anunciado la convocatoria de una Conferencia Sectorial espec\u00edfica para abordar este asunto. <\/span><\/span><\/p>\n<p><span style=\"font-weight: inherit;font-style: inherit\" data-ccp-props=\"{&quot;134233118&quot;:true,&quot;134233279&quot;:true,&quot;201341983&quot;:0,&quot;335559740&quot;:360}\">\u00a0<\/span><\/p>\n","protected":false},"excerpt":{"rendered":"<p>Anuncia la creaci\u00f3n de la Agencia Estatal de Informaci\u00f3n y Control Alimentario, dotado de mayor financiaci\u00f3n y personal, para realizar m\u00e1s inspecciones y mayor n\u00famero de controles de oficio con el objetivo de reforzar la aplicaci\u00f3n la ley de la cadena alimentaria.\u00a0 Se remitir\u00e1 a Bruselas la propuesta de simplificaci\u00f3n de la Pol\u00edtica Agraria Com\u00fan [&hellip;]<\/p>\n","protected":false},"author":12,"featured_media":7660,"comment_status":"open","ping_status":"open","sticky":false,"template":"","format":"standard","meta":{"footnotes":""},"categories":[10,25],"tags":[],"yoast_head":"<!-- This site is optimized with the Yoast SEO plugin v24.5 - https:\/\/yoast.com\/wordpress\/plugins\/seo\/ -->\n<title>Paquete de medidas presentadas el 14 de febrero a las OPAs en la reuni\u00f3n con el ministro Planas - ASAJA Soria<\/title>\n<meta name=\"description\" content=\"Anuncia la creaci\u00f3n de la Agencia Estatal de Informaci\u00f3n y Control Alimentario, dotado de mayor financiaci\u00f3n y personal, para realizar m\u00e1s inspecciones y\" \/>\n<meta name=\"robots\" content=\"index, follow, max-snippet:-1, max-image-preview:large, max-video-preview:-1\" \/>\n<link rel=\"canonical\" href=\"https:\/\/www.asajacyl.com\/soria\/asaja-soria-informa\/paquete-de-medidas-presentadas-el-14-de-febrero-a-las-opas-en-la-reunion-con-el-ministro-planas\" \/>\n<meta property=\"og:locale\" content=\"es_ES\" \/>\n<meta property=\"og:type\" content=\"article\" \/>\n<meta property=\"og:title\" content=\"Paquete de medidas presentadas el 14 de febrero a las OPAs en la reuni\u00f3n con el ministro Planas - ASAJA Soria\" \/>\n<meta property=\"og:description\" content=\"Anuncia la creaci\u00f3n de la Agencia Estatal de Informaci\u00f3n y Control Alimentario, dotado de mayor financiaci\u00f3n y personal, para realizar m\u00e1s inspecciones y\" \/>\n<meta property=\"og:url\" content=\"https:\/\/www.asajacyl.com\/soria\/asaja-soria-informa\/paquete-de-medidas-presentadas-el-14-de-febrero-a-las-opas-en-la-reunion-con-el-ministro-planas\" \/>\n<meta property=\"og:site_name\" content=\"ASAJA Soria\" \/>\n<meta property=\"article:published_time\" content=\"2024-02-16T13:18:56+00:00\" \/>\n<meta property=\"article:modified_time\" content=\"2024-02-16T13:22:36+00:00\" \/>\n<meta property=\"og:image\" content=\"https:\/\/www.asajacyl.com\/soria\/wp-content\/uploads\/sites\/9\/2024\/02\/16022024102112_PORTADA_DET_lplanasyopas-7_tcm30-675301.jpg\" \/>\n\t<meta property=\"og:image:width\" content=\"472\" \/>\n\t<meta property=\"og:image:height\" content=\"314\" \/>\n\t<meta property=\"og:image:type\" content=\"image\/jpeg\" \/>\n<meta name=\"author\" content=\"Juan Ignacio Prieto Nieto\" \/>\n<meta name=\"twitter:card\" content=\"summary_large_image\" \/>\n<meta name=\"twitter:label1\" content=\"Escrito por\" \/>\n\t<meta name=\"twitter:data1\" content=\"Juan Ignacio Prieto Nieto\" \/>\n\t<meta name=\"twitter:label2\" content=\"Tiempo de lectura\" \/>\n\t<meta name=\"twitter:data2\" content=\"6 minutos\" \/>\n<script type=\"application\/ld+json\" class=\"yoast-schema-graph\">{\"@context\":\"https:\/\/schema.org\",\"@graph\":[{\"@type\":\"WebPage\",\"@id\":\"https:\/\/www.asajacyl.com\/soria\/asaja-soria-informa\/paquete-de-medidas-presentadas-el-14-de-febrero-a-las-opas-en-la-reunion-con-el-ministro-planas\",\"url\":\"https:\/\/www.asajacyl.com\/soria\/asaja-soria-informa\/paquete-de-medidas-presentadas-el-14-de-febrero-a-las-opas-en-la-reunion-con-el-ministro-planas\",\"name\":\"Paquete de medidas presentadas el 14 de febrero a las OPAs en la reuni\u00f3n con el ministro Planas - ASAJA Soria\",\"isPartOf\":{\"@id\":\"https:\/\/www.asajacyl.com\/soria\/#website\"},\"primaryImageOfPage\":{\"@id\":\"https:\/\/www.asajacyl.com\/soria\/asaja-soria-informa\/paquete-de-medidas-presentadas-el-14-de-febrero-a-las-opas-en-la-reunion-con-el-ministro-planas#primaryimage\"},\"image\":{\"@id\":\"https:\/\/www.asajacyl.com\/soria\/asaja-soria-informa\/paquete-de-medidas-presentadas-el-14-de-febrero-a-las-opas-en-la-reunion-con-el-ministro-planas#primaryimage\"},\"thumbnailUrl\":\"https:\/\/www.asajacyl.com\/soria\/wp-content\/uploads\/sites\/9\/2024\/02\/16022024102112_PORTADA_DET_lplanasyopas-7_tcm30-675301.jpg\",\"datePublished\":\"2024-02-16T13:18:56+00:00\",\"dateModified\":\"2024-02-16T13:22:36+00:00\",\"author\":{\"@id\":\"https:\/\/www.asajacyl.com\/soria\/#\/schema\/person\/fd3081c40255119ce8133b87e6aedfab\"},\"description\":\"Anuncia la creaci\u00f3n de la Agencia Estatal de Informaci\u00f3n y Control Alimentario, dotado de mayor financiaci\u00f3n y personal, para realizar m\u00e1s inspecciones y\",\"breadcrumb\":{\"@id\":\"https:\/\/www.asajacyl.com\/soria\/asaja-soria-informa\/paquete-de-medidas-presentadas-el-14-de-febrero-a-las-opas-en-la-reunion-con-el-ministro-planas#breadcrumb\"},\"inLanguage\":\"es\",\"potentialAction\":[{\"@type\":\"ReadAction\",\"target\":[\"https:\/\/www.asajacyl.com\/soria\/asaja-soria-informa\/paquete-de-medidas-presentadas-el-14-de-febrero-a-las-opas-en-la-reunion-con-el-ministro-planas\"]}]},{\"@type\":\"ImageObject\",\"inLanguage\":\"es\",\"@id\":\"https:\/\/www.asajacyl.com\/soria\/asaja-soria-informa\/paquete-de-medidas-presentadas-el-14-de-febrero-a-las-opas-en-la-reunion-con-el-ministro-planas#primaryimage\",\"url\":\"https:\/\/www.asajacyl.com\/soria\/wp-content\/uploads\/sites\/9\/2024\/02\/16022024102112_PORTADA_DET_lplanasyopas-7_tcm30-675301.jpg\",\"contentUrl\":\"https:\/\/www.asajacyl.com\/soria\/wp-content\/uploads\/sites\/9\/2024\/02\/16022024102112_PORTADA_DET_lplanasyopas-7_tcm30-675301.jpg\",\"width\":472,\"height\":314},{\"@type\":\"BreadcrumbList\",\"@id\":\"https:\/\/www.asajacyl.com\/soria\/asaja-soria-informa\/paquete-de-medidas-presentadas-el-14-de-febrero-a-las-opas-en-la-reunion-con-el-ministro-planas#breadcrumb\",\"itemListElement\":[{\"@type\":\"ListItem\",\"position\":1,\"name\":\"Portada\",\"item\":\"https:\/\/www.asajacyl.com\/soria\/\"},{\"@type\":\"ListItem\",\"position\":2,\"name\":\"Paquete de medidas presentadas el 14 de febrero a las OPAs en la reuni\u00f3n con el ministro Planas\"}]},{\"@type\":\"WebSite\",\"@id\":\"https:\/\/www.asajacyl.com\/soria\/#website\",\"url\":\"https:\/\/www.asajacyl.com\/soria\/\",\"name\":\"ASAJA Soria\",\"description\":\"Otro sitio m\u00e1s de Provincias ASAJA Castilla y Le\u00f3n\",\"potentialAction\":[{\"@type\":\"SearchAction\",\"target\":{\"@type\":\"EntryPoint\",\"urlTemplate\":\"https:\/\/www.asajacyl.com\/soria\/?s={search_term_string}\"},\"query-input\":{\"@type\":\"PropertyValueSpecification\",\"valueRequired\":true,\"valueName\":\"search_term_string\"}}],\"inLanguage\":\"es\"},{\"@type\":\"Person\",\"@id\":\"https:\/\/www.asajacyl.com\/soria\/#\/schema\/person\/fd3081c40255119ce8133b87e6aedfab\",\"name\":\"Juan Ignacio Prieto Nieto\",\"image\":{\"@type\":\"ImageObject\",\"inLanguage\":\"es\",\"@id\":\"https:\/\/www.asajacyl.com\/soria\/#\/schema\/person\/image\/\",\"url\":\"https:\/\/secure.gravatar.com\/avatar\/8266b36e4d9001acb4700699a2468dc8?s=96&d=mm&r=g\",\"contentUrl\":\"https:\/\/secure.gravatar.com\/avatar\/8266b36e4d9001acb4700699a2468dc8?s=96&d=mm&r=g\",\"caption\":\"Juan Ignacio Prieto Nieto\"},\"url\":\"https:\/\/www.asajacyl.com\/soria\/author\/juanfranciscoby\"}]}<\/script>\n<!-- \/ Yoast SEO plugin. -->","yoast_head_json":{"title":"Paquete de medidas presentadas el 14 de febrero a las OPAs en la reuni\u00f3n con el ministro Planas - ASAJA Soria","description":"Anuncia la creaci\u00f3n de la Agencia Estatal de Informaci\u00f3n y Control Alimentario, dotado de mayor financiaci\u00f3n y personal, para realizar m\u00e1s inspecciones y","robots":{"index":"index","follow":"follow","max-snippet":"max-snippet:-1","max-image-preview":"max-image-preview:large","max-video-preview":"max-video-preview:-1"},"canonical":"https:\/\/www.asajacyl.com\/soria\/asaja-soria-informa\/paquete-de-medidas-presentadas-el-14-de-febrero-a-las-opas-en-la-reunion-con-el-ministro-planas","og_locale":"es_ES","og_type":"article","og_title":"Paquete de medidas presentadas el 14 de febrero a las OPAs en la reuni\u00f3n con el ministro Planas - ASAJA Soria","og_description":"Anuncia la creaci\u00f3n de la Agencia Estatal de Informaci\u00f3n y Control Alimentario, dotado de mayor financiaci\u00f3n y personal, para realizar m\u00e1s inspecciones y","og_url":"https:\/\/www.asajacyl.com\/soria\/asaja-soria-informa\/paquete-de-medidas-presentadas-el-14-de-febrero-a-las-opas-en-la-reunion-con-el-ministro-planas","og_site_name":"ASAJA Soria","article_published_time":"2024-02-16T13:18:56+00:00","article_modified_time":"2024-02-16T13:22:36+00:00","og_image":[{"width":472,"height":314,"url":"https:\/\/www.asajacyl.com\/soria\/wp-content\/uploads\/sites\/9\/2024\/02\/16022024102112_PORTADA_DET_lplanasyopas-7_tcm30-675301.jpg","type":"image\/jpeg"}],"author":"Juan Ignacio Prieto Nieto","twitter_card":"summary_large_image","twitter_misc":{"Escrito por":"Juan Ignacio Prieto Nieto","Tiempo de lectura":"6 minutos"},"schema":{"@context":"https:\/\/schema.org","@graph":[{"@type":"WebPage","@id":"https:\/\/www.asajacyl.com\/soria\/asaja-soria-informa\/paquete-de-medidas-presentadas-el-14-de-febrero-a-las-opas-en-la-reunion-con-el-ministro-planas","url":"https:\/\/www.asajacyl.com\/soria\/asaja-soria-informa\/paquete-de-medidas-presentadas-el-14-de-febrero-a-las-opas-en-la-reunion-con-el-ministro-planas","name":"Paquete de medidas presentadas el 14 de febrero a las OPAs en la reuni\u00f3n con el ministro Planas - ASAJA Soria","isPartOf":{"@id":"https:\/\/www.asajacyl.com\/soria\/#website"},"primaryImageOfPage":{"@id":"https:\/\/www.asajacyl.com\/soria\/asaja-soria-informa\/paquete-de-medidas-presentadas-el-14-de-febrero-a-las-opas-en-la-reunion-con-el-ministro-planas#primaryimage"},"image":{"@id":"https:\/\/www.asajacyl.com\/soria\/asaja-soria-informa\/paquete-de-medidas-presentadas-el-14-de-febrero-a-las-opas-en-la-reunion-con-el-ministro-planas#primaryimage"},"thumbnailUrl":"https:\/\/www.asajacyl.com\/soria\/wp-content\/uploads\/sites\/9\/2024\/02\/16022024102112_PORTADA_DET_lplanasyopas-7_tcm30-675301.jpg","datePublished":"2024-02-16T13:18:56+00:00","dateModified":"2024-02-16T13:22:36+00:00","author":{"@id":"https:\/\/www.asajacyl.com\/soria\/#\/schema\/person\/fd3081c40255119ce8133b87e6aedfab"},"description":"Anuncia la creaci\u00f3n de la Agencia Estatal de Informaci\u00f3n y Control Alimentario, dotado de mayor financiaci\u00f3n y personal, para realizar m\u00e1s inspecciones y","breadcrumb":{"@id":"https:\/\/www.asajacyl.com\/soria\/asaja-soria-informa\/paquete-de-medidas-presentadas-el-14-de-febrero-a-las-opas-en-la-reunion-con-el-ministro-planas#breadcrumb"},"inLanguage":"es","potentialAction":[{"@type":"ReadAction","target":["https:\/\/www.asajacyl.com\/soria\/asaja-soria-informa\/paquete-de-medidas-presentadas-el-14-de-febrero-a-las-opas-en-la-reunion-con-el-ministro-planas"]}]},{"@type":"ImageObject","inLanguage":"es","@id":"https:\/\/www.asajacyl.com\/soria\/asaja-soria-informa\/paquete-de-medidas-presentadas-el-14-de-febrero-a-las-opas-en-la-reunion-con-el-ministro-planas#primaryimage","url":"https:\/\/www.asajacyl.com\/soria\/wp-content\/uploads\/sites\/9\/2024\/02\/16022024102112_PORTADA_DET_lplanasyopas-7_tcm30-675301.jpg","contentUrl":"https:\/\/www.asajacyl.com\/soria\/wp-content\/uploads\/sites\/9\/2024\/02\/16022024102112_PORTADA_DET_lplanasyopas-7_tcm30-675301.jpg","width":472,"height":314},{"@type":"BreadcrumbList","@id":"https:\/\/www.asajacyl.com\/soria\/asaja-soria-informa\/paquete-de-medidas-presentadas-el-14-de-febrero-a-las-opas-en-la-reunion-con-el-ministro-planas#breadcrumb","itemListElement":[{"@type":"ListItem","position":1,"name":"Portada","item":"https:\/\/www.asajacyl.com\/soria\/"},{"@type":"ListItem","position":2,"name":"Paquete de medidas presentadas el 14 de febrero a las OPAs en la reuni\u00f3n con el ministro Planas"}]},{"@type":"WebSite","@id":"https:\/\/www.asajacyl.com\/soria\/#website","url":"https:\/\/www.asajacyl.com\/soria\/","name":"ASAJA Soria","description":"Otro sitio m\u00e1s de Provincias ASAJA Castilla y Le\u00f3n","potentialAction":[{"@type":"SearchAction","target":{"@type":"EntryPoint","urlTemplate":"https:\/\/www.asajacyl.com\/soria\/?s={search_term_string}"},"query-input":{"@type":"PropertyValueSpecification","valueRequired":true,"valueName":"search_term_string"}}],"inLanguage":"es"},{"@type":"Person","@id":"https:\/\/www.asajacyl.com\/soria\/#\/schema\/person\/fd3081c40255119ce8133b87e6aedfab","name":"Juan Ignacio Prieto Nieto","image":{"@type":"ImageObject","inLanguage":"es","@id":"https:\/\/www.asajacyl.com\/soria\/#\/schema\/person\/image\/","url":"https:\/\/secure.gravatar.com\/avatar\/8266b36e4d9001acb4700699a2468dc8?s=96&d=mm&r=g","contentUrl":"https:\/\/secure.gravatar.com\/avatar\/8266b36e4d9001acb4700699a2468dc8?s=96&d=mm&r=g","caption":"Juan Ignacio Prieto Nieto"},"url":"https:\/\/www.asajacyl.com\/soria\/author\/juanfranciscoby"}]}},"_links":{"self":[{"href":"https:\/\/www.asajacyl.com\/soria\/wp-json\/wp\/v2\/posts\/7659"}],"collection":[{"href":"https:\/\/www.asajacyl.com\/soria\/wp-json\/wp\/v2\/posts"}],"about":[{"href":"https:\/\/www.asajacyl.com\/soria\/wp-json\/wp\/v2\/types\/post"}],"author":[{"embeddable":true,"href":"https:\/\/www.asajacyl.com\/soria\/wp-json\/wp\/v2\/users\/12"}],"replies":[{"embeddable":true,"href":"https:\/\/www.asajacyl.com\/soria\/wp-json\/wp\/v2\/comments?post=7659"}],"version-history":[{"count":2,"href":"https:\/\/www.asajacyl.com\/soria\/wp-json\/wp\/v2\/posts\/7659\/revisions"}],"predecessor-version":[{"id":7662,"href":"https:\/\/www.asajacyl.com\/soria\/wp-json\/wp\/v2\/posts\/7659\/revisions\/7662"}],"wp:featuredmedia":[{"embeddable":true,"href":"https:\/\/www.asajacyl.com\/soria\/wp-json\/wp\/v2\/media\/7660"}],"wp:attachment":[{"href":"https:\/\/www.asajacyl.com\/soria\/wp-json\/wp\/v2\/media?parent=7659"}],"wp:term":[{"taxonomy":"category","embeddable":true,"href":"https:\/\/www.asajacyl.com\/soria\/wp-json\/wp\/v2\/categories?post=7659"},{"taxonomy":"post_tag","embeddable":true,"href":"https:\/\/www.asajacyl.com\/soria\/wp-json\/wp\/v2\/tags?post=7659"}],"curies":[{"name":"wp","href":"https:\/\/api.w.org\/{rel}","templated":true}]}}