{"id":7674,"date":"2024-02-22T14:55:42","date_gmt":"2024-02-22T13:55:42","guid":{"rendered":"https:\/\/www.asajacyl.com\/soria\/?p=7674"},"modified":"2024-03-07T10:27:38","modified_gmt":"2024-03-07T09:27:38","slug":"ana-pastor-el-trigo-y-el-girasol-llegan-a-los-puertos-de-manera-descontrolada","status":"publish","type":"post","link":"https:\/\/www.asajacyl.com\/soria\/asaja-soria-informa\/ana-pastor-el-trigo-y-el-girasol-llegan-a-los-puertos-de-manera-descontrolada","title":{"rendered":"Ana Pastor: \u00abEl trigo y el girasol llegan a los puertos de manera descontrolada\u00bb"},"content":{"rendered":"\n<p>ASAJA Soria, muy presente en la protesta en el Puerto de Valencia<\/p>\n\n\n\n<h2 lang=\"zxx\"><span style=\"color: #222222\"><span style=\"font-family: Arial, Helvetica, sans-serif\"><span style=\"font-size: medium\">La organizaci\u00f3n profesional agraria ha portado una pancarta con el lema \u2018Importaciones sin control nos arruinan\u2019<\/span><\/span><\/span><\/h2>\n<p lang=\"zxx\"><span style=\"color: #222222\">&nbsp;<\/span><\/p>\n\n\n\n<p lang=\"zxx\"><span style=\"color: #222222\"><span style=\"font-family: Times New Roman, serif\"><span style=\"font-size: medium\">Una representaci\u00f3n de ASAJA Soria -encabezada por su presidenta, Ana Pastor, y por el vicepresidente, Fernando Borque- acudi\u00f3 esta ma\u00f1ana a la jornada reivindicativa en la que se bloque\u00f3 el Puerto de Valencia, ante la situaci\u00f3n extremadamente cr\u00edtica que est\u00e1n sufriendo los profesionales del sector agrario. La presidenta de ASAJA Soria subi\u00f3, junto a los principales representantes del campo valenciano y manchego, a la tribuna desde la que se pronunciaron los discursos para hablar de las importaciones descontroladas y para animar a todos los agricultores y ganaderos a que acudieran a Madrid el lunes d\u00eda 26 de febrero.<\/span><\/span><\/span><\/p>\n<p lang=\"zxx\"><img loading=\"lazy\" decoding=\"async\" class=\"aligncenter size-full wp-image-7677\" src=\"https:\/\/www.asajacyl.com\/soria\/wp-content\/uploads\/sites\/9\/2024\/02\/IMG_20240222_114123_resized_20240222_011900788.jpg\" alt=\"\" width=\"1875\" height=\"2500\" srcset=\"https:\/\/www.asajacyl.com\/soria\/wp-content\/uploads\/sites\/9\/2024\/02\/IMG_20240222_114123_resized_20240222_011900788.jpg 1875w, https:\/\/www.asajacyl.com\/soria\/wp-content\/uploads\/sites\/9\/2024\/02\/IMG_20240222_114123_resized_20240222_011900788-225x300.jpg 225w, https:\/\/www.asajacyl.com\/soria\/wp-content\/uploads\/sites\/9\/2024\/02\/IMG_20240222_114123_resized_20240222_011900788-768x1024.jpg 768w, https:\/\/www.asajacyl.com\/soria\/wp-content\/uploads\/sites\/9\/2024\/02\/IMG_20240222_114123_resized_20240222_011900788-1152x1536.jpg 1152w, https:\/\/www.asajacyl.com\/soria\/wp-content\/uploads\/sites\/9\/2024\/02\/IMG_20240222_114123_resized_20240222_011900788-1536x2048.jpg 1536w, https:\/\/www.asajacyl.com\/soria\/wp-content\/uploads\/sites\/9\/2024\/02\/IMG_20240222_114123_resized_20240222_011900788-696x928.jpg 696w, https:\/\/www.asajacyl.com\/soria\/wp-content\/uploads\/sites\/9\/2024\/02\/IMG_20240222_114123_resized_20240222_011900788-1068x1424.jpg 1068w, https:\/\/www.asajacyl.com\/soria\/wp-content\/uploads\/sites\/9\/2024\/02\/IMG_20240222_114123_resized_20240222_011900788-315x420.jpg 315w\" sizes=\"(max-width: 1875px) 100vw, 1875px\" \/><\/p>\n<p lang=\"zxx\"><img loading=\"lazy\" decoding=\"async\" class=\"aligncenter size-full wp-image-7676\" src=\"https:\/\/www.asajacyl.com\/soria\/wp-content\/uploads\/sites\/9\/2024\/02\/IMG_20240222_115609_resized_20240222_011859160.jpg\" alt=\"\" width=\"1875\" height=\"2500\" srcset=\"https:\/\/www.asajacyl.com\/soria\/wp-content\/uploads\/sites\/9\/2024\/02\/IMG_20240222_115609_resized_20240222_011859160.jpg 1875w, https:\/\/www.asajacyl.com\/soria\/wp-content\/uploads\/sites\/9\/2024\/02\/IMG_20240222_115609_resized_20240222_011859160-225x300.jpg 225w, https:\/\/www.asajacyl.com\/soria\/wp-content\/uploads\/sites\/9\/2024\/02\/IMG_20240222_115609_resized_20240222_011859160-768x1024.jpg 768w, https:\/\/www.asajacyl.com\/soria\/wp-content\/uploads\/sites\/9\/2024\/02\/IMG_20240222_115609_resized_20240222_011859160-1152x1536.jpg 1152w, https:\/\/www.asajacyl.com\/soria\/wp-content\/uploads\/sites\/9\/2024\/02\/IMG_20240222_115609_resized_20240222_011859160-1536x2048.jpg 1536w, https:\/\/www.asajacyl.com\/soria\/wp-content\/uploads\/sites\/9\/2024\/02\/IMG_20240222_115609_resized_20240222_011859160-696x928.jpg 696w, https:\/\/www.asajacyl.com\/soria\/wp-content\/uploads\/sites\/9\/2024\/02\/IMG_20240222_115609_resized_20240222_011859160-1068x1424.jpg 1068w, https:\/\/www.asajacyl.com\/soria\/wp-content\/uploads\/sites\/9\/2024\/02\/IMG_20240222_115609_resized_20240222_011859160-315x420.jpg 315w\" sizes=\"(max-width: 1875px) 100vw, 1875px\" \/><\/p>\n<p lang=\"zxx\"><span style=\"color: #222222\"><span style=\"font-family: Times New Roman, serif\"><span style=\"font-size: medium\">En plenas d\u00e1rsenas por las que llegan los barcos, Pastor reconoci\u00f3<span style=\"color: #050505\"> que \u201chay que seguir aumentando la presi\u00f3n frente a las distintas administraciones. Desde ASAJA Soria hemos querido apoyar esta manifestaci\u00f3n porque en los puertos hay mucho en juego respecto al futuro de nuestras peque\u00f1as empresas agroganaderas, como tambi\u00e9n lo hay en el Ministerio de Agricultura y en la sede de la Comisi\u00f3n Europea, y por eso acudir el 26 de febrero a Madrid es tan importante\u00bb. <\/span><span style=\"color: #050505\">Y a\u00f1adi\u00f3 que<\/span><span style=\"color: #050505\"> \u00ab<\/span><span style=\"color: #050505\">muchas miradas estar\u00e1n pendientes ese d\u00eda. Se celebra consejo de ministros de la UE y <\/span><span style=\"color: #050505\">tambi\u00e9n<\/span><span style=\"color: #050505\"> nos manifestaremos junto a las opas italianas y portuguesas en Bruselas. Tenemos cosas comunes que reivindicar y ese d\u00eda se pueden tomar decisiones cruciales, as\u00ed que qu\u00e9 mejor se puede hacer el lunes que acudir a la manifestaci\u00f3n a Madrid. <\/span><span style=\"color: #050505\">Para ello, hay autobuses disponibles, conjuntamente con Upa y Coag, para poder <\/span><span style=\"color: #050505\">ir y<\/span> <span style=\"color: #050505\">para empujar en favor del sector y en unidad de acci\u00f3n<\/span><span style=\"color: #050505\">\u00ab.<\/span><\/span><\/span><\/span><\/p>\n<p lang=\"zxx\"><span style=\"font-family: Times New Roman, serif\"><span style=\"font-size: medium\"><span style=\"color: #222222\"><img loading=\"lazy\" decoding=\"async\" class=\"aligncenter size-full wp-image-7683\" src=\"https:\/\/www.asajacyl.com\/soria\/wp-content\/uploads\/sites\/9\/2024\/02\/IMG_20240222_120602_resized_20240222_013029220.jpg\" alt=\"\" width=\"2448\" height=\"1836\" srcset=\"https:\/\/www.asajacyl.com\/soria\/wp-content\/uploads\/sites\/9\/2024\/02\/IMG_20240222_120602_resized_20240222_013029220.jpg 2448w, https:\/\/www.asajacyl.com\/soria\/wp-content\/uploads\/sites\/9\/2024\/02\/IMG_20240222_120602_resized_20240222_013029220-300x225.jpg 300w, https:\/\/www.asajacyl.com\/soria\/wp-content\/uploads\/sites\/9\/2024\/02\/IMG_20240222_120602_resized_20240222_013029220-1024x768.jpg 1024w, https:\/\/www.asajacyl.com\/soria\/wp-content\/uploads\/sites\/9\/2024\/02\/IMG_20240222_120602_resized_20240222_013029220-768x576.jpg 768w, https:\/\/www.asajacyl.com\/soria\/wp-content\/uploads\/sites\/9\/2024\/02\/IMG_20240222_120602_resized_20240222_013029220-1536x1152.jpg 1536w, https:\/\/www.asajacyl.com\/soria\/wp-content\/uploads\/sites\/9\/2024\/02\/IMG_20240222_120602_resized_20240222_013029220-2048x1536.jpg 2048w, https:\/\/www.asajacyl.com\/soria\/wp-content\/uploads\/sites\/9\/2024\/02\/IMG_20240222_120602_resized_20240222_013029220-696x522.jpg 696w, https:\/\/www.asajacyl.com\/soria\/wp-content\/uploads\/sites\/9\/2024\/02\/IMG_20240222_120602_resized_20240222_013029220-1068x801.jpg 1068w, https:\/\/www.asajacyl.com\/soria\/wp-content\/uploads\/sites\/9\/2024\/02\/IMG_20240222_120602_resized_20240222_013029220-1920x1440.jpg 1920w, https:\/\/www.asajacyl.com\/soria\/wp-content\/uploads\/sites\/9\/2024\/02\/IMG_20240222_120602_resized_20240222_013029220-560x420.jpg 560w, https:\/\/www.asajacyl.com\/soria\/wp-content\/uploads\/sites\/9\/2024\/02\/IMG_20240222_120602_resized_20240222_013029220-80x60.jpg 80w\" sizes=\"(max-width: 2448px) 100vw, 2448px\" \/>Para ASAJA, \u201c<\/span>no puede ser que un agricultor soriano no pueda vender su cereal y los puertos est\u00e9n llenos de girasol y cereales que entran de forma descontrolada, en peores condiciones, en muchos casos tratado con productos prohibidos en nuestro pa\u00eds\u201d.\u00a0<\/span><\/span><\/p>\n<p lang=\"zxx\"><img loading=\"lazy\" decoding=\"async\" class=\"aligncenter size-full wp-image-7675\" src=\"https:\/\/www.asajacyl.com\/soria\/wp-content\/uploads\/sites\/9\/2024\/02\/IMG_3356.jpg\" alt=\"\" width=\"1863\" height=\"2500\" srcset=\"https:\/\/www.asajacyl.com\/soria\/wp-content\/uploads\/sites\/9\/2024\/02\/IMG_3356.jpg 1863w, https:\/\/www.asajacyl.com\/soria\/wp-content\/uploads\/sites\/9\/2024\/02\/IMG_3356-224x300.jpg 224w, https:\/\/www.asajacyl.com\/soria\/wp-content\/uploads\/sites\/9\/2024\/02\/IMG_3356-763x1024.jpg 763w, https:\/\/www.asajacyl.com\/soria\/wp-content\/uploads\/sites\/9\/2024\/02\/IMG_3356-768x1031.jpg 768w, https:\/\/www.asajacyl.com\/soria\/wp-content\/uploads\/sites\/9\/2024\/02\/IMG_3356-1145x1536.jpg 1145w, https:\/\/www.asajacyl.com\/soria\/wp-content\/uploads\/sites\/9\/2024\/02\/IMG_3356-1526x2048.jpg 1526w, https:\/\/www.asajacyl.com\/soria\/wp-content\/uploads\/sites\/9\/2024\/02\/IMG_3356-696x934.jpg 696w, https:\/\/www.asajacyl.com\/soria\/wp-content\/uploads\/sites\/9\/2024\/02\/IMG_3356-1068x1433.jpg 1068w, https:\/\/www.asajacyl.com\/soria\/wp-content\/uploads\/sites\/9\/2024\/02\/IMG_3356-313x420.jpg 313w\" sizes=\"(max-width: 1863px) 100vw, 1863px\" \/><\/p>\n<p lang=\"zxx\"><img loading=\"lazy\" decoding=\"async\" class=\"aligncenter size-full wp-image-7695\" src=\"https:\/\/www.asajacyl.com\/soria\/wp-content\/uploads\/sites\/9\/2024\/02\/IMG_3523.jpg\" alt=\"\" width=\"2500\" height=\"1875\" srcset=\"https:\/\/www.asajacyl.com\/soria\/wp-content\/uploads\/sites\/9\/2024\/02\/IMG_3523.jpg 2500w, https:\/\/www.asajacyl.com\/soria\/wp-content\/uploads\/sites\/9\/2024\/02\/IMG_3523-300x225.jpg 300w, https:\/\/www.asajacyl.com\/soria\/wp-content\/uploads\/sites\/9\/2024\/02\/IMG_3523-1024x768.jpg 1024w, https:\/\/www.asajacyl.com\/soria\/wp-content\/uploads\/sites\/9\/2024\/02\/IMG_3523-768x576.jpg 768w, https:\/\/www.asajacyl.com\/soria\/wp-content\/uploads\/sites\/9\/2024\/02\/IMG_3523-1536x1152.jpg 1536w, https:\/\/www.asajacyl.com\/soria\/wp-content\/uploads\/sites\/9\/2024\/02\/IMG_3523-2048x1536.jpg 2048w, https:\/\/www.asajacyl.com\/soria\/wp-content\/uploads\/sites\/9\/2024\/02\/IMG_3523-696x522.jpg 696w, https:\/\/www.asajacyl.com\/soria\/wp-content\/uploads\/sites\/9\/2024\/02\/IMG_3523-1068x801.jpg 1068w, https:\/\/www.asajacyl.com\/soria\/wp-content\/uploads\/sites\/9\/2024\/02\/IMG_3523-1920x1440.jpg 1920w, https:\/\/www.asajacyl.com\/soria\/wp-content\/uploads\/sites\/9\/2024\/02\/IMG_3523-560x420.jpg 560w, https:\/\/www.asajacyl.com\/soria\/wp-content\/uploads\/sites\/9\/2024\/02\/IMG_3523-80x60.jpg 80w\" sizes=\"(max-width: 2500px) 100vw, 2500px\" \/> <img loading=\"lazy\" decoding=\"async\" class=\"aligncenter size-full wp-image-7696\" src=\"https:\/\/www.asajacyl.com\/soria\/wp-content\/uploads\/sites\/9\/2024\/02\/IMG_3497.jpg\" alt=\"\" width=\"2500\" height=\"1875\" srcset=\"https:\/\/www.asajacyl.com\/soria\/wp-content\/uploads\/sites\/9\/2024\/02\/IMG_3497.jpg 2500w, https:\/\/www.asajacyl.com\/soria\/wp-content\/uploads\/sites\/9\/2024\/02\/IMG_3497-300x225.jpg 300w, https:\/\/www.asajacyl.com\/soria\/wp-content\/uploads\/sites\/9\/2024\/02\/IMG_3497-1024x768.jpg 1024w, https:\/\/www.asajacyl.com\/soria\/wp-content\/uploads\/sites\/9\/2024\/02\/IMG_3497-768x576.jpg 768w, https:\/\/www.asajacyl.com\/soria\/wp-content\/uploads\/sites\/9\/2024\/02\/IMG_3497-1536x1152.jpg 1536w, https:\/\/www.asajacyl.com\/soria\/wp-content\/uploads\/sites\/9\/2024\/02\/IMG_3497-2048x1536.jpg 2048w, https:\/\/www.asajacyl.com\/soria\/wp-content\/uploads\/sites\/9\/2024\/02\/IMG_3497-696x522.jpg 696w, https:\/\/www.asajacyl.com\/soria\/wp-content\/uploads\/sites\/9\/2024\/02\/IMG_3497-1068x801.jpg 1068w, https:\/\/www.asajacyl.com\/soria\/wp-content\/uploads\/sites\/9\/2024\/02\/IMG_3497-1920x1440.jpg 1920w, https:\/\/www.asajacyl.com\/soria\/wp-content\/uploads\/sites\/9\/2024\/02\/IMG_3497-560x420.jpg 560w, https:\/\/www.asajacyl.com\/soria\/wp-content\/uploads\/sites\/9\/2024\/02\/IMG_3497-80x60.jpg 80w\" sizes=\"(max-width: 2500px) 100vw, 2500px\" \/><\/p>\n<p lang=\"zxx\"><span style=\"color: #222222\"><span style=\"font-family: Times New Roman, serif\"><span style=\"font-size: medium\">ASAJA Soria, con una pancarta en la que pod\u00eda leerse: \u2018 importaciones sin control nos arruinan\u2018, ha pedido a orillas del Mediterr\u00e1neo, en el segundo puerto con m\u00e1s volumen de Espa\u00f1a, que se <span style=\"color: #242424\">tenga en cuenta la opini\u00f3n de los agricultores y que se garantice la preferencia comunitaria y la reciprocidad con las importaciones de pa\u00edses terceros,\u00a0<\/span><\/span><span style=\"color: #242424\">que se frenen los abusos comerciales y los bajos precios, y un cumplimiento estricto de la Ley de la Cadena Alimentaria.<\/span><\/span><\/span><\/p>\n<p lang=\"zxx\"><img loading=\"lazy\" decoding=\"async\" class=\"aligncenter size-full wp-image-7698\" src=\"https:\/\/www.asajacyl.com\/soria\/wp-content\/uploads\/sites\/9\/2024\/02\/53f6dc40-9e6a-4506-8127-868920c1fb7b.jpg\" alt=\"\" width=\"1280\" height=\"960\" srcset=\"https:\/\/www.asajacyl.com\/soria\/wp-content\/uploads\/sites\/9\/2024\/02\/53f6dc40-9e6a-4506-8127-868920c1fb7b.jpg 1280w, https:\/\/www.asajacyl.com\/soria\/wp-content\/uploads\/sites\/9\/2024\/02\/53f6dc40-9e6a-4506-8127-868920c1fb7b-300x225.jpg 300w, https:\/\/www.asajacyl.com\/soria\/wp-content\/uploads\/sites\/9\/2024\/02\/53f6dc40-9e6a-4506-8127-868920c1fb7b-1024x768.jpg 1024w, https:\/\/www.asajacyl.com\/soria\/wp-content\/uploads\/sites\/9\/2024\/02\/53f6dc40-9e6a-4506-8127-868920c1fb7b-768x576.jpg 768w, https:\/\/www.asajacyl.com\/soria\/wp-content\/uploads\/sites\/9\/2024\/02\/53f6dc40-9e6a-4506-8127-868920c1fb7b-696x522.jpg 696w, https:\/\/www.asajacyl.com\/soria\/wp-content\/uploads\/sites\/9\/2024\/02\/53f6dc40-9e6a-4506-8127-868920c1fb7b-1068x801.jpg 1068w, https:\/\/www.asajacyl.com\/soria\/wp-content\/uploads\/sites\/9\/2024\/02\/53f6dc40-9e6a-4506-8127-868920c1fb7b-560x420.jpg 560w, https:\/\/www.asajacyl.com\/soria\/wp-content\/uploads\/sites\/9\/2024\/02\/53f6dc40-9e6a-4506-8127-868920c1fb7b-80x60.jpg 80w\" sizes=\"(max-width: 1280px) 100vw, 1280px\" \/><\/p>\n<p lang=\"zxx\"><img loading=\"lazy\" decoding=\"async\" class=\"aligncenter size-full wp-image-7685\" src=\"https:\/\/www.asajacyl.com\/soria\/wp-content\/uploads\/sites\/9\/2024\/02\/Videoframe_20240222_132613_com.huawei.himovie.overseas_resized_20240222_012639714.jpg\" alt=\"\" width=\"1440\" height=\"810\" srcset=\"https:\/\/www.asajacyl.com\/soria\/wp-content\/uploads\/sites\/9\/2024\/02\/Videoframe_20240222_132613_com.huawei.himovie.overseas_resized_20240222_012639714.jpg 1440w, https:\/\/www.asajacyl.com\/soria\/wp-content\/uploads\/sites\/9\/2024\/02\/Videoframe_20240222_132613_com.huawei.himovie.overseas_resized_20240222_012639714-300x169.jpg 300w, https:\/\/www.asajacyl.com\/soria\/wp-content\/uploads\/sites\/9\/2024\/02\/Videoframe_20240222_132613_com.huawei.himovie.overseas_resized_20240222_012639714-1024x576.jpg 1024w, https:\/\/www.asajacyl.com\/soria\/wp-content\/uploads\/sites\/9\/2024\/02\/Videoframe_20240222_132613_com.huawei.himovie.overseas_resized_20240222_012639714-768x432.jpg 768w, https:\/\/www.asajacyl.com\/soria\/wp-content\/uploads\/sites\/9\/2024\/02\/Videoframe_20240222_132613_com.huawei.himovie.overseas_resized_20240222_012639714-696x392.jpg 696w, https:\/\/www.asajacyl.com\/soria\/wp-content\/uploads\/sites\/9\/2024\/02\/Videoframe_20240222_132613_com.huawei.himovie.overseas_resized_20240222_012639714-1068x601.jpg 1068w, https:\/\/www.asajacyl.com\/soria\/wp-content\/uploads\/sites\/9\/2024\/02\/Videoframe_20240222_132613_com.huawei.himovie.overseas_resized_20240222_012639714-747x420.jpg 747w\" sizes=\"(max-width: 1440px) 100vw, 1440px\" \/><\/p>\n<p lang=\"zxx\">\u00a0<\/p>\n<p lang=\"zxx\"><img loading=\"lazy\" decoding=\"async\" class=\"aligncenter size-full wp-image-7686\" src=\"https:\/\/www.asajacyl.com\/soria\/wp-content\/uploads\/sites\/9\/2024\/02\/IMG_20240222_104042_resized_20240222_013101029.jpg\" alt=\"\" width=\"2448\" height=\"1836\" srcset=\"https:\/\/www.asajacyl.com\/soria\/wp-content\/uploads\/sites\/9\/2024\/02\/IMG_20240222_104042_resized_20240222_013101029.jpg 2448w, https:\/\/www.asajacyl.com\/soria\/wp-content\/uploads\/sites\/9\/2024\/02\/IMG_20240222_104042_resized_20240222_013101029-300x225.jpg 300w, https:\/\/www.asajacyl.com\/soria\/wp-content\/uploads\/sites\/9\/2024\/02\/IMG_20240222_104042_resized_20240222_013101029-1024x768.jpg 1024w, https:\/\/www.asajacyl.com\/soria\/wp-content\/uploads\/sites\/9\/2024\/02\/IMG_20240222_104042_resized_20240222_013101029-768x576.jpg 768w, https:\/\/www.asajacyl.com\/soria\/wp-content\/uploads\/sites\/9\/2024\/02\/IMG_20240222_104042_resized_20240222_013101029-1536x1152.jpg 1536w, https:\/\/www.asajacyl.com\/soria\/wp-content\/uploads\/sites\/9\/2024\/02\/IMG_20240222_104042_resized_20240222_013101029-2048x1536.jpg 2048w, https:\/\/www.asajacyl.com\/soria\/wp-content\/uploads\/sites\/9\/2024\/02\/IMG_20240222_104042_resized_20240222_013101029-696x522.jpg 696w, https:\/\/www.asajacyl.com\/soria\/wp-content\/uploads\/sites\/9\/2024\/02\/IMG_20240222_104042_resized_20240222_013101029-1068x801.jpg 1068w, https:\/\/www.asajacyl.com\/soria\/wp-content\/uploads\/sites\/9\/2024\/02\/IMG_20240222_104042_resized_20240222_013101029-1920x1440.jpg 1920w, https:\/\/www.asajacyl.com\/soria\/wp-content\/uploads\/sites\/9\/2024\/02\/IMG_20240222_104042_resized_20240222_013101029-560x420.jpg 560w, https:\/\/www.asajacyl.com\/soria\/wp-content\/uploads\/sites\/9\/2024\/02\/IMG_20240222_104042_resized_20240222_013101029-80x60.jpg 80w\" sizes=\"(max-width: 2448px) 100vw, 2448px\" \/><\/p>\n<p lang=\"zxx\"><span style=\"font-family: Arial, Helvetica, sans-serif\"><span style=\"font-size: medium\"><span style=\"color: #000000\"><span style=\"font-family: Times New Roman, serif\"><span style=\"color: #222222\">El cereal, la carne, el girasol y el vino son algunos de los ejemplos de productos que vienen de terceros pa\u00edses con una normativa y pol\u00edtica de fitosanitarios, semillas, y otros aspectos menos exigentes con respecto a lo que tienen que cumplir los agricultores y ganaderos espa\u00f1oles y tambi\u00e9n concretamente de Soria.<\/span><\/span><\/span><span style=\"color: #000000\">\u00a0<\/span><\/span><\/span><\/p>\n<p lang=\"zxx\"><img loading=\"lazy\" decoding=\"async\" class=\"aligncenter size-full wp-image-7692\" src=\"https:\/\/www.asajacyl.com\/soria\/wp-content\/uploads\/sites\/9\/2024\/02\/IMG_3569.jpg\" alt=\"\" width=\"1863\" height=\"2500\" srcset=\"https:\/\/www.asajacyl.com\/soria\/wp-content\/uploads\/sites\/9\/2024\/02\/IMG_3569.jpg 1863w, https:\/\/www.asajacyl.com\/soria\/wp-content\/uploads\/sites\/9\/2024\/02\/IMG_3569-224x300.jpg 224w, https:\/\/www.asajacyl.com\/soria\/wp-content\/uploads\/sites\/9\/2024\/02\/IMG_3569-763x1024.jpg 763w, https:\/\/www.asajacyl.com\/soria\/wp-content\/uploads\/sites\/9\/2024\/02\/IMG_3569-768x1031.jpg 768w, https:\/\/www.asajacyl.com\/soria\/wp-content\/uploads\/sites\/9\/2024\/02\/IMG_3569-1145x1536.jpg 1145w, https:\/\/www.asajacyl.com\/soria\/wp-content\/uploads\/sites\/9\/2024\/02\/IMG_3569-1526x2048.jpg 1526w, https:\/\/www.asajacyl.com\/soria\/wp-content\/uploads\/sites\/9\/2024\/02\/IMG_3569-696x934.jpg 696w, https:\/\/www.asajacyl.com\/soria\/wp-content\/uploads\/sites\/9\/2024\/02\/IMG_3569-1068x1433.jpg 1068w, https:\/\/www.asajacyl.com\/soria\/wp-content\/uploads\/sites\/9\/2024\/02\/IMG_3569-313x420.jpg 313w\" sizes=\"(max-width: 1863px) 100vw, 1863px\" \/><\/p>\n<p lang=\"zxx\"><img loading=\"lazy\" decoding=\"async\" class=\"aligncenter size-full wp-image-7688\" src=\"https:\/\/www.asajacyl.com\/soria\/wp-content\/uploads\/sites\/9\/2024\/02\/IMG_20240222_103307_resized_20240222_013136555.jpg\" alt=\"\" width=\"2500\" height=\"1875\" srcset=\"https:\/\/www.asajacyl.com\/soria\/wp-content\/uploads\/sites\/9\/2024\/02\/IMG_20240222_103307_resized_20240222_013136555.jpg 2500w, https:\/\/www.asajacyl.com\/soria\/wp-content\/uploads\/sites\/9\/2024\/02\/IMG_20240222_103307_resized_20240222_013136555-300x225.jpg 300w, https:\/\/www.asajacyl.com\/soria\/wp-content\/uploads\/sites\/9\/2024\/02\/IMG_20240222_103307_resized_20240222_013136555-1024x768.jpg 1024w, https:\/\/www.asajacyl.com\/soria\/wp-content\/uploads\/sites\/9\/2024\/02\/IMG_20240222_103307_resized_20240222_013136555-768x576.jpg 768w, https:\/\/www.asajacyl.com\/soria\/wp-content\/uploads\/sites\/9\/2024\/02\/IMG_20240222_103307_resized_20240222_013136555-1536x1152.jpg 1536w, https:\/\/www.asajacyl.com\/soria\/wp-content\/uploads\/sites\/9\/2024\/02\/IMG_20240222_103307_resized_20240222_013136555-2048x1536.jpg 2048w, https:\/\/www.asajacyl.com\/soria\/wp-content\/uploads\/sites\/9\/2024\/02\/IMG_20240222_103307_resized_20240222_013136555-696x522.jpg 696w, https:\/\/www.asajacyl.com\/soria\/wp-content\/uploads\/sites\/9\/2024\/02\/IMG_20240222_103307_resized_20240222_013136555-1068x801.jpg 1068w, https:\/\/www.asajacyl.com\/soria\/wp-content\/uploads\/sites\/9\/2024\/02\/IMG_20240222_103307_resized_20240222_013136555-1920x1440.jpg 1920w, https:\/\/www.asajacyl.com\/soria\/wp-content\/uploads\/sites\/9\/2024\/02\/IMG_20240222_103307_resized_20240222_013136555-560x420.jpg 560w, https:\/\/www.asajacyl.com\/soria\/wp-content\/uploads\/sites\/9\/2024\/02\/IMG_20240222_103307_resized_20240222_013136555-80x60.jpg 80w\" sizes=\"(max-width: 2500px) 100vw, 2500px\" \/><\/p>\n<p lang=\"zxx\">\u00a0<\/p>\n<p lang=\"zxx\"><img loading=\"lazy\" decoding=\"async\" class=\"aligncenter size-full wp-image-7687\" src=\"https:\/\/www.asajacyl.com\/soria\/wp-content\/uploads\/sites\/9\/2024\/02\/IMG_20240222_103808_resized_20240222_013114740.jpg\" alt=\"\" width=\"2448\" height=\"1836\" srcset=\"https:\/\/www.asajacyl.com\/soria\/wp-content\/uploads\/sites\/9\/2024\/02\/IMG_20240222_103808_resized_20240222_013114740.jpg 2448w, https:\/\/www.asajacyl.com\/soria\/wp-content\/uploads\/sites\/9\/2024\/02\/IMG_20240222_103808_resized_20240222_013114740-300x225.jpg 300w, https:\/\/www.asajacyl.com\/soria\/wp-content\/uploads\/sites\/9\/2024\/02\/IMG_20240222_103808_resized_20240222_013114740-1024x768.jpg 1024w, https:\/\/www.asajacyl.com\/soria\/wp-content\/uploads\/sites\/9\/2024\/02\/IMG_20240222_103808_resized_20240222_013114740-768x576.jpg 768w, https:\/\/www.asajacyl.com\/soria\/wp-content\/uploads\/sites\/9\/2024\/02\/IMG_20240222_103808_resized_20240222_013114740-1536x1152.jpg 1536w, https:\/\/www.asajacyl.com\/soria\/wp-content\/uploads\/sites\/9\/2024\/02\/IMG_20240222_103808_resized_20240222_013114740-2048x1536.jpg 2048w, https:\/\/www.asajacyl.com\/soria\/wp-content\/uploads\/sites\/9\/2024\/02\/IMG_20240222_103808_resized_20240222_013114740-696x522.jpg 696w, https:\/\/www.asajacyl.com\/soria\/wp-content\/uploads\/sites\/9\/2024\/02\/IMG_20240222_103808_resized_20240222_013114740-1068x801.jpg 1068w, https:\/\/www.asajacyl.com\/soria\/wp-content\/uploads\/sites\/9\/2024\/02\/IMG_20240222_103808_resized_20240222_013114740-1920x1440.jpg 1920w, https:\/\/www.asajacyl.com\/soria\/wp-content\/uploads\/sites\/9\/2024\/02\/IMG_20240222_103808_resized_20240222_013114740-560x420.jpg 560w, https:\/\/www.asajacyl.com\/soria\/wp-content\/uploads\/sites\/9\/2024\/02\/IMG_20240222_103808_resized_20240222_013114740-80x60.jpg 80w\" sizes=\"(max-width: 2448px) 100vw, 2448px\" \/><\/p>\n<p lang=\"zxx\"><span style=\"font-family: Times New Roman, serif\"><span style=\"font-size: medium\"><span style=\"color: #000000\">Uno de los puntos reivindicativos de mayor importancia en el puerto valenciano ha sido el de la reciprocidad en las relaciones comerciales con terceros pa\u00edses, exigiendo las mismas normas de producci\u00f3n y comercializaci\u00f3n vigentes en Europa y estableciendo cl\u00e1usulas espejo. Y, junto a todo eso, a\u00f1adiendo un mayor aumento del control sanitario de producciones primarias en las fronteras.<\/span><\/span><\/span><\/p>\n<p lang=\"zxx\"><img loading=\"lazy\" decoding=\"async\" class=\"aligncenter size-full wp-image-7691\" src=\"https:\/\/www.asajacyl.com\/soria\/wp-content\/uploads\/sites\/9\/2024\/02\/IMG_3581.jpg\" alt=\"\" width=\"2500\" height=\"1875\" srcset=\"https:\/\/www.asajacyl.com\/soria\/wp-content\/uploads\/sites\/9\/2024\/02\/IMG_3581.jpg 2500w, https:\/\/www.asajacyl.com\/soria\/wp-content\/uploads\/sites\/9\/2024\/02\/IMG_3581-300x225.jpg 300w, https:\/\/www.asajacyl.com\/soria\/wp-content\/uploads\/sites\/9\/2024\/02\/IMG_3581-1024x768.jpg 1024w, https:\/\/www.asajacyl.com\/soria\/wp-content\/uploads\/sites\/9\/2024\/02\/IMG_3581-768x576.jpg 768w, https:\/\/www.asajacyl.com\/soria\/wp-content\/uploads\/sites\/9\/2024\/02\/IMG_3581-1536x1152.jpg 1536w, https:\/\/www.asajacyl.com\/soria\/wp-content\/uploads\/sites\/9\/2024\/02\/IMG_3581-2048x1536.jpg 2048w, https:\/\/www.asajacyl.com\/soria\/wp-content\/uploads\/sites\/9\/2024\/02\/IMG_3581-696x522.jpg 696w, https:\/\/www.asajacyl.com\/soria\/wp-content\/uploads\/sites\/9\/2024\/02\/IMG_3581-1068x801.jpg 1068w, https:\/\/www.asajacyl.com\/soria\/wp-content\/uploads\/sites\/9\/2024\/02\/IMG_3581-1920x1440.jpg 1920w, https:\/\/www.asajacyl.com\/soria\/wp-content\/uploads\/sites\/9\/2024\/02\/IMG_3581-560x420.jpg 560w, https:\/\/www.asajacyl.com\/soria\/wp-content\/uploads\/sites\/9\/2024\/02\/IMG_3581-80x60.jpg 80w\" sizes=\"(max-width: 2500px) 100vw, 2500px\" \/><\/p>\n<p lang=\"zxx\">\u00a0<\/p>\n<p lang=\"zxx\"><span style=\"color: #222222\">\u00a0<\/span><\/p>\n<p lang=\"zxx\"><span style=\"color: #222222\">\u00a0<\/span><\/p>\n<p lang=\"zxx\"><span style=\"color: #222222\">\u00a0<\/span><\/p>\n","protected":false},"excerpt":{"rendered":"<p>ASAJA Soria, muy presente en la protesta en el Puerto de Valencia La organizaci\u00f3n profesional agraria ha portado una pancarta con el lema \u2018Importaciones sin control nos arruinan\u2019 &nbsp; Una representaci\u00f3n de ASAJA Soria -encabezada por su presidenta, Ana Pastor, y por el vicepresidente, Fernando Borque- acudi\u00f3 esta ma\u00f1ana a la jornada reivindicativa en la [&hellip;]<\/p>\n","protected":false},"author":12,"featured_media":7678,"comment_status":"open","ping_status":"open","sticky":false,"template":"","format":"standard","meta":{"footnotes":""},"categories":[10,25],"tags":[],"yoast_head":"<!-- This site is optimized with the Yoast SEO plugin v24.5 - https:\/\/yoast.com\/wordpress\/plugins\/seo\/ -->\n<title>Ana Pastor: &quot;El trigo y el girasol llegan a los puertos de manera descontrolada&quot; - ASAJA Soria<\/title>\n<meta name=\"description\" content=\"ASAJA Soria, muy presente en la protesta en el Puerto de Valencia La organizaci\u00f3n profesional agraria ha portado una pancarta con el lema \u2018Importaciones\" \/>\n<meta name=\"robots\" content=\"index, follow, max-snippet:-1, max-image-preview:large, max-video-preview:-1\" \/>\n<link rel=\"canonical\" href=\"https:\/\/www.asajacyl.com\/soria\/asaja-soria-informa\/ana-pastor-el-trigo-y-el-girasol-llegan-a-los-puertos-de-manera-descontrolada\" \/>\n<meta property=\"og:locale\" content=\"es_ES\" \/>\n<meta property=\"og:type\" content=\"article\" \/>\n<meta property=\"og:title\" content=\"Ana Pastor: &quot;El trigo y el girasol llegan a los puertos de manera descontrolada&quot; - ASAJA Soria\" \/>\n<meta property=\"og:description\" content=\"ASAJA Soria, muy presente en la protesta en el Puerto de Valencia La organizaci\u00f3n profesional agraria ha portado una pancarta con el lema \u2018Importaciones\" \/>\n<meta property=\"og:url\" content=\"https:\/\/www.asajacyl.com\/soria\/asaja-soria-informa\/ana-pastor-el-trigo-y-el-girasol-llegan-a-los-puertos-de-manera-descontrolada\" \/>\n<meta property=\"og:site_name\" content=\"ASAJA Soria\" \/>\n<meta property=\"article:published_time\" content=\"2024-02-22T13:55:42+00:00\" \/>\n<meta property=\"article:modified_time\" content=\"2024-03-07T09:27:38+00:00\" \/>\n<meta property=\"og:image\" content=\"https:\/\/www.asajacyl.com\/soria\/wp-content\/uploads\/sites\/9\/2024\/02\/Videoframe_20240222_132423_com.huawei.himovie.overseas_resized_20240222_012506177.jpg\" \/>\n\t<meta property=\"og:image:width\" content=\"1440\" \/>\n\t<meta property=\"og:image:height\" content=\"810\" \/>\n\t<meta property=\"og:image:type\" content=\"image\/jpeg\" \/>\n<meta name=\"author\" content=\"Juan Ignacio Prieto Nieto\" \/>\n<meta name=\"twitter:card\" content=\"summary_large_image\" \/>\n<meta name=\"twitter:label1\" content=\"Escrito por\" \/>\n\t<meta name=\"twitter:data1\" content=\"Juan Ignacio Prieto Nieto\" \/>\n\t<meta name=\"twitter:label2\" content=\"Tiempo de lectura\" \/>\n\t<meta name=\"twitter:data2\" content=\"3 minutos\" \/>\n<script type=\"application\/ld+json\" class=\"yoast-schema-graph\">{\"@context\":\"https:\/\/schema.org\",\"@graph\":[{\"@type\":\"WebPage\",\"@id\":\"https:\/\/www.asajacyl.com\/soria\/asaja-soria-informa\/ana-pastor-el-trigo-y-el-girasol-llegan-a-los-puertos-de-manera-descontrolada\",\"url\":\"https:\/\/www.asajacyl.com\/soria\/asaja-soria-informa\/ana-pastor-el-trigo-y-el-girasol-llegan-a-los-puertos-de-manera-descontrolada\",\"name\":\"Ana Pastor: \\\"El trigo y el girasol llegan a los puertos de manera descontrolada\\\" - ASAJA Soria\",\"isPartOf\":{\"@id\":\"https:\/\/www.asajacyl.com\/soria\/#website\"},\"primaryImageOfPage\":{\"@id\":\"https:\/\/www.asajacyl.com\/soria\/asaja-soria-informa\/ana-pastor-el-trigo-y-el-girasol-llegan-a-los-puertos-de-manera-descontrolada#primaryimage\"},\"image\":{\"@id\":\"https:\/\/www.asajacyl.com\/soria\/asaja-soria-informa\/ana-pastor-el-trigo-y-el-girasol-llegan-a-los-puertos-de-manera-descontrolada#primaryimage\"},\"thumbnailUrl\":\"https:\/\/www.asajacyl.com\/soria\/wp-content\/uploads\/sites\/9\/2024\/02\/Videoframe_20240222_132423_com.huawei.himovie.overseas_resized_20240222_012506177.jpg\",\"datePublished\":\"2024-02-22T13:55:42+00:00\",\"dateModified\":\"2024-03-07T09:27:38+00:00\",\"author\":{\"@id\":\"https:\/\/www.asajacyl.com\/soria\/#\/schema\/person\/fd3081c40255119ce8133b87e6aedfab\"},\"description\":\"ASAJA Soria, muy presente en la protesta en el Puerto de Valencia La organizaci\u00f3n profesional agraria ha portado una pancarta con el lema \u2018Importaciones\",\"breadcrumb\":{\"@id\":\"https:\/\/www.asajacyl.com\/soria\/asaja-soria-informa\/ana-pastor-el-trigo-y-el-girasol-llegan-a-los-puertos-de-manera-descontrolada#breadcrumb\"},\"inLanguage\":\"es\",\"potentialAction\":[{\"@type\":\"ReadAction\",\"target\":[\"https:\/\/www.asajacyl.com\/soria\/asaja-soria-informa\/ana-pastor-el-trigo-y-el-girasol-llegan-a-los-puertos-de-manera-descontrolada\"]}]},{\"@type\":\"ImageObject\",\"inLanguage\":\"es\",\"@id\":\"https:\/\/www.asajacyl.com\/soria\/asaja-soria-informa\/ana-pastor-el-trigo-y-el-girasol-llegan-a-los-puertos-de-manera-descontrolada#primaryimage\",\"url\":\"https:\/\/www.asajacyl.com\/soria\/wp-content\/uploads\/sites\/9\/2024\/02\/Videoframe_20240222_132423_com.huawei.himovie.overseas_resized_20240222_012506177.jpg\",\"contentUrl\":\"https:\/\/www.asajacyl.com\/soria\/wp-content\/uploads\/sites\/9\/2024\/02\/Videoframe_20240222_132423_com.huawei.himovie.overseas_resized_20240222_012506177.jpg\",\"width\":1440,\"height\":810},{\"@type\":\"BreadcrumbList\",\"@id\":\"https:\/\/www.asajacyl.com\/soria\/asaja-soria-informa\/ana-pastor-el-trigo-y-el-girasol-llegan-a-los-puertos-de-manera-descontrolada#breadcrumb\",\"itemListElement\":[{\"@type\":\"ListItem\",\"position\":1,\"name\":\"Portada\",\"item\":\"https:\/\/www.asajacyl.com\/soria\/\"},{\"@type\":\"ListItem\",\"position\":2,\"name\":\"Ana Pastor: \u00abEl trigo y el girasol llegan a los puertos de manera descontrolada\u00bb\"}]},{\"@type\":\"WebSite\",\"@id\":\"https:\/\/www.asajacyl.com\/soria\/#website\",\"url\":\"https:\/\/www.asajacyl.com\/soria\/\",\"name\":\"ASAJA Soria\",\"description\":\"Otro sitio m\u00e1s de Provincias ASAJA Castilla y Le\u00f3n\",\"potentialAction\":[{\"@type\":\"SearchAction\",\"target\":{\"@type\":\"EntryPoint\",\"urlTemplate\":\"https:\/\/www.asajacyl.com\/soria\/?s={search_term_string}\"},\"query-input\":{\"@type\":\"PropertyValueSpecification\",\"valueRequired\":true,\"valueName\":\"search_term_string\"}}],\"inLanguage\":\"es\"},{\"@type\":\"Person\",\"@id\":\"https:\/\/www.asajacyl.com\/soria\/#\/schema\/person\/fd3081c40255119ce8133b87e6aedfab\",\"name\":\"Juan Ignacio Prieto Nieto\",\"image\":{\"@type\":\"ImageObject\",\"inLanguage\":\"es\",\"@id\":\"https:\/\/www.asajacyl.com\/soria\/#\/schema\/person\/image\/\",\"url\":\"https:\/\/secure.gravatar.com\/avatar\/8266b36e4d9001acb4700699a2468dc8?s=96&d=mm&r=g\",\"contentUrl\":\"https:\/\/secure.gravatar.com\/avatar\/8266b36e4d9001acb4700699a2468dc8?s=96&d=mm&r=g\",\"caption\":\"Juan Ignacio Prieto Nieto\"},\"url\":\"https:\/\/www.asajacyl.com\/soria\/author\/juanfranciscoby\"}]}<\/script>\n<!-- \/ Yoast SEO plugin. -->","yoast_head_json":{"title":"Ana Pastor: \"El trigo y el girasol llegan a los puertos de manera descontrolada\" - ASAJA Soria","description":"ASAJA Soria, muy presente en la protesta en el Puerto de Valencia La organizaci\u00f3n profesional agraria ha portado una pancarta con el lema \u2018Importaciones","robots":{"index":"index","follow":"follow","max-snippet":"max-snippet:-1","max-image-preview":"max-image-preview:large","max-video-preview":"max-video-preview:-1"},"canonical":"https:\/\/www.asajacyl.com\/soria\/asaja-soria-informa\/ana-pastor-el-trigo-y-el-girasol-llegan-a-los-puertos-de-manera-descontrolada","og_locale":"es_ES","og_type":"article","og_title":"Ana Pastor: \"El trigo y el girasol llegan a los puertos de manera descontrolada\" - ASAJA Soria","og_description":"ASAJA Soria, muy presente en la protesta en el Puerto de Valencia La organizaci\u00f3n profesional agraria ha portado una pancarta con el lema \u2018Importaciones","og_url":"https:\/\/www.asajacyl.com\/soria\/asaja-soria-informa\/ana-pastor-el-trigo-y-el-girasol-llegan-a-los-puertos-de-manera-descontrolada","og_site_name":"ASAJA Soria","article_published_time":"2024-02-22T13:55:42+00:00","article_modified_time":"2024-03-07T09:27:38+00:00","og_image":[{"width":1440,"height":810,"url":"https:\/\/www.asajacyl.com\/soria\/wp-content\/uploads\/sites\/9\/2024\/02\/Videoframe_20240222_132423_com.huawei.himovie.overseas_resized_20240222_012506177.jpg","type":"image\/jpeg"}],"author":"Juan Ignacio Prieto Nieto","twitter_card":"summary_large_image","twitter_misc":{"Escrito por":"Juan Ignacio Prieto Nieto","Tiempo de lectura":"3 minutos"},"schema":{"@context":"https:\/\/schema.org","@graph":[{"@type":"WebPage","@id":"https:\/\/www.asajacyl.com\/soria\/asaja-soria-informa\/ana-pastor-el-trigo-y-el-girasol-llegan-a-los-puertos-de-manera-descontrolada","url":"https:\/\/www.asajacyl.com\/soria\/asaja-soria-informa\/ana-pastor-el-trigo-y-el-girasol-llegan-a-los-puertos-de-manera-descontrolada","name":"Ana Pastor: \"El trigo y el girasol llegan a los puertos de manera descontrolada\" - ASAJA Soria","isPartOf":{"@id":"https:\/\/www.asajacyl.com\/soria\/#website"},"primaryImageOfPage":{"@id":"https:\/\/www.asajacyl.com\/soria\/asaja-soria-informa\/ana-pastor-el-trigo-y-el-girasol-llegan-a-los-puertos-de-manera-descontrolada#primaryimage"},"image":{"@id":"https:\/\/www.asajacyl.com\/soria\/asaja-soria-informa\/ana-pastor-el-trigo-y-el-girasol-llegan-a-los-puertos-de-manera-descontrolada#primaryimage"},"thumbnailUrl":"https:\/\/www.asajacyl.com\/soria\/wp-content\/uploads\/sites\/9\/2024\/02\/Videoframe_20240222_132423_com.huawei.himovie.overseas_resized_20240222_012506177.jpg","datePublished":"2024-02-22T13:55:42+00:00","dateModified":"2024-03-07T09:27:38+00:00","author":{"@id":"https:\/\/www.asajacyl.com\/soria\/#\/schema\/person\/fd3081c40255119ce8133b87e6aedfab"},"description":"ASAJA Soria, muy presente en la protesta en el Puerto de Valencia La organizaci\u00f3n profesional agraria ha portado una pancarta con el lema \u2018Importaciones","breadcrumb":{"@id":"https:\/\/www.asajacyl.com\/soria\/asaja-soria-informa\/ana-pastor-el-trigo-y-el-girasol-llegan-a-los-puertos-de-manera-descontrolada#breadcrumb"},"inLanguage":"es","potentialAction":[{"@type":"ReadAction","target":["https:\/\/www.asajacyl.com\/soria\/asaja-soria-informa\/ana-pastor-el-trigo-y-el-girasol-llegan-a-los-puertos-de-manera-descontrolada"]}]},{"@type":"ImageObject","inLanguage":"es","@id":"https:\/\/www.asajacyl.com\/soria\/asaja-soria-informa\/ana-pastor-el-trigo-y-el-girasol-llegan-a-los-puertos-de-manera-descontrolada#primaryimage","url":"https:\/\/www.asajacyl.com\/soria\/wp-content\/uploads\/sites\/9\/2024\/02\/Videoframe_20240222_132423_com.huawei.himovie.overseas_resized_20240222_012506177.jpg","contentUrl":"https:\/\/www.asajacyl.com\/soria\/wp-content\/uploads\/sites\/9\/2024\/02\/Videoframe_20240222_132423_com.huawei.himovie.overseas_resized_20240222_012506177.jpg","width":1440,"height":810},{"@type":"BreadcrumbList","@id":"https:\/\/www.asajacyl.com\/soria\/asaja-soria-informa\/ana-pastor-el-trigo-y-el-girasol-llegan-a-los-puertos-de-manera-descontrolada#breadcrumb","itemListElement":[{"@type":"ListItem","position":1,"name":"Portada","item":"https:\/\/www.asajacyl.com\/soria\/"},{"@type":"ListItem","position":2,"name":"Ana Pastor: \u00abEl trigo y el girasol llegan a los puertos de manera descontrolada\u00bb"}]},{"@type":"WebSite","@id":"https:\/\/www.asajacyl.com\/soria\/#website","url":"https:\/\/www.asajacyl.com\/soria\/","name":"ASAJA Soria","description":"Otro sitio m\u00e1s de Provincias ASAJA Castilla y Le\u00f3n","potentialAction":[{"@type":"SearchAction","target":{"@type":"EntryPoint","urlTemplate":"https:\/\/www.asajacyl.com\/soria\/?s={search_term_string}"},"query-input":{"@type":"PropertyValueSpecification","valueRequired":true,"valueName":"search_term_string"}}],"inLanguage":"es"},{"@type":"Person","@id":"https:\/\/www.asajacyl.com\/soria\/#\/schema\/person\/fd3081c40255119ce8133b87e6aedfab","name":"Juan Ignacio Prieto Nieto","image":{"@type":"ImageObject","inLanguage":"es","@id":"https:\/\/www.asajacyl.com\/soria\/#\/schema\/person\/image\/","url":"https:\/\/secure.gravatar.com\/avatar\/8266b36e4d9001acb4700699a2468dc8?s=96&d=mm&r=g","contentUrl":"https:\/\/secure.gravatar.com\/avatar\/8266b36e4d9001acb4700699a2468dc8?s=96&d=mm&r=g","caption":"Juan Ignacio Prieto Nieto"},"url":"https:\/\/www.asajacyl.com\/soria\/author\/juanfranciscoby"}]}},"_links":{"self":[{"href":"https:\/\/www.asajacyl.com\/soria\/wp-json\/wp\/v2\/posts\/7674"}],"collection":[{"href":"https:\/\/www.asajacyl.com\/soria\/wp-json\/wp\/v2\/posts"}],"about":[{"href":"https:\/\/www.asajacyl.com\/soria\/wp-json\/wp\/v2\/types\/post"}],"author":[{"embeddable":true,"href":"https:\/\/www.asajacyl.com\/soria\/wp-json\/wp\/v2\/users\/12"}],"replies":[{"embeddable":true,"href":"https:\/\/www.asajacyl.com\/soria\/wp-json\/wp\/v2\/comments?post=7674"}],"version-history":[{"count":9,"href":"https:\/\/www.asajacyl.com\/soria\/wp-json\/wp\/v2\/posts\/7674\/revisions"}],"predecessor-version":[{"id":7708,"href":"https:\/\/www.asajacyl.com\/soria\/wp-json\/wp\/v2\/posts\/7674\/revisions\/7708"}],"wp:featuredmedia":[{"embeddable":true,"href":"https:\/\/www.asajacyl.com\/soria\/wp-json\/wp\/v2\/media\/7678"}],"wp:attachment":[{"href":"https:\/\/www.asajacyl.com\/soria\/wp-json\/wp\/v2\/media?parent=7674"}],"wp:term":[{"taxonomy":"category","embeddable":true,"href":"https:\/\/www.asajacyl.com\/soria\/wp-json\/wp\/v2\/categories?post=7674"},{"taxonomy":"post_tag","embeddable":true,"href":"https:\/\/www.asajacyl.com\/soria\/wp-json\/wp\/v2\/tags?post=7674"}],"curies":[{"name":"wp","href":"https:\/\/api.w.org\/{rel}","templated":true}]}}