{"id":7731,"date":"2024-03-01T19:31:48","date_gmt":"2024-03-01T18:31:48","guid":{"rendered":"https:\/\/www.asajacyl.com\/soria\/?p=7731"},"modified":"2024-03-14T09:03:49","modified_gmt":"2024-03-14T08:03:49","slug":"los-ganaderos-de-extensivo-sorianos-alzan-su-voz-con-sus-explotaciones-en-situacion-limite","status":"publish","type":"post","link":"https:\/\/www.asajacyl.com\/soria\/asaja-soria-informa\/noticias\/los-ganaderos-de-extensivo-sorianos-alzan-su-voz-con-sus-explotaciones-en-situacion-limite","title":{"rendered":"LOS GANADEROS DE EXTENSIVO SORIANOS ALZAN SU VOZ CON SUS EXPLOTACIONES EN SITUACI\u00d3N L\u00cdMITE"},"content":{"rendered":"\n\n\n<p>M\u00e1s de 200 ganaderos de extensivo, junto a algunos agricultores que tambi\u00e9n han querido sumarse, se han concentrado esta ma\u00f1ana frente a la Delegaci\u00f3n Territorial de la Junta de Castilla y Le\u00f3n y de la Subdelegaci\u00f3n del Gobierno, para denunciar la grave situaci\u00f3n que padece el sector y para reclamar un mayor reconocimiento a todos los niveles de las contribuciones que realiza este tipo de ganader\u00eda.<\/p>\n<p>Una representaci\u00f3n, de las sectoriales ganaderas convocantes de ASAJA, UPA y COAG de la provincia, se han reunido en primer lugar con los responsables de la Delegaci\u00f3n Territorial de la Junta de Castilla y Le\u00f3n, encabezados por el secretario de la Delegaci\u00f3n y el jefe del Servicio de Agricultura, Ganader\u00eda y de Desarrollo Rural.<\/p>\n<p>Diego Escalada y Pedro Revuelto por parte de la sectorial ganadera de extensivo de ASAJA Soria, To\u00f1o Medrano por la de UPA y F\u00e9lix Soria y Lorena Genzor por la de COAG, acompa\u00f1ados del ganadero y veterinario Kepa Josu Olabarr\u00eda, han trasmitido las reivindicaciones que el sector considera y son competencia de la administraci\u00f3n regional.<\/p>\n<p><img loading=\"lazy\" decoding=\"async\" class=\"aligncenter size-full wp-image-7738\" src=\"https:\/\/www.asajacyl.com\/soria\/wp-content\/uploads\/sites\/9\/2024\/03\/IMG_6864.jpg\" alt=\"\" width=\"2500\" height=\"1875\" srcset=\"https:\/\/www.asajacyl.com\/soria\/wp-content\/uploads\/sites\/9\/2024\/03\/IMG_6864.jpg 2500w, https:\/\/www.asajacyl.com\/soria\/wp-content\/uploads\/sites\/9\/2024\/03\/IMG_6864-300x225.jpg 300w, https:\/\/www.asajacyl.com\/soria\/wp-content\/uploads\/sites\/9\/2024\/03\/IMG_6864-1024x768.jpg 1024w, https:\/\/www.asajacyl.com\/soria\/wp-content\/uploads\/sites\/9\/2024\/03\/IMG_6864-768x576.jpg 768w, https:\/\/www.asajacyl.com\/soria\/wp-content\/uploads\/sites\/9\/2024\/03\/IMG_6864-1536x1152.jpg 1536w, https:\/\/www.asajacyl.com\/soria\/wp-content\/uploads\/sites\/9\/2024\/03\/IMG_6864-2048x1536.jpg 2048w, https:\/\/www.asajacyl.com\/soria\/wp-content\/uploads\/sites\/9\/2024\/03\/IMG_6864-696x522.jpg 696w, https:\/\/www.asajacyl.com\/soria\/wp-content\/uploads\/sites\/9\/2024\/03\/IMG_6864-1068x801.jpg 1068w, https:\/\/www.asajacyl.com\/soria\/wp-content\/uploads\/sites\/9\/2024\/03\/IMG_6864-1920x1440.jpg 1920w, https:\/\/www.asajacyl.com\/soria\/wp-content\/uploads\/sites\/9\/2024\/03\/IMG_6864-560x420.jpg 560w, https:\/\/www.asajacyl.com\/soria\/wp-content\/uploads\/sites\/9\/2024\/03\/IMG_6864-80x60.jpg 80w\" sizes=\"(max-width: 2500px) 100vw, 2500px\" \/><\/p>\n<p>En la reuni\u00f3n se ha abordado en primer lugar el terrible perjuicio que el nuevo CSP incluido en el SIGPAC para este a\u00f1o va a tener para las explotaciones, que \u201csin comerlo ni beberlo\u201d trae una reducci\u00f3n brutal e inasumible en el c\u00e1lculo de las superficies de pastos que en estos momentos los agricultores deben declarar en sus solicitudes PAC y que supone la puntilla final del ganadero. Ante la denuncia de esta situaci\u00f3n, los responsables de la administraci\u00f3n se han comprometido a recuperar los datos que exist\u00edan del CAP de 2022 para sustituir los actuales nuevos del CSP del PPAC en Soria, algo que se ha valorado positivo y que tranquiliza el \u201cterrible susto\u201d que todos los ganaderos han sufrido en estos \u00faltimos d\u00edas al ver que la superficie admisible para los mismos pastos que se vienen declarando en estos a\u00f1os se reduc\u00edan hasta en un 75% en algunos casos.<\/p>\n<p>Aun as\u00ed, los representantes de las OPAS han dejado claro que volver a recuperar los datos anteriores no significa solucionar el problema de base de algunas zonas como la de Pinares, que llevan padeciendo desde la entrada de la PAC, y que supone un perjuicio enorme al no reconocerse la situaci\u00f3n real de la ganader\u00eda en estas zonas, por lo que reclaman el justo reconocimiento de que se admitan como pastables estas superficies otorg\u00e1ndoles un CSP (antes CAP) que no sea \u201ccero\u201d. La situaci\u00f3n actual es el origen de la imposibilidad real de un rejuvenecimiento del sector.<\/p>\n<p>En la reuni\u00f3n se han destacado tambi\u00e9n los problemas derivados de las campa\u00f1as de saneamiento ganadero. La Junta de CyL se ha comprometido a reforzar con un equipo m\u00e1s para realizar estos saneamientos con el fin de poderlos hacer en fechas menos inoportunas para el ganado. En este \u00e1mbito, preguntado el porqu\u00e9 de no alcanzar el \u201cdoble cero\u201d en tuberculosis bovina, tras el obtenido en el a\u00f1o 2022, la administraci\u00f3n ha respondido que el motivo se debe a dos vac\u00edos sanitarios efectuados en esta campa\u00f1a pasada y a la reincidente positividad de una explotaci\u00f3n de \u201calta gen\u00e9tica\u201d en nuestra provincia.<\/p>\n<p><img loading=\"lazy\" decoding=\"async\" class=\"aligncenter size-full wp-image-7745\" src=\"https:\/\/www.asajacyl.com\/soria\/wp-content\/uploads\/sites\/9\/2024\/03\/IMG_6870.jpg\" alt=\"\" width=\"2500\" height=\"1875\" srcset=\"https:\/\/www.asajacyl.com\/soria\/wp-content\/uploads\/sites\/9\/2024\/03\/IMG_6870.jpg 2500w, https:\/\/www.asajacyl.com\/soria\/wp-content\/uploads\/sites\/9\/2024\/03\/IMG_6870-300x225.jpg 300w, https:\/\/www.asajacyl.com\/soria\/wp-content\/uploads\/sites\/9\/2024\/03\/IMG_6870-1024x768.jpg 1024w, https:\/\/www.asajacyl.com\/soria\/wp-content\/uploads\/sites\/9\/2024\/03\/IMG_6870-768x576.jpg 768w, https:\/\/www.asajacyl.com\/soria\/wp-content\/uploads\/sites\/9\/2024\/03\/IMG_6870-1536x1152.jpg 1536w, https:\/\/www.asajacyl.com\/soria\/wp-content\/uploads\/sites\/9\/2024\/03\/IMG_6870-2048x1536.jpg 2048w, https:\/\/www.asajacyl.com\/soria\/wp-content\/uploads\/sites\/9\/2024\/03\/IMG_6870-696x522.jpg 696w, https:\/\/www.asajacyl.com\/soria\/wp-content\/uploads\/sites\/9\/2024\/03\/IMG_6870-1068x801.jpg 1068w, https:\/\/www.asajacyl.com\/soria\/wp-content\/uploads\/sites\/9\/2024\/03\/IMG_6870-1920x1440.jpg 1920w, https:\/\/www.asajacyl.com\/soria\/wp-content\/uploads\/sites\/9\/2024\/03\/IMG_6870-560x420.jpg 560w, https:\/\/www.asajacyl.com\/soria\/wp-content\/uploads\/sites\/9\/2024\/03\/IMG_6870-80x60.jpg 80w\" sizes=\"(max-width: 2500px) 100vw, 2500px\" \/><\/p>\n<p>Siendo muchos los temas, incluidos otros que corresponden al Servicio de Medio Ambiente, bajo el ofrecimiento de la delegada Territorial, Yolanda de Gregorio a la que le ha resultado imposible asistir, los responsables de las sectoriales ganaderas y Junta de Castilla y Le\u00f3n se han emplazado a reunirse la semana pr\u00f3xima para avanzar en todos los asuntos puestos sobre la mesa y que sean competencia de la administraci\u00f3n regional, comprometi\u00e9ndose a su vez a trasladar aquellos que corresponden a otras instancias.<\/p>\n<p><img loading=\"lazy\" decoding=\"async\" class=\"aligncenter size-full wp-image-7734\" src=\"https:\/\/www.asajacyl.com\/soria\/wp-content\/uploads\/sites\/9\/2024\/03\/BIGV6235.jpg\" alt=\"\" width=\"1600\" height=\"1200\" srcset=\"https:\/\/www.asajacyl.com\/soria\/wp-content\/uploads\/sites\/9\/2024\/03\/BIGV6235.jpg 1600w, https:\/\/www.asajacyl.com\/soria\/wp-content\/uploads\/sites\/9\/2024\/03\/BIGV6235-300x225.jpg 300w, https:\/\/www.asajacyl.com\/soria\/wp-content\/uploads\/sites\/9\/2024\/03\/BIGV6235-1024x768.jpg 1024w, https:\/\/www.asajacyl.com\/soria\/wp-content\/uploads\/sites\/9\/2024\/03\/BIGV6235-768x576.jpg 768w, https:\/\/www.asajacyl.com\/soria\/wp-content\/uploads\/sites\/9\/2024\/03\/BIGV6235-1536x1152.jpg 1536w, https:\/\/www.asajacyl.com\/soria\/wp-content\/uploads\/sites\/9\/2024\/03\/BIGV6235-696x522.jpg 696w, https:\/\/www.asajacyl.com\/soria\/wp-content\/uploads\/sites\/9\/2024\/03\/BIGV6235-1068x801.jpg 1068w, https:\/\/www.asajacyl.com\/soria\/wp-content\/uploads\/sites\/9\/2024\/03\/BIGV6235-560x420.jpg 560w, https:\/\/www.asajacyl.com\/soria\/wp-content\/uploads\/sites\/9\/2024\/03\/BIGV6235-80x60.jpg 80w\" sizes=\"(max-width: 1600px) 100vw, 1600px\" \/><\/p>\n<p>Seguidamente los ganaderos se han trasladado a la Subdelegaci\u00f3n del Gobierno, haciendo entrega de la tabla reivindicativa al subdelegado del Gobierno en Soria, Miguel Latorre, a quien de manera destacada se le ha pedido que se cambie el estatus de protecci\u00f3n del lobo, para su control y que est\u00e1 llevando a serios problemas de ataques en nuestra provincia. Una situaci\u00f3n insostenible y que est\u00e1 ocasionando al abandono de explotaciones.<\/p>\n<p><img loading=\"lazy\" decoding=\"async\" class=\"aligncenter size-full wp-image-7742\" src=\"https:\/\/www.asajacyl.com\/soria\/wp-content\/uploads\/sites\/9\/2024\/03\/LJWO2465.jpg\" alt=\"\" width=\"1600\" height=\"1200\" srcset=\"https:\/\/www.asajacyl.com\/soria\/wp-content\/uploads\/sites\/9\/2024\/03\/LJWO2465.jpg 1600w, https:\/\/www.asajacyl.com\/soria\/wp-content\/uploads\/sites\/9\/2024\/03\/LJWO2465-300x225.jpg 300w, https:\/\/www.asajacyl.com\/soria\/wp-content\/uploads\/sites\/9\/2024\/03\/LJWO2465-1024x768.jpg 1024w, https:\/\/www.asajacyl.com\/soria\/wp-content\/uploads\/sites\/9\/2024\/03\/LJWO2465-768x576.jpg 768w, https:\/\/www.asajacyl.com\/soria\/wp-content\/uploads\/sites\/9\/2024\/03\/LJWO2465-1536x1152.jpg 1536w, https:\/\/www.asajacyl.com\/soria\/wp-content\/uploads\/sites\/9\/2024\/03\/LJWO2465-696x522.jpg 696w, https:\/\/www.asajacyl.com\/soria\/wp-content\/uploads\/sites\/9\/2024\/03\/LJWO2465-1068x801.jpg 1068w, https:\/\/www.asajacyl.com\/soria\/wp-content\/uploads\/sites\/9\/2024\/03\/LJWO2465-560x420.jpg 560w, https:\/\/www.asajacyl.com\/soria\/wp-content\/uploads\/sites\/9\/2024\/03\/LJWO2465-80x60.jpg 80w\" sizes=\"(max-width: 1600px) 100vw, 1600px\" \/><\/p>\n<p>El subdelegado se ha comprometido a trasladar las reivindicaciones de los ganaderos a las administraciones competentes.<\/p>\n<p>Tras la entrega de estas reivindicaciones se ha disuelto la convocatoria, no sin antes recordar que en caso de no verse satisfechas las reivindicaciones y los compromisos expresados volver\u00e1n a convocar actos de protesta.<\/p>\n<p><a href=\"https:\/\/www.asajacyl.com\/soria\/wp-content\/uploads\/sites\/9\/2024\/03\/REVINIDICACIONES-GANADERIA-SORIA-3.pdf\">TABLA REIVINDICATIVA<\/a><\/p>\n<p>&nbsp;<\/p>\n<p><img loading=\"lazy\" decoding=\"async\" class=\"aligncenter size-full wp-image-7733\" src=\"https:\/\/www.asajacyl.com\/soria\/wp-content\/uploads\/sites\/9\/2024\/03\/BIFC7597.jpg\" alt=\"\" width=\"1600\" height=\"1200\" srcset=\"https:\/\/www.asajacyl.com\/soria\/wp-content\/uploads\/sites\/9\/2024\/03\/BIFC7597.jpg 1600w, https:\/\/www.asajacyl.com\/soria\/wp-content\/uploads\/sites\/9\/2024\/03\/BIFC7597-300x225.jpg 300w, https:\/\/www.asajacyl.com\/soria\/wp-content\/uploads\/sites\/9\/2024\/03\/BIFC7597-1024x768.jpg 1024w, https:\/\/www.asajacyl.com\/soria\/wp-content\/uploads\/sites\/9\/2024\/03\/BIFC7597-768x576.jpg 768w, https:\/\/www.asajacyl.com\/soria\/wp-content\/uploads\/sites\/9\/2024\/03\/BIFC7597-1536x1152.jpg 1536w, https:\/\/www.asajacyl.com\/soria\/wp-content\/uploads\/sites\/9\/2024\/03\/BIFC7597-696x522.jpg 696w, https:\/\/www.asajacyl.com\/soria\/wp-content\/uploads\/sites\/9\/2024\/03\/BIFC7597-1068x801.jpg 1068w, https:\/\/www.asajacyl.com\/soria\/wp-content\/uploads\/sites\/9\/2024\/03\/BIFC7597-560x420.jpg 560w, https:\/\/www.asajacyl.com\/soria\/wp-content\/uploads\/sites\/9\/2024\/03\/BIFC7597-80x60.jpg 80w\" sizes=\"(max-width: 1600px) 100vw, 1600px\" \/><\/p>\n<p><img loading=\"lazy\" decoding=\"async\" class=\"aligncenter size-full wp-image-7744\" src=\"https:\/\/www.asajacyl.com\/soria\/wp-content\/uploads\/sites\/9\/2024\/03\/IMG_6873.jpg\" alt=\"\" width=\"2500\" height=\"1875\" srcset=\"https:\/\/www.asajacyl.com\/soria\/wp-content\/uploads\/sites\/9\/2024\/03\/IMG_6873.jpg 2500w, https:\/\/www.asajacyl.com\/soria\/wp-content\/uploads\/sites\/9\/2024\/03\/IMG_6873-300x225.jpg 300w, https:\/\/www.asajacyl.com\/soria\/wp-content\/uploads\/sites\/9\/2024\/03\/IMG_6873-1024x768.jpg 1024w, https:\/\/www.asajacyl.com\/soria\/wp-content\/uploads\/sites\/9\/2024\/03\/IMG_6873-768x576.jpg 768w, https:\/\/www.asajacyl.com\/soria\/wp-content\/uploads\/sites\/9\/2024\/03\/IMG_6873-1536x1152.jpg 1536w, https:\/\/www.asajacyl.com\/soria\/wp-content\/uploads\/sites\/9\/2024\/03\/IMG_6873-2048x1536.jpg 2048w, https:\/\/www.asajacyl.com\/soria\/wp-content\/uploads\/sites\/9\/2024\/03\/IMG_6873-696x522.jpg 696w, https:\/\/www.asajacyl.com\/soria\/wp-content\/uploads\/sites\/9\/2024\/03\/IMG_6873-1068x801.jpg 1068w, https:\/\/www.asajacyl.com\/soria\/wp-content\/uploads\/sites\/9\/2024\/03\/IMG_6873-1920x1440.jpg 1920w, https:\/\/www.asajacyl.com\/soria\/wp-content\/uploads\/sites\/9\/2024\/03\/IMG_6873-560x420.jpg 560w, https:\/\/www.asajacyl.com\/soria\/wp-content\/uploads\/sites\/9\/2024\/03\/IMG_6873-80x60.jpg 80w\" sizes=\"(max-width: 2500px) 100vw, 2500px\" \/><\/p>\n<p><img loading=\"lazy\" decoding=\"async\" class=\"aligncenter size-full wp-image-7736\" src=\"https:\/\/www.asajacyl.com\/soria\/wp-content\/uploads\/sites\/9\/2024\/03\/IMG_6859.jpg\" alt=\"\" width=\"2500\" height=\"1875\" srcset=\"https:\/\/www.asajacyl.com\/soria\/wp-content\/uploads\/sites\/9\/2024\/03\/IMG_6859.jpg 2500w, https:\/\/www.asajacyl.com\/soria\/wp-content\/uploads\/sites\/9\/2024\/03\/IMG_6859-300x225.jpg 300w, https:\/\/www.asajacyl.com\/soria\/wp-content\/uploads\/sites\/9\/2024\/03\/IMG_6859-1024x768.jpg 1024w, https:\/\/www.asajacyl.com\/soria\/wp-content\/uploads\/sites\/9\/2024\/03\/IMG_6859-768x576.jpg 768w, https:\/\/www.asajacyl.com\/soria\/wp-content\/uploads\/sites\/9\/2024\/03\/IMG_6859-1536x1152.jpg 1536w, https:\/\/www.asajacyl.com\/soria\/wp-content\/uploads\/sites\/9\/2024\/03\/IMG_6859-2048x1536.jpg 2048w, https:\/\/www.asajacyl.com\/soria\/wp-content\/uploads\/sites\/9\/2024\/03\/IMG_6859-696x522.jpg 696w, https:\/\/www.asajacyl.com\/soria\/wp-content\/uploads\/sites\/9\/2024\/03\/IMG_6859-1068x801.jpg 1068w, https:\/\/www.asajacyl.com\/soria\/wp-content\/uploads\/sites\/9\/2024\/03\/IMG_6859-1920x1440.jpg 1920w, https:\/\/www.asajacyl.com\/soria\/wp-content\/uploads\/sites\/9\/2024\/03\/IMG_6859-560x420.jpg 560w, https:\/\/www.asajacyl.com\/soria\/wp-content\/uploads\/sites\/9\/2024\/03\/IMG_6859-80x60.jpg 80w\" sizes=\"(max-width: 2500px) 100vw, 2500px\" \/><\/p>\n\n\n","protected":false},"excerpt":{"rendered":"<p>M\u00e1s de 200 ganaderos de extensivo, junto a algunos agricultores que tambi\u00e9n han querido sumarse, se han concentrado esta ma\u00f1ana frente a la Delegaci\u00f3n Territorial de la Junta de Castilla y Le\u00f3n y de la Subdelegaci\u00f3n del Gobierno, para denunciar la grave situaci\u00f3n que padece el sector y para reclamar un mayor reconocimiento a todos [&hellip;]<\/p>\n","protected":false},"author":12,"featured_media":7738,"comment_status":"open","ping_status":"open","sticky":false,"template":"","format":"standard","meta":{"footnotes":""},"categories":[10,25],"tags":[],"yoast_head":"<!-- This site is optimized with the Yoast SEO plugin v24.5 - https:\/\/yoast.com\/wordpress\/plugins\/seo\/ -->\n<title>LOS GANADEROS DE EXTENSIVO SORIANOS ALZAN SU VOZ CON SUS EXPLOTACIONES EN SITUACI\u00d3N L\u00cdMITE - ASAJA Soria<\/title>\n<meta name=\"description\" content=\"M\u00e1s de 200 ganaderos de extensivo, junto a algunos agricultores que tambi\u00e9n han querido sumarse, se han concentrado esta ma\u00f1ana frente a la Delegaci\u00f3n\" \/>\n<meta name=\"robots\" content=\"index, follow, max-snippet:-1, max-image-preview:large, max-video-preview:-1\" \/>\n<link rel=\"canonical\" href=\"https:\/\/www.asajacyl.com\/soria\/asaja-soria-informa\/noticias\/los-ganaderos-de-extensivo-sorianos-alzan-su-voz-con-sus-explotaciones-en-situacion-limite\" \/>\n<meta property=\"og:locale\" content=\"es_ES\" \/>\n<meta property=\"og:type\" content=\"article\" \/>\n<meta property=\"og:title\" content=\"LOS GANADEROS DE EXTENSIVO SORIANOS ALZAN SU VOZ CON SUS EXPLOTACIONES EN SITUACI\u00d3N L\u00cdMITE - ASAJA Soria\" \/>\n<meta property=\"og:description\" content=\"M\u00e1s de 200 ganaderos de extensivo, junto a algunos agricultores que tambi\u00e9n han querido sumarse, se han concentrado esta ma\u00f1ana frente a la Delegaci\u00f3n\" \/>\n<meta property=\"og:url\" content=\"https:\/\/www.asajacyl.com\/soria\/asaja-soria-informa\/noticias\/los-ganaderos-de-extensivo-sorianos-alzan-su-voz-con-sus-explotaciones-en-situacion-limite\" \/>\n<meta property=\"og:site_name\" content=\"ASAJA Soria\" \/>\n<meta property=\"article:published_time\" content=\"2024-03-01T18:31:48+00:00\" \/>\n<meta property=\"article:modified_time\" content=\"2024-03-14T08:03:49+00:00\" \/>\n<meta property=\"og:image\" content=\"https:\/\/www.asajacyl.com\/soria\/wp-content\/uploads\/sites\/9\/2024\/03\/IMG_6864.jpg\" \/>\n\t<meta property=\"og:image:width\" content=\"2500\" \/>\n\t<meta property=\"og:image:height\" content=\"1875\" \/>\n\t<meta property=\"og:image:type\" content=\"image\/jpeg\" \/>\n<meta name=\"author\" content=\"Juan Ignacio Prieto Nieto\" \/>\n<meta name=\"twitter:card\" content=\"summary_large_image\" \/>\n<meta name=\"twitter:label1\" content=\"Escrito por\" \/>\n\t<meta name=\"twitter:data1\" content=\"Juan Ignacio Prieto Nieto\" \/>\n\t<meta name=\"twitter:label2\" content=\"Tiempo de lectura\" \/>\n\t<meta name=\"twitter:data2\" content=\"4 minutos\" \/>\n<script type=\"application\/ld+json\" class=\"yoast-schema-graph\">{\"@context\":\"https:\/\/schema.org\",\"@graph\":[{\"@type\":\"WebPage\",\"@id\":\"https:\/\/www.asajacyl.com\/soria\/asaja-soria-informa\/noticias\/los-ganaderos-de-extensivo-sorianos-alzan-su-voz-con-sus-explotaciones-en-situacion-limite\",\"url\":\"https:\/\/www.asajacyl.com\/soria\/asaja-soria-informa\/noticias\/los-ganaderos-de-extensivo-sorianos-alzan-su-voz-con-sus-explotaciones-en-situacion-limite\",\"name\":\"LOS GANADEROS DE EXTENSIVO SORIANOS ALZAN SU VOZ CON SUS EXPLOTACIONES EN SITUACI\u00d3N L\u00cdMITE - ASAJA Soria\",\"isPartOf\":{\"@id\":\"https:\/\/www.asajacyl.com\/soria\/#website\"},\"primaryImageOfPage\":{\"@id\":\"https:\/\/www.asajacyl.com\/soria\/asaja-soria-informa\/noticias\/los-ganaderos-de-extensivo-sorianos-alzan-su-voz-con-sus-explotaciones-en-situacion-limite#primaryimage\"},\"image\":{\"@id\":\"https:\/\/www.asajacyl.com\/soria\/asaja-soria-informa\/noticias\/los-ganaderos-de-extensivo-sorianos-alzan-su-voz-con-sus-explotaciones-en-situacion-limite#primaryimage\"},\"thumbnailUrl\":\"https:\/\/www.asajacyl.com\/soria\/wp-content\/uploads\/sites\/9\/2024\/03\/IMG_6864.jpg\",\"datePublished\":\"2024-03-01T18:31:48+00:00\",\"dateModified\":\"2024-03-14T08:03:49+00:00\",\"author\":{\"@id\":\"https:\/\/www.asajacyl.com\/soria\/#\/schema\/person\/fd3081c40255119ce8133b87e6aedfab\"},\"description\":\"M\u00e1s de 200 ganaderos de extensivo, junto a algunos agricultores que tambi\u00e9n han querido sumarse, se han concentrado esta ma\u00f1ana frente a la Delegaci\u00f3n\",\"breadcrumb\":{\"@id\":\"https:\/\/www.asajacyl.com\/soria\/asaja-soria-informa\/noticias\/los-ganaderos-de-extensivo-sorianos-alzan-su-voz-con-sus-explotaciones-en-situacion-limite#breadcrumb\"},\"inLanguage\":\"es\",\"potentialAction\":[{\"@type\":\"ReadAction\",\"target\":[\"https:\/\/www.asajacyl.com\/soria\/asaja-soria-informa\/noticias\/los-ganaderos-de-extensivo-sorianos-alzan-su-voz-con-sus-explotaciones-en-situacion-limite\"]}]},{\"@type\":\"ImageObject\",\"inLanguage\":\"es\",\"@id\":\"https:\/\/www.asajacyl.com\/soria\/asaja-soria-informa\/noticias\/los-ganaderos-de-extensivo-sorianos-alzan-su-voz-con-sus-explotaciones-en-situacion-limite#primaryimage\",\"url\":\"https:\/\/www.asajacyl.com\/soria\/wp-content\/uploads\/sites\/9\/2024\/03\/IMG_6864.jpg\",\"contentUrl\":\"https:\/\/www.asajacyl.com\/soria\/wp-content\/uploads\/sites\/9\/2024\/03\/IMG_6864.jpg\",\"width\":2500,\"height\":1875},{\"@type\":\"BreadcrumbList\",\"@id\":\"https:\/\/www.asajacyl.com\/soria\/asaja-soria-informa\/noticias\/los-ganaderos-de-extensivo-sorianos-alzan-su-voz-con-sus-explotaciones-en-situacion-limite#breadcrumb\",\"itemListElement\":[{\"@type\":\"ListItem\",\"position\":1,\"name\":\"Portada\",\"item\":\"https:\/\/www.asajacyl.com\/soria\/\"},{\"@type\":\"ListItem\",\"position\":2,\"name\":\"LOS GANADEROS DE EXTENSIVO SORIANOS ALZAN SU VOZ CON SUS EXPLOTACIONES EN SITUACI\u00d3N L\u00cdMITE\"}]},{\"@type\":\"WebSite\",\"@id\":\"https:\/\/www.asajacyl.com\/soria\/#website\",\"url\":\"https:\/\/www.asajacyl.com\/soria\/\",\"name\":\"ASAJA Soria\",\"description\":\"Otro sitio m\u00e1s de Provincias ASAJA Castilla y Le\u00f3n\",\"potentialAction\":[{\"@type\":\"SearchAction\",\"target\":{\"@type\":\"EntryPoint\",\"urlTemplate\":\"https:\/\/www.asajacyl.com\/soria\/?s={search_term_string}\"},\"query-input\":{\"@type\":\"PropertyValueSpecification\",\"valueRequired\":true,\"valueName\":\"search_term_string\"}}],\"inLanguage\":\"es\"},{\"@type\":\"Person\",\"@id\":\"https:\/\/www.asajacyl.com\/soria\/#\/schema\/person\/fd3081c40255119ce8133b87e6aedfab\",\"name\":\"Juan Ignacio Prieto Nieto\",\"image\":{\"@type\":\"ImageObject\",\"inLanguage\":\"es\",\"@id\":\"https:\/\/www.asajacyl.com\/soria\/#\/schema\/person\/image\/\",\"url\":\"https:\/\/secure.gravatar.com\/avatar\/8266b36e4d9001acb4700699a2468dc8?s=96&d=mm&r=g\",\"contentUrl\":\"https:\/\/secure.gravatar.com\/avatar\/8266b36e4d9001acb4700699a2468dc8?s=96&d=mm&r=g\",\"caption\":\"Juan Ignacio Prieto Nieto\"},\"url\":\"https:\/\/www.asajacyl.com\/soria\/author\/juanfranciscoby\"}]}<\/script>\n<!-- \/ Yoast SEO plugin. -->","yoast_head_json":{"title":"LOS GANADEROS DE EXTENSIVO SORIANOS ALZAN SU VOZ CON SUS EXPLOTACIONES EN SITUACI\u00d3N L\u00cdMITE - ASAJA Soria","description":"M\u00e1s de 200 ganaderos de extensivo, junto a algunos agricultores que tambi\u00e9n han querido sumarse, se han concentrado esta ma\u00f1ana frente a la Delegaci\u00f3n","robots":{"index":"index","follow":"follow","max-snippet":"max-snippet:-1","max-image-preview":"max-image-preview:large","max-video-preview":"max-video-preview:-1"},"canonical":"https:\/\/www.asajacyl.com\/soria\/asaja-soria-informa\/noticias\/los-ganaderos-de-extensivo-sorianos-alzan-su-voz-con-sus-explotaciones-en-situacion-limite","og_locale":"es_ES","og_type":"article","og_title":"LOS GANADEROS DE EXTENSIVO SORIANOS ALZAN SU VOZ CON SUS EXPLOTACIONES EN SITUACI\u00d3N L\u00cdMITE - ASAJA Soria","og_description":"M\u00e1s de 200 ganaderos de extensivo, junto a algunos agricultores que tambi\u00e9n han querido sumarse, se han concentrado esta ma\u00f1ana frente a la Delegaci\u00f3n","og_url":"https:\/\/www.asajacyl.com\/soria\/asaja-soria-informa\/noticias\/los-ganaderos-de-extensivo-sorianos-alzan-su-voz-con-sus-explotaciones-en-situacion-limite","og_site_name":"ASAJA Soria","article_published_time":"2024-03-01T18:31:48+00:00","article_modified_time":"2024-03-14T08:03:49+00:00","og_image":[{"width":2500,"height":1875,"url":"https:\/\/www.asajacyl.com\/soria\/wp-content\/uploads\/sites\/9\/2024\/03\/IMG_6864.jpg","type":"image\/jpeg"}],"author":"Juan Ignacio Prieto Nieto","twitter_card":"summary_large_image","twitter_misc":{"Escrito por":"Juan Ignacio Prieto Nieto","Tiempo de lectura":"4 minutos"},"schema":{"@context":"https:\/\/schema.org","@graph":[{"@type":"WebPage","@id":"https:\/\/www.asajacyl.com\/soria\/asaja-soria-informa\/noticias\/los-ganaderos-de-extensivo-sorianos-alzan-su-voz-con-sus-explotaciones-en-situacion-limite","url":"https:\/\/www.asajacyl.com\/soria\/asaja-soria-informa\/noticias\/los-ganaderos-de-extensivo-sorianos-alzan-su-voz-con-sus-explotaciones-en-situacion-limite","name":"LOS GANADEROS DE EXTENSIVO SORIANOS ALZAN SU VOZ CON SUS EXPLOTACIONES EN SITUACI\u00d3N L\u00cdMITE - ASAJA Soria","isPartOf":{"@id":"https:\/\/www.asajacyl.com\/soria\/#website"},"primaryImageOfPage":{"@id":"https:\/\/www.asajacyl.com\/soria\/asaja-soria-informa\/noticias\/los-ganaderos-de-extensivo-sorianos-alzan-su-voz-con-sus-explotaciones-en-situacion-limite#primaryimage"},"image":{"@id":"https:\/\/www.asajacyl.com\/soria\/asaja-soria-informa\/noticias\/los-ganaderos-de-extensivo-sorianos-alzan-su-voz-con-sus-explotaciones-en-situacion-limite#primaryimage"},"thumbnailUrl":"https:\/\/www.asajacyl.com\/soria\/wp-content\/uploads\/sites\/9\/2024\/03\/IMG_6864.jpg","datePublished":"2024-03-01T18:31:48+00:00","dateModified":"2024-03-14T08:03:49+00:00","author":{"@id":"https:\/\/www.asajacyl.com\/soria\/#\/schema\/person\/fd3081c40255119ce8133b87e6aedfab"},"description":"M\u00e1s de 200 ganaderos de extensivo, junto a algunos agricultores que tambi\u00e9n han querido sumarse, se han concentrado esta ma\u00f1ana frente a la Delegaci\u00f3n","breadcrumb":{"@id":"https:\/\/www.asajacyl.com\/soria\/asaja-soria-informa\/noticias\/los-ganaderos-de-extensivo-sorianos-alzan-su-voz-con-sus-explotaciones-en-situacion-limite#breadcrumb"},"inLanguage":"es","potentialAction":[{"@type":"ReadAction","target":["https:\/\/www.asajacyl.com\/soria\/asaja-soria-informa\/noticias\/los-ganaderos-de-extensivo-sorianos-alzan-su-voz-con-sus-explotaciones-en-situacion-limite"]}]},{"@type":"ImageObject","inLanguage":"es","@id":"https:\/\/www.asajacyl.com\/soria\/asaja-soria-informa\/noticias\/los-ganaderos-de-extensivo-sorianos-alzan-su-voz-con-sus-explotaciones-en-situacion-limite#primaryimage","url":"https:\/\/www.asajacyl.com\/soria\/wp-content\/uploads\/sites\/9\/2024\/03\/IMG_6864.jpg","contentUrl":"https:\/\/www.asajacyl.com\/soria\/wp-content\/uploads\/sites\/9\/2024\/03\/IMG_6864.jpg","width":2500,"height":1875},{"@type":"BreadcrumbList","@id":"https:\/\/www.asajacyl.com\/soria\/asaja-soria-informa\/noticias\/los-ganaderos-de-extensivo-sorianos-alzan-su-voz-con-sus-explotaciones-en-situacion-limite#breadcrumb","itemListElement":[{"@type":"ListItem","position":1,"name":"Portada","item":"https:\/\/www.asajacyl.com\/soria\/"},{"@type":"ListItem","position":2,"name":"LOS GANADEROS DE EXTENSIVO SORIANOS ALZAN SU VOZ CON SUS EXPLOTACIONES EN SITUACI\u00d3N L\u00cdMITE"}]},{"@type":"WebSite","@id":"https:\/\/www.asajacyl.com\/soria\/#website","url":"https:\/\/www.asajacyl.com\/soria\/","name":"ASAJA Soria","description":"Otro sitio m\u00e1s de Provincias ASAJA Castilla y Le\u00f3n","potentialAction":[{"@type":"SearchAction","target":{"@type":"EntryPoint","urlTemplate":"https:\/\/www.asajacyl.com\/soria\/?s={search_term_string}"},"query-input":{"@type":"PropertyValueSpecification","valueRequired":true,"valueName":"search_term_string"}}],"inLanguage":"es"},{"@type":"Person","@id":"https:\/\/www.asajacyl.com\/soria\/#\/schema\/person\/fd3081c40255119ce8133b87e6aedfab","name":"Juan Ignacio Prieto Nieto","image":{"@type":"ImageObject","inLanguage":"es","@id":"https:\/\/www.asajacyl.com\/soria\/#\/schema\/person\/image\/","url":"https:\/\/secure.gravatar.com\/avatar\/8266b36e4d9001acb4700699a2468dc8?s=96&d=mm&r=g","contentUrl":"https:\/\/secure.gravatar.com\/avatar\/8266b36e4d9001acb4700699a2468dc8?s=96&d=mm&r=g","caption":"Juan Ignacio Prieto Nieto"},"url":"https:\/\/www.asajacyl.com\/soria\/author\/juanfranciscoby"}]}},"_links":{"self":[{"href":"https:\/\/www.asajacyl.com\/soria\/wp-json\/wp\/v2\/posts\/7731"}],"collection":[{"href":"https:\/\/www.asajacyl.com\/soria\/wp-json\/wp\/v2\/posts"}],"about":[{"href":"https:\/\/www.asajacyl.com\/soria\/wp-json\/wp\/v2\/types\/post"}],"author":[{"embeddable":true,"href":"https:\/\/www.asajacyl.com\/soria\/wp-json\/wp\/v2\/users\/12"}],"replies":[{"embeddable":true,"href":"https:\/\/www.asajacyl.com\/soria\/wp-json\/wp\/v2\/comments?post=7731"}],"version-history":[{"count":4,"href":"https:\/\/www.asajacyl.com\/soria\/wp-json\/wp\/v2\/posts\/7731\/revisions"}],"predecessor-version":[{"id":7762,"href":"https:\/\/www.asajacyl.com\/soria\/wp-json\/wp\/v2\/posts\/7731\/revisions\/7762"}],"wp:featuredmedia":[{"embeddable":true,"href":"https:\/\/www.asajacyl.com\/soria\/wp-json\/wp\/v2\/media\/7738"}],"wp:attachment":[{"href":"https:\/\/www.asajacyl.com\/soria\/wp-json\/wp\/v2\/media?parent=7731"}],"wp:term":[{"taxonomy":"category","embeddable":true,"href":"https:\/\/www.asajacyl.com\/soria\/wp-json\/wp\/v2\/categories?post=7731"},{"taxonomy":"post_tag","embeddable":true,"href":"https:\/\/www.asajacyl.com\/soria\/wp-json\/wp\/v2\/tags?post=7731"}],"curies":[{"name":"wp","href":"https:\/\/api.w.org\/{rel}","templated":true}]}}