{"id":7765,"date":"2024-03-07T10:32:54","date_gmt":"2024-03-07T09:32:54","guid":{"rendered":"https:\/\/www.asajacyl.com\/soria\/?p=7765"},"modified":"2024-03-07T10:32:56","modified_gmt":"2024-03-07T09:32:56","slug":"articulo-de-opinion-revista-156","status":"publish","type":"post","link":"https:\/\/www.asajacyl.com\/soria\/asaja-soria-informa\/articulo-de-opinion-revista-156","title":{"rendered":"ART\u00cdCULO DE OPINI\u00d3N REVISTA 156."},"content":{"rendered":"\n\n\n<p>Ven\u00edamos avisando, ya lo dijo el presidente regional de ASAJA a finales de 2023\u2026 Donaciano Dujo adelant\u00f3 movilizaciones del sector a principios de primavera, porque \u201cnunca hab\u00eda perdido tanto el campo y hab\u00eda estado en unas condiciones tan complicadas\u201d, por lo que es necesario \u201csalvarlo, ya sea en los despachos o en la calle\u201d. Y asegur\u00f3 que habr\u00e1 que movilizarse, en unidad de acci\u00f3n, para cambiar la situaci\u00f3n y que los \u201ccostes sean asumibles, que el precio de los productos valga y lograr una PAC profesional y productiva; y que las medidas fiscales sean favorables\u201d. Es imposible evitar hablar de la irrupci\u00f3n del movimiento espont\u00e1neo en toda Espa\u00f1a pues ha sido un hecho extraordinario, que ha estado dando pasos sincr\u00f3nicos en todas las provincias. \u00a0Por nuestra parte, desde el principio hemos trabajado por la unidad, a costa de la propia imagen de la organizaci\u00f3n, incluso con el peligro de enfadar a los socios m\u00e1s incondicionales, con la desconvocatoria del acto de protesta del d\u00eda 14 de febrero, y que nos obligasteis a retomar de inmediato. Mis disculpas y a la vez mi sincero agradecimiento. Sin embargo, nuestros esfuerzos por la unidad, ha quedado patente, que no eran realmente compartidos por los supuestos dirigentes del movimiento, pues nuestros intentos han sido dinamitados continuamente. Cuidado con los que dicen una cosa, pero hacen todo lo contrario. Como dijo Jes\u00fas, por sus actos los reconocer\u00e9is. Un escrache a nuestra sede no se parece absolutamente en nada a nuestra Asamblea de fin de a\u00f1o.<\/p>\n<p>A lo largo de 40 a\u00f1os ya varias generaciones de agricultores se han esforzado por cuidar estructuras aglutinadoras importantes dentro del agro provincial, conocedores de que somos una provincia peque\u00f1a, y ASAJA Soria es una m\u00e1s de ellas. La moda de la atomizaci\u00f3n que ya ha ocurrido en la pol\u00edtica, con la fuerte aparici\u00f3n de nuevos partidos como Ciudadanos, Podemos o Vox, puede llegar ahora tambi\u00e9n en el mundo de las OPAs. La divisi\u00f3n no es buena, y menos en esto, y nos puede llevar a dar un paso atr\u00e1s de 30 a\u00f1os en el mundo de asociacionismo agrario provincial. Tenemos un legado que cuidar por el bien del campo soriano. Si es dif\u00edcil hacer llegar con fuerza los problemas locales de nuestras explotaciones profesionales sorianas al \u00e1mbito de la comunidad aut\u00f3noma o nacional, pues nuestras particularidades no son siempre compartidas, mucho m\u00e1s lo ser\u00eda sin una estructura potente y respetada en todos los \u00e1mbitos supraprovinciales como lo es ahora ASAJA Soria.<\/p>\n<p>Quiero deciros que siempre hemos obrado desde el m\u00e1s escrupuloso respeto ante el movimiento espont\u00e1neo, y dentro de este respeto absoluto, pues como indicaron sus cabecillas desde el principio que no quer\u00eda ni que nos acerc\u00e1ramos las OPAs, no quise, siendo la presidenta, participar en las tractoradas, aunque de coraz\u00f3n estaba junto a todos los que de buena fe hab\u00e9is podido participar.<\/p>\n<p>Desde ASAJA, UPA y COAG, en unidad de acci\u00f3n seguimos con las protestas, pues, aunque algo ya est\u00e1 cambiando, el paquete de medidas ofrecido por el Ministerio de Agricultura no es suficiente, falta especialmente lo concerniente a los ministerios de Transici\u00f3n Ecol\u00f3gica, el de Hacienda y el de Seguridad Social, por ejemplo, de los que a\u00fan no sabemos nada.<\/p>\n<p>Quiero trasladar mi agradecimiento y apoyo general a todos los que de una forma u otra hab\u00e9is participado en las movilizaciones. Las pr\u00f3ximas, al cierre de esta edici\u00f3n, en el puerto de Valencia el 22 de febrero, para denunciar que las importaciones de cereal y girasol sin control nos abocan a la ruina, y en Madrid y Bruselas el d\u00eda 26, para que el Gobierno con sus ministerios afectados por nuestras reivindicaciones y la UE avancen en un cambio de 180\u00ba en la orientaci\u00f3n de sus pol\u00edticas para el campo. \u00c1nimo y fuerza. Seguimos en lucha.<\/p>\n","protected":false},"excerpt":{"rendered":"<p>Ven\u00edamos avisando, ya lo dijo el presidente regional de ASAJA a finales de 2023\u2026 Donaciano Dujo adelant\u00f3 movilizaciones del sector a principios de primavera, porque \u201cnunca hab\u00eda perdido tanto el campo y hab\u00eda estado en unas condiciones tan complicadas\u201d, por lo que es necesario \u201csalvarlo, ya sea en los despachos o en la calle\u201d. Y [&hellip;]<\/p>\n","protected":false},"author":12,"featured_media":7638,"comment_status":"open","ping_status":"open","sticky":false,"template":"","format":"standard","meta":{"footnotes":""},"categories":[10,28],"tags":[],"yoast_head":"<!-- This site is optimized with the Yoast SEO plugin v24.5 - https:\/\/yoast.com\/wordpress\/plugins\/seo\/ -->\n<title>ART\u00cdCULO DE OPINI\u00d3N REVISTA 156. - ASAJA Soria<\/title>\n<meta name=\"description\" content=\"Ven\u00edamos avisando, ya lo dijo el presidente regional de ASAJA a finales de 2023\u2026 Donaciano Dujo adelant\u00f3 movilizaciones del sector a principios de\" \/>\n<meta name=\"robots\" content=\"index, follow, max-snippet:-1, max-image-preview:large, max-video-preview:-1\" \/>\n<link rel=\"canonical\" href=\"https:\/\/www.asajacyl.com\/soria\/asaja-soria-informa\/articulo-de-opinion-revista-156\" \/>\n<meta property=\"og:locale\" content=\"es_ES\" \/>\n<meta property=\"og:type\" content=\"article\" \/>\n<meta property=\"og:title\" content=\"ART\u00cdCULO DE OPINI\u00d3N REVISTA 156. - ASAJA Soria\" \/>\n<meta property=\"og:description\" content=\"Ven\u00edamos avisando, ya lo dijo el presidente regional de ASAJA a finales de 2023\u2026 Donaciano Dujo adelant\u00f3 movilizaciones del sector a principios de\" \/>\n<meta property=\"og:url\" content=\"https:\/\/www.asajacyl.com\/soria\/asaja-soria-informa\/articulo-de-opinion-revista-156\" \/>\n<meta property=\"og:site_name\" content=\"ASAJA Soria\" \/>\n<meta property=\"article:published_time\" content=\"2024-03-07T09:32:54+00:00\" \/>\n<meta property=\"article:modified_time\" content=\"2024-03-07T09:32:56+00:00\" \/>\n<meta property=\"og:image\" content=\"https:\/\/www.asajacyl.com\/soria\/wp-content\/uploads\/sites\/9\/2024\/02\/0d8c4d9e-fc67-4906-8cd9-138436eafa41.jpg\" \/>\n\t<meta property=\"og:image:width\" content=\"1600\" \/>\n\t<meta property=\"og:image:height\" content=\"1200\" \/>\n\t<meta property=\"og:image:type\" content=\"image\/jpeg\" \/>\n<meta name=\"author\" content=\"Juan Ignacio Prieto Nieto\" \/>\n<meta name=\"twitter:card\" content=\"summary_large_image\" \/>\n<meta name=\"twitter:label1\" content=\"Escrito por\" \/>\n\t<meta name=\"twitter:data1\" content=\"Juan Ignacio Prieto Nieto\" \/>\n\t<meta name=\"twitter:label2\" content=\"Tiempo de lectura\" \/>\n\t<meta name=\"twitter:data2\" content=\"4 minutos\" \/>\n<script type=\"application\/ld+json\" class=\"yoast-schema-graph\">{\"@context\":\"https:\/\/schema.org\",\"@graph\":[{\"@type\":\"WebPage\",\"@id\":\"https:\/\/www.asajacyl.com\/soria\/asaja-soria-informa\/articulo-de-opinion-revista-156\",\"url\":\"https:\/\/www.asajacyl.com\/soria\/asaja-soria-informa\/articulo-de-opinion-revista-156\",\"name\":\"ART\u00cdCULO DE OPINI\u00d3N REVISTA 156. - ASAJA Soria\",\"isPartOf\":{\"@id\":\"https:\/\/www.asajacyl.com\/soria\/#website\"},\"primaryImageOfPage\":{\"@id\":\"https:\/\/www.asajacyl.com\/soria\/asaja-soria-informa\/articulo-de-opinion-revista-156#primaryimage\"},\"image\":{\"@id\":\"https:\/\/www.asajacyl.com\/soria\/asaja-soria-informa\/articulo-de-opinion-revista-156#primaryimage\"},\"thumbnailUrl\":\"https:\/\/www.asajacyl.com\/soria\/wp-content\/uploads\/sites\/9\/2024\/02\/0d8c4d9e-fc67-4906-8cd9-138436eafa41.jpg\",\"datePublished\":\"2024-03-07T09:32:54+00:00\",\"dateModified\":\"2024-03-07T09:32:56+00:00\",\"author\":{\"@id\":\"https:\/\/www.asajacyl.com\/soria\/#\/schema\/person\/fd3081c40255119ce8133b87e6aedfab\"},\"description\":\"Ven\u00edamos avisando, ya lo dijo el presidente regional de ASAJA a finales de 2023\u2026 Donaciano Dujo adelant\u00f3 movilizaciones del sector a principios de\",\"breadcrumb\":{\"@id\":\"https:\/\/www.asajacyl.com\/soria\/asaja-soria-informa\/articulo-de-opinion-revista-156#breadcrumb\"},\"inLanguage\":\"es\",\"potentialAction\":[{\"@type\":\"ReadAction\",\"target\":[\"https:\/\/www.asajacyl.com\/soria\/asaja-soria-informa\/articulo-de-opinion-revista-156\"]}]},{\"@type\":\"ImageObject\",\"inLanguage\":\"es\",\"@id\":\"https:\/\/www.asajacyl.com\/soria\/asaja-soria-informa\/articulo-de-opinion-revista-156#primaryimage\",\"url\":\"https:\/\/www.asajacyl.com\/soria\/wp-content\/uploads\/sites\/9\/2024\/02\/0d8c4d9e-fc67-4906-8cd9-138436eafa41.jpg\",\"contentUrl\":\"https:\/\/www.asajacyl.com\/soria\/wp-content\/uploads\/sites\/9\/2024\/02\/0d8c4d9e-fc67-4906-8cd9-138436eafa41.jpg\",\"width\":1600,\"height\":1200},{\"@type\":\"BreadcrumbList\",\"@id\":\"https:\/\/www.asajacyl.com\/soria\/asaja-soria-informa\/articulo-de-opinion-revista-156#breadcrumb\",\"itemListElement\":[{\"@type\":\"ListItem\",\"position\":1,\"name\":\"Portada\",\"item\":\"https:\/\/www.asajacyl.com\/soria\/\"},{\"@type\":\"ListItem\",\"position\":2,\"name\":\"ART\u00cdCULO DE OPINI\u00d3N REVISTA 156.\"}]},{\"@type\":\"WebSite\",\"@id\":\"https:\/\/www.asajacyl.com\/soria\/#website\",\"url\":\"https:\/\/www.asajacyl.com\/soria\/\",\"name\":\"ASAJA Soria\",\"description\":\"Otro sitio m\u00e1s de Provincias ASAJA Castilla y Le\u00f3n\",\"potentialAction\":[{\"@type\":\"SearchAction\",\"target\":{\"@type\":\"EntryPoint\",\"urlTemplate\":\"https:\/\/www.asajacyl.com\/soria\/?s={search_term_string}\"},\"query-input\":{\"@type\":\"PropertyValueSpecification\",\"valueRequired\":true,\"valueName\":\"search_term_string\"}}],\"inLanguage\":\"es\"},{\"@type\":\"Person\",\"@id\":\"https:\/\/www.asajacyl.com\/soria\/#\/schema\/person\/fd3081c40255119ce8133b87e6aedfab\",\"name\":\"Juan Ignacio Prieto Nieto\",\"image\":{\"@type\":\"ImageObject\",\"inLanguage\":\"es\",\"@id\":\"https:\/\/www.asajacyl.com\/soria\/#\/schema\/person\/image\/\",\"url\":\"https:\/\/secure.gravatar.com\/avatar\/8266b36e4d9001acb4700699a2468dc8?s=96&d=mm&r=g\",\"contentUrl\":\"https:\/\/secure.gravatar.com\/avatar\/8266b36e4d9001acb4700699a2468dc8?s=96&d=mm&r=g\",\"caption\":\"Juan Ignacio Prieto Nieto\"},\"url\":\"https:\/\/www.asajacyl.com\/soria\/author\/juanfranciscoby\"}]}<\/script>\n<!-- \/ Yoast SEO plugin. -->","yoast_head_json":{"title":"ART\u00cdCULO DE OPINI\u00d3N REVISTA 156. - ASAJA Soria","description":"Ven\u00edamos avisando, ya lo dijo el presidente regional de ASAJA a finales de 2023\u2026 Donaciano Dujo adelant\u00f3 movilizaciones del sector a principios de","robots":{"index":"index","follow":"follow","max-snippet":"max-snippet:-1","max-image-preview":"max-image-preview:large","max-video-preview":"max-video-preview:-1"},"canonical":"https:\/\/www.asajacyl.com\/soria\/asaja-soria-informa\/articulo-de-opinion-revista-156","og_locale":"es_ES","og_type":"article","og_title":"ART\u00cdCULO DE OPINI\u00d3N REVISTA 156. - ASAJA Soria","og_description":"Ven\u00edamos avisando, ya lo dijo el presidente regional de ASAJA a finales de 2023\u2026 Donaciano Dujo adelant\u00f3 movilizaciones del sector a principios de","og_url":"https:\/\/www.asajacyl.com\/soria\/asaja-soria-informa\/articulo-de-opinion-revista-156","og_site_name":"ASAJA Soria","article_published_time":"2024-03-07T09:32:54+00:00","article_modified_time":"2024-03-07T09:32:56+00:00","og_image":[{"width":1600,"height":1200,"url":"https:\/\/www.asajacyl.com\/soria\/wp-content\/uploads\/sites\/9\/2024\/02\/0d8c4d9e-fc67-4906-8cd9-138436eafa41.jpg","type":"image\/jpeg"}],"author":"Juan Ignacio Prieto Nieto","twitter_card":"summary_large_image","twitter_misc":{"Escrito por":"Juan Ignacio Prieto Nieto","Tiempo de lectura":"4 minutos"},"schema":{"@context":"https:\/\/schema.org","@graph":[{"@type":"WebPage","@id":"https:\/\/www.asajacyl.com\/soria\/asaja-soria-informa\/articulo-de-opinion-revista-156","url":"https:\/\/www.asajacyl.com\/soria\/asaja-soria-informa\/articulo-de-opinion-revista-156","name":"ART\u00cdCULO DE OPINI\u00d3N REVISTA 156. - ASAJA Soria","isPartOf":{"@id":"https:\/\/www.asajacyl.com\/soria\/#website"},"primaryImageOfPage":{"@id":"https:\/\/www.asajacyl.com\/soria\/asaja-soria-informa\/articulo-de-opinion-revista-156#primaryimage"},"image":{"@id":"https:\/\/www.asajacyl.com\/soria\/asaja-soria-informa\/articulo-de-opinion-revista-156#primaryimage"},"thumbnailUrl":"https:\/\/www.asajacyl.com\/soria\/wp-content\/uploads\/sites\/9\/2024\/02\/0d8c4d9e-fc67-4906-8cd9-138436eafa41.jpg","datePublished":"2024-03-07T09:32:54+00:00","dateModified":"2024-03-07T09:32:56+00:00","author":{"@id":"https:\/\/www.asajacyl.com\/soria\/#\/schema\/person\/fd3081c40255119ce8133b87e6aedfab"},"description":"Ven\u00edamos avisando, ya lo dijo el presidente regional de ASAJA a finales de 2023\u2026 Donaciano Dujo adelant\u00f3 movilizaciones del sector a principios de","breadcrumb":{"@id":"https:\/\/www.asajacyl.com\/soria\/asaja-soria-informa\/articulo-de-opinion-revista-156#breadcrumb"},"inLanguage":"es","potentialAction":[{"@type":"ReadAction","target":["https:\/\/www.asajacyl.com\/soria\/asaja-soria-informa\/articulo-de-opinion-revista-156"]}]},{"@type":"ImageObject","inLanguage":"es","@id":"https:\/\/www.asajacyl.com\/soria\/asaja-soria-informa\/articulo-de-opinion-revista-156#primaryimage","url":"https:\/\/www.asajacyl.com\/soria\/wp-content\/uploads\/sites\/9\/2024\/02\/0d8c4d9e-fc67-4906-8cd9-138436eafa41.jpg","contentUrl":"https:\/\/www.asajacyl.com\/soria\/wp-content\/uploads\/sites\/9\/2024\/02\/0d8c4d9e-fc67-4906-8cd9-138436eafa41.jpg","width":1600,"height":1200},{"@type":"BreadcrumbList","@id":"https:\/\/www.asajacyl.com\/soria\/asaja-soria-informa\/articulo-de-opinion-revista-156#breadcrumb","itemListElement":[{"@type":"ListItem","position":1,"name":"Portada","item":"https:\/\/www.asajacyl.com\/soria\/"},{"@type":"ListItem","position":2,"name":"ART\u00cdCULO DE OPINI\u00d3N REVISTA 156."}]},{"@type":"WebSite","@id":"https:\/\/www.asajacyl.com\/soria\/#website","url":"https:\/\/www.asajacyl.com\/soria\/","name":"ASAJA Soria","description":"Otro sitio m\u00e1s de Provincias ASAJA Castilla y Le\u00f3n","potentialAction":[{"@type":"SearchAction","target":{"@type":"EntryPoint","urlTemplate":"https:\/\/www.asajacyl.com\/soria\/?s={search_term_string}"},"query-input":{"@type":"PropertyValueSpecification","valueRequired":true,"valueName":"search_term_string"}}],"inLanguage":"es"},{"@type":"Person","@id":"https:\/\/www.asajacyl.com\/soria\/#\/schema\/person\/fd3081c40255119ce8133b87e6aedfab","name":"Juan Ignacio Prieto Nieto","image":{"@type":"ImageObject","inLanguage":"es","@id":"https:\/\/www.asajacyl.com\/soria\/#\/schema\/person\/image\/","url":"https:\/\/secure.gravatar.com\/avatar\/8266b36e4d9001acb4700699a2468dc8?s=96&d=mm&r=g","contentUrl":"https:\/\/secure.gravatar.com\/avatar\/8266b36e4d9001acb4700699a2468dc8?s=96&d=mm&r=g","caption":"Juan Ignacio Prieto Nieto"},"url":"https:\/\/www.asajacyl.com\/soria\/author\/juanfranciscoby"}]}},"_links":{"self":[{"href":"https:\/\/www.asajacyl.com\/soria\/wp-json\/wp\/v2\/posts\/7765"}],"collection":[{"href":"https:\/\/www.asajacyl.com\/soria\/wp-json\/wp\/v2\/posts"}],"about":[{"href":"https:\/\/www.asajacyl.com\/soria\/wp-json\/wp\/v2\/types\/post"}],"author":[{"embeddable":true,"href":"https:\/\/www.asajacyl.com\/soria\/wp-json\/wp\/v2\/users\/12"}],"replies":[{"embeddable":true,"href":"https:\/\/www.asajacyl.com\/soria\/wp-json\/wp\/v2\/comments?post=7765"}],"version-history":[{"count":1,"href":"https:\/\/www.asajacyl.com\/soria\/wp-json\/wp\/v2\/posts\/7765\/revisions"}],"predecessor-version":[{"id":7766,"href":"https:\/\/www.asajacyl.com\/soria\/wp-json\/wp\/v2\/posts\/7765\/revisions\/7766"}],"wp:featuredmedia":[{"embeddable":true,"href":"https:\/\/www.asajacyl.com\/soria\/wp-json\/wp\/v2\/media\/7638"}],"wp:attachment":[{"href":"https:\/\/www.asajacyl.com\/soria\/wp-json\/wp\/v2\/media?parent=7765"}],"wp:term":[{"taxonomy":"category","embeddable":true,"href":"https:\/\/www.asajacyl.com\/soria\/wp-json\/wp\/v2\/categories?post=7765"},{"taxonomy":"post_tag","embeddable":true,"href":"https:\/\/www.asajacyl.com\/soria\/wp-json\/wp\/v2\/tags?post=7765"}],"curies":[{"name":"wp","href":"https:\/\/api.w.org\/{rel}","templated":true}]}}