{"id":7782,"date":"2024-03-12T11:05:52","date_gmt":"2024-03-12T10:05:52","guid":{"rendered":"https:\/\/www.asajacyl.com\/soria\/?p=7782"},"modified":"2024-03-18T13:29:05","modified_gmt":"2024-03-18T12:29:05","slug":"asaja-soria-llama-al-sector-agrario-a-concentrarse-en-el-puerto-de-santander-el-lunes-18-de-marzo","status":"publish","type":"post","link":"https:\/\/www.asajacyl.com\/soria\/asaja-soria-informa\/asaja-soria-llama-al-sector-agrario-a-concentrarse-en-el-puerto-de-santander-el-lunes-18-de-marzo","title":{"rendered":"ASAJA-Soria llama al sector agrario a concentrarse en el puerto de Santander el lunes 18 de marzo"},"content":{"rendered":"\n\n\n<h2>La organizaci\u00f3n se suma a la reivindicaci\u00f3n promovida por los compa\u00f1eros de Palencia. Hay disponible un servicio de autob\u00fas para el desplazamiento hasta la capital de Cantabria.<\/h2>\n<p>ASAJA-Soria, de manera conjunta con Upa y Coag, va a secundar el lunes 18 de marzo una concentraci\u00f3n de protesta organizada por los compa\u00f1eros de Palencia en el puerto de Santander.\u00a0 El principal punto de reivindicaci\u00f3n es oponerse a la acumulaci\u00f3n de cereales importados de Ucrania sin aranceles, una competencia desleal que obliga a los agricultores a vender el producto por debajo de los costes de producci\u00f3n.<\/p>\n<p>La ausencia de arancel est\u00e1 situando los precios del cereal por debajo de los costes de producci\u00f3n, algo que va en contra de la Ley de la Cadena Alimentaria y que est\u00e1 arruinando a los productores de cereal de Espa\u00f1a, problema que padece de manera especial provincias como Soria, donde este cultivo es el predominante.<\/p>\n<p>Con la concentraci\u00f3n prevista para la ma\u00f1ana del lunes 18, ASAJA- Soria vuelve a la carga con movilizaciones a pie de puerto, como ya hizo el 22 de febrero en Valencia, y reclama que se inmovilice la enorme cantidad de cereal ya acumulada en el puerto de Santander hasta que se le pueda aplicar de nuevo aranceles, as\u00ed como a la futura mercanc\u00eda que pudiera seguir llegando de Ucrania.<\/p>\n<p>Por los datos que se van conociendo, ASAJA no llega a comprender c\u00f3mo es posible que el 75 por ciento del trigo ucraniano haya tenido como destino Espa\u00f1a. La OPA pide control en las importaciones y la aplicaci\u00f3n de medidas de la cl\u00e1usula de salvaguardia.<\/p>\n<p><strong>HASTA JUNIO DE 2025.\u00a0<\/strong>La medida de protesta se enmarca dentro de la movilizaci\u00f3n que se va a llevar a cabo a nivel europeo en contra de prorrogar un a\u00f1o m\u00e1s la exenci\u00f3n de arancel para las importaciones de Ucrania. Los embajadores de los estados comunitarios respaldaron el 21 de febrero prolongar un a\u00f1o m\u00e1s (es decir, del 6 de junio de 2024 al 5 de junio de 2025) la suspensi\u00f3n de los aranceles a las exportaciones ucranianas.<\/p>\n<p>La Comisi\u00f3n Europea propuso el 31 de enero prorrogar esa suspensi\u00f3n y los contingentes sobre las exportaciones ucranianas a la UE, pero introdujo salvaguardias si uno o m\u00e1s pa\u00edses vean afectados sus mercados agr\u00edcolas, tras las protestas en cinco pa\u00edses cercanos a Ucrania. Agricultores de Polonia, Hungr\u00eda, Eslovaquia, Bulgaria y Ruman\u00eda se han quejado de que el aumento de importaciones agroalimentarias de Ucrania supone una competencia a la que no pueden hacer frente, algo que tambi\u00e9n sucede en Espa\u00f1a. El pleno del Parlamento Europeo espera pronunciarse en una de las sesiones de abril. Si la Euroc\u00e1mara no introduce enmiendas en el texto, el Consejo Europeo adoptar\u00e1 la pr\u00f3rroga, por lo que el sector agrario de los pa\u00edses miembros est\u00e1 moviliz\u00e1ndose a nivel comunitario para que no se prolongue una exenci\u00f3n que est\u00e1 minando la viabilidad de la agricultura cerealista. Seg\u00fan los datos de la Lonja del Ebro y de la Lonja de Le\u00f3n, los cereales ya se han depreciado en torno a un tercio este \u00faltimo a\u00f1o, debido sobre todo a esa importaci\u00f3n masiva sin arancel.<\/p>\n<p>\u00a0<\/p>\n<p>\u00a0<\/p>\n<p>\u00a0<\/p>\n","protected":false},"excerpt":{"rendered":"<p>La organizaci\u00f3n se suma a la reivindicaci\u00f3n promovida por los compa\u00f1eros de Palencia. Hay disponible un servicio de autob\u00fas para el desplazamiento hasta la capital de Cantabria. ASAJA-Soria, de manera conjunta con Upa y Coag, va a secundar el lunes 18 de marzo una concentraci\u00f3n de protesta organizada por los compa\u00f1eros de Palencia en el [&hellip;]<\/p>\n","protected":false},"author":12,"featured_media":7785,"comment_status":"open","ping_status":"open","sticky":false,"template":"","format":"standard","meta":{"footnotes":""},"categories":[10,25],"tags":[],"yoast_head":"<!-- This site is optimized with the Yoast SEO plugin v24.5 - https:\/\/yoast.com\/wordpress\/plugins\/seo\/ -->\n<title>ASAJA-Soria llama al sector agrario a concentrarse en el puerto de Santander el lunes 18 de marzo - ASAJA Soria<\/title>\n<meta name=\"description\" content=\"La organizaci\u00f3n se suma a la reivindicaci\u00f3n promovida por los compa\u00f1eros de Palencia. Hay disponible un servicio de autob\u00fas para el desplazamiento hasta\" \/>\n<meta name=\"robots\" content=\"index, follow, max-snippet:-1, max-image-preview:large, max-video-preview:-1\" \/>\n<link rel=\"canonical\" href=\"https:\/\/www.asajacyl.com\/soria\/asaja-soria-informa\/asaja-soria-llama-al-sector-agrario-a-concentrarse-en-el-puerto-de-santander-el-lunes-18-de-marzo\" \/>\n<meta property=\"og:locale\" content=\"es_ES\" \/>\n<meta property=\"og:type\" content=\"article\" \/>\n<meta property=\"og:title\" content=\"ASAJA-Soria llama al sector agrario a concentrarse en el puerto de Santander el lunes 18 de marzo - ASAJA Soria\" \/>\n<meta property=\"og:description\" content=\"La organizaci\u00f3n se suma a la reivindicaci\u00f3n promovida por los compa\u00f1eros de Palencia. Hay disponible un servicio de autob\u00fas para el desplazamiento hasta\" \/>\n<meta property=\"og:url\" content=\"https:\/\/www.asajacyl.com\/soria\/asaja-soria-informa\/asaja-soria-llama-al-sector-agrario-a-concentrarse-en-el-puerto-de-santander-el-lunes-18-de-marzo\" \/>\n<meta property=\"og:site_name\" content=\"ASAJA Soria\" \/>\n<meta property=\"article:published_time\" content=\"2024-03-12T10:05:52+00:00\" \/>\n<meta property=\"article:modified_time\" content=\"2024-03-18T12:29:05+00:00\" \/>\n<meta property=\"og:image\" content=\"https:\/\/www.asajacyl.com\/soria\/wp-content\/uploads\/sites\/9\/2024\/03\/descargas_head.jpg\" \/>\n\t<meta property=\"og:image:width\" content=\"1024\" \/>\n\t<meta property=\"og:image:height\" content=\"278\" \/>\n\t<meta property=\"og:image:type\" content=\"image\/jpeg\" \/>\n<meta name=\"author\" content=\"Juan Ignacio Prieto Nieto\" \/>\n<meta name=\"twitter:card\" content=\"summary_large_image\" \/>\n<meta name=\"twitter:label1\" content=\"Escrito por\" \/>\n\t<meta name=\"twitter:data1\" content=\"Juan Ignacio Prieto Nieto\" \/>\n\t<meta name=\"twitter:label2\" content=\"Tiempo de lectura\" \/>\n\t<meta name=\"twitter:data2\" content=\"3 minutos\" \/>\n<script type=\"application\/ld+json\" class=\"yoast-schema-graph\">{\"@context\":\"https:\/\/schema.org\",\"@graph\":[{\"@type\":\"WebPage\",\"@id\":\"https:\/\/www.asajacyl.com\/soria\/asaja-soria-informa\/asaja-soria-llama-al-sector-agrario-a-concentrarse-en-el-puerto-de-santander-el-lunes-18-de-marzo\",\"url\":\"https:\/\/www.asajacyl.com\/soria\/asaja-soria-informa\/asaja-soria-llama-al-sector-agrario-a-concentrarse-en-el-puerto-de-santander-el-lunes-18-de-marzo\",\"name\":\"ASAJA-Soria llama al sector agrario a concentrarse en el puerto de Santander el lunes 18 de marzo - ASAJA Soria\",\"isPartOf\":{\"@id\":\"https:\/\/www.asajacyl.com\/soria\/#website\"},\"primaryImageOfPage\":{\"@id\":\"https:\/\/www.asajacyl.com\/soria\/asaja-soria-informa\/asaja-soria-llama-al-sector-agrario-a-concentrarse-en-el-puerto-de-santander-el-lunes-18-de-marzo#primaryimage\"},\"image\":{\"@id\":\"https:\/\/www.asajacyl.com\/soria\/asaja-soria-informa\/asaja-soria-llama-al-sector-agrario-a-concentrarse-en-el-puerto-de-santander-el-lunes-18-de-marzo#primaryimage\"},\"thumbnailUrl\":\"https:\/\/www.asajacyl.com\/soria\/wp-content\/uploads\/sites\/9\/2024\/03\/descargas_head.jpg\",\"datePublished\":\"2024-03-12T10:05:52+00:00\",\"dateModified\":\"2024-03-18T12:29:05+00:00\",\"author\":{\"@id\":\"https:\/\/www.asajacyl.com\/soria\/#\/schema\/person\/fd3081c40255119ce8133b87e6aedfab\"},\"description\":\"La organizaci\u00f3n se suma a la reivindicaci\u00f3n promovida por los compa\u00f1eros de Palencia. Hay disponible un servicio de autob\u00fas para el desplazamiento hasta\",\"breadcrumb\":{\"@id\":\"https:\/\/www.asajacyl.com\/soria\/asaja-soria-informa\/asaja-soria-llama-al-sector-agrario-a-concentrarse-en-el-puerto-de-santander-el-lunes-18-de-marzo#breadcrumb\"},\"inLanguage\":\"es\",\"potentialAction\":[{\"@type\":\"ReadAction\",\"target\":[\"https:\/\/www.asajacyl.com\/soria\/asaja-soria-informa\/asaja-soria-llama-al-sector-agrario-a-concentrarse-en-el-puerto-de-santander-el-lunes-18-de-marzo\"]}]},{\"@type\":\"ImageObject\",\"inLanguage\":\"es\",\"@id\":\"https:\/\/www.asajacyl.com\/soria\/asaja-soria-informa\/asaja-soria-llama-al-sector-agrario-a-concentrarse-en-el-puerto-de-santander-el-lunes-18-de-marzo#primaryimage\",\"url\":\"https:\/\/www.asajacyl.com\/soria\/wp-content\/uploads\/sites\/9\/2024\/03\/descargas_head.jpg\",\"contentUrl\":\"https:\/\/www.asajacyl.com\/soria\/wp-content\/uploads\/sites\/9\/2024\/03\/descargas_head.jpg\",\"width\":1024,\"height\":278},{\"@type\":\"BreadcrumbList\",\"@id\":\"https:\/\/www.asajacyl.com\/soria\/asaja-soria-informa\/asaja-soria-llama-al-sector-agrario-a-concentrarse-en-el-puerto-de-santander-el-lunes-18-de-marzo#breadcrumb\",\"itemListElement\":[{\"@type\":\"ListItem\",\"position\":1,\"name\":\"Portada\",\"item\":\"https:\/\/www.asajacyl.com\/soria\/\"},{\"@type\":\"ListItem\",\"position\":2,\"name\":\"ASAJA-Soria llama al sector agrario a concentrarse en el puerto de Santander el lunes 18 de marzo\"}]},{\"@type\":\"WebSite\",\"@id\":\"https:\/\/www.asajacyl.com\/soria\/#website\",\"url\":\"https:\/\/www.asajacyl.com\/soria\/\",\"name\":\"ASAJA Soria\",\"description\":\"Otro sitio m\u00e1s de Provincias ASAJA Castilla y Le\u00f3n\",\"potentialAction\":[{\"@type\":\"SearchAction\",\"target\":{\"@type\":\"EntryPoint\",\"urlTemplate\":\"https:\/\/www.asajacyl.com\/soria\/?s={search_term_string}\"},\"query-input\":{\"@type\":\"PropertyValueSpecification\",\"valueRequired\":true,\"valueName\":\"search_term_string\"}}],\"inLanguage\":\"es\"},{\"@type\":\"Person\",\"@id\":\"https:\/\/www.asajacyl.com\/soria\/#\/schema\/person\/fd3081c40255119ce8133b87e6aedfab\",\"name\":\"Juan Ignacio Prieto Nieto\",\"image\":{\"@type\":\"ImageObject\",\"inLanguage\":\"es\",\"@id\":\"https:\/\/www.asajacyl.com\/soria\/#\/schema\/person\/image\/\",\"url\":\"https:\/\/secure.gravatar.com\/avatar\/8266b36e4d9001acb4700699a2468dc8?s=96&d=mm&r=g\",\"contentUrl\":\"https:\/\/secure.gravatar.com\/avatar\/8266b36e4d9001acb4700699a2468dc8?s=96&d=mm&r=g\",\"caption\":\"Juan Ignacio Prieto Nieto\"},\"url\":\"https:\/\/www.asajacyl.com\/soria\/author\/juanfranciscoby\"}]}<\/script>\n<!-- \/ Yoast SEO plugin. -->","yoast_head_json":{"title":"ASAJA-Soria llama al sector agrario a concentrarse en el puerto de Santander el lunes 18 de marzo - ASAJA Soria","description":"La organizaci\u00f3n se suma a la reivindicaci\u00f3n promovida por los compa\u00f1eros de Palencia. Hay disponible un servicio de autob\u00fas para el desplazamiento hasta","robots":{"index":"index","follow":"follow","max-snippet":"max-snippet:-1","max-image-preview":"max-image-preview:large","max-video-preview":"max-video-preview:-1"},"canonical":"https:\/\/www.asajacyl.com\/soria\/asaja-soria-informa\/asaja-soria-llama-al-sector-agrario-a-concentrarse-en-el-puerto-de-santander-el-lunes-18-de-marzo","og_locale":"es_ES","og_type":"article","og_title":"ASAJA-Soria llama al sector agrario a concentrarse en el puerto de Santander el lunes 18 de marzo - ASAJA Soria","og_description":"La organizaci\u00f3n se suma a la reivindicaci\u00f3n promovida por los compa\u00f1eros de Palencia. Hay disponible un servicio de autob\u00fas para el desplazamiento hasta","og_url":"https:\/\/www.asajacyl.com\/soria\/asaja-soria-informa\/asaja-soria-llama-al-sector-agrario-a-concentrarse-en-el-puerto-de-santander-el-lunes-18-de-marzo","og_site_name":"ASAJA Soria","article_published_time":"2024-03-12T10:05:52+00:00","article_modified_time":"2024-03-18T12:29:05+00:00","og_image":[{"width":1024,"height":278,"url":"https:\/\/www.asajacyl.com\/soria\/wp-content\/uploads\/sites\/9\/2024\/03\/descargas_head.jpg","type":"image\/jpeg"}],"author":"Juan Ignacio Prieto Nieto","twitter_card":"summary_large_image","twitter_misc":{"Escrito por":"Juan Ignacio Prieto Nieto","Tiempo de lectura":"3 minutos"},"schema":{"@context":"https:\/\/schema.org","@graph":[{"@type":"WebPage","@id":"https:\/\/www.asajacyl.com\/soria\/asaja-soria-informa\/asaja-soria-llama-al-sector-agrario-a-concentrarse-en-el-puerto-de-santander-el-lunes-18-de-marzo","url":"https:\/\/www.asajacyl.com\/soria\/asaja-soria-informa\/asaja-soria-llama-al-sector-agrario-a-concentrarse-en-el-puerto-de-santander-el-lunes-18-de-marzo","name":"ASAJA-Soria llama al sector agrario a concentrarse en el puerto de Santander el lunes 18 de marzo - ASAJA Soria","isPartOf":{"@id":"https:\/\/www.asajacyl.com\/soria\/#website"},"primaryImageOfPage":{"@id":"https:\/\/www.asajacyl.com\/soria\/asaja-soria-informa\/asaja-soria-llama-al-sector-agrario-a-concentrarse-en-el-puerto-de-santander-el-lunes-18-de-marzo#primaryimage"},"image":{"@id":"https:\/\/www.asajacyl.com\/soria\/asaja-soria-informa\/asaja-soria-llama-al-sector-agrario-a-concentrarse-en-el-puerto-de-santander-el-lunes-18-de-marzo#primaryimage"},"thumbnailUrl":"https:\/\/www.asajacyl.com\/soria\/wp-content\/uploads\/sites\/9\/2024\/03\/descargas_head.jpg","datePublished":"2024-03-12T10:05:52+00:00","dateModified":"2024-03-18T12:29:05+00:00","author":{"@id":"https:\/\/www.asajacyl.com\/soria\/#\/schema\/person\/fd3081c40255119ce8133b87e6aedfab"},"description":"La organizaci\u00f3n se suma a la reivindicaci\u00f3n promovida por los compa\u00f1eros de Palencia. Hay disponible un servicio de autob\u00fas para el desplazamiento hasta","breadcrumb":{"@id":"https:\/\/www.asajacyl.com\/soria\/asaja-soria-informa\/asaja-soria-llama-al-sector-agrario-a-concentrarse-en-el-puerto-de-santander-el-lunes-18-de-marzo#breadcrumb"},"inLanguage":"es","potentialAction":[{"@type":"ReadAction","target":["https:\/\/www.asajacyl.com\/soria\/asaja-soria-informa\/asaja-soria-llama-al-sector-agrario-a-concentrarse-en-el-puerto-de-santander-el-lunes-18-de-marzo"]}]},{"@type":"ImageObject","inLanguage":"es","@id":"https:\/\/www.asajacyl.com\/soria\/asaja-soria-informa\/asaja-soria-llama-al-sector-agrario-a-concentrarse-en-el-puerto-de-santander-el-lunes-18-de-marzo#primaryimage","url":"https:\/\/www.asajacyl.com\/soria\/wp-content\/uploads\/sites\/9\/2024\/03\/descargas_head.jpg","contentUrl":"https:\/\/www.asajacyl.com\/soria\/wp-content\/uploads\/sites\/9\/2024\/03\/descargas_head.jpg","width":1024,"height":278},{"@type":"BreadcrumbList","@id":"https:\/\/www.asajacyl.com\/soria\/asaja-soria-informa\/asaja-soria-llama-al-sector-agrario-a-concentrarse-en-el-puerto-de-santander-el-lunes-18-de-marzo#breadcrumb","itemListElement":[{"@type":"ListItem","position":1,"name":"Portada","item":"https:\/\/www.asajacyl.com\/soria\/"},{"@type":"ListItem","position":2,"name":"ASAJA-Soria llama al sector agrario a concentrarse en el puerto de Santander el lunes 18 de marzo"}]},{"@type":"WebSite","@id":"https:\/\/www.asajacyl.com\/soria\/#website","url":"https:\/\/www.asajacyl.com\/soria\/","name":"ASAJA Soria","description":"Otro sitio m\u00e1s de Provincias ASAJA Castilla y Le\u00f3n","potentialAction":[{"@type":"SearchAction","target":{"@type":"EntryPoint","urlTemplate":"https:\/\/www.asajacyl.com\/soria\/?s={search_term_string}"},"query-input":{"@type":"PropertyValueSpecification","valueRequired":true,"valueName":"search_term_string"}}],"inLanguage":"es"},{"@type":"Person","@id":"https:\/\/www.asajacyl.com\/soria\/#\/schema\/person\/fd3081c40255119ce8133b87e6aedfab","name":"Juan Ignacio Prieto Nieto","image":{"@type":"ImageObject","inLanguage":"es","@id":"https:\/\/www.asajacyl.com\/soria\/#\/schema\/person\/image\/","url":"https:\/\/secure.gravatar.com\/avatar\/8266b36e4d9001acb4700699a2468dc8?s=96&d=mm&r=g","contentUrl":"https:\/\/secure.gravatar.com\/avatar\/8266b36e4d9001acb4700699a2468dc8?s=96&d=mm&r=g","caption":"Juan Ignacio Prieto Nieto"},"url":"https:\/\/www.asajacyl.com\/soria\/author\/juanfranciscoby"}]}},"_links":{"self":[{"href":"https:\/\/www.asajacyl.com\/soria\/wp-json\/wp\/v2\/posts\/7782"}],"collection":[{"href":"https:\/\/www.asajacyl.com\/soria\/wp-json\/wp\/v2\/posts"}],"about":[{"href":"https:\/\/www.asajacyl.com\/soria\/wp-json\/wp\/v2\/types\/post"}],"author":[{"embeddable":true,"href":"https:\/\/www.asajacyl.com\/soria\/wp-json\/wp\/v2\/users\/12"}],"replies":[{"embeddable":true,"href":"https:\/\/www.asajacyl.com\/soria\/wp-json\/wp\/v2\/comments?post=7782"}],"version-history":[{"count":3,"href":"https:\/\/www.asajacyl.com\/soria\/wp-json\/wp\/v2\/posts\/7782\/revisions"}],"predecessor-version":[{"id":7786,"href":"https:\/\/www.asajacyl.com\/soria\/wp-json\/wp\/v2\/posts\/7782\/revisions\/7786"}],"wp:featuredmedia":[{"embeddable":true,"href":"https:\/\/www.asajacyl.com\/soria\/wp-json\/wp\/v2\/media\/7785"}],"wp:attachment":[{"href":"https:\/\/www.asajacyl.com\/soria\/wp-json\/wp\/v2\/media?parent=7782"}],"wp:term":[{"taxonomy":"category","embeddable":true,"href":"https:\/\/www.asajacyl.com\/soria\/wp-json\/wp\/v2\/categories?post=7782"},{"taxonomy":"post_tag","embeddable":true,"href":"https:\/\/www.asajacyl.com\/soria\/wp-json\/wp\/v2\/tags?post=7782"}],"curies":[{"name":"wp","href":"https:\/\/api.w.org\/{rel}","templated":true}]}}