{"id":7789,"date":"2024-03-15T14:28:01","date_gmt":"2024-03-15T13:28:01","guid":{"rendered":"https:\/\/www.asajacyl.com\/soria\/?p=7789"},"modified":"2024-03-15T14:53:30","modified_gmt":"2024-03-15T13:53:30","slug":"asaja-soria-presente-en-la-tractorada-de-este-viernes-en-valladolid-para-pedir-soluciones-y-fortalecer-la-unidad-del-sector","status":"publish","type":"post","link":"https:\/\/www.asajacyl.com\/soria\/asaja-soria-informa\/asaja-soria-presente-en-la-tractorada-de-este-viernes-en-valladolid-para-pedir-soluciones-y-fortalecer-la-unidad-del-sector","title":{"rendered":"ASAJA SORIA, PRESENTE EN LA TRACTORADA DE ESTE VIERNES EN VALLADOLID PARA PEDIR SOLUCIONES Y FORTALECER LA UNIDAD DEL SECTOR"},"content":{"rendered":"\n<p><strong><em>En un momento cr\u00edtico, el campo provincial exige medidas concretas a las puertas de la Delegaci\u00f3n del Gobierno y de las Consejer\u00edas de Agricultura y de Medio Ambiente<\/em><\/strong><\/p>\n<p>El campo soriano contin\u00faa con las protestas. Hoy viernes el escenario combativo ha estado en Valladolid y el pr\u00f3ximo lunes ser\u00e1 en el Puerto de Santander. La presidenta de ASAJA Soria, Ana Pastor, ha comentado que \u201clos agricultores de Soria hemos acudido a Valladolid a mostrar nuestro total descontento, con una manifestaci\u00f3n a pie y con columnas de tractores para llegar primero frente a las Consejer\u00edas de Agricultura y de Medio Ambiente y concluir frente a la Delegaci\u00f3n del Gobierno en Castilla y Le\u00f3n. En plenas negociaciones, volvemos a salir a la calle porque lo que nos estamos jugando es mucho. Que la sociedad sepa que no podemos permanecer ni callados ni quietos y el lunes ya est\u00e1 todo preparado para decir en Santander que las importaciones sin control suponen la ruina para el campo provincial\u201d.<\/p>\n<p><img loading=\"lazy\" decoding=\"async\" class=\"aligncenter  wp-image-7795\" src=\"https:\/\/www.asajacyl.com\/soria\/wp-content\/uploads\/sites\/9\/2024\/03\/IMG_3712.jpg\" alt=\"\" width=\"470\" height=\"630\" srcset=\"https:\/\/www.asajacyl.com\/soria\/wp-content\/uploads\/sites\/9\/2024\/03\/IMG_3712.jpg 1504w, https:\/\/www.asajacyl.com\/soria\/wp-content\/uploads\/sites\/9\/2024\/03\/IMG_3712-224x300.jpg 224w, https:\/\/www.asajacyl.com\/soria\/wp-content\/uploads\/sites\/9\/2024\/03\/IMG_3712-764x1024.jpg 764w, https:\/\/www.asajacyl.com\/soria\/wp-content\/uploads\/sites\/9\/2024\/03\/IMG_3712-768x1029.jpg 768w, https:\/\/www.asajacyl.com\/soria\/wp-content\/uploads\/sites\/9\/2024\/03\/IMG_3712-1146x1536.jpg 1146w, https:\/\/www.asajacyl.com\/soria\/wp-content\/uploads\/sites\/9\/2024\/03\/IMG_3712-696x933.jpg 696w, https:\/\/www.asajacyl.com\/soria\/wp-content\/uploads\/sites\/9\/2024\/03\/IMG_3712-1068x1432.jpg 1068w, https:\/\/www.asajacyl.com\/soria\/wp-content\/uploads\/sites\/9\/2024\/03\/IMG_3712-313x420.jpg 313w\" sizes=\"(max-width: 470px) 100vw, 470px\" \/><\/p>\n<p>\u00a0<\/p>\n<p><img loading=\"lazy\" decoding=\"async\" class=\"aligncenter size-full wp-image-7811\" src=\"https:\/\/www.asajacyl.com\/soria\/wp-content\/uploads\/sites\/9\/2024\/03\/11.jpg\" alt=\"\" width=\"2048\" height=\"1536\" srcset=\"https:\/\/www.asajacyl.com\/soria\/wp-content\/uploads\/sites\/9\/2024\/03\/11.jpg 2048w, https:\/\/www.asajacyl.com\/soria\/wp-content\/uploads\/sites\/9\/2024\/03\/11-300x225.jpg 300w, https:\/\/www.asajacyl.com\/soria\/wp-content\/uploads\/sites\/9\/2024\/03\/11-1024x768.jpg 1024w, https:\/\/www.asajacyl.com\/soria\/wp-content\/uploads\/sites\/9\/2024\/03\/11-768x576.jpg 768w, https:\/\/www.asajacyl.com\/soria\/wp-content\/uploads\/sites\/9\/2024\/03\/11-1536x1152.jpg 1536w, https:\/\/www.asajacyl.com\/soria\/wp-content\/uploads\/sites\/9\/2024\/03\/11-696x522.jpg 696w, https:\/\/www.asajacyl.com\/soria\/wp-content\/uploads\/sites\/9\/2024\/03\/11-1068x801.jpg 1068w, https:\/\/www.asajacyl.com\/soria\/wp-content\/uploads\/sites\/9\/2024\/03\/11-1920x1440.jpg 1920w, https:\/\/www.asajacyl.com\/soria\/wp-content\/uploads\/sites\/9\/2024\/03\/11-560x420.jpg 560w, https:\/\/www.asajacyl.com\/soria\/wp-content\/uploads\/sites\/9\/2024\/03\/11-80x60.jpg 80w\" sizes=\"(max-width: 2048px) 100vw, 2048px\" \/><img loading=\"lazy\" decoding=\"async\" class=\"aligncenter size-full wp-image-7813\" src=\"https:\/\/www.asajacyl.com\/soria\/wp-content\/uploads\/sites\/9\/2024\/03\/1.jpg\" alt=\"\" width=\"1280\" height=\"960\" srcset=\"https:\/\/www.asajacyl.com\/soria\/wp-content\/uploads\/sites\/9\/2024\/03\/1.jpg 1280w, https:\/\/www.asajacyl.com\/soria\/wp-content\/uploads\/sites\/9\/2024\/03\/1-300x225.jpg 300w, https:\/\/www.asajacyl.com\/soria\/wp-content\/uploads\/sites\/9\/2024\/03\/1-1024x768.jpg 1024w, https:\/\/www.asajacyl.com\/soria\/wp-content\/uploads\/sites\/9\/2024\/03\/1-768x576.jpg 768w, https:\/\/www.asajacyl.com\/soria\/wp-content\/uploads\/sites\/9\/2024\/03\/1-696x522.jpg 696w, https:\/\/www.asajacyl.com\/soria\/wp-content\/uploads\/sites\/9\/2024\/03\/1-1068x801.jpg 1068w, https:\/\/www.asajacyl.com\/soria\/wp-content\/uploads\/sites\/9\/2024\/03\/1-560x420.jpg 560w, https:\/\/www.asajacyl.com\/soria\/wp-content\/uploads\/sites\/9\/2024\/03\/1-80x60.jpg 80w\" sizes=\"(max-width: 1280px) 100vw, 1280px\" \/><img loading=\"lazy\" decoding=\"async\" class=\"aligncenter  wp-image-7793\" src=\"https:\/\/www.asajacyl.com\/soria\/wp-content\/uploads\/sites\/9\/2024\/03\/IMG_3699.jpg\" alt=\"\" width=\"361\" height=\"271\" srcset=\"https:\/\/www.asajacyl.com\/soria\/wp-content\/uploads\/sites\/9\/2024\/03\/IMG_3699.jpg 2500w, https:\/\/www.asajacyl.com\/soria\/wp-content\/uploads\/sites\/9\/2024\/03\/IMG_3699-300x225.jpg 300w, https:\/\/www.asajacyl.com\/soria\/wp-content\/uploads\/sites\/9\/2024\/03\/IMG_3699-1024x768.jpg 1024w, https:\/\/www.asajacyl.com\/soria\/wp-content\/uploads\/sites\/9\/2024\/03\/IMG_3699-768x576.jpg 768w, https:\/\/www.asajacyl.com\/soria\/wp-content\/uploads\/sites\/9\/2024\/03\/IMG_3699-1536x1152.jpg 1536w, https:\/\/www.asajacyl.com\/soria\/wp-content\/uploads\/sites\/9\/2024\/03\/IMG_3699-2048x1536.jpg 2048w, https:\/\/www.asajacyl.com\/soria\/wp-content\/uploads\/sites\/9\/2024\/03\/IMG_3699-696x522.jpg 696w, https:\/\/www.asajacyl.com\/soria\/wp-content\/uploads\/sites\/9\/2024\/03\/IMG_3699-1068x801.jpg 1068w, https:\/\/www.asajacyl.com\/soria\/wp-content\/uploads\/sites\/9\/2024\/03\/IMG_3699-1920x1440.jpg 1920w, https:\/\/www.asajacyl.com\/soria\/wp-content\/uploads\/sites\/9\/2024\/03\/IMG_3699-560x420.jpg 560w, https:\/\/www.asajacyl.com\/soria\/wp-content\/uploads\/sites\/9\/2024\/03\/IMG_3699-80x60.jpg 80w\" sizes=\"(max-width: 361px) 100vw, 361px\" \/><\/p>\n<p><img loading=\"lazy\" decoding=\"async\" class=\"aligncenter size-full wp-image-7807\" src=\"https:\/\/www.asajacyl.com\/soria\/wp-content\/uploads\/sites\/9\/2024\/03\/IMG_3717.jpg\" alt=\"\" width=\"1863\" height=\"2500\" srcset=\"https:\/\/www.asajacyl.com\/soria\/wp-content\/uploads\/sites\/9\/2024\/03\/IMG_3717.jpg 1863w, https:\/\/www.asajacyl.com\/soria\/wp-content\/uploads\/sites\/9\/2024\/03\/IMG_3717-224x300.jpg 224w, https:\/\/www.asajacyl.com\/soria\/wp-content\/uploads\/sites\/9\/2024\/03\/IMG_3717-763x1024.jpg 763w, https:\/\/www.asajacyl.com\/soria\/wp-content\/uploads\/sites\/9\/2024\/03\/IMG_3717-768x1031.jpg 768w, https:\/\/www.asajacyl.com\/soria\/wp-content\/uploads\/sites\/9\/2024\/03\/IMG_3717-1145x1536.jpg 1145w, https:\/\/www.asajacyl.com\/soria\/wp-content\/uploads\/sites\/9\/2024\/03\/IMG_3717-1526x2048.jpg 1526w, https:\/\/www.asajacyl.com\/soria\/wp-content\/uploads\/sites\/9\/2024\/03\/IMG_3717-696x934.jpg 696w, https:\/\/www.asajacyl.com\/soria\/wp-content\/uploads\/sites\/9\/2024\/03\/IMG_3717-1068x1433.jpg 1068w, https:\/\/www.asajacyl.com\/soria\/wp-content\/uploads\/sites\/9\/2024\/03\/IMG_3717-313x420.jpg 313w\" sizes=\"(max-width: 1863px) 100vw, 1863px\" \/><img loading=\"lazy\" decoding=\"async\" class=\"aligncenter  wp-image-7796\" src=\"https:\/\/www.asajacyl.com\/soria\/wp-content\/uploads\/sites\/9\/2024\/03\/IMG_3701.jpg\" alt=\"\" width=\"474\" height=\"636\" srcset=\"https:\/\/www.asajacyl.com\/soria\/wp-content\/uploads\/sites\/9\/2024\/03\/IMG_3701.jpg 1863w, https:\/\/www.asajacyl.com\/soria\/wp-content\/uploads\/sites\/9\/2024\/03\/IMG_3701-224x300.jpg 224w, https:\/\/www.asajacyl.com\/soria\/wp-content\/uploads\/sites\/9\/2024\/03\/IMG_3701-763x1024.jpg 763w, https:\/\/www.asajacyl.com\/soria\/wp-content\/uploads\/sites\/9\/2024\/03\/IMG_3701-768x1031.jpg 768w, https:\/\/www.asajacyl.com\/soria\/wp-content\/uploads\/sites\/9\/2024\/03\/IMG_3701-1145x1536.jpg 1145w, https:\/\/www.asajacyl.com\/soria\/wp-content\/uploads\/sites\/9\/2024\/03\/IMG_3701-1526x2048.jpg 1526w, https:\/\/www.asajacyl.com\/soria\/wp-content\/uploads\/sites\/9\/2024\/03\/IMG_3701-696x934.jpg 696w, https:\/\/www.asajacyl.com\/soria\/wp-content\/uploads\/sites\/9\/2024\/03\/IMG_3701-1068x1433.jpg 1068w, https:\/\/www.asajacyl.com\/soria\/wp-content\/uploads\/sites\/9\/2024\/03\/IMG_3701-313x420.jpg 313w\" sizes=\"(max-width: 474px) 100vw, 474px\" \/><\/p>\n<p><img loading=\"lazy\" decoding=\"async\" class=\"aligncenter  wp-image-7794\" src=\"https:\/\/www.asajacyl.com\/soria\/wp-content\/uploads\/sites\/9\/2024\/03\/IMG_3727.jpg\" alt=\"\" width=\"543\" height=\"407\" srcset=\"https:\/\/www.asajacyl.com\/soria\/wp-content\/uploads\/sites\/9\/2024\/03\/IMG_3727.jpg 2016w, https:\/\/www.asajacyl.com\/soria\/wp-content\/uploads\/sites\/9\/2024\/03\/IMG_3727-300x225.jpg 300w, https:\/\/www.asajacyl.com\/soria\/wp-content\/uploads\/sites\/9\/2024\/03\/IMG_3727-1024x768.jpg 1024w, https:\/\/www.asajacyl.com\/soria\/wp-content\/uploads\/sites\/9\/2024\/03\/IMG_3727-768x576.jpg 768w, https:\/\/www.asajacyl.com\/soria\/wp-content\/uploads\/sites\/9\/2024\/03\/IMG_3727-1536x1152.jpg 1536w, https:\/\/www.asajacyl.com\/soria\/wp-content\/uploads\/sites\/9\/2024\/03\/IMG_3727-696x522.jpg 696w, https:\/\/www.asajacyl.com\/soria\/wp-content\/uploads\/sites\/9\/2024\/03\/IMG_3727-1068x801.jpg 1068w, https:\/\/www.asajacyl.com\/soria\/wp-content\/uploads\/sites\/9\/2024\/03\/IMG_3727-1920x1440.jpg 1920w, https:\/\/www.asajacyl.com\/soria\/wp-content\/uploads\/sites\/9\/2024\/03\/IMG_3727-560x420.jpg 560w, https:\/\/www.asajacyl.com\/soria\/wp-content\/uploads\/sites\/9\/2024\/03\/IMG_3727-80x60.jpg 80w\" sizes=\"(max-width: 543px) 100vw, 543px\" \/><\/p>\n<p>Pastor se mostr\u00f3 muy firme sobre la posici\u00f3n de ASAJA y confirm\u00f3 que \u201caunque existen avances en materia de seguro agrario, con la eliminaci\u00f3n de sucesos extraordinarios como la sequ\u00eda del a\u00f1o pasado para el computo del seguro, o la posibilidad de fijar las ayudas a la contrataci\u00f3n al m\u00e1ximo permitido por Europa, y que de manera extraordinaria se ha aplicado en 2023, todav\u00eda vemos falta de avances en fiscalidad, especialmente para los que declaran en estimaci\u00f3n directa, o en materia de ganader\u00eda\u201d. Adem\u00e1s, calific\u00f3 de inconsistentes los compromisos expresados por el ministro Planas en materia de mercados y cl\u00e1usulas espejo para las importaciones y ha recordado que las reivindicaciones \u201cafectan tambi\u00e9n a otros ministerios, y administraciones, como el de Transici\u00f3n Ecol\u00f3gica del que nada se sabe. Las medidas de presi\u00f3n deben continuar porque en realidad seguimos sin soluciones\u201d.<\/p>\n<p><img loading=\"lazy\" decoding=\"async\" class=\"aligncenter size-full wp-image-7803\" src=\"https:\/\/www.asajacyl.com\/soria\/wp-content\/uploads\/sites\/9\/2024\/03\/IMG_3672.jpg\" alt=\"\" width=\"1863\" height=\"2500\" srcset=\"https:\/\/www.asajacyl.com\/soria\/wp-content\/uploads\/sites\/9\/2024\/03\/IMG_3672.jpg 1863w, https:\/\/www.asajacyl.com\/soria\/wp-content\/uploads\/sites\/9\/2024\/03\/IMG_3672-224x300.jpg 224w, https:\/\/www.asajacyl.com\/soria\/wp-content\/uploads\/sites\/9\/2024\/03\/IMG_3672-763x1024.jpg 763w, https:\/\/www.asajacyl.com\/soria\/wp-content\/uploads\/sites\/9\/2024\/03\/IMG_3672-768x1031.jpg 768w, https:\/\/www.asajacyl.com\/soria\/wp-content\/uploads\/sites\/9\/2024\/03\/IMG_3672-1145x1536.jpg 1145w, https:\/\/www.asajacyl.com\/soria\/wp-content\/uploads\/sites\/9\/2024\/03\/IMG_3672-1526x2048.jpg 1526w, https:\/\/www.asajacyl.com\/soria\/wp-content\/uploads\/sites\/9\/2024\/03\/IMG_3672-696x934.jpg 696w, https:\/\/www.asajacyl.com\/soria\/wp-content\/uploads\/sites\/9\/2024\/03\/IMG_3672-1068x1433.jpg 1068w, https:\/\/www.asajacyl.com\/soria\/wp-content\/uploads\/sites\/9\/2024\/03\/IMG_3672-313x420.jpg 313w\" sizes=\"(max-width: 1863px) 100vw, 1863px\" \/><\/p>\n<p><img loading=\"lazy\" decoding=\"async\" class=\"aligncenter size-full wp-image-7800\" src=\"https:\/\/www.asajacyl.com\/soria\/wp-content\/uploads\/sites\/9\/2024\/03\/IMG_3687.jpg\" alt=\"\" width=\"2500\" height=\"1875\" srcset=\"https:\/\/www.asajacyl.com\/soria\/wp-content\/uploads\/sites\/9\/2024\/03\/IMG_3687.jpg 2500w, https:\/\/www.asajacyl.com\/soria\/wp-content\/uploads\/sites\/9\/2024\/03\/IMG_3687-300x225.jpg 300w, https:\/\/www.asajacyl.com\/soria\/wp-content\/uploads\/sites\/9\/2024\/03\/IMG_3687-1024x768.jpg 1024w, https:\/\/www.asajacyl.com\/soria\/wp-content\/uploads\/sites\/9\/2024\/03\/IMG_3687-768x576.jpg 768w, https:\/\/www.asajacyl.com\/soria\/wp-content\/uploads\/sites\/9\/2024\/03\/IMG_3687-1536x1152.jpg 1536w, https:\/\/www.asajacyl.com\/soria\/wp-content\/uploads\/sites\/9\/2024\/03\/IMG_3687-2048x1536.jpg 2048w, https:\/\/www.asajacyl.com\/soria\/wp-content\/uploads\/sites\/9\/2024\/03\/IMG_3687-696x522.jpg 696w, https:\/\/www.asajacyl.com\/soria\/wp-content\/uploads\/sites\/9\/2024\/03\/IMG_3687-1068x801.jpg 1068w, https:\/\/www.asajacyl.com\/soria\/wp-content\/uploads\/sites\/9\/2024\/03\/IMG_3687-1920x1440.jpg 1920w, https:\/\/www.asajacyl.com\/soria\/wp-content\/uploads\/sites\/9\/2024\/03\/IMG_3687-560x420.jpg 560w, https:\/\/www.asajacyl.com\/soria\/wp-content\/uploads\/sites\/9\/2024\/03\/IMG_3687-80x60.jpg 80w\" sizes=\"(max-width: 2500px) 100vw, 2500px\" \/><\/p>\n<p><img loading=\"lazy\" decoding=\"async\" class=\"aligncenter  wp-image-7799\" src=\"https:\/\/www.asajacyl.com\/soria\/wp-content\/uploads\/sites\/9\/2024\/03\/IMG_3696.jpg\" alt=\"\" width=\"513\" height=\"385\" srcset=\"https:\/\/www.asajacyl.com\/soria\/wp-content\/uploads\/sites\/9\/2024\/03\/IMG_3696.jpg 2500w, https:\/\/www.asajacyl.com\/soria\/wp-content\/uploads\/sites\/9\/2024\/03\/IMG_3696-300x225.jpg 300w, https:\/\/www.asajacyl.com\/soria\/wp-content\/uploads\/sites\/9\/2024\/03\/IMG_3696-1024x768.jpg 1024w, https:\/\/www.asajacyl.com\/soria\/wp-content\/uploads\/sites\/9\/2024\/03\/IMG_3696-768x576.jpg 768w, https:\/\/www.asajacyl.com\/soria\/wp-content\/uploads\/sites\/9\/2024\/03\/IMG_3696-1536x1152.jpg 1536w, https:\/\/www.asajacyl.com\/soria\/wp-content\/uploads\/sites\/9\/2024\/03\/IMG_3696-2048x1536.jpg 2048w, https:\/\/www.asajacyl.com\/soria\/wp-content\/uploads\/sites\/9\/2024\/03\/IMG_3696-696x522.jpg 696w, https:\/\/www.asajacyl.com\/soria\/wp-content\/uploads\/sites\/9\/2024\/03\/IMG_3696-1068x801.jpg 1068w, https:\/\/www.asajacyl.com\/soria\/wp-content\/uploads\/sites\/9\/2024\/03\/IMG_3696-1920x1440.jpg 1920w, https:\/\/www.asajacyl.com\/soria\/wp-content\/uploads\/sites\/9\/2024\/03\/IMG_3696-560x420.jpg 560w, https:\/\/www.asajacyl.com\/soria\/wp-content\/uploads\/sites\/9\/2024\/03\/IMG_3696-80x60.jpg 80w\" sizes=\"(max-width: 513px) 100vw, 513px\" \/><\/p>\n<p>\u00a0<\/p>\n<p>Los agricultores han entregado, tanto en la Delegaci\u00f3n del Gobierno como en las Consejer\u00edas de Agricultura y de Medio Ambiente, una tabla reivindicativa que engloba las principales peticiones del sector. La baja rentabilidad es un tema acuciante, agravado por la entrada masiva de cereal ucranio sin aranceles, y tambi\u00e9n por las enfermedades que est\u00e1n golpeando al sector ganadero. Otro punto esencial es lograr un vuelco total en la Pol\u00edtica Agraria Com\u00fan, para frenar su excesiva burocratizaci\u00f3n y sesgos ideol\u00f3gicos que est\u00e1n impidiendo la producci\u00f3n de alimentos en Europa. Tambi\u00e9n es fundamental que haya una revisi\u00f3n de las medidas que se toman desde el Ministerio de Medio Ambiente, desde la gesti\u00f3n de los recursos h\u00eddricos hasta el control de la fauna salvaje.<\/p>\n<p><img loading=\"lazy\" decoding=\"async\" class=\"aligncenter size-full wp-image-7798\" src=\"https:\/\/www.asajacyl.com\/soria\/wp-content\/uploads\/sites\/9\/2024\/03\/IMG_3680.jpg\" alt=\"\" width=\"2500\" height=\"1875\" srcset=\"https:\/\/www.asajacyl.com\/soria\/wp-content\/uploads\/sites\/9\/2024\/03\/IMG_3680.jpg 2500w, https:\/\/www.asajacyl.com\/soria\/wp-content\/uploads\/sites\/9\/2024\/03\/IMG_3680-300x225.jpg 300w, https:\/\/www.asajacyl.com\/soria\/wp-content\/uploads\/sites\/9\/2024\/03\/IMG_3680-1024x768.jpg 1024w, https:\/\/www.asajacyl.com\/soria\/wp-content\/uploads\/sites\/9\/2024\/03\/IMG_3680-768x576.jpg 768w, https:\/\/www.asajacyl.com\/soria\/wp-content\/uploads\/sites\/9\/2024\/03\/IMG_3680-1536x1152.jpg 1536w, https:\/\/www.asajacyl.com\/soria\/wp-content\/uploads\/sites\/9\/2024\/03\/IMG_3680-2048x1536.jpg 2048w, https:\/\/www.asajacyl.com\/soria\/wp-content\/uploads\/sites\/9\/2024\/03\/IMG_3680-696x522.jpg 696w, https:\/\/www.asajacyl.com\/soria\/wp-content\/uploads\/sites\/9\/2024\/03\/IMG_3680-1068x801.jpg 1068w, https:\/\/www.asajacyl.com\/soria\/wp-content\/uploads\/sites\/9\/2024\/03\/IMG_3680-1920x1440.jpg 1920w, https:\/\/www.asajacyl.com\/soria\/wp-content\/uploads\/sites\/9\/2024\/03\/IMG_3680-560x420.jpg 560w, https:\/\/www.asajacyl.com\/soria\/wp-content\/uploads\/sites\/9\/2024\/03\/IMG_3680-80x60.jpg 80w\" sizes=\"(max-width: 2500px) 100vw, 2500px\" \/><\/p>\n<p>\u00a0<\/p>\n","protected":false},"excerpt":{"rendered":"<p>En un momento cr\u00edtico, el campo provincial exige medidas concretas a las puertas de la Delegaci\u00f3n del Gobierno y de las Consejer\u00edas de Agricultura y de Medio Ambiente El campo soriano contin\u00faa con las protestas. Hoy viernes el escenario combativo ha estado en Valladolid y el pr\u00f3ximo lunes ser\u00e1 en el Puerto de Santander. La [&hellip;]<\/p>\n","protected":false},"author":12,"featured_media":7791,"comment_status":"open","ping_status":"open","sticky":false,"template":"","format":"standard","meta":{"footnotes":""},"categories":[10,25],"tags":[],"yoast_head":"<!-- This site is optimized with the Yoast SEO plugin v24.5 - https:\/\/yoast.com\/wordpress\/plugins\/seo\/ -->\n<title>ASAJA SORIA, PRESENTE EN LA TRACTORADA DE ESTE VIERNES EN VALLADOLID PARA PEDIR SOLUCIONES Y FORTALECER LA UNIDAD DEL SECTOR - ASAJA Soria<\/title>\n<meta name=\"description\" content=\"En un momento cr\u00edtico, el campo provincial exige medidas concretas a las puertas de la Delegaci\u00f3n del Gobierno y de las Consejer\u00edas de Agricultura y de\" \/>\n<meta name=\"robots\" content=\"index, follow, max-snippet:-1, max-image-preview:large, max-video-preview:-1\" \/>\n<link rel=\"canonical\" href=\"https:\/\/www.asajacyl.com\/soria\/asaja-soria-informa\/asaja-soria-presente-en-la-tractorada-de-este-viernes-en-valladolid-para-pedir-soluciones-y-fortalecer-la-unidad-del-sector\" \/>\n<meta property=\"og:locale\" content=\"es_ES\" \/>\n<meta property=\"og:type\" content=\"article\" \/>\n<meta property=\"og:title\" content=\"ASAJA SORIA, PRESENTE EN LA TRACTORADA DE ESTE VIERNES EN VALLADOLID PARA PEDIR SOLUCIONES Y FORTALECER LA UNIDAD DEL SECTOR - ASAJA Soria\" \/>\n<meta property=\"og:description\" content=\"En un momento cr\u00edtico, el campo provincial exige medidas concretas a las puertas de la Delegaci\u00f3n del Gobierno y de las Consejer\u00edas de Agricultura y de\" \/>\n<meta property=\"og:url\" content=\"https:\/\/www.asajacyl.com\/soria\/asaja-soria-informa\/asaja-soria-presente-en-la-tractorada-de-este-viernes-en-valladolid-para-pedir-soluciones-y-fortalecer-la-unidad-del-sector\" \/>\n<meta property=\"og:site_name\" content=\"ASAJA Soria\" \/>\n<meta property=\"article:published_time\" content=\"2024-03-15T13:28:01+00:00\" \/>\n<meta property=\"article:modified_time\" content=\"2024-03-15T13:53:30+00:00\" \/>\n<meta property=\"og:image\" content=\"https:\/\/www.asajacyl.com\/soria\/wp-content\/uploads\/sites\/9\/2024\/03\/IMG_3679.jpg\" \/>\n\t<meta property=\"og:image:width\" content=\"2500\" \/>\n\t<meta property=\"og:image:height\" content=\"1875\" \/>\n\t<meta property=\"og:image:type\" content=\"image\/jpeg\" \/>\n<meta name=\"author\" content=\"Juan Ignacio Prieto Nieto\" \/>\n<meta name=\"twitter:card\" content=\"summary_large_image\" \/>\n<meta name=\"twitter:label1\" content=\"Escrito por\" \/>\n\t<meta name=\"twitter:data1\" content=\"Juan Ignacio Prieto Nieto\" \/>\n\t<meta name=\"twitter:label2\" content=\"Tiempo de lectura\" \/>\n\t<meta name=\"twitter:data2\" content=\"3 minutos\" \/>\n<script type=\"application\/ld+json\" class=\"yoast-schema-graph\">{\"@context\":\"https:\/\/schema.org\",\"@graph\":[{\"@type\":\"WebPage\",\"@id\":\"https:\/\/www.asajacyl.com\/soria\/asaja-soria-informa\/asaja-soria-presente-en-la-tractorada-de-este-viernes-en-valladolid-para-pedir-soluciones-y-fortalecer-la-unidad-del-sector\",\"url\":\"https:\/\/www.asajacyl.com\/soria\/asaja-soria-informa\/asaja-soria-presente-en-la-tractorada-de-este-viernes-en-valladolid-para-pedir-soluciones-y-fortalecer-la-unidad-del-sector\",\"name\":\"ASAJA SORIA, PRESENTE EN LA TRACTORADA DE ESTE VIERNES EN VALLADOLID PARA PEDIR SOLUCIONES Y FORTALECER LA UNIDAD DEL SECTOR - ASAJA Soria\",\"isPartOf\":{\"@id\":\"https:\/\/www.asajacyl.com\/soria\/#website\"},\"primaryImageOfPage\":{\"@id\":\"https:\/\/www.asajacyl.com\/soria\/asaja-soria-informa\/asaja-soria-presente-en-la-tractorada-de-este-viernes-en-valladolid-para-pedir-soluciones-y-fortalecer-la-unidad-del-sector#primaryimage\"},\"image\":{\"@id\":\"https:\/\/www.asajacyl.com\/soria\/asaja-soria-informa\/asaja-soria-presente-en-la-tractorada-de-este-viernes-en-valladolid-para-pedir-soluciones-y-fortalecer-la-unidad-del-sector#primaryimage\"},\"thumbnailUrl\":\"https:\/\/www.asajacyl.com\/soria\/wp-content\/uploads\/sites\/9\/2024\/03\/IMG_3679.jpg\",\"datePublished\":\"2024-03-15T13:28:01+00:00\",\"dateModified\":\"2024-03-15T13:53:30+00:00\",\"author\":{\"@id\":\"https:\/\/www.asajacyl.com\/soria\/#\/schema\/person\/fd3081c40255119ce8133b87e6aedfab\"},\"description\":\"En un momento cr\u00edtico, el campo provincial exige medidas concretas a las puertas de la Delegaci\u00f3n del Gobierno y de las Consejer\u00edas de Agricultura y de\",\"breadcrumb\":{\"@id\":\"https:\/\/www.asajacyl.com\/soria\/asaja-soria-informa\/asaja-soria-presente-en-la-tractorada-de-este-viernes-en-valladolid-para-pedir-soluciones-y-fortalecer-la-unidad-del-sector#breadcrumb\"},\"inLanguage\":\"es\",\"potentialAction\":[{\"@type\":\"ReadAction\",\"target\":[\"https:\/\/www.asajacyl.com\/soria\/asaja-soria-informa\/asaja-soria-presente-en-la-tractorada-de-este-viernes-en-valladolid-para-pedir-soluciones-y-fortalecer-la-unidad-del-sector\"]}]},{\"@type\":\"ImageObject\",\"inLanguage\":\"es\",\"@id\":\"https:\/\/www.asajacyl.com\/soria\/asaja-soria-informa\/asaja-soria-presente-en-la-tractorada-de-este-viernes-en-valladolid-para-pedir-soluciones-y-fortalecer-la-unidad-del-sector#primaryimage\",\"url\":\"https:\/\/www.asajacyl.com\/soria\/wp-content\/uploads\/sites\/9\/2024\/03\/IMG_3679.jpg\",\"contentUrl\":\"https:\/\/www.asajacyl.com\/soria\/wp-content\/uploads\/sites\/9\/2024\/03\/IMG_3679.jpg\",\"width\":2500,\"height\":1875},{\"@type\":\"BreadcrumbList\",\"@id\":\"https:\/\/www.asajacyl.com\/soria\/asaja-soria-informa\/asaja-soria-presente-en-la-tractorada-de-este-viernes-en-valladolid-para-pedir-soluciones-y-fortalecer-la-unidad-del-sector#breadcrumb\",\"itemListElement\":[{\"@type\":\"ListItem\",\"position\":1,\"name\":\"Portada\",\"item\":\"https:\/\/www.asajacyl.com\/soria\/\"},{\"@type\":\"ListItem\",\"position\":2,\"name\":\"ASAJA SORIA, PRESENTE EN LA TRACTORADA DE ESTE VIERNES EN VALLADOLID PARA PEDIR SOLUCIONES Y FORTALECER LA UNIDAD DEL SECTOR\"}]},{\"@type\":\"WebSite\",\"@id\":\"https:\/\/www.asajacyl.com\/soria\/#website\",\"url\":\"https:\/\/www.asajacyl.com\/soria\/\",\"name\":\"ASAJA Soria\",\"description\":\"Otro sitio m\u00e1s de Provincias ASAJA Castilla y Le\u00f3n\",\"potentialAction\":[{\"@type\":\"SearchAction\",\"target\":{\"@type\":\"EntryPoint\",\"urlTemplate\":\"https:\/\/www.asajacyl.com\/soria\/?s={search_term_string}\"},\"query-input\":{\"@type\":\"PropertyValueSpecification\",\"valueRequired\":true,\"valueName\":\"search_term_string\"}}],\"inLanguage\":\"es\"},{\"@type\":\"Person\",\"@id\":\"https:\/\/www.asajacyl.com\/soria\/#\/schema\/person\/fd3081c40255119ce8133b87e6aedfab\",\"name\":\"Juan Ignacio Prieto Nieto\",\"image\":{\"@type\":\"ImageObject\",\"inLanguage\":\"es\",\"@id\":\"https:\/\/www.asajacyl.com\/soria\/#\/schema\/person\/image\/\",\"url\":\"https:\/\/secure.gravatar.com\/avatar\/8266b36e4d9001acb4700699a2468dc8?s=96&d=mm&r=g\",\"contentUrl\":\"https:\/\/secure.gravatar.com\/avatar\/8266b36e4d9001acb4700699a2468dc8?s=96&d=mm&r=g\",\"caption\":\"Juan Ignacio Prieto Nieto\"},\"url\":\"https:\/\/www.asajacyl.com\/soria\/author\/juanfranciscoby\"}]}<\/script>\n<!-- \/ Yoast SEO plugin. -->","yoast_head_json":{"title":"ASAJA SORIA, PRESENTE EN LA TRACTORADA DE ESTE VIERNES EN VALLADOLID PARA PEDIR SOLUCIONES Y FORTALECER LA UNIDAD DEL SECTOR - ASAJA Soria","description":"En un momento cr\u00edtico, el campo provincial exige medidas concretas a las puertas de la Delegaci\u00f3n del Gobierno y de las Consejer\u00edas de Agricultura y de","robots":{"index":"index","follow":"follow","max-snippet":"max-snippet:-1","max-image-preview":"max-image-preview:large","max-video-preview":"max-video-preview:-1"},"canonical":"https:\/\/www.asajacyl.com\/soria\/asaja-soria-informa\/asaja-soria-presente-en-la-tractorada-de-este-viernes-en-valladolid-para-pedir-soluciones-y-fortalecer-la-unidad-del-sector","og_locale":"es_ES","og_type":"article","og_title":"ASAJA SORIA, PRESENTE EN LA TRACTORADA DE ESTE VIERNES EN VALLADOLID PARA PEDIR SOLUCIONES Y FORTALECER LA UNIDAD DEL SECTOR - ASAJA Soria","og_description":"En un momento cr\u00edtico, el campo provincial exige medidas concretas a las puertas de la Delegaci\u00f3n del Gobierno y de las Consejer\u00edas de Agricultura y de","og_url":"https:\/\/www.asajacyl.com\/soria\/asaja-soria-informa\/asaja-soria-presente-en-la-tractorada-de-este-viernes-en-valladolid-para-pedir-soluciones-y-fortalecer-la-unidad-del-sector","og_site_name":"ASAJA Soria","article_published_time":"2024-03-15T13:28:01+00:00","article_modified_time":"2024-03-15T13:53:30+00:00","og_image":[{"width":2500,"height":1875,"url":"https:\/\/www.asajacyl.com\/soria\/wp-content\/uploads\/sites\/9\/2024\/03\/IMG_3679.jpg","type":"image\/jpeg"}],"author":"Juan Ignacio Prieto Nieto","twitter_card":"summary_large_image","twitter_misc":{"Escrito por":"Juan Ignacio Prieto Nieto","Tiempo de lectura":"3 minutos"},"schema":{"@context":"https:\/\/schema.org","@graph":[{"@type":"WebPage","@id":"https:\/\/www.asajacyl.com\/soria\/asaja-soria-informa\/asaja-soria-presente-en-la-tractorada-de-este-viernes-en-valladolid-para-pedir-soluciones-y-fortalecer-la-unidad-del-sector","url":"https:\/\/www.asajacyl.com\/soria\/asaja-soria-informa\/asaja-soria-presente-en-la-tractorada-de-este-viernes-en-valladolid-para-pedir-soluciones-y-fortalecer-la-unidad-del-sector","name":"ASAJA SORIA, PRESENTE EN LA TRACTORADA DE ESTE VIERNES EN VALLADOLID PARA PEDIR SOLUCIONES Y FORTALECER LA UNIDAD DEL SECTOR - ASAJA Soria","isPartOf":{"@id":"https:\/\/www.asajacyl.com\/soria\/#website"},"primaryImageOfPage":{"@id":"https:\/\/www.asajacyl.com\/soria\/asaja-soria-informa\/asaja-soria-presente-en-la-tractorada-de-este-viernes-en-valladolid-para-pedir-soluciones-y-fortalecer-la-unidad-del-sector#primaryimage"},"image":{"@id":"https:\/\/www.asajacyl.com\/soria\/asaja-soria-informa\/asaja-soria-presente-en-la-tractorada-de-este-viernes-en-valladolid-para-pedir-soluciones-y-fortalecer-la-unidad-del-sector#primaryimage"},"thumbnailUrl":"https:\/\/www.asajacyl.com\/soria\/wp-content\/uploads\/sites\/9\/2024\/03\/IMG_3679.jpg","datePublished":"2024-03-15T13:28:01+00:00","dateModified":"2024-03-15T13:53:30+00:00","author":{"@id":"https:\/\/www.asajacyl.com\/soria\/#\/schema\/person\/fd3081c40255119ce8133b87e6aedfab"},"description":"En un momento cr\u00edtico, el campo provincial exige medidas concretas a las puertas de la Delegaci\u00f3n del Gobierno y de las Consejer\u00edas de Agricultura y de","breadcrumb":{"@id":"https:\/\/www.asajacyl.com\/soria\/asaja-soria-informa\/asaja-soria-presente-en-la-tractorada-de-este-viernes-en-valladolid-para-pedir-soluciones-y-fortalecer-la-unidad-del-sector#breadcrumb"},"inLanguage":"es","potentialAction":[{"@type":"ReadAction","target":["https:\/\/www.asajacyl.com\/soria\/asaja-soria-informa\/asaja-soria-presente-en-la-tractorada-de-este-viernes-en-valladolid-para-pedir-soluciones-y-fortalecer-la-unidad-del-sector"]}]},{"@type":"ImageObject","inLanguage":"es","@id":"https:\/\/www.asajacyl.com\/soria\/asaja-soria-informa\/asaja-soria-presente-en-la-tractorada-de-este-viernes-en-valladolid-para-pedir-soluciones-y-fortalecer-la-unidad-del-sector#primaryimage","url":"https:\/\/www.asajacyl.com\/soria\/wp-content\/uploads\/sites\/9\/2024\/03\/IMG_3679.jpg","contentUrl":"https:\/\/www.asajacyl.com\/soria\/wp-content\/uploads\/sites\/9\/2024\/03\/IMG_3679.jpg","width":2500,"height":1875},{"@type":"BreadcrumbList","@id":"https:\/\/www.asajacyl.com\/soria\/asaja-soria-informa\/asaja-soria-presente-en-la-tractorada-de-este-viernes-en-valladolid-para-pedir-soluciones-y-fortalecer-la-unidad-del-sector#breadcrumb","itemListElement":[{"@type":"ListItem","position":1,"name":"Portada","item":"https:\/\/www.asajacyl.com\/soria\/"},{"@type":"ListItem","position":2,"name":"ASAJA SORIA, PRESENTE EN LA TRACTORADA DE ESTE VIERNES EN VALLADOLID PARA PEDIR SOLUCIONES Y FORTALECER LA UNIDAD DEL SECTOR"}]},{"@type":"WebSite","@id":"https:\/\/www.asajacyl.com\/soria\/#website","url":"https:\/\/www.asajacyl.com\/soria\/","name":"ASAJA Soria","description":"Otro sitio m\u00e1s de Provincias ASAJA Castilla y Le\u00f3n","potentialAction":[{"@type":"SearchAction","target":{"@type":"EntryPoint","urlTemplate":"https:\/\/www.asajacyl.com\/soria\/?s={search_term_string}"},"query-input":{"@type":"PropertyValueSpecification","valueRequired":true,"valueName":"search_term_string"}}],"inLanguage":"es"},{"@type":"Person","@id":"https:\/\/www.asajacyl.com\/soria\/#\/schema\/person\/fd3081c40255119ce8133b87e6aedfab","name":"Juan Ignacio Prieto Nieto","image":{"@type":"ImageObject","inLanguage":"es","@id":"https:\/\/www.asajacyl.com\/soria\/#\/schema\/person\/image\/","url":"https:\/\/secure.gravatar.com\/avatar\/8266b36e4d9001acb4700699a2468dc8?s=96&d=mm&r=g","contentUrl":"https:\/\/secure.gravatar.com\/avatar\/8266b36e4d9001acb4700699a2468dc8?s=96&d=mm&r=g","caption":"Juan Ignacio Prieto Nieto"},"url":"https:\/\/www.asajacyl.com\/soria\/author\/juanfranciscoby"}]}},"_links":{"self":[{"href":"https:\/\/www.asajacyl.com\/soria\/wp-json\/wp\/v2\/posts\/7789"}],"collection":[{"href":"https:\/\/www.asajacyl.com\/soria\/wp-json\/wp\/v2\/posts"}],"about":[{"href":"https:\/\/www.asajacyl.com\/soria\/wp-json\/wp\/v2\/types\/post"}],"author":[{"embeddable":true,"href":"https:\/\/www.asajacyl.com\/soria\/wp-json\/wp\/v2\/users\/12"}],"replies":[{"embeddable":true,"href":"https:\/\/www.asajacyl.com\/soria\/wp-json\/wp\/v2\/comments?post=7789"}],"version-history":[{"count":5,"href":"https:\/\/www.asajacyl.com\/soria\/wp-json\/wp\/v2\/posts\/7789\/revisions"}],"predecessor-version":[{"id":7815,"href":"https:\/\/www.asajacyl.com\/soria\/wp-json\/wp\/v2\/posts\/7789\/revisions\/7815"}],"wp:featuredmedia":[{"embeddable":true,"href":"https:\/\/www.asajacyl.com\/soria\/wp-json\/wp\/v2\/media\/7791"}],"wp:attachment":[{"href":"https:\/\/www.asajacyl.com\/soria\/wp-json\/wp\/v2\/media?parent=7789"}],"wp:term":[{"taxonomy":"category","embeddable":true,"href":"https:\/\/www.asajacyl.com\/soria\/wp-json\/wp\/v2\/categories?post=7789"},{"taxonomy":"post_tag","embeddable":true,"href":"https:\/\/www.asajacyl.com\/soria\/wp-json\/wp\/v2\/tags?post=7789"}],"curies":[{"name":"wp","href":"https:\/\/api.w.org\/{rel}","templated":true}]}}