{"id":7844,"date":"2024-03-19T12:56:31","date_gmt":"2024-03-19T11:56:31","guid":{"rendered":"https:\/\/www.asajacyl.com\/soria\/?p=7844"},"modified":"2024-03-19T13:53:15","modified_gmt":"2024-03-19T12:53:15","slug":"asaja-soria-imparte-del-1-de-abril-al-26-de-junio-un-curso-en-linea-de-incorporacion-a-la-empresa-agraria","status":"publish","type":"post","link":"https:\/\/www.asajacyl.com\/soria\/servicios-socio\/asaja-soria-imparte-del-1-de-abril-al-26-de-junio-un-curso-en-linea-de-incorporacion-a-la-empresa-agraria","title":{"rendered":"ASAJA-Soria imparte del 1 de abril al 26 de junio un curso en l\u00ednea de incorporaci\u00f3n a la empresa agraria"},"content":{"rendered":"\n\n\n<h2><strong>ASAJA-Soria organiza del 1 de abril al 26 de junio de 2024 un curso en l\u00ednea, que puede seguirse de forma telem\u00e1tica, de incorporaci\u00f3n a la empresa agraria; una acci\u00f3n formativa que cofinancia (55%) la Uni\u00f3n Europea a trav\u00e9s del Fondo Europeo Agr\u00edcola de Desarrollo Rural (Feader).<\/strong><\/h2>\n<p>Estos cursos vienen regulados por la Orden de 21 de diciembre de 2023, de la Consejer\u00eda de Agricultura, Ganader\u00eda y Desarrollo Rural por la que se convocan ayudas para realizar acciones de formaci\u00f3n, informaci\u00f3n y demostraci\u00f3n en el marco de la intervenci\u00f3n \u201cTransferencia de conocimientos y actividades de formaci\u00f3n e informaci\u00f3n\u201d del Plan Estrat\u00e9gico de la PAC 2023-2027.<\/p>\n<p>Se dirigen a todos los trabajadores del sector agrario y agroalimentario, as\u00ed como a cualquier persona interesada en incorporarse a estos sectores. El curso se desarrollar\u00e1 de forma telem\u00e1tica en l\u00ednea (online), con inscripci\u00f3n gratuita. Las plazas son limitadas.<\/p>\n<p>El objetivo de esta acci\u00f3n formativa es mejorar la capacitaci\u00f3n profesional de los sectores agrario, forestal\/medioambiental, agroalimentario y el desarrollo rural, con el fin transversal de modernizar el sector, fomentar y compartir el conocimiento, la innovaci\u00f3n y la digitalizaci\u00f3n en la agricultura y las zonas rurales, para incentivar la aplicaci\u00f3n de la tecnolog\u00eda en la actividad agroganadera.<\/p>\n<p>Todas las personas interesadas en la inscripci\u00f3n pueden acudir a las oficinas de ASAJA Soria. Asimismo, para ampliar informaci\u00f3n o resolver dudas, pueden telefonear al n\u00famero 975215171 de 9:00 a 15:00 horas.<\/p>\n<p><img loading=\"lazy\" decoding=\"async\" class=\"aligncenter size-full wp-image-7851\" src=\"https:\/\/www.asajacyl.com\/soria\/wp-content\/uploads\/sites\/9\/2024\/03\/CARTEL-ASAJA-SO.jpg\" alt=\"\" width=\"1288\" height=\"843\" srcset=\"https:\/\/www.asajacyl.com\/soria\/wp-content\/uploads\/sites\/9\/2024\/03\/CARTEL-ASAJA-SO.jpg 1288w, https:\/\/www.asajacyl.com\/soria\/wp-content\/uploads\/sites\/9\/2024\/03\/CARTEL-ASAJA-SO-300x196.jpg 300w, https:\/\/www.asajacyl.com\/soria\/wp-content\/uploads\/sites\/9\/2024\/03\/CARTEL-ASAJA-SO-1024x670.jpg 1024w, https:\/\/www.asajacyl.com\/soria\/wp-content\/uploads\/sites\/9\/2024\/03\/CARTEL-ASAJA-SO-768x503.jpg 768w, https:\/\/www.asajacyl.com\/soria\/wp-content\/uploads\/sites\/9\/2024\/03\/CARTEL-ASAJA-SO-696x456.jpg 696w, https:\/\/www.asajacyl.com\/soria\/wp-content\/uploads\/sites\/9\/2024\/03\/CARTEL-ASAJA-SO-1068x699.jpg 1068w, https:\/\/www.asajacyl.com\/soria\/wp-content\/uploads\/sites\/9\/2024\/03\/CARTEL-ASAJA-SO-642x420.jpg 642w, https:\/\/www.asajacyl.com\/soria\/wp-content\/uploads\/sites\/9\/2024\/03\/CARTEL-ASAJA-SO-741x486.jpg 741w\" sizes=\"(max-width: 1288px) 100vw, 1288px\" \/><\/p>\n<p>\u00a0<\/p>\n<p>\u00a0<\/p>\n","protected":false},"excerpt":{"rendered":"<p>ASAJA-Soria organiza del 1 de abril al 26 de junio de 2024 un curso en l\u00ednea, que puede seguirse de forma telem\u00e1tica, de incorporaci\u00f3n a la empresa agraria; una acci\u00f3n formativa que cofinancia (55%) la Uni\u00f3n Europea a trav\u00e9s del Fondo Europeo Agr\u00edcola de Desarrollo Rural (Feader). Estos cursos vienen regulados por la Orden de [&hellip;]<\/p>\n","protected":false},"author":12,"featured_media":7840,"comment_status":"open","ping_status":"open","sticky":false,"template":"","format":"standard","meta":{"footnotes":""},"categories":[35,9],"tags":[],"yoast_head":"<!-- This site is optimized with the Yoast SEO plugin v24.5 - https:\/\/yoast.com\/wordpress\/plugins\/seo\/ -->\n<title>ASAJA-Soria imparte del 1 de abril al 26 de junio un curso en l\u00ednea de incorporaci\u00f3n a la empresa agraria - ASAJA Soria<\/title>\n<meta name=\"description\" content=\"ASAJA-Soria organiza del 1 de abril al 26 de junio de 2024 un curso en l\u00ednea, que puede seguirse de forma telem\u00e1tica, de incorporaci\u00f3n a la empresa\" \/>\n<meta name=\"robots\" content=\"index, follow, max-snippet:-1, max-image-preview:large, max-video-preview:-1\" \/>\n<link rel=\"canonical\" href=\"https:\/\/www.asajacyl.com\/soria\/servicios-socio\/asaja-soria-imparte-del-1-de-abril-al-26-de-junio-un-curso-en-linea-de-incorporacion-a-la-empresa-agraria\" \/>\n<meta property=\"og:locale\" content=\"es_ES\" \/>\n<meta property=\"og:type\" content=\"article\" \/>\n<meta property=\"og:title\" content=\"ASAJA-Soria imparte del 1 de abril al 26 de junio un curso en l\u00ednea de incorporaci\u00f3n a la empresa agraria - ASAJA Soria\" \/>\n<meta property=\"og:description\" content=\"ASAJA-Soria organiza del 1 de abril al 26 de junio de 2024 un curso en l\u00ednea, que puede seguirse de forma telem\u00e1tica, de incorporaci\u00f3n a la empresa\" \/>\n<meta property=\"og:url\" content=\"https:\/\/www.asajacyl.com\/soria\/servicios-socio\/asaja-soria-imparte-del-1-de-abril-al-26-de-junio-un-curso-en-linea-de-incorporacion-a-la-empresa-agraria\" \/>\n<meta property=\"og:site_name\" content=\"ASAJA Soria\" \/>\n<meta property=\"article:published_time\" content=\"2024-03-19T11:56:31+00:00\" \/>\n<meta property=\"article:modified_time\" content=\"2024-03-19T12:53:15+00:00\" \/>\n<meta property=\"og:image\" content=\"https:\/\/www.asajacyl.com\/soria\/wp-content\/uploads\/sites\/9\/2024\/03\/portatil.jpg\" \/>\n\t<meta property=\"og:image:width\" content=\"1280\" \/>\n\t<meta property=\"og:image:height\" content=\"853\" \/>\n\t<meta property=\"og:image:type\" content=\"image\/jpeg\" \/>\n<meta name=\"author\" content=\"Juan Ignacio Prieto Nieto\" \/>\n<meta name=\"twitter:card\" content=\"summary_large_image\" \/>\n<meta name=\"twitter:label1\" content=\"Escrito por\" \/>\n\t<meta name=\"twitter:data1\" content=\"Juan Ignacio Prieto Nieto\" \/>\n\t<meta name=\"twitter:label2\" content=\"Tiempo de lectura\" \/>\n\t<meta name=\"twitter:data2\" content=\"2 minutos\" \/>\n<script type=\"application\/ld+json\" class=\"yoast-schema-graph\">{\"@context\":\"https:\/\/schema.org\",\"@graph\":[{\"@type\":\"WebPage\",\"@id\":\"https:\/\/www.asajacyl.com\/soria\/servicios-socio\/asaja-soria-imparte-del-1-de-abril-al-26-de-junio-un-curso-en-linea-de-incorporacion-a-la-empresa-agraria\",\"url\":\"https:\/\/www.asajacyl.com\/soria\/servicios-socio\/asaja-soria-imparte-del-1-de-abril-al-26-de-junio-un-curso-en-linea-de-incorporacion-a-la-empresa-agraria\",\"name\":\"ASAJA-Soria imparte del 1 de abril al 26 de junio un curso en l\u00ednea de incorporaci\u00f3n a la empresa agraria - ASAJA Soria\",\"isPartOf\":{\"@id\":\"https:\/\/www.asajacyl.com\/soria\/#website\"},\"primaryImageOfPage\":{\"@id\":\"https:\/\/www.asajacyl.com\/soria\/servicios-socio\/asaja-soria-imparte-del-1-de-abril-al-26-de-junio-un-curso-en-linea-de-incorporacion-a-la-empresa-agraria#primaryimage\"},\"image\":{\"@id\":\"https:\/\/www.asajacyl.com\/soria\/servicios-socio\/asaja-soria-imparte-del-1-de-abril-al-26-de-junio-un-curso-en-linea-de-incorporacion-a-la-empresa-agraria#primaryimage\"},\"thumbnailUrl\":\"https:\/\/www.asajacyl.com\/soria\/wp-content\/uploads\/sites\/9\/2024\/03\/portatil.jpg\",\"datePublished\":\"2024-03-19T11:56:31+00:00\",\"dateModified\":\"2024-03-19T12:53:15+00:00\",\"author\":{\"@id\":\"https:\/\/www.asajacyl.com\/soria\/#\/schema\/person\/fd3081c40255119ce8133b87e6aedfab\"},\"description\":\"ASAJA-Soria organiza del 1 de abril al 26 de junio de 2024 un curso en l\u00ednea, que puede seguirse de forma telem\u00e1tica, de incorporaci\u00f3n a la empresa\",\"breadcrumb\":{\"@id\":\"https:\/\/www.asajacyl.com\/soria\/servicios-socio\/asaja-soria-imparte-del-1-de-abril-al-26-de-junio-un-curso-en-linea-de-incorporacion-a-la-empresa-agraria#breadcrumb\"},\"inLanguage\":\"es\",\"potentialAction\":[{\"@type\":\"ReadAction\",\"target\":[\"https:\/\/www.asajacyl.com\/soria\/servicios-socio\/asaja-soria-imparte-del-1-de-abril-al-26-de-junio-un-curso-en-linea-de-incorporacion-a-la-empresa-agraria\"]}]},{\"@type\":\"ImageObject\",\"inLanguage\":\"es\",\"@id\":\"https:\/\/www.asajacyl.com\/soria\/servicios-socio\/asaja-soria-imparte-del-1-de-abril-al-26-de-junio-un-curso-en-linea-de-incorporacion-a-la-empresa-agraria#primaryimage\",\"url\":\"https:\/\/www.asajacyl.com\/soria\/wp-content\/uploads\/sites\/9\/2024\/03\/portatil.jpg\",\"contentUrl\":\"https:\/\/www.asajacyl.com\/soria\/wp-content\/uploads\/sites\/9\/2024\/03\/portatil.jpg\",\"width\":1280,\"height\":853},{\"@type\":\"BreadcrumbList\",\"@id\":\"https:\/\/www.asajacyl.com\/soria\/servicios-socio\/asaja-soria-imparte-del-1-de-abril-al-26-de-junio-un-curso-en-linea-de-incorporacion-a-la-empresa-agraria#breadcrumb\",\"itemListElement\":[{\"@type\":\"ListItem\",\"position\":1,\"name\":\"Portada\",\"item\":\"https:\/\/www.asajacyl.com\/soria\/\"},{\"@type\":\"ListItem\",\"position\":2,\"name\":\"ASAJA-Soria imparte del 1 de abril al 26 de junio un curso en l\u00ednea de incorporaci\u00f3n a la empresa agraria\"}]},{\"@type\":\"WebSite\",\"@id\":\"https:\/\/www.asajacyl.com\/soria\/#website\",\"url\":\"https:\/\/www.asajacyl.com\/soria\/\",\"name\":\"ASAJA Soria\",\"description\":\"Otro sitio m\u00e1s de Provincias ASAJA Castilla y Le\u00f3n\",\"potentialAction\":[{\"@type\":\"SearchAction\",\"target\":{\"@type\":\"EntryPoint\",\"urlTemplate\":\"https:\/\/www.asajacyl.com\/soria\/?s={search_term_string}\"},\"query-input\":{\"@type\":\"PropertyValueSpecification\",\"valueRequired\":true,\"valueName\":\"search_term_string\"}}],\"inLanguage\":\"es\"},{\"@type\":\"Person\",\"@id\":\"https:\/\/www.asajacyl.com\/soria\/#\/schema\/person\/fd3081c40255119ce8133b87e6aedfab\",\"name\":\"Juan Ignacio Prieto Nieto\",\"image\":{\"@type\":\"ImageObject\",\"inLanguage\":\"es\",\"@id\":\"https:\/\/www.asajacyl.com\/soria\/#\/schema\/person\/image\/\",\"url\":\"https:\/\/secure.gravatar.com\/avatar\/8266b36e4d9001acb4700699a2468dc8?s=96&d=mm&r=g\",\"contentUrl\":\"https:\/\/secure.gravatar.com\/avatar\/8266b36e4d9001acb4700699a2468dc8?s=96&d=mm&r=g\",\"caption\":\"Juan Ignacio Prieto Nieto\"},\"url\":\"https:\/\/www.asajacyl.com\/soria\/author\/juanfranciscoby\"}]}<\/script>\n<!-- \/ Yoast SEO plugin. -->","yoast_head_json":{"title":"ASAJA-Soria imparte del 1 de abril al 26 de junio un curso en l\u00ednea de incorporaci\u00f3n a la empresa agraria - ASAJA Soria","description":"ASAJA-Soria organiza del 1 de abril al 26 de junio de 2024 un curso en l\u00ednea, que puede seguirse de forma telem\u00e1tica, de incorporaci\u00f3n a la empresa","robots":{"index":"index","follow":"follow","max-snippet":"max-snippet:-1","max-image-preview":"max-image-preview:large","max-video-preview":"max-video-preview:-1"},"canonical":"https:\/\/www.asajacyl.com\/soria\/servicios-socio\/asaja-soria-imparte-del-1-de-abril-al-26-de-junio-un-curso-en-linea-de-incorporacion-a-la-empresa-agraria","og_locale":"es_ES","og_type":"article","og_title":"ASAJA-Soria imparte del 1 de abril al 26 de junio un curso en l\u00ednea de incorporaci\u00f3n a la empresa agraria - ASAJA Soria","og_description":"ASAJA-Soria organiza del 1 de abril al 26 de junio de 2024 un curso en l\u00ednea, que puede seguirse de forma telem\u00e1tica, de incorporaci\u00f3n a la empresa","og_url":"https:\/\/www.asajacyl.com\/soria\/servicios-socio\/asaja-soria-imparte-del-1-de-abril-al-26-de-junio-un-curso-en-linea-de-incorporacion-a-la-empresa-agraria","og_site_name":"ASAJA Soria","article_published_time":"2024-03-19T11:56:31+00:00","article_modified_time":"2024-03-19T12:53:15+00:00","og_image":[{"width":1280,"height":853,"url":"https:\/\/www.asajacyl.com\/soria\/wp-content\/uploads\/sites\/9\/2024\/03\/portatil.jpg","type":"image\/jpeg"}],"author":"Juan Ignacio Prieto Nieto","twitter_card":"summary_large_image","twitter_misc":{"Escrito por":"Juan Ignacio Prieto Nieto","Tiempo de lectura":"2 minutos"},"schema":{"@context":"https:\/\/schema.org","@graph":[{"@type":"WebPage","@id":"https:\/\/www.asajacyl.com\/soria\/servicios-socio\/asaja-soria-imparte-del-1-de-abril-al-26-de-junio-un-curso-en-linea-de-incorporacion-a-la-empresa-agraria","url":"https:\/\/www.asajacyl.com\/soria\/servicios-socio\/asaja-soria-imparte-del-1-de-abril-al-26-de-junio-un-curso-en-linea-de-incorporacion-a-la-empresa-agraria","name":"ASAJA-Soria imparte del 1 de abril al 26 de junio un curso en l\u00ednea de incorporaci\u00f3n a la empresa agraria - ASAJA Soria","isPartOf":{"@id":"https:\/\/www.asajacyl.com\/soria\/#website"},"primaryImageOfPage":{"@id":"https:\/\/www.asajacyl.com\/soria\/servicios-socio\/asaja-soria-imparte-del-1-de-abril-al-26-de-junio-un-curso-en-linea-de-incorporacion-a-la-empresa-agraria#primaryimage"},"image":{"@id":"https:\/\/www.asajacyl.com\/soria\/servicios-socio\/asaja-soria-imparte-del-1-de-abril-al-26-de-junio-un-curso-en-linea-de-incorporacion-a-la-empresa-agraria#primaryimage"},"thumbnailUrl":"https:\/\/www.asajacyl.com\/soria\/wp-content\/uploads\/sites\/9\/2024\/03\/portatil.jpg","datePublished":"2024-03-19T11:56:31+00:00","dateModified":"2024-03-19T12:53:15+00:00","author":{"@id":"https:\/\/www.asajacyl.com\/soria\/#\/schema\/person\/fd3081c40255119ce8133b87e6aedfab"},"description":"ASAJA-Soria organiza del 1 de abril al 26 de junio de 2024 un curso en l\u00ednea, que puede seguirse de forma telem\u00e1tica, de incorporaci\u00f3n a la empresa","breadcrumb":{"@id":"https:\/\/www.asajacyl.com\/soria\/servicios-socio\/asaja-soria-imparte-del-1-de-abril-al-26-de-junio-un-curso-en-linea-de-incorporacion-a-la-empresa-agraria#breadcrumb"},"inLanguage":"es","potentialAction":[{"@type":"ReadAction","target":["https:\/\/www.asajacyl.com\/soria\/servicios-socio\/asaja-soria-imparte-del-1-de-abril-al-26-de-junio-un-curso-en-linea-de-incorporacion-a-la-empresa-agraria"]}]},{"@type":"ImageObject","inLanguage":"es","@id":"https:\/\/www.asajacyl.com\/soria\/servicios-socio\/asaja-soria-imparte-del-1-de-abril-al-26-de-junio-un-curso-en-linea-de-incorporacion-a-la-empresa-agraria#primaryimage","url":"https:\/\/www.asajacyl.com\/soria\/wp-content\/uploads\/sites\/9\/2024\/03\/portatil.jpg","contentUrl":"https:\/\/www.asajacyl.com\/soria\/wp-content\/uploads\/sites\/9\/2024\/03\/portatil.jpg","width":1280,"height":853},{"@type":"BreadcrumbList","@id":"https:\/\/www.asajacyl.com\/soria\/servicios-socio\/asaja-soria-imparte-del-1-de-abril-al-26-de-junio-un-curso-en-linea-de-incorporacion-a-la-empresa-agraria#breadcrumb","itemListElement":[{"@type":"ListItem","position":1,"name":"Portada","item":"https:\/\/www.asajacyl.com\/soria\/"},{"@type":"ListItem","position":2,"name":"ASAJA-Soria imparte del 1 de abril al 26 de junio un curso en l\u00ednea de incorporaci\u00f3n a la empresa agraria"}]},{"@type":"WebSite","@id":"https:\/\/www.asajacyl.com\/soria\/#website","url":"https:\/\/www.asajacyl.com\/soria\/","name":"ASAJA Soria","description":"Otro sitio m\u00e1s de Provincias ASAJA Castilla y Le\u00f3n","potentialAction":[{"@type":"SearchAction","target":{"@type":"EntryPoint","urlTemplate":"https:\/\/www.asajacyl.com\/soria\/?s={search_term_string}"},"query-input":{"@type":"PropertyValueSpecification","valueRequired":true,"valueName":"search_term_string"}}],"inLanguage":"es"},{"@type":"Person","@id":"https:\/\/www.asajacyl.com\/soria\/#\/schema\/person\/fd3081c40255119ce8133b87e6aedfab","name":"Juan Ignacio Prieto Nieto","image":{"@type":"ImageObject","inLanguage":"es","@id":"https:\/\/www.asajacyl.com\/soria\/#\/schema\/person\/image\/","url":"https:\/\/secure.gravatar.com\/avatar\/8266b36e4d9001acb4700699a2468dc8?s=96&d=mm&r=g","contentUrl":"https:\/\/secure.gravatar.com\/avatar\/8266b36e4d9001acb4700699a2468dc8?s=96&d=mm&r=g","caption":"Juan Ignacio Prieto Nieto"},"url":"https:\/\/www.asajacyl.com\/soria\/author\/juanfranciscoby"}]}},"_links":{"self":[{"href":"https:\/\/www.asajacyl.com\/soria\/wp-json\/wp\/v2\/posts\/7844"}],"collection":[{"href":"https:\/\/www.asajacyl.com\/soria\/wp-json\/wp\/v2\/posts"}],"about":[{"href":"https:\/\/www.asajacyl.com\/soria\/wp-json\/wp\/v2\/types\/post"}],"author":[{"embeddable":true,"href":"https:\/\/www.asajacyl.com\/soria\/wp-json\/wp\/v2\/users\/12"}],"replies":[{"embeddable":true,"href":"https:\/\/www.asajacyl.com\/soria\/wp-json\/wp\/v2\/comments?post=7844"}],"version-history":[{"count":6,"href":"https:\/\/www.asajacyl.com\/soria\/wp-json\/wp\/v2\/posts\/7844\/revisions"}],"predecessor-version":[{"id":7855,"href":"https:\/\/www.asajacyl.com\/soria\/wp-json\/wp\/v2\/posts\/7844\/revisions\/7855"}],"wp:featuredmedia":[{"embeddable":true,"href":"https:\/\/www.asajacyl.com\/soria\/wp-json\/wp\/v2\/media\/7840"}],"wp:attachment":[{"href":"https:\/\/www.asajacyl.com\/soria\/wp-json\/wp\/v2\/media?parent=7844"}],"wp:term":[{"taxonomy":"category","embeddable":true,"href":"https:\/\/www.asajacyl.com\/soria\/wp-json\/wp\/v2\/categories?post=7844"},{"taxonomy":"post_tag","embeddable":true,"href":"https:\/\/www.asajacyl.com\/soria\/wp-json\/wp\/v2\/tags?post=7844"}],"curies":[{"name":"wp","href":"https:\/\/api.w.org\/{rel}","templated":true}]}}