{"id":7860,"date":"2024-03-22T14:18:23","date_gmt":"2024-03-22T13:18:23","guid":{"rendered":"https:\/\/www.asajacyl.com\/soria\/?p=7860"},"modified":"2024-03-22T14:19:29","modified_gmt":"2024-03-22T13:19:29","slug":"7860","status":"publish","type":"post","link":"https:\/\/www.asajacyl.com\/soria\/asaja-soria-informa\/7860","title":{"rendered":"ASAJA Soria, presente en la manifestaci\u00f3n contra la gesti\u00f3n de la CHD"},"content":{"rendered":"\n<h2><strong><em>En el d\u00eda mundial del agua, la OPA recuerda su reivindicaci\u00f3n de aumentar la superficie regable en la provincia, en la actualidad, lamentablemente, con la proporci\u00f3n m\u00e1s baja frente al secano de toda Espa\u00f1a.<\/em><\/strong><\/h2>\n<p>Una representaci\u00f3n de ASAJA Soria, encabezada por su presidenta, Ana Pastor, acudi\u00f3 esta ma\u00f1ana a Valladolid para participar en una manifestaci\u00f3n y tractorada contra la Confederaci\u00f3n Hidrogr\u00e1fica del Duero (CHD). Con este acto reivindicativo, organizado por ASAJA Valladolid, se pretende\u00a0denunciar el hostigamiento de esta entidad hacia los agricultores y la p\u00e9sima gesti\u00f3n del agua\u00a0que est\u00e1 realizando esta entidad.<\/p>\n<p><img loading=\"lazy\" decoding=\"async\" class=\"aligncenter size-full wp-image-7865\" src=\"https:\/\/www.asajacyl.com\/soria\/wp-content\/uploads\/sites\/9\/2024\/03\/PHOTO-2024-03-22-11-47-35.jpg\" alt=\"\" width=\"1620\" height=\"1080\" srcset=\"https:\/\/www.asajacyl.com\/soria\/wp-content\/uploads\/sites\/9\/2024\/03\/PHOTO-2024-03-22-11-47-35.jpg 1620w, https:\/\/www.asajacyl.com\/soria\/wp-content\/uploads\/sites\/9\/2024\/03\/PHOTO-2024-03-22-11-47-35-300x200.jpg 300w, https:\/\/www.asajacyl.com\/soria\/wp-content\/uploads\/sites\/9\/2024\/03\/PHOTO-2024-03-22-11-47-35-1024x683.jpg 1024w, https:\/\/www.asajacyl.com\/soria\/wp-content\/uploads\/sites\/9\/2024\/03\/PHOTO-2024-03-22-11-47-35-768x512.jpg 768w, https:\/\/www.asajacyl.com\/soria\/wp-content\/uploads\/sites\/9\/2024\/03\/PHOTO-2024-03-22-11-47-35-1536x1024.jpg 1536w, https:\/\/www.asajacyl.com\/soria\/wp-content\/uploads\/sites\/9\/2024\/03\/PHOTO-2024-03-22-11-47-35-696x464.jpg 696w, https:\/\/www.asajacyl.com\/soria\/wp-content\/uploads\/sites\/9\/2024\/03\/PHOTO-2024-03-22-11-47-35-1068x712.jpg 1068w, https:\/\/www.asajacyl.com\/soria\/wp-content\/uploads\/sites\/9\/2024\/03\/PHOTO-2024-03-22-11-47-35-630x420.jpg 630w\" sizes=\"(max-width: 1620px) 100vw, 1620px\" \/><\/p>\n<p>Tanto los tractores como los manifestantes a pie recorrieron calles muy c\u00e9ntricas de la capital regional, desde la sede de la CHD hasta llegar a la\u00a0Delegaci\u00f3n del Gobierno, con parada tambi\u00e9n en la Consejer\u00eda de Medio Ambiente de la Junta de Castilla y Le\u00f3n. En los tres organismos se entreg\u00f3 y registr\u00f3 una tabla reivindicativa.<\/p>\n<p><img loading=\"lazy\" decoding=\"async\" class=\"aligncenter size-full wp-image-7864\" src=\"https:\/\/www.asajacyl.com\/soria\/wp-content\/uploads\/sites\/9\/2024\/03\/PHOTO-2024-03-22-13-41-47.jpg\" alt=\"\" width=\"1599\" height=\"1066\" srcset=\"https:\/\/www.asajacyl.com\/soria\/wp-content\/uploads\/sites\/9\/2024\/03\/PHOTO-2024-03-22-13-41-47.jpg 1599w, https:\/\/www.asajacyl.com\/soria\/wp-content\/uploads\/sites\/9\/2024\/03\/PHOTO-2024-03-22-13-41-47-300x200.jpg 300w, https:\/\/www.asajacyl.com\/soria\/wp-content\/uploads\/sites\/9\/2024\/03\/PHOTO-2024-03-22-13-41-47-1024x683.jpg 1024w, https:\/\/www.asajacyl.com\/soria\/wp-content\/uploads\/sites\/9\/2024\/03\/PHOTO-2024-03-22-13-41-47-768x512.jpg 768w, https:\/\/www.asajacyl.com\/soria\/wp-content\/uploads\/sites\/9\/2024\/03\/PHOTO-2024-03-22-13-41-47-1536x1024.jpg 1536w, https:\/\/www.asajacyl.com\/soria\/wp-content\/uploads\/sites\/9\/2024\/03\/PHOTO-2024-03-22-13-41-47-696x464.jpg 696w, https:\/\/www.asajacyl.com\/soria\/wp-content\/uploads\/sites\/9\/2024\/03\/PHOTO-2024-03-22-13-41-47-1068x712.jpg 1068w, https:\/\/www.asajacyl.com\/soria\/wp-content\/uploads\/sites\/9\/2024\/03\/PHOTO-2024-03-22-13-41-47-630x420.jpg 630w\" sizes=\"(max-width: 1599px) 100vw, 1599px\" \/><\/p>\n<p>ASAJA Soria lleva insistiendo en que uno de los mayores factores que mejoran la resiliencia de la agricultura frente a los retos del cambio clim\u00e1tico es la disponibilidad de regad\u00edo. Negar a Soria dotaci\u00f3n suficiente de agua para al menos alcanzar la media nacional del regad\u00edo, que supera el 20% de la superficie arable, o del 12,5 % en Castilla y Le\u00f3n, supone una discriminaci\u00f3n total para nuestra agricultura y provincia. Sabido es adem\u00e1s que el regad\u00edo fija poblaci\u00f3n. Por eso desde ASAJA Soria se pide al Ministerio de Transici\u00f3n Ecol\u00f3gica y Reto Demogr\u00e1fico -a trav\u00e9s de la CHD, dependiente de \u00e9l-, \u201cque no deje su propio nombre en vano y d\u00e9 una dotaci\u00f3n de agua suficiente para nuestras locas aspiraciones de ser tan solo igual que los dem\u00e1s\u201d.<\/p>\n<p>Por otra parte, ASAJA Soria contin\u00faa demandando la necesidad de mayor presupuesto para el mantenimiento de cauces, y de la red fluvial en general, evitando da\u00f1os en la agricultura y en las infraestructuras.<\/p>\n<p><img loading=\"lazy\" decoding=\"async\" class=\"aligncenter size-full wp-image-7863\" src=\"https:\/\/www.asajacyl.com\/soria\/wp-content\/uploads\/sites\/9\/2024\/03\/IMG_3893.jpg\" alt=\"\" width=\"2500\" height=\"1875\" srcset=\"https:\/\/www.asajacyl.com\/soria\/wp-content\/uploads\/sites\/9\/2024\/03\/IMG_3893.jpg 2500w, https:\/\/www.asajacyl.com\/soria\/wp-content\/uploads\/sites\/9\/2024\/03\/IMG_3893-300x225.jpg 300w, https:\/\/www.asajacyl.com\/soria\/wp-content\/uploads\/sites\/9\/2024\/03\/IMG_3893-1024x768.jpg 1024w, https:\/\/www.asajacyl.com\/soria\/wp-content\/uploads\/sites\/9\/2024\/03\/IMG_3893-768x576.jpg 768w, https:\/\/www.asajacyl.com\/soria\/wp-content\/uploads\/sites\/9\/2024\/03\/IMG_3893-1536x1152.jpg 1536w, https:\/\/www.asajacyl.com\/soria\/wp-content\/uploads\/sites\/9\/2024\/03\/IMG_3893-2048x1536.jpg 2048w, https:\/\/www.asajacyl.com\/soria\/wp-content\/uploads\/sites\/9\/2024\/03\/IMG_3893-696x522.jpg 696w, https:\/\/www.asajacyl.com\/soria\/wp-content\/uploads\/sites\/9\/2024\/03\/IMG_3893-1068x801.jpg 1068w, https:\/\/www.asajacyl.com\/soria\/wp-content\/uploads\/sites\/9\/2024\/03\/IMG_3893-1920x1440.jpg 1920w, https:\/\/www.asajacyl.com\/soria\/wp-content\/uploads\/sites\/9\/2024\/03\/IMG_3893-560x420.jpg 560w, https:\/\/www.asajacyl.com\/soria\/wp-content\/uploads\/sites\/9\/2024\/03\/IMG_3893-80x60.jpg 80w\" sizes=\"(max-width: 2500px) 100vw, 2500px\" \/><\/p>\n<p>Desde ASAJA Soria venimos observando con mucha preocupaci\u00f3n el modo en que puede afectarnos BCAM 4, de la nueva condicionalidad reforzada de la PAC, en nuestra agricultura Provincial. La agricultura de Soria se sit\u00faa casi en su conjunto en el entorno de los 1000 metros de altitud, lo que le otorga una personalidad distinta a la que existe en las zonas medias y bajas de la cuenca. Uno de esos rasgos es que la proporci\u00f3n de tierras arables sobre el total es tan solo del 25%, pues el resto es monte. Adem\u00e1s, el 95% de la agricultura es extensiva, por la escasa participaci\u00f3n del regad\u00edo, por lo que la repercusi\u00f3n ambiental es muy baja, algo que venimos recalcando frente a la aplicaci\u00f3n de esta BCAM4 que exige el abandono de la agricultura en 5 metros de la red fluvial. A pesar de las mejoras de las capas del SIGPAC que determinan estas franjas de protecci\u00f3n sobre las propuestas iniciales, que afectan a los cauces \u201cprincipales\u201d seg\u00fan la administraci\u00f3n, ASAJA Soria se\u00f1ala que la obligaci\u00f3n que marca la normativa europea es de 3 metros, y que es absolutamente vergonzoso que sean las Confederaciones las que nos impongan en este momento el l\u00edmite de los 5 metros.<\/p>\n<p><img loading=\"lazy\" decoding=\"async\" class=\"aligncenter size-full wp-image-7861\" src=\"https:\/\/www.asajacyl.com\/soria\/wp-content\/uploads\/sites\/9\/2024\/03\/IMG_3857.jpg\" alt=\"\" width=\"2016\" height=\"1512\" srcset=\"https:\/\/www.asajacyl.com\/soria\/wp-content\/uploads\/sites\/9\/2024\/03\/IMG_3857.jpg 2016w, https:\/\/www.asajacyl.com\/soria\/wp-content\/uploads\/sites\/9\/2024\/03\/IMG_3857-300x225.jpg 300w, https:\/\/www.asajacyl.com\/soria\/wp-content\/uploads\/sites\/9\/2024\/03\/IMG_3857-1024x768.jpg 1024w, https:\/\/www.asajacyl.com\/soria\/wp-content\/uploads\/sites\/9\/2024\/03\/IMG_3857-768x576.jpg 768w, https:\/\/www.asajacyl.com\/soria\/wp-content\/uploads\/sites\/9\/2024\/03\/IMG_3857-1536x1152.jpg 1536w, https:\/\/www.asajacyl.com\/soria\/wp-content\/uploads\/sites\/9\/2024\/03\/IMG_3857-696x522.jpg 696w, https:\/\/www.asajacyl.com\/soria\/wp-content\/uploads\/sites\/9\/2024\/03\/IMG_3857-1068x801.jpg 1068w, https:\/\/www.asajacyl.com\/soria\/wp-content\/uploads\/sites\/9\/2024\/03\/IMG_3857-1920x1440.jpg 1920w, https:\/\/www.asajacyl.com\/soria\/wp-content\/uploads\/sites\/9\/2024\/03\/IMG_3857-560x420.jpg 560w, https:\/\/www.asajacyl.com\/soria\/wp-content\/uploads\/sites\/9\/2024\/03\/IMG_3857-80x60.jpg 80w\" sizes=\"(max-width: 2016px) 100vw, 2016px\" \/><\/p>\n<p>Con la participaci\u00f3n en esta protesta, Ana Pastor ha confesado que \u201ctambi\u00e9n se quiere enviar este mensaje al Ministerio de Transici\u00f3n Ecol\u00f3gica y Reto Demogr\u00e1fico, del que no se sabe nada, para que no sea m\u00e1s papista que el papa, y acceda a rebajar este l\u00edmite de los 5 a los 3 metros que dice la normativa UE, para que el MAPA pueda modificar las franjas de protecci\u00f3n como as\u00ed ha expresado parece estar dispuesto\u201d.<\/p>\n<p><img loading=\"lazy\" decoding=\"async\" class=\"aligncenter size-full wp-image-7862\" src=\"https:\/\/www.asajacyl.com\/soria\/wp-content\/uploads\/sites\/9\/2024\/03\/IMG_3861.jpg\" alt=\"\" width=\"2500\" height=\"1875\" srcset=\"https:\/\/www.asajacyl.com\/soria\/wp-content\/uploads\/sites\/9\/2024\/03\/IMG_3861.jpg 2500w, https:\/\/www.asajacyl.com\/soria\/wp-content\/uploads\/sites\/9\/2024\/03\/IMG_3861-300x225.jpg 300w, https:\/\/www.asajacyl.com\/soria\/wp-content\/uploads\/sites\/9\/2024\/03\/IMG_3861-1024x768.jpg 1024w, https:\/\/www.asajacyl.com\/soria\/wp-content\/uploads\/sites\/9\/2024\/03\/IMG_3861-768x576.jpg 768w, https:\/\/www.asajacyl.com\/soria\/wp-content\/uploads\/sites\/9\/2024\/03\/IMG_3861-1536x1152.jpg 1536w, https:\/\/www.asajacyl.com\/soria\/wp-content\/uploads\/sites\/9\/2024\/03\/IMG_3861-2048x1536.jpg 2048w, https:\/\/www.asajacyl.com\/soria\/wp-content\/uploads\/sites\/9\/2024\/03\/IMG_3861-696x522.jpg 696w, https:\/\/www.asajacyl.com\/soria\/wp-content\/uploads\/sites\/9\/2024\/03\/IMG_3861-1068x801.jpg 1068w, https:\/\/www.asajacyl.com\/soria\/wp-content\/uploads\/sites\/9\/2024\/03\/IMG_3861-1920x1440.jpg 1920w, https:\/\/www.asajacyl.com\/soria\/wp-content\/uploads\/sites\/9\/2024\/03\/IMG_3861-560x420.jpg 560w, https:\/\/www.asajacyl.com\/soria\/wp-content\/uploads\/sites\/9\/2024\/03\/IMG_3861-80x60.jpg 80w\" sizes=\"(max-width: 2500px) 100vw, 2500px\" \/><\/p>\n<p>Como l\u00ednea general, a lo largo de estos \u00faltimos a\u00f1os el sector ha sido testigo de\u00a0la puesta en marcha de normativas y planes hidrol\u00f3gicos que, lejos de dar cumplimiento a sus objetivos generales, han puesto en el punto de mira al agricultor y han tra\u00eddo de la mano sanciones y restricciones dirigidas al acoso y derribo de los profesionales del campo. ASAJA recuerda que el \u00faltimo Plan Hidrol\u00f3gico se ha aprobado sin tener en cuenta el voto desfavorable del Consejo de Cuenca, con la oposici\u00f3n expresa de ASAJA CyL.<\/p>\n","protected":false},"excerpt":{"rendered":"<p>En el d\u00eda mundial del agua, la OPA recuerda su reivindicaci\u00f3n de aumentar la superficie regable en la provincia, en la actualidad, lamentablemente, con la proporci\u00f3n m\u00e1s baja frente al secano de toda Espa\u00f1a. Una representaci\u00f3n de ASAJA Soria, encabezada por su presidenta, Ana Pastor, acudi\u00f3 esta ma\u00f1ana a Valladolid para participar en una manifestaci\u00f3n [&hellip;]<\/p>\n","protected":false},"author":12,"featured_media":7865,"comment_status":"open","ping_status":"open","sticky":false,"template":"","format":"standard","meta":{"footnotes":""},"categories":[10,25],"tags":[],"yoast_head":"<!-- This site is optimized with the Yoast SEO plugin v24.5 - https:\/\/yoast.com\/wordpress\/plugins\/seo\/ -->\n<title>ASAJA Soria, presente en la manifestaci\u00f3n contra la gesti\u00f3n de la CHD - ASAJA Soria<\/title>\n<meta name=\"description\" content=\"En el d\u00eda mundial del agua, la OPA recuerda su reivindicaci\u00f3n de aumentar la superficie regable en la provincia, en la actualidad, lamentablemente, con la\" \/>\n<meta name=\"robots\" content=\"index, follow, max-snippet:-1, max-image-preview:large, max-video-preview:-1\" \/>\n<link rel=\"canonical\" href=\"https:\/\/www.asajacyl.com\/soria\/asaja-soria-informa\/7860\" \/>\n<meta property=\"og:locale\" content=\"es_ES\" \/>\n<meta property=\"og:type\" content=\"article\" \/>\n<meta property=\"og:title\" content=\"ASAJA Soria, presente en la manifestaci\u00f3n contra la gesti\u00f3n de la CHD - ASAJA Soria\" \/>\n<meta property=\"og:description\" content=\"En el d\u00eda mundial del agua, la OPA recuerda su reivindicaci\u00f3n de aumentar la superficie regable en la provincia, en la actualidad, lamentablemente, con la\" \/>\n<meta property=\"og:url\" content=\"https:\/\/www.asajacyl.com\/soria\/asaja-soria-informa\/7860\" \/>\n<meta property=\"og:site_name\" content=\"ASAJA Soria\" \/>\n<meta property=\"article:published_time\" content=\"2024-03-22T13:18:23+00:00\" \/>\n<meta property=\"article:modified_time\" content=\"2024-03-22T13:19:29+00:00\" \/>\n<meta property=\"og:image\" content=\"https:\/\/www.asajacyl.com\/soria\/wp-content\/uploads\/sites\/9\/2024\/03\/PHOTO-2024-03-22-11-47-35.jpg\" \/>\n\t<meta property=\"og:image:width\" content=\"1620\" \/>\n\t<meta property=\"og:image:height\" content=\"1080\" \/>\n\t<meta property=\"og:image:type\" content=\"image\/jpeg\" \/>\n<meta name=\"author\" content=\"Juan Ignacio Prieto Nieto\" \/>\n<meta name=\"twitter:card\" content=\"summary_large_image\" \/>\n<meta name=\"twitter:label1\" content=\"Escrito por\" \/>\n\t<meta name=\"twitter:data1\" content=\"Juan Ignacio Prieto Nieto\" \/>\n\t<meta name=\"twitter:label2\" content=\"Tiempo de lectura\" \/>\n\t<meta name=\"twitter:data2\" content=\"4 minutos\" \/>\n<script type=\"application\/ld+json\" class=\"yoast-schema-graph\">{\"@context\":\"https:\/\/schema.org\",\"@graph\":[{\"@type\":\"WebPage\",\"@id\":\"https:\/\/www.asajacyl.com\/soria\/asaja-soria-informa\/7860\",\"url\":\"https:\/\/www.asajacyl.com\/soria\/asaja-soria-informa\/7860\",\"name\":\"ASAJA Soria, presente en la manifestaci\u00f3n contra la gesti\u00f3n de la CHD - ASAJA Soria\",\"isPartOf\":{\"@id\":\"https:\/\/www.asajacyl.com\/soria\/#website\"},\"primaryImageOfPage\":{\"@id\":\"https:\/\/www.asajacyl.com\/soria\/asaja-soria-informa\/7860#primaryimage\"},\"image\":{\"@id\":\"https:\/\/www.asajacyl.com\/soria\/asaja-soria-informa\/7860#primaryimage\"},\"thumbnailUrl\":\"https:\/\/www.asajacyl.com\/soria\/wp-content\/uploads\/sites\/9\/2024\/03\/PHOTO-2024-03-22-11-47-35.jpg\",\"datePublished\":\"2024-03-22T13:18:23+00:00\",\"dateModified\":\"2024-03-22T13:19:29+00:00\",\"author\":{\"@id\":\"https:\/\/www.asajacyl.com\/soria\/#\/schema\/person\/fd3081c40255119ce8133b87e6aedfab\"},\"description\":\"En el d\u00eda mundial del agua, la OPA recuerda su reivindicaci\u00f3n de aumentar la superficie regable en la provincia, en la actualidad, lamentablemente, con la\",\"breadcrumb\":{\"@id\":\"https:\/\/www.asajacyl.com\/soria\/asaja-soria-informa\/7860#breadcrumb\"},\"inLanguage\":\"es\",\"potentialAction\":[{\"@type\":\"ReadAction\",\"target\":[\"https:\/\/www.asajacyl.com\/soria\/asaja-soria-informa\/7860\"]}]},{\"@type\":\"ImageObject\",\"inLanguage\":\"es\",\"@id\":\"https:\/\/www.asajacyl.com\/soria\/asaja-soria-informa\/7860#primaryimage\",\"url\":\"https:\/\/www.asajacyl.com\/soria\/wp-content\/uploads\/sites\/9\/2024\/03\/PHOTO-2024-03-22-11-47-35.jpg\",\"contentUrl\":\"https:\/\/www.asajacyl.com\/soria\/wp-content\/uploads\/sites\/9\/2024\/03\/PHOTO-2024-03-22-11-47-35.jpg\",\"width\":1620,\"height\":1080},{\"@type\":\"BreadcrumbList\",\"@id\":\"https:\/\/www.asajacyl.com\/soria\/asaja-soria-informa\/7860#breadcrumb\",\"itemListElement\":[{\"@type\":\"ListItem\",\"position\":1,\"name\":\"Portada\",\"item\":\"https:\/\/www.asajacyl.com\/soria\/\"},{\"@type\":\"ListItem\",\"position\":2,\"name\":\"ASAJA Soria, presente en la manifestaci\u00f3n contra la gesti\u00f3n de la CHD\"}]},{\"@type\":\"WebSite\",\"@id\":\"https:\/\/www.asajacyl.com\/soria\/#website\",\"url\":\"https:\/\/www.asajacyl.com\/soria\/\",\"name\":\"ASAJA Soria\",\"description\":\"Otro sitio m\u00e1s de Provincias ASAJA Castilla y Le\u00f3n\",\"potentialAction\":[{\"@type\":\"SearchAction\",\"target\":{\"@type\":\"EntryPoint\",\"urlTemplate\":\"https:\/\/www.asajacyl.com\/soria\/?s={search_term_string}\"},\"query-input\":{\"@type\":\"PropertyValueSpecification\",\"valueRequired\":true,\"valueName\":\"search_term_string\"}}],\"inLanguage\":\"es\"},{\"@type\":\"Person\",\"@id\":\"https:\/\/www.asajacyl.com\/soria\/#\/schema\/person\/fd3081c40255119ce8133b87e6aedfab\",\"name\":\"Juan Ignacio Prieto Nieto\",\"image\":{\"@type\":\"ImageObject\",\"inLanguage\":\"es\",\"@id\":\"https:\/\/www.asajacyl.com\/soria\/#\/schema\/person\/image\/\",\"url\":\"https:\/\/secure.gravatar.com\/avatar\/8266b36e4d9001acb4700699a2468dc8?s=96&d=mm&r=g\",\"contentUrl\":\"https:\/\/secure.gravatar.com\/avatar\/8266b36e4d9001acb4700699a2468dc8?s=96&d=mm&r=g\",\"caption\":\"Juan Ignacio Prieto Nieto\"},\"url\":\"https:\/\/www.asajacyl.com\/soria\/author\/juanfranciscoby\"}]}<\/script>\n<!-- \/ Yoast SEO plugin. -->","yoast_head_json":{"title":"ASAJA Soria, presente en la manifestaci\u00f3n contra la gesti\u00f3n de la CHD - ASAJA Soria","description":"En el d\u00eda mundial del agua, la OPA recuerda su reivindicaci\u00f3n de aumentar la superficie regable en la provincia, en la actualidad, lamentablemente, con la","robots":{"index":"index","follow":"follow","max-snippet":"max-snippet:-1","max-image-preview":"max-image-preview:large","max-video-preview":"max-video-preview:-1"},"canonical":"https:\/\/www.asajacyl.com\/soria\/asaja-soria-informa\/7860","og_locale":"es_ES","og_type":"article","og_title":"ASAJA Soria, presente en la manifestaci\u00f3n contra la gesti\u00f3n de la CHD - ASAJA Soria","og_description":"En el d\u00eda mundial del agua, la OPA recuerda su reivindicaci\u00f3n de aumentar la superficie regable en la provincia, en la actualidad, lamentablemente, con la","og_url":"https:\/\/www.asajacyl.com\/soria\/asaja-soria-informa\/7860","og_site_name":"ASAJA Soria","article_published_time":"2024-03-22T13:18:23+00:00","article_modified_time":"2024-03-22T13:19:29+00:00","og_image":[{"width":1620,"height":1080,"url":"https:\/\/www.asajacyl.com\/soria\/wp-content\/uploads\/sites\/9\/2024\/03\/PHOTO-2024-03-22-11-47-35.jpg","type":"image\/jpeg"}],"author":"Juan Ignacio Prieto Nieto","twitter_card":"summary_large_image","twitter_misc":{"Escrito por":"Juan Ignacio Prieto Nieto","Tiempo de lectura":"4 minutos"},"schema":{"@context":"https:\/\/schema.org","@graph":[{"@type":"WebPage","@id":"https:\/\/www.asajacyl.com\/soria\/asaja-soria-informa\/7860","url":"https:\/\/www.asajacyl.com\/soria\/asaja-soria-informa\/7860","name":"ASAJA Soria, presente en la manifestaci\u00f3n contra la gesti\u00f3n de la CHD - ASAJA Soria","isPartOf":{"@id":"https:\/\/www.asajacyl.com\/soria\/#website"},"primaryImageOfPage":{"@id":"https:\/\/www.asajacyl.com\/soria\/asaja-soria-informa\/7860#primaryimage"},"image":{"@id":"https:\/\/www.asajacyl.com\/soria\/asaja-soria-informa\/7860#primaryimage"},"thumbnailUrl":"https:\/\/www.asajacyl.com\/soria\/wp-content\/uploads\/sites\/9\/2024\/03\/PHOTO-2024-03-22-11-47-35.jpg","datePublished":"2024-03-22T13:18:23+00:00","dateModified":"2024-03-22T13:19:29+00:00","author":{"@id":"https:\/\/www.asajacyl.com\/soria\/#\/schema\/person\/fd3081c40255119ce8133b87e6aedfab"},"description":"En el d\u00eda mundial del agua, la OPA recuerda su reivindicaci\u00f3n de aumentar la superficie regable en la provincia, en la actualidad, lamentablemente, con la","breadcrumb":{"@id":"https:\/\/www.asajacyl.com\/soria\/asaja-soria-informa\/7860#breadcrumb"},"inLanguage":"es","potentialAction":[{"@type":"ReadAction","target":["https:\/\/www.asajacyl.com\/soria\/asaja-soria-informa\/7860"]}]},{"@type":"ImageObject","inLanguage":"es","@id":"https:\/\/www.asajacyl.com\/soria\/asaja-soria-informa\/7860#primaryimage","url":"https:\/\/www.asajacyl.com\/soria\/wp-content\/uploads\/sites\/9\/2024\/03\/PHOTO-2024-03-22-11-47-35.jpg","contentUrl":"https:\/\/www.asajacyl.com\/soria\/wp-content\/uploads\/sites\/9\/2024\/03\/PHOTO-2024-03-22-11-47-35.jpg","width":1620,"height":1080},{"@type":"BreadcrumbList","@id":"https:\/\/www.asajacyl.com\/soria\/asaja-soria-informa\/7860#breadcrumb","itemListElement":[{"@type":"ListItem","position":1,"name":"Portada","item":"https:\/\/www.asajacyl.com\/soria\/"},{"@type":"ListItem","position":2,"name":"ASAJA Soria, presente en la manifestaci\u00f3n contra la gesti\u00f3n de la CHD"}]},{"@type":"WebSite","@id":"https:\/\/www.asajacyl.com\/soria\/#website","url":"https:\/\/www.asajacyl.com\/soria\/","name":"ASAJA Soria","description":"Otro sitio m\u00e1s de Provincias ASAJA Castilla y Le\u00f3n","potentialAction":[{"@type":"SearchAction","target":{"@type":"EntryPoint","urlTemplate":"https:\/\/www.asajacyl.com\/soria\/?s={search_term_string}"},"query-input":{"@type":"PropertyValueSpecification","valueRequired":true,"valueName":"search_term_string"}}],"inLanguage":"es"},{"@type":"Person","@id":"https:\/\/www.asajacyl.com\/soria\/#\/schema\/person\/fd3081c40255119ce8133b87e6aedfab","name":"Juan Ignacio Prieto Nieto","image":{"@type":"ImageObject","inLanguage":"es","@id":"https:\/\/www.asajacyl.com\/soria\/#\/schema\/person\/image\/","url":"https:\/\/secure.gravatar.com\/avatar\/8266b36e4d9001acb4700699a2468dc8?s=96&d=mm&r=g","contentUrl":"https:\/\/secure.gravatar.com\/avatar\/8266b36e4d9001acb4700699a2468dc8?s=96&d=mm&r=g","caption":"Juan Ignacio Prieto Nieto"},"url":"https:\/\/www.asajacyl.com\/soria\/author\/juanfranciscoby"}]}},"_links":{"self":[{"href":"https:\/\/www.asajacyl.com\/soria\/wp-json\/wp\/v2\/posts\/7860"}],"collection":[{"href":"https:\/\/www.asajacyl.com\/soria\/wp-json\/wp\/v2\/posts"}],"about":[{"href":"https:\/\/www.asajacyl.com\/soria\/wp-json\/wp\/v2\/types\/post"}],"author":[{"embeddable":true,"href":"https:\/\/www.asajacyl.com\/soria\/wp-json\/wp\/v2\/users\/12"}],"replies":[{"embeddable":true,"href":"https:\/\/www.asajacyl.com\/soria\/wp-json\/wp\/v2\/comments?post=7860"}],"version-history":[{"count":2,"href":"https:\/\/www.asajacyl.com\/soria\/wp-json\/wp\/v2\/posts\/7860\/revisions"}],"predecessor-version":[{"id":7868,"href":"https:\/\/www.asajacyl.com\/soria\/wp-json\/wp\/v2\/posts\/7860\/revisions\/7868"}],"wp:featuredmedia":[{"embeddable":true,"href":"https:\/\/www.asajacyl.com\/soria\/wp-json\/wp\/v2\/media\/7865"}],"wp:attachment":[{"href":"https:\/\/www.asajacyl.com\/soria\/wp-json\/wp\/v2\/media?parent=7860"}],"wp:term":[{"taxonomy":"category","embeddable":true,"href":"https:\/\/www.asajacyl.com\/soria\/wp-json\/wp\/v2\/categories?post=7860"},{"taxonomy":"post_tag","embeddable":true,"href":"https:\/\/www.asajacyl.com\/soria\/wp-json\/wp\/v2\/tags?post=7860"}],"curies":[{"name":"wp","href":"https:\/\/api.w.org\/{rel}","templated":true}]}}