{"id":7886,"date":"2024-04-01T12:11:30","date_gmt":"2024-04-01T10:11:30","guid":{"rendered":"https:\/\/www.asajacyl.com\/soria\/?p=7886"},"modified":"2024-04-04T13:14:54","modified_gmt":"2024-04-04T11:14:54","slug":"asaja-soria-pide-al-ministerio-de-agricultura-que-no-intoxique-a-la-opinion-publica-con-datos-sobre-ingresos-y-gastos-de-los-agricultores","status":"publish","type":"post","link":"https:\/\/www.asajacyl.com\/soria\/asaja-soria-informa\/asaja-soria-pide-al-ministerio-de-agricultura-que-no-intoxique-a-la-opinion-publica-con-datos-sobre-ingresos-y-gastos-de-los-agricultores","title":{"rendered":"ASAJA Soria pide al Ministerio de Agricultura que no intoxique a la opini\u00f3n p\u00fablica con datos sobre ingresos y gastos de los agricultores"},"content":{"rendered":"\n\n\n<h2><em>La OPA exige al MAPA que matice sus afirmaciones en los medios de comunicaci\u00f3n porque en Soria los precios, aunque se han mejorado en los \u00faltimos d\u00edas, est\u00e1n muy por debajo de los costes de producci\u00f3n <\/em><\/h2>\n<p>ASAJA Soria quiere dejar claro que aunque los precios han mejorado en los \u00faltimos 10-15 d\u00edas siguen muy por debajo de los costes de producci\u00f3n para la agricultura cerealista provincial.\u00a0 Esto es algo que proh\u00edbe la Ley de Cadena Alimentaria y es un fraude de ley, as\u00ed que m\u00e1s le val\u00eda al ministro Planas denunciar esta situaci\u00f3n aqu\u00ed y en la UE, pidiendo que se aplique la cl\u00e1usula de salvaguardia por la importaci\u00f3n de trigo ucraniano sin arancel y no dedicarse a ir difundiendo datos para intoxicar a la opini\u00f3n p\u00fablica desde el Ministerio.<\/p>\n<p>ASAJA tambi\u00e9n le pide que no mezcle la agricultura con la agroindustria y que matice la afirmaci\u00f3n cacareada estos d\u00edas de que los ingresos de los agricultores crecen m\u00e1s de un 13% en el \u00faltimo a\u00f1o, mientras sus gastos se reducen casi un 7% y frenan la ca\u00edda de la cesta de la compra.<\/p>\n<p>ASAJA quiere recordar que la cosecha de 2023 fue la peor como m\u00ednimo de los \u00faltimos 25 a\u00f1os y adem\u00e1s pone como ejemplo que el trigo el a\u00f1o pasado estaba a 281 euros la tonelada y ahora est\u00e1 en los 208.<\/p>\n","protected":false},"excerpt":{"rendered":"<p>La OPA exige al MAPA que matice sus afirmaciones en los medios de comunicaci\u00f3n porque en Soria los precios, aunque se han mejorado en los \u00faltimos d\u00edas, est\u00e1n muy por debajo de los costes de producci\u00f3n ASAJA Soria quiere dejar claro que aunque los precios han mejorado en los \u00faltimos 10-15 d\u00edas siguen muy por [&hellip;]<\/p>\n","protected":false},"author":12,"featured_media":7050,"comment_status":"open","ping_status":"open","sticky":false,"template":"","format":"standard","meta":{"footnotes":""},"categories":[10,25],"tags":[],"yoast_head":"<!-- This site is optimized with the Yoast SEO plugin v24.5 - https:\/\/yoast.com\/wordpress\/plugins\/seo\/ -->\n<title>ASAJA Soria pide al Ministerio de Agricultura que no intoxique a la opini\u00f3n p\u00fablica con datos sobre ingresos y gastos de los agricultores - ASAJA Soria<\/title>\n<meta name=\"description\" content=\"La OPA exige al MAPA que matice sus afirmaciones en los medios de comunicaci\u00f3n porque en Soria los precios, aunque se han mejorado en los \u00faltimos d\u00edas,\" \/>\n<meta name=\"robots\" content=\"index, follow, max-snippet:-1, max-image-preview:large, max-video-preview:-1\" \/>\n<link rel=\"canonical\" href=\"https:\/\/www.asajacyl.com\/soria\/asaja-soria-informa\/asaja-soria-pide-al-ministerio-de-agricultura-que-no-intoxique-a-la-opinion-publica-con-datos-sobre-ingresos-y-gastos-de-los-agricultores\" \/>\n<meta property=\"og:locale\" content=\"es_ES\" \/>\n<meta property=\"og:type\" content=\"article\" \/>\n<meta property=\"og:title\" content=\"ASAJA Soria pide al Ministerio de Agricultura que no intoxique a la opini\u00f3n p\u00fablica con datos sobre ingresos y gastos de los agricultores - ASAJA Soria\" \/>\n<meta property=\"og:description\" content=\"La OPA exige al MAPA que matice sus afirmaciones en los medios de comunicaci\u00f3n porque en Soria los precios, aunque se han mejorado en los \u00faltimos d\u00edas,\" \/>\n<meta property=\"og:url\" content=\"https:\/\/www.asajacyl.com\/soria\/asaja-soria-informa\/asaja-soria-pide-al-ministerio-de-agricultura-que-no-intoxique-a-la-opinion-publica-con-datos-sobre-ingresos-y-gastos-de-los-agricultores\" \/>\n<meta property=\"og:site_name\" content=\"ASAJA Soria\" \/>\n<meta property=\"article:published_time\" content=\"2024-04-01T10:11:30+00:00\" \/>\n<meta property=\"article:modified_time\" content=\"2024-04-04T11:14:54+00:00\" \/>\n<meta property=\"og:image\" content=\"https:\/\/www.asajacyl.com\/soria\/wp-content\/uploads\/sites\/9\/2023\/07\/WhatsApp-Image-2023-07-13-at-16.50.56.jpeg\" \/>\n\t<meta property=\"og:image:width\" content=\"1200\" \/>\n\t<meta property=\"og:image:height\" content=\"1600\" \/>\n\t<meta property=\"og:image:type\" content=\"image\/jpeg\" \/>\n<meta name=\"author\" content=\"Juan Ignacio Prieto Nieto\" \/>\n<meta name=\"twitter:card\" content=\"summary_large_image\" \/>\n<meta name=\"twitter:label1\" content=\"Escrito por\" \/>\n\t<meta name=\"twitter:data1\" content=\"Juan Ignacio Prieto Nieto\" \/>\n\t<meta name=\"twitter:label2\" content=\"Tiempo de lectura\" \/>\n\t<meta name=\"twitter:data2\" content=\"2 minutos\" \/>\n<script type=\"application\/ld+json\" class=\"yoast-schema-graph\">{\"@context\":\"https:\/\/schema.org\",\"@graph\":[{\"@type\":\"WebPage\",\"@id\":\"https:\/\/www.asajacyl.com\/soria\/asaja-soria-informa\/asaja-soria-pide-al-ministerio-de-agricultura-que-no-intoxique-a-la-opinion-publica-con-datos-sobre-ingresos-y-gastos-de-los-agricultores\",\"url\":\"https:\/\/www.asajacyl.com\/soria\/asaja-soria-informa\/asaja-soria-pide-al-ministerio-de-agricultura-que-no-intoxique-a-la-opinion-publica-con-datos-sobre-ingresos-y-gastos-de-los-agricultores\",\"name\":\"ASAJA Soria pide al Ministerio de Agricultura que no intoxique a la opini\u00f3n p\u00fablica con datos sobre ingresos y gastos de los agricultores - ASAJA Soria\",\"isPartOf\":{\"@id\":\"https:\/\/www.asajacyl.com\/soria\/#website\"},\"primaryImageOfPage\":{\"@id\":\"https:\/\/www.asajacyl.com\/soria\/asaja-soria-informa\/asaja-soria-pide-al-ministerio-de-agricultura-que-no-intoxique-a-la-opinion-publica-con-datos-sobre-ingresos-y-gastos-de-los-agricultores#primaryimage\"},\"image\":{\"@id\":\"https:\/\/www.asajacyl.com\/soria\/asaja-soria-informa\/asaja-soria-pide-al-ministerio-de-agricultura-que-no-intoxique-a-la-opinion-publica-con-datos-sobre-ingresos-y-gastos-de-los-agricultores#primaryimage\"},\"thumbnailUrl\":\"https:\/\/www.asajacyl.com\/soria\/wp-content\/uploads\/sites\/9\/2023\/07\/WhatsApp-Image-2023-07-13-at-16.50.56.jpeg\",\"datePublished\":\"2024-04-01T10:11:30+00:00\",\"dateModified\":\"2024-04-04T11:14:54+00:00\",\"author\":{\"@id\":\"https:\/\/www.asajacyl.com\/soria\/#\/schema\/person\/fd3081c40255119ce8133b87e6aedfab\"},\"description\":\"La OPA exige al MAPA que matice sus afirmaciones en los medios de comunicaci\u00f3n porque en Soria los precios, aunque se han mejorado en los \u00faltimos d\u00edas,\",\"breadcrumb\":{\"@id\":\"https:\/\/www.asajacyl.com\/soria\/asaja-soria-informa\/asaja-soria-pide-al-ministerio-de-agricultura-que-no-intoxique-a-la-opinion-publica-con-datos-sobre-ingresos-y-gastos-de-los-agricultores#breadcrumb\"},\"inLanguage\":\"es\",\"potentialAction\":[{\"@type\":\"ReadAction\",\"target\":[\"https:\/\/www.asajacyl.com\/soria\/asaja-soria-informa\/asaja-soria-pide-al-ministerio-de-agricultura-que-no-intoxique-a-la-opinion-publica-con-datos-sobre-ingresos-y-gastos-de-los-agricultores\"]}]},{\"@type\":\"ImageObject\",\"inLanguage\":\"es\",\"@id\":\"https:\/\/www.asajacyl.com\/soria\/asaja-soria-informa\/asaja-soria-pide-al-ministerio-de-agricultura-que-no-intoxique-a-la-opinion-publica-con-datos-sobre-ingresos-y-gastos-de-los-agricultores#primaryimage\",\"url\":\"https:\/\/www.asajacyl.com\/soria\/wp-content\/uploads\/sites\/9\/2023\/07\/WhatsApp-Image-2023-07-13-at-16.50.56.jpeg\",\"contentUrl\":\"https:\/\/www.asajacyl.com\/soria\/wp-content\/uploads\/sites\/9\/2023\/07\/WhatsApp-Image-2023-07-13-at-16.50.56.jpeg\",\"width\":1200,\"height\":1600},{\"@type\":\"BreadcrumbList\",\"@id\":\"https:\/\/www.asajacyl.com\/soria\/asaja-soria-informa\/asaja-soria-pide-al-ministerio-de-agricultura-que-no-intoxique-a-la-opinion-publica-con-datos-sobre-ingresos-y-gastos-de-los-agricultores#breadcrumb\",\"itemListElement\":[{\"@type\":\"ListItem\",\"position\":1,\"name\":\"Portada\",\"item\":\"https:\/\/www.asajacyl.com\/soria\/\"},{\"@type\":\"ListItem\",\"position\":2,\"name\":\"ASAJA Soria pide al Ministerio de Agricultura que no intoxique a la opini\u00f3n p\u00fablica con datos sobre ingresos y gastos de los agricultores\"}]},{\"@type\":\"WebSite\",\"@id\":\"https:\/\/www.asajacyl.com\/soria\/#website\",\"url\":\"https:\/\/www.asajacyl.com\/soria\/\",\"name\":\"ASAJA Soria\",\"description\":\"Otro sitio m\u00e1s de Provincias ASAJA Castilla y Le\u00f3n\",\"potentialAction\":[{\"@type\":\"SearchAction\",\"target\":{\"@type\":\"EntryPoint\",\"urlTemplate\":\"https:\/\/www.asajacyl.com\/soria\/?s={search_term_string}\"},\"query-input\":{\"@type\":\"PropertyValueSpecification\",\"valueRequired\":true,\"valueName\":\"search_term_string\"}}],\"inLanguage\":\"es\"},{\"@type\":\"Person\",\"@id\":\"https:\/\/www.asajacyl.com\/soria\/#\/schema\/person\/fd3081c40255119ce8133b87e6aedfab\",\"name\":\"Juan Ignacio Prieto Nieto\",\"image\":{\"@type\":\"ImageObject\",\"inLanguage\":\"es\",\"@id\":\"https:\/\/www.asajacyl.com\/soria\/#\/schema\/person\/image\/\",\"url\":\"https:\/\/secure.gravatar.com\/avatar\/8266b36e4d9001acb4700699a2468dc8?s=96&d=mm&r=g\",\"contentUrl\":\"https:\/\/secure.gravatar.com\/avatar\/8266b36e4d9001acb4700699a2468dc8?s=96&d=mm&r=g\",\"caption\":\"Juan Ignacio Prieto Nieto\"},\"url\":\"https:\/\/www.asajacyl.com\/soria\/author\/juanfranciscoby\"}]}<\/script>\n<!-- \/ Yoast SEO plugin. -->","yoast_head_json":{"title":"ASAJA Soria pide al Ministerio de Agricultura que no intoxique a la opini\u00f3n p\u00fablica con datos sobre ingresos y gastos de los agricultores - ASAJA Soria","description":"La OPA exige al MAPA que matice sus afirmaciones en los medios de comunicaci\u00f3n porque en Soria los precios, aunque se han mejorado en los \u00faltimos d\u00edas,","robots":{"index":"index","follow":"follow","max-snippet":"max-snippet:-1","max-image-preview":"max-image-preview:large","max-video-preview":"max-video-preview:-1"},"canonical":"https:\/\/www.asajacyl.com\/soria\/asaja-soria-informa\/asaja-soria-pide-al-ministerio-de-agricultura-que-no-intoxique-a-la-opinion-publica-con-datos-sobre-ingresos-y-gastos-de-los-agricultores","og_locale":"es_ES","og_type":"article","og_title":"ASAJA Soria pide al Ministerio de Agricultura que no intoxique a la opini\u00f3n p\u00fablica con datos sobre ingresos y gastos de los agricultores - ASAJA Soria","og_description":"La OPA exige al MAPA que matice sus afirmaciones en los medios de comunicaci\u00f3n porque en Soria los precios, aunque se han mejorado en los \u00faltimos d\u00edas,","og_url":"https:\/\/www.asajacyl.com\/soria\/asaja-soria-informa\/asaja-soria-pide-al-ministerio-de-agricultura-que-no-intoxique-a-la-opinion-publica-con-datos-sobre-ingresos-y-gastos-de-los-agricultores","og_site_name":"ASAJA Soria","article_published_time":"2024-04-01T10:11:30+00:00","article_modified_time":"2024-04-04T11:14:54+00:00","og_image":[{"width":1200,"height":1600,"url":"https:\/\/www.asajacyl.com\/soria\/wp-content\/uploads\/sites\/9\/2023\/07\/WhatsApp-Image-2023-07-13-at-16.50.56.jpeg","type":"image\/jpeg"}],"author":"Juan Ignacio Prieto Nieto","twitter_card":"summary_large_image","twitter_misc":{"Escrito por":"Juan Ignacio Prieto Nieto","Tiempo de lectura":"2 minutos"},"schema":{"@context":"https:\/\/schema.org","@graph":[{"@type":"WebPage","@id":"https:\/\/www.asajacyl.com\/soria\/asaja-soria-informa\/asaja-soria-pide-al-ministerio-de-agricultura-que-no-intoxique-a-la-opinion-publica-con-datos-sobre-ingresos-y-gastos-de-los-agricultores","url":"https:\/\/www.asajacyl.com\/soria\/asaja-soria-informa\/asaja-soria-pide-al-ministerio-de-agricultura-que-no-intoxique-a-la-opinion-publica-con-datos-sobre-ingresos-y-gastos-de-los-agricultores","name":"ASAJA Soria pide al Ministerio de Agricultura que no intoxique a la opini\u00f3n p\u00fablica con datos sobre ingresos y gastos de los agricultores - ASAJA Soria","isPartOf":{"@id":"https:\/\/www.asajacyl.com\/soria\/#website"},"primaryImageOfPage":{"@id":"https:\/\/www.asajacyl.com\/soria\/asaja-soria-informa\/asaja-soria-pide-al-ministerio-de-agricultura-que-no-intoxique-a-la-opinion-publica-con-datos-sobre-ingresos-y-gastos-de-los-agricultores#primaryimage"},"image":{"@id":"https:\/\/www.asajacyl.com\/soria\/asaja-soria-informa\/asaja-soria-pide-al-ministerio-de-agricultura-que-no-intoxique-a-la-opinion-publica-con-datos-sobre-ingresos-y-gastos-de-los-agricultores#primaryimage"},"thumbnailUrl":"https:\/\/www.asajacyl.com\/soria\/wp-content\/uploads\/sites\/9\/2023\/07\/WhatsApp-Image-2023-07-13-at-16.50.56.jpeg","datePublished":"2024-04-01T10:11:30+00:00","dateModified":"2024-04-04T11:14:54+00:00","author":{"@id":"https:\/\/www.asajacyl.com\/soria\/#\/schema\/person\/fd3081c40255119ce8133b87e6aedfab"},"description":"La OPA exige al MAPA que matice sus afirmaciones en los medios de comunicaci\u00f3n porque en Soria los precios, aunque se han mejorado en los \u00faltimos d\u00edas,","breadcrumb":{"@id":"https:\/\/www.asajacyl.com\/soria\/asaja-soria-informa\/asaja-soria-pide-al-ministerio-de-agricultura-que-no-intoxique-a-la-opinion-publica-con-datos-sobre-ingresos-y-gastos-de-los-agricultores#breadcrumb"},"inLanguage":"es","potentialAction":[{"@type":"ReadAction","target":["https:\/\/www.asajacyl.com\/soria\/asaja-soria-informa\/asaja-soria-pide-al-ministerio-de-agricultura-que-no-intoxique-a-la-opinion-publica-con-datos-sobre-ingresos-y-gastos-de-los-agricultores"]}]},{"@type":"ImageObject","inLanguage":"es","@id":"https:\/\/www.asajacyl.com\/soria\/asaja-soria-informa\/asaja-soria-pide-al-ministerio-de-agricultura-que-no-intoxique-a-la-opinion-publica-con-datos-sobre-ingresos-y-gastos-de-los-agricultores#primaryimage","url":"https:\/\/www.asajacyl.com\/soria\/wp-content\/uploads\/sites\/9\/2023\/07\/WhatsApp-Image-2023-07-13-at-16.50.56.jpeg","contentUrl":"https:\/\/www.asajacyl.com\/soria\/wp-content\/uploads\/sites\/9\/2023\/07\/WhatsApp-Image-2023-07-13-at-16.50.56.jpeg","width":1200,"height":1600},{"@type":"BreadcrumbList","@id":"https:\/\/www.asajacyl.com\/soria\/asaja-soria-informa\/asaja-soria-pide-al-ministerio-de-agricultura-que-no-intoxique-a-la-opinion-publica-con-datos-sobre-ingresos-y-gastos-de-los-agricultores#breadcrumb","itemListElement":[{"@type":"ListItem","position":1,"name":"Portada","item":"https:\/\/www.asajacyl.com\/soria\/"},{"@type":"ListItem","position":2,"name":"ASAJA Soria pide al Ministerio de Agricultura que no intoxique a la opini\u00f3n p\u00fablica con datos sobre ingresos y gastos de los agricultores"}]},{"@type":"WebSite","@id":"https:\/\/www.asajacyl.com\/soria\/#website","url":"https:\/\/www.asajacyl.com\/soria\/","name":"ASAJA Soria","description":"Otro sitio m\u00e1s de Provincias ASAJA Castilla y Le\u00f3n","potentialAction":[{"@type":"SearchAction","target":{"@type":"EntryPoint","urlTemplate":"https:\/\/www.asajacyl.com\/soria\/?s={search_term_string}"},"query-input":{"@type":"PropertyValueSpecification","valueRequired":true,"valueName":"search_term_string"}}],"inLanguage":"es"},{"@type":"Person","@id":"https:\/\/www.asajacyl.com\/soria\/#\/schema\/person\/fd3081c40255119ce8133b87e6aedfab","name":"Juan Ignacio Prieto Nieto","image":{"@type":"ImageObject","inLanguage":"es","@id":"https:\/\/www.asajacyl.com\/soria\/#\/schema\/person\/image\/","url":"https:\/\/secure.gravatar.com\/avatar\/8266b36e4d9001acb4700699a2468dc8?s=96&d=mm&r=g","contentUrl":"https:\/\/secure.gravatar.com\/avatar\/8266b36e4d9001acb4700699a2468dc8?s=96&d=mm&r=g","caption":"Juan Ignacio Prieto Nieto"},"url":"https:\/\/www.asajacyl.com\/soria\/author\/juanfranciscoby"}]}},"_links":{"self":[{"href":"https:\/\/www.asajacyl.com\/soria\/wp-json\/wp\/v2\/posts\/7886"}],"collection":[{"href":"https:\/\/www.asajacyl.com\/soria\/wp-json\/wp\/v2\/posts"}],"about":[{"href":"https:\/\/www.asajacyl.com\/soria\/wp-json\/wp\/v2\/types\/post"}],"author":[{"embeddable":true,"href":"https:\/\/www.asajacyl.com\/soria\/wp-json\/wp\/v2\/users\/12"}],"replies":[{"embeddable":true,"href":"https:\/\/www.asajacyl.com\/soria\/wp-json\/wp\/v2\/comments?post=7886"}],"version-history":[{"count":1,"href":"https:\/\/www.asajacyl.com\/soria\/wp-json\/wp\/v2\/posts\/7886\/revisions"}],"predecessor-version":[{"id":7887,"href":"https:\/\/www.asajacyl.com\/soria\/wp-json\/wp\/v2\/posts\/7886\/revisions\/7887"}],"wp:featuredmedia":[{"embeddable":true,"href":"https:\/\/www.asajacyl.com\/soria\/wp-json\/wp\/v2\/media\/7050"}],"wp:attachment":[{"href":"https:\/\/www.asajacyl.com\/soria\/wp-json\/wp\/v2\/media?parent=7886"}],"wp:term":[{"taxonomy":"category","embeddable":true,"href":"https:\/\/www.asajacyl.com\/soria\/wp-json\/wp\/v2\/categories?post=7886"},{"taxonomy":"post_tag","embeddable":true,"href":"https:\/\/www.asajacyl.com\/soria\/wp-json\/wp\/v2\/tags?post=7886"}],"curies":[{"name":"wp","href":"https:\/\/api.w.org\/{rel}","templated":true}]}}