{"id":7889,"date":"2024-04-02T11:26:05","date_gmt":"2024-04-02T09:26:05","guid":{"rendered":"https:\/\/www.asajacyl.com\/soria\/?p=7889"},"modified":"2024-04-02T11:34:23","modified_gmt":"2024-04-02T09:34:23","slug":"curso-de-manipuldor-de-plaguicidas-de-uso-fitosanitario-nivel-basico","status":"publish","type":"post","link":"https:\/\/www.asajacyl.com\/soria\/servicios-socio\/cursos-jornadas\/curso-de-manipuldor-de-plaguicidas-de-uso-fitosanitario-nivel-basico","title":{"rendered":"CURSO DE MANIPULADOR DE PLAGUICIDAS DE USO FITOSANITARIO\u2013 NIVEL B\u00c1SICO &#8211;"},"content":{"rendered":"\n\n\n<p>FECHAS DE CELEBRACI\u00d3N: del 08\/04\/2024 al 12\/04\/2024.<br \/>MODALIDAD DE IMPARTICI\u00d3N: Presencial.<br \/>LUGAR DE CELEBRACI\u00d3N: AULA VIVERO DE EMPRESAS \u2013 C\/ J, s\/n; Pol. Ind. Las Casas \u2013 42005 SORIA &#8211;<br \/>DURACI\u00d3N: 25 horas presenciales.<br \/>HORARIO: de 16:00 a 21:00 horas (Excepto los d\u00edas 11 y 12 de 09:00 a 14:00 horas)<\/p>\n<p>MATR\u00cdCULA GRATUITA: Mediante presentaci\u00f3n del modelo cumplimentado y copia del DNI, en cualquier oficina de ASAJA Soria.<br \/>CONTACTO: Tel\u00e9fono 975 21 51 71<br \/>FECHA DE RECEPCI\u00d3N DE SOLICITUDES: hasta el 3 de abril de 2024.<\/p>\n<p>ORGANIZA:<br \/><img loading=\"lazy\" decoding=\"async\" class=\" wp-image-7890 alignleft\" src=\"https:\/\/www.asajacyl.com\/soria\/wp-content\/uploads\/sites\/9\/2024\/04\/ASAJA-1.jpg\" alt=\"\" width=\"149\" height=\"52\" srcset=\"https:\/\/www.asajacyl.com\/soria\/wp-content\/uploads\/sites\/9\/2024\/04\/ASAJA-1.jpg 556w, https:\/\/www.asajacyl.com\/soria\/wp-content\/uploads\/sites\/9\/2024\/04\/ASAJA-1-300x105.jpg 300w\" sizes=\"(max-width: 149px) 100vw, 149px\" \/><\/p>\n<p>\u00a0<\/p>\n<p>\u00a0<\/p>\n\n\n\n\n\n<p>\u00a0<\/p>\n<p>IMPARTE: ASAJA SORIA<\/p>\n<p>FINANCIA:<\/p>\n<p><img loading=\"lazy\" decoding=\"async\" class=\"aligncenter  wp-image-7891\" src=\"https:\/\/www.asajacyl.com\/soria\/wp-content\/uploads\/sites\/9\/2024\/04\/ASAJA-2.jpg\" alt=\"\" width=\"1068\" height=\"176\" srcset=\"https:\/\/www.asajacyl.com\/soria\/wp-content\/uploads\/sites\/9\/2024\/04\/ASAJA-2.jpg 856w, https:\/\/www.asajacyl.com\/soria\/wp-content\/uploads\/sites\/9\/2024\/04\/ASAJA-2-300x49.jpg 300w, https:\/\/www.asajacyl.com\/soria\/wp-content\/uploads\/sites\/9\/2024\/04\/ASAJA-2-768x127.jpg 768w, https:\/\/www.asajacyl.com\/soria\/wp-content\/uploads\/sites\/9\/2024\/04\/ASAJA-2-696x115.jpg 696w\" sizes=\"(max-width: 1068px) 100vw, 1068px\" \/><\/p>\n\n\n\n<p>Aqu\u00ed puedes ampliar la informaci\u00f3n:<\/p>\n<p><a href=\"https:\/\/www.asajacyl.com\/soria\/wp-content\/uploads\/sites\/9\/2024\/04\/cartel-Pluri-2024.pdf\">Cartel Pluri 2024<\/a><\/p>\n","protected":false},"excerpt":{"rendered":"<p>FECHAS DE CELEBRACI\u00d3N: del 08\/04\/2024 al 12\/04\/2024.MODALIDAD DE IMPARTICI\u00d3N: Presencial.LUGAR DE CELEBRACI\u00d3N: AULA VIVERO DE EMPRESAS \u2013 C\/ J, s\/n; Pol. Ind. Las Casas \u2013 42005 SORIA &#8211;DURACI\u00d3N: 25 horas presenciales.HORARIO: de 16:00 a 21:00 horas (Excepto los d\u00edas 11 y 12 de 09:00 a 14:00 horas) MATR\u00cdCULA GRATUITA: Mediante presentaci\u00f3n del modelo cumplimentado y [&hellip;]<\/p>\n","protected":false},"author":12,"featured_media":2402,"comment_status":"open","ping_status":"open","sticky":false,"template":"","format":"standard","meta":{"footnotes":""},"categories":[35],"tags":[],"yoast_head":"<!-- This site is optimized with the Yoast SEO plugin v24.5 - https:\/\/yoast.com\/wordpress\/plugins\/seo\/ -->\n<title>CURSO DE MANIPULADOR DE PLAGUICIDAS DE USO FITOSANITARIO\u2013 NIVEL B\u00c1SICO - ASAJA Soria<\/title>\n<meta name=\"description\" content=\"FECHAS DE CELEBRACI\u00d3N: del 08\/04\/2024 al 12\/04\/2024.MODALIDAD DE IMPARTICI\u00d3N: Presencial.LUGAR DE CELEBRACI\u00d3N: AULA VIVERO DE EMPRESAS \u2013 C\/ J, s\/n; Pol.\" \/>\n<meta name=\"robots\" content=\"index, follow, max-snippet:-1, max-image-preview:large, max-video-preview:-1\" \/>\n<link rel=\"canonical\" href=\"https:\/\/www.asajacyl.com\/soria\/servicios-socio\/cursos-jornadas\/curso-de-manipuldor-de-plaguicidas-de-uso-fitosanitario-nivel-basico\" \/>\n<meta property=\"og:locale\" content=\"es_ES\" \/>\n<meta property=\"og:type\" content=\"article\" \/>\n<meta property=\"og:title\" content=\"CURSO DE MANIPULADOR DE PLAGUICIDAS DE USO FITOSANITARIO\u2013 NIVEL B\u00c1SICO - ASAJA Soria\" \/>\n<meta property=\"og:description\" content=\"FECHAS DE CELEBRACI\u00d3N: del 08\/04\/2024 al 12\/04\/2024.MODALIDAD DE IMPARTICI\u00d3N: Presencial.LUGAR DE CELEBRACI\u00d3N: AULA VIVERO DE EMPRESAS \u2013 C\/ J, s\/n; Pol.\" \/>\n<meta property=\"og:url\" content=\"https:\/\/www.asajacyl.com\/soria\/servicios-socio\/cursos-jornadas\/curso-de-manipuldor-de-plaguicidas-de-uso-fitosanitario-nivel-basico\" \/>\n<meta property=\"og:site_name\" content=\"ASAJA Soria\" \/>\n<meta property=\"article:published_time\" content=\"2024-04-02T09:26:05+00:00\" \/>\n<meta property=\"article:modified_time\" content=\"2024-04-02T09:34:23+00:00\" \/>\n<meta property=\"og:image\" content=\"https:\/\/www.asajacyl.com\/soria\/wp-content\/uploads\/sites\/9\/2019\/08\/curso-j\u00f3venes-marta-poza.jpg\" \/>\n\t<meta property=\"og:image:width\" content=\"2500\" \/>\n\t<meta property=\"og:image:height\" content=\"1875\" \/>\n\t<meta property=\"og:image:type\" content=\"image\/jpeg\" \/>\n<meta name=\"author\" content=\"Juan Ignacio Prieto Nieto\" \/>\n<meta name=\"twitter:card\" content=\"summary_large_image\" \/>\n<meta name=\"twitter:label1\" content=\"Escrito por\" \/>\n\t<meta name=\"twitter:data1\" content=\"Juan Ignacio Prieto Nieto\" \/>\n\t<meta name=\"twitter:label2\" content=\"Tiempo de lectura\" \/>\n\t<meta name=\"twitter:data2\" content=\"1 minuto\" \/>\n<script type=\"application\/ld+json\" class=\"yoast-schema-graph\">{\"@context\":\"https:\/\/schema.org\",\"@graph\":[{\"@type\":\"WebPage\",\"@id\":\"https:\/\/www.asajacyl.com\/soria\/servicios-socio\/cursos-jornadas\/curso-de-manipuldor-de-plaguicidas-de-uso-fitosanitario-nivel-basico\",\"url\":\"https:\/\/www.asajacyl.com\/soria\/servicios-socio\/cursos-jornadas\/curso-de-manipuldor-de-plaguicidas-de-uso-fitosanitario-nivel-basico\",\"name\":\"CURSO DE MANIPULADOR DE PLAGUICIDAS DE USO FITOSANITARIO\u2013 NIVEL B\u00c1SICO - ASAJA Soria\",\"isPartOf\":{\"@id\":\"https:\/\/www.asajacyl.com\/soria\/#website\"},\"primaryImageOfPage\":{\"@id\":\"https:\/\/www.asajacyl.com\/soria\/servicios-socio\/cursos-jornadas\/curso-de-manipuldor-de-plaguicidas-de-uso-fitosanitario-nivel-basico#primaryimage\"},\"image\":{\"@id\":\"https:\/\/www.asajacyl.com\/soria\/servicios-socio\/cursos-jornadas\/curso-de-manipuldor-de-plaguicidas-de-uso-fitosanitario-nivel-basico#primaryimage\"},\"thumbnailUrl\":\"https:\/\/www.asajacyl.com\/soria\/wp-content\/uploads\/sites\/9\/2019\/08\/curso-j\u00f3venes-marta-poza.jpg\",\"datePublished\":\"2024-04-02T09:26:05+00:00\",\"dateModified\":\"2024-04-02T09:34:23+00:00\",\"author\":{\"@id\":\"https:\/\/www.asajacyl.com\/soria\/#\/schema\/person\/fd3081c40255119ce8133b87e6aedfab\"},\"description\":\"FECHAS DE CELEBRACI\u00d3N: del 08\/04\/2024 al 12\/04\/2024.MODALIDAD DE IMPARTICI\u00d3N: Presencial.LUGAR DE CELEBRACI\u00d3N: AULA VIVERO DE EMPRESAS \u2013 C\/ J, s\/n; Pol.\",\"breadcrumb\":{\"@id\":\"https:\/\/www.asajacyl.com\/soria\/servicios-socio\/cursos-jornadas\/curso-de-manipuldor-de-plaguicidas-de-uso-fitosanitario-nivel-basico#breadcrumb\"},\"inLanguage\":\"es\",\"potentialAction\":[{\"@type\":\"ReadAction\",\"target\":[\"https:\/\/www.asajacyl.com\/soria\/servicios-socio\/cursos-jornadas\/curso-de-manipuldor-de-plaguicidas-de-uso-fitosanitario-nivel-basico\"]}]},{\"@type\":\"ImageObject\",\"inLanguage\":\"es\",\"@id\":\"https:\/\/www.asajacyl.com\/soria\/servicios-socio\/cursos-jornadas\/curso-de-manipuldor-de-plaguicidas-de-uso-fitosanitario-nivel-basico#primaryimage\",\"url\":\"https:\/\/www.asajacyl.com\/soria\/wp-content\/uploads\/sites\/9\/2019\/08\/curso-j\u00f3venes-marta-poza.jpg\",\"contentUrl\":\"https:\/\/www.asajacyl.com\/soria\/wp-content\/uploads\/sites\/9\/2019\/08\/curso-j\u00f3venes-marta-poza.jpg\",\"width\":2500,\"height\":1875},{\"@type\":\"BreadcrumbList\",\"@id\":\"https:\/\/www.asajacyl.com\/soria\/servicios-socio\/cursos-jornadas\/curso-de-manipuldor-de-plaguicidas-de-uso-fitosanitario-nivel-basico#breadcrumb\",\"itemListElement\":[{\"@type\":\"ListItem\",\"position\":1,\"name\":\"Portada\",\"item\":\"https:\/\/www.asajacyl.com\/soria\/\"},{\"@type\":\"ListItem\",\"position\":2,\"name\":\"CURSO DE MANIPULADOR DE PLAGUICIDAS DE USO FITOSANITARIO\u2013 NIVEL B\u00c1SICO &#8211;\"}]},{\"@type\":\"WebSite\",\"@id\":\"https:\/\/www.asajacyl.com\/soria\/#website\",\"url\":\"https:\/\/www.asajacyl.com\/soria\/\",\"name\":\"ASAJA Soria\",\"description\":\"Otro sitio m\u00e1s de Provincias ASAJA Castilla y Le\u00f3n\",\"potentialAction\":[{\"@type\":\"SearchAction\",\"target\":{\"@type\":\"EntryPoint\",\"urlTemplate\":\"https:\/\/www.asajacyl.com\/soria\/?s={search_term_string}\"},\"query-input\":{\"@type\":\"PropertyValueSpecification\",\"valueRequired\":true,\"valueName\":\"search_term_string\"}}],\"inLanguage\":\"es\"},{\"@type\":\"Person\",\"@id\":\"https:\/\/www.asajacyl.com\/soria\/#\/schema\/person\/fd3081c40255119ce8133b87e6aedfab\",\"name\":\"Juan Ignacio Prieto Nieto\",\"image\":{\"@type\":\"ImageObject\",\"inLanguage\":\"es\",\"@id\":\"https:\/\/www.asajacyl.com\/soria\/#\/schema\/person\/image\/\",\"url\":\"https:\/\/secure.gravatar.com\/avatar\/8266b36e4d9001acb4700699a2468dc8?s=96&d=mm&r=g\",\"contentUrl\":\"https:\/\/secure.gravatar.com\/avatar\/8266b36e4d9001acb4700699a2468dc8?s=96&d=mm&r=g\",\"caption\":\"Juan Ignacio Prieto Nieto\"},\"url\":\"https:\/\/www.asajacyl.com\/soria\/author\/juanfranciscoby\"}]}<\/script>\n<!-- \/ Yoast SEO plugin. -->","yoast_head_json":{"title":"CURSO DE MANIPULADOR DE PLAGUICIDAS DE USO FITOSANITARIO\u2013 NIVEL B\u00c1SICO - ASAJA Soria","description":"FECHAS DE CELEBRACI\u00d3N: del 08\/04\/2024 al 12\/04\/2024.MODALIDAD DE IMPARTICI\u00d3N: Presencial.LUGAR DE CELEBRACI\u00d3N: AULA VIVERO DE EMPRESAS \u2013 C\/ J, s\/n; Pol.","robots":{"index":"index","follow":"follow","max-snippet":"max-snippet:-1","max-image-preview":"max-image-preview:large","max-video-preview":"max-video-preview:-1"},"canonical":"https:\/\/www.asajacyl.com\/soria\/servicios-socio\/cursos-jornadas\/curso-de-manipuldor-de-plaguicidas-de-uso-fitosanitario-nivel-basico","og_locale":"es_ES","og_type":"article","og_title":"CURSO DE MANIPULADOR DE PLAGUICIDAS DE USO FITOSANITARIO\u2013 NIVEL B\u00c1SICO - ASAJA Soria","og_description":"FECHAS DE CELEBRACI\u00d3N: del 08\/04\/2024 al 12\/04\/2024.MODALIDAD DE IMPARTICI\u00d3N: Presencial.LUGAR DE CELEBRACI\u00d3N: AULA VIVERO DE EMPRESAS \u2013 C\/ J, s\/n; Pol.","og_url":"https:\/\/www.asajacyl.com\/soria\/servicios-socio\/cursos-jornadas\/curso-de-manipuldor-de-plaguicidas-de-uso-fitosanitario-nivel-basico","og_site_name":"ASAJA Soria","article_published_time":"2024-04-02T09:26:05+00:00","article_modified_time":"2024-04-02T09:34:23+00:00","og_image":[{"width":2500,"height":1875,"url":"https:\/\/www.asajacyl.com\/soria\/wp-content\/uploads\/sites\/9\/2019\/08\/curso-j\u00f3venes-marta-poza.jpg","type":"image\/jpeg"}],"author":"Juan Ignacio Prieto Nieto","twitter_card":"summary_large_image","twitter_misc":{"Escrito por":"Juan Ignacio Prieto Nieto","Tiempo de lectura":"1 minuto"},"schema":{"@context":"https:\/\/schema.org","@graph":[{"@type":"WebPage","@id":"https:\/\/www.asajacyl.com\/soria\/servicios-socio\/cursos-jornadas\/curso-de-manipuldor-de-plaguicidas-de-uso-fitosanitario-nivel-basico","url":"https:\/\/www.asajacyl.com\/soria\/servicios-socio\/cursos-jornadas\/curso-de-manipuldor-de-plaguicidas-de-uso-fitosanitario-nivel-basico","name":"CURSO DE MANIPULADOR DE PLAGUICIDAS DE USO FITOSANITARIO\u2013 NIVEL B\u00c1SICO - ASAJA Soria","isPartOf":{"@id":"https:\/\/www.asajacyl.com\/soria\/#website"},"primaryImageOfPage":{"@id":"https:\/\/www.asajacyl.com\/soria\/servicios-socio\/cursos-jornadas\/curso-de-manipuldor-de-plaguicidas-de-uso-fitosanitario-nivel-basico#primaryimage"},"image":{"@id":"https:\/\/www.asajacyl.com\/soria\/servicios-socio\/cursos-jornadas\/curso-de-manipuldor-de-plaguicidas-de-uso-fitosanitario-nivel-basico#primaryimage"},"thumbnailUrl":"https:\/\/www.asajacyl.com\/soria\/wp-content\/uploads\/sites\/9\/2019\/08\/curso-j\u00f3venes-marta-poza.jpg","datePublished":"2024-04-02T09:26:05+00:00","dateModified":"2024-04-02T09:34:23+00:00","author":{"@id":"https:\/\/www.asajacyl.com\/soria\/#\/schema\/person\/fd3081c40255119ce8133b87e6aedfab"},"description":"FECHAS DE CELEBRACI\u00d3N: del 08\/04\/2024 al 12\/04\/2024.MODALIDAD DE IMPARTICI\u00d3N: Presencial.LUGAR DE CELEBRACI\u00d3N: AULA VIVERO DE EMPRESAS \u2013 C\/ J, s\/n; Pol.","breadcrumb":{"@id":"https:\/\/www.asajacyl.com\/soria\/servicios-socio\/cursos-jornadas\/curso-de-manipuldor-de-plaguicidas-de-uso-fitosanitario-nivel-basico#breadcrumb"},"inLanguage":"es","potentialAction":[{"@type":"ReadAction","target":["https:\/\/www.asajacyl.com\/soria\/servicios-socio\/cursos-jornadas\/curso-de-manipuldor-de-plaguicidas-de-uso-fitosanitario-nivel-basico"]}]},{"@type":"ImageObject","inLanguage":"es","@id":"https:\/\/www.asajacyl.com\/soria\/servicios-socio\/cursos-jornadas\/curso-de-manipuldor-de-plaguicidas-de-uso-fitosanitario-nivel-basico#primaryimage","url":"https:\/\/www.asajacyl.com\/soria\/wp-content\/uploads\/sites\/9\/2019\/08\/curso-j\u00f3venes-marta-poza.jpg","contentUrl":"https:\/\/www.asajacyl.com\/soria\/wp-content\/uploads\/sites\/9\/2019\/08\/curso-j\u00f3venes-marta-poza.jpg","width":2500,"height":1875},{"@type":"BreadcrumbList","@id":"https:\/\/www.asajacyl.com\/soria\/servicios-socio\/cursos-jornadas\/curso-de-manipuldor-de-plaguicidas-de-uso-fitosanitario-nivel-basico#breadcrumb","itemListElement":[{"@type":"ListItem","position":1,"name":"Portada","item":"https:\/\/www.asajacyl.com\/soria\/"},{"@type":"ListItem","position":2,"name":"CURSO DE MANIPULADOR DE PLAGUICIDAS DE USO FITOSANITARIO\u2013 NIVEL B\u00c1SICO &#8211;"}]},{"@type":"WebSite","@id":"https:\/\/www.asajacyl.com\/soria\/#website","url":"https:\/\/www.asajacyl.com\/soria\/","name":"ASAJA Soria","description":"Otro sitio m\u00e1s de Provincias ASAJA Castilla y Le\u00f3n","potentialAction":[{"@type":"SearchAction","target":{"@type":"EntryPoint","urlTemplate":"https:\/\/www.asajacyl.com\/soria\/?s={search_term_string}"},"query-input":{"@type":"PropertyValueSpecification","valueRequired":true,"valueName":"search_term_string"}}],"inLanguage":"es"},{"@type":"Person","@id":"https:\/\/www.asajacyl.com\/soria\/#\/schema\/person\/fd3081c40255119ce8133b87e6aedfab","name":"Juan Ignacio Prieto Nieto","image":{"@type":"ImageObject","inLanguage":"es","@id":"https:\/\/www.asajacyl.com\/soria\/#\/schema\/person\/image\/","url":"https:\/\/secure.gravatar.com\/avatar\/8266b36e4d9001acb4700699a2468dc8?s=96&d=mm&r=g","contentUrl":"https:\/\/secure.gravatar.com\/avatar\/8266b36e4d9001acb4700699a2468dc8?s=96&d=mm&r=g","caption":"Juan Ignacio Prieto Nieto"},"url":"https:\/\/www.asajacyl.com\/soria\/author\/juanfranciscoby"}]}},"_links":{"self":[{"href":"https:\/\/www.asajacyl.com\/soria\/wp-json\/wp\/v2\/posts\/7889"}],"collection":[{"href":"https:\/\/www.asajacyl.com\/soria\/wp-json\/wp\/v2\/posts"}],"about":[{"href":"https:\/\/www.asajacyl.com\/soria\/wp-json\/wp\/v2\/types\/post"}],"author":[{"embeddable":true,"href":"https:\/\/www.asajacyl.com\/soria\/wp-json\/wp\/v2\/users\/12"}],"replies":[{"embeddable":true,"href":"https:\/\/www.asajacyl.com\/soria\/wp-json\/wp\/v2\/comments?post=7889"}],"version-history":[{"count":5,"href":"https:\/\/www.asajacyl.com\/soria\/wp-json\/wp\/v2\/posts\/7889\/revisions"}],"predecessor-version":[{"id":7897,"href":"https:\/\/www.asajacyl.com\/soria\/wp-json\/wp\/v2\/posts\/7889\/revisions\/7897"}],"wp:featuredmedia":[{"embeddable":true,"href":"https:\/\/www.asajacyl.com\/soria\/wp-json\/wp\/v2\/media\/2402"}],"wp:attachment":[{"href":"https:\/\/www.asajacyl.com\/soria\/wp-json\/wp\/v2\/media?parent=7889"}],"wp:term":[{"taxonomy":"category","embeddable":true,"href":"https:\/\/www.asajacyl.com\/soria\/wp-json\/wp\/v2\/categories?post=7889"},{"taxonomy":"post_tag","embeddable":true,"href":"https:\/\/www.asajacyl.com\/soria\/wp-json\/wp\/v2\/tags?post=7889"}],"curies":[{"name":"wp","href":"https:\/\/api.w.org\/{rel}","templated":true}]}}