{"id":7907,"date":"2024-04-04T13:12:57","date_gmt":"2024-04-04T11:12:57","guid":{"rendered":"https:\/\/www.asajacyl.com\/soria\/?p=7907"},"modified":"2024-04-11T13:53:20","modified_gmt":"2024-04-11T11:53:20","slug":"asaja-soria-pide-a-la-junta-que-considere-la-adaptacion-del-periodo-de-no-tratamientos-y-lo-retrase-al-menos-un-mes-en-la-provincia-pasando-a-mayo-julio","status":"publish","type":"post","link":"https:\/\/www.asajacyl.com\/soria\/asaja-soria-informa\/asaja-soria-pide-a-la-junta-que-considere-la-adaptacion-del-periodo-de-no-tratamientos-y-lo-retrase-al-menos-un-mes-en-la-provincia-pasando-a-mayo-julio","title":{"rendered":"ASAJA Soria pide a la Junta que considere la adaptaci\u00f3n del periodo de no tratamientos y lo retrase al menos un mes en la provincia, pasando a mayo-julio"},"content":{"rendered":"\n<h2><em>La OPA ha enviado una carta al <\/em><em>director general de Pol\u00edtica Agraria Comunitaria y Desarrollo Rural<\/em><em> para exponerle los efectos no deseados desde el punto de vista agr\u00edcola, ganadero, ambiental y econ\u00f3mico<\/em><\/h2>\n<p>El Real Decreto 1049\/2022, de 27 de diciembre, dice al respecto de las tierras de barbecho que \u201cno se realizar\u00e1n tratamientos sobre estas tierras entre los meses de abril y junio, ambos incluidos, pudiendo adaptar dicho periodo las comunidades aut\u00f3nomas en funci\u00f3n de las condiciones locales espec\u00edficas\u201d.<\/p>\n<p>ASAJA Soria ha solicitado por carta al director general de Pol\u00edtica Agraria Comunitaria y Desarrollo Rural, \u00c1ngel Mar\u00eda G\u00f3mez Rivero, que considere la adaptaci\u00f3n de este periodo de no tratamientos y se retrase como m\u00ednimo un mes en la provincia de Soria, pasando al menos a mayo-julio.<\/p>\n<p>En el escrito tambi\u00e9n se han expuesto varias caracter\u00edsticas f\u00edsicas, geogr\u00e1ficas y clim\u00e1ticas de la provincia, que tienen su reflejo ambiental, que en el \u00e1mbito geogr\u00e1fico se dejan notar en el ciclo biol\u00f3gico de las plantas. Como ejemplo, la cosecha estival en Soria, de media, se realiza pr\u00e1cticamente un mes m\u00e1s tarde que en el global de nuestra comunidad aut\u00f3noma.<\/p>\n<p>ASAJA Soria tambi\u00e9n ha recordado que las condiciones locales del territorio afectan a las plantas, a todas ellas: cultivos y adventicias. Y ha a\u00f1adido que, de manera excepcional, la climatolog\u00eda en este a\u00f1o 2024 est\u00e1 ocasionando problemas extraordinarios en estas superficies, pues las lluvias continuadas han impedido tratamientos y siembras, lo que adem\u00e1s de aumentar los barbechos ha imposibilitado su control, por lo que ha pedido a la Junta de Castilla y Le\u00f3n o bien que la decisi\u00f3n sobre el retraso del periodo sea urgente, o bien que se autorice de manera extraordinaria los tratamientos en el mes de abril de 2024, en tanto se resuelve este asunto de la Buenas condiciones agr\u00edcolas y medioambientales (BCAM).<\/p>\n<p>Dentro de esta BCAM 6 se establece que para las tierras de barbecho \u201cno se realizar\u00e1n tratamientos agr\u00edcolas sobre estas tierras entre los meses de abril y junio, ambos incluidos\u201d.<\/p>\n<p>Como ya ven\u00eda advirtiendo ASAJA Soria, tras la aplicaci\u00f3n de esta norma en 2023 y lo que llevamos de 2024 se est\u00e1 comprobando que el agricultor con el fin de poder realizar un control de las malas hierbas est\u00e1 realizando tratamientos anticipados en el mes de marzo, para habitualmente volver a repetirlos a la salida del periodo, en el mes de julio.<\/p>\n<p>Esto ocurre porque ahora los profesionales del campo se ven obligados a decidir el m\u00e9todo para el control de los barbechos, y su mantenimiento en buenas condiciones agrarias, mec\u00e1nica o qu\u00edmicamente (en siembra directa es el \u00fanico posible) de manera anticipada. Esto est\u00e1 generando efectos no deseados desde el punto de vista agr\u00edcola, ganadero, ambiental y econ\u00f3mico:<\/p>\n<p>*Agr\u00edcola, porque se obliga a realizar dos tratamientos en vez de uno, o alternativamente optar por el control con labores mec\u00e1nicas, pues ante el desconocimiento de si tendr\u00e1 tempero en el mes de mayo-junio opta por el tratamiento qu\u00edmico inici\u00e1ndolo con el primer tratamiento en marzo.<\/p>\n<p>*Ganadero, porque el empuje biol\u00f3gico de las plantas en esta provincia sucede normalmente en abril, un mes m\u00e1s tarde. El desv\u00edo de tratamientos a marzo acorta el periodo de aprovechamiento de los barbechos, la \u00fanica superficie disponible para este fin, complicando la situaci\u00f3n de esta actividad.<\/p>\n<p>*Ambiental, porque el resultado es que hemos pasado de un tratamiento qu\u00edmico, o ninguno (si se opta por el control mec\u00e1nico), a dos tratamientos lo que evidentemente multiplica por dos los riesgos ambientales.<\/p>\n<p>*Econ\u00f3micos, porque se obliga a las explotaciones a realizar dos veces los gastos. Y porque los ganaderos ven acortado un mes el aprovechamiento de los pastos en los barbechos y porque una parte significativa de los barbechos est\u00e1n pasando de control mec\u00e1nico a qu\u00edmico pues en el mes de marzo el mes de mayo o junio se ve muy lejos.<\/p>\n","protected":false},"excerpt":{"rendered":"<p>La OPA ha enviado una carta al director general de Pol\u00edtica Agraria Comunitaria y Desarrollo Rural para exponerle los efectos no deseados desde el punto de vista agr\u00edcola, ganadero, ambiental y econ\u00f3mico El Real Decreto 1049\/2022, de 27 de diciembre, dice al respecto de las tierras de barbecho que \u201cno se realizar\u00e1n tratamientos sobre estas [&hellip;]<\/p>\n","protected":false},"author":12,"featured_media":7909,"comment_status":"open","ping_status":"open","sticky":false,"template":"","format":"standard","meta":{"footnotes":""},"categories":[10,25],"tags":[],"yoast_head":"<!-- This site is optimized with the Yoast SEO plugin v24.5 - https:\/\/yoast.com\/wordpress\/plugins\/seo\/ -->\n<title>ASAJA Soria pide a la Junta que considere la adaptaci\u00f3n del periodo de no tratamientos y lo retrase al menos un mes en la provincia, pasando a mayo-julio - ASAJA Soria<\/title>\n<meta name=\"description\" content=\"La OPA ha enviado una carta al director general de Pol\u00edtica Agraria Comunitaria y Desarrollo Rural para exponerle los efectos no deseados desde el punto\" \/>\n<meta name=\"robots\" content=\"index, follow, max-snippet:-1, max-image-preview:large, max-video-preview:-1\" \/>\n<link rel=\"canonical\" href=\"https:\/\/www.asajacyl.com\/soria\/asaja-soria-informa\/asaja-soria-pide-a-la-junta-que-considere-la-adaptacion-del-periodo-de-no-tratamientos-y-lo-retrase-al-menos-un-mes-en-la-provincia-pasando-a-mayo-julio\" \/>\n<meta property=\"og:locale\" content=\"es_ES\" \/>\n<meta property=\"og:type\" content=\"article\" \/>\n<meta property=\"og:title\" content=\"ASAJA Soria pide a la Junta que considere la adaptaci\u00f3n del periodo de no tratamientos y lo retrase al menos un mes en la provincia, pasando a mayo-julio - ASAJA Soria\" \/>\n<meta property=\"og:description\" content=\"La OPA ha enviado una carta al director general de Pol\u00edtica Agraria Comunitaria y Desarrollo Rural para exponerle los efectos no deseados desde el punto\" \/>\n<meta property=\"og:url\" content=\"https:\/\/www.asajacyl.com\/soria\/asaja-soria-informa\/asaja-soria-pide-a-la-junta-que-considere-la-adaptacion-del-periodo-de-no-tratamientos-y-lo-retrase-al-menos-un-mes-en-la-provincia-pasando-a-mayo-julio\" \/>\n<meta property=\"og:site_name\" content=\"ASAJA Soria\" \/>\n<meta property=\"article:published_time\" content=\"2024-04-04T11:12:57+00:00\" \/>\n<meta property=\"article:modified_time\" content=\"2024-04-11T11:53:20+00:00\" \/>\n<meta property=\"og:image\" content=\"https:\/\/www.asajacyl.com\/soria\/wp-content\/uploads\/sites\/9\/2024\/04\/asaja-salamanca-RTp9D7F56uEFqos1SKn9qRP-1200x840@Gaceta-Salamanca-1.jpg\" \/>\n\t<meta property=\"og:image:width\" content=\"736\" \/>\n\t<meta property=\"og:image:height\" content=\"410\" \/>\n\t<meta property=\"og:image:type\" content=\"image\/jpeg\" \/>\n<meta name=\"author\" content=\"Juan Ignacio Prieto Nieto\" \/>\n<meta name=\"twitter:card\" content=\"summary_large_image\" \/>\n<meta name=\"twitter:label1\" content=\"Escrito por\" \/>\n\t<meta name=\"twitter:data1\" content=\"Juan Ignacio Prieto Nieto\" \/>\n\t<meta name=\"twitter:label2\" content=\"Tiempo de lectura\" \/>\n\t<meta name=\"twitter:data2\" content=\"4 minutos\" \/>\n<script type=\"application\/ld+json\" class=\"yoast-schema-graph\">{\"@context\":\"https:\/\/schema.org\",\"@graph\":[{\"@type\":\"WebPage\",\"@id\":\"https:\/\/www.asajacyl.com\/soria\/asaja-soria-informa\/asaja-soria-pide-a-la-junta-que-considere-la-adaptacion-del-periodo-de-no-tratamientos-y-lo-retrase-al-menos-un-mes-en-la-provincia-pasando-a-mayo-julio\",\"url\":\"https:\/\/www.asajacyl.com\/soria\/asaja-soria-informa\/asaja-soria-pide-a-la-junta-que-considere-la-adaptacion-del-periodo-de-no-tratamientos-y-lo-retrase-al-menos-un-mes-en-la-provincia-pasando-a-mayo-julio\",\"name\":\"ASAJA Soria pide a la Junta que considere la adaptaci\u00f3n del periodo de no tratamientos y lo retrase al menos un mes en la provincia, pasando a mayo-julio - ASAJA Soria\",\"isPartOf\":{\"@id\":\"https:\/\/www.asajacyl.com\/soria\/#website\"},\"primaryImageOfPage\":{\"@id\":\"https:\/\/www.asajacyl.com\/soria\/asaja-soria-informa\/asaja-soria-pide-a-la-junta-que-considere-la-adaptacion-del-periodo-de-no-tratamientos-y-lo-retrase-al-menos-un-mes-en-la-provincia-pasando-a-mayo-julio#primaryimage\"},\"image\":{\"@id\":\"https:\/\/www.asajacyl.com\/soria\/asaja-soria-informa\/asaja-soria-pide-a-la-junta-que-considere-la-adaptacion-del-periodo-de-no-tratamientos-y-lo-retrase-al-menos-un-mes-en-la-provincia-pasando-a-mayo-julio#primaryimage\"},\"thumbnailUrl\":\"https:\/\/www.asajacyl.com\/soria\/wp-content\/uploads\/sites\/9\/2024\/04\/asaja-salamanca-RTp9D7F56uEFqos1SKn9qRP-1200x840@Gaceta-Salamanca-1.jpg\",\"datePublished\":\"2024-04-04T11:12:57+00:00\",\"dateModified\":\"2024-04-11T11:53:20+00:00\",\"author\":{\"@id\":\"https:\/\/www.asajacyl.com\/soria\/#\/schema\/person\/fd3081c40255119ce8133b87e6aedfab\"},\"description\":\"La OPA ha enviado una carta al director general de Pol\u00edtica Agraria Comunitaria y Desarrollo Rural para exponerle los efectos no deseados desde el punto\",\"breadcrumb\":{\"@id\":\"https:\/\/www.asajacyl.com\/soria\/asaja-soria-informa\/asaja-soria-pide-a-la-junta-que-considere-la-adaptacion-del-periodo-de-no-tratamientos-y-lo-retrase-al-menos-un-mes-en-la-provincia-pasando-a-mayo-julio#breadcrumb\"},\"inLanguage\":\"es\",\"potentialAction\":[{\"@type\":\"ReadAction\",\"target\":[\"https:\/\/www.asajacyl.com\/soria\/asaja-soria-informa\/asaja-soria-pide-a-la-junta-que-considere-la-adaptacion-del-periodo-de-no-tratamientos-y-lo-retrase-al-menos-un-mes-en-la-provincia-pasando-a-mayo-julio\"]}]},{\"@type\":\"ImageObject\",\"inLanguage\":\"es\",\"@id\":\"https:\/\/www.asajacyl.com\/soria\/asaja-soria-informa\/asaja-soria-pide-a-la-junta-que-considere-la-adaptacion-del-periodo-de-no-tratamientos-y-lo-retrase-al-menos-un-mes-en-la-provincia-pasando-a-mayo-julio#primaryimage\",\"url\":\"https:\/\/www.asajacyl.com\/soria\/wp-content\/uploads\/sites\/9\/2024\/04\/asaja-salamanca-RTp9D7F56uEFqos1SKn9qRP-1200x840@Gaceta-Salamanca-1.jpg\",\"contentUrl\":\"https:\/\/www.asajacyl.com\/soria\/wp-content\/uploads\/sites\/9\/2024\/04\/asaja-salamanca-RTp9D7F56uEFqos1SKn9qRP-1200x840@Gaceta-Salamanca-1.jpg\",\"width\":736,\"height\":410},{\"@type\":\"BreadcrumbList\",\"@id\":\"https:\/\/www.asajacyl.com\/soria\/asaja-soria-informa\/asaja-soria-pide-a-la-junta-que-considere-la-adaptacion-del-periodo-de-no-tratamientos-y-lo-retrase-al-menos-un-mes-en-la-provincia-pasando-a-mayo-julio#breadcrumb\",\"itemListElement\":[{\"@type\":\"ListItem\",\"position\":1,\"name\":\"Portada\",\"item\":\"https:\/\/www.asajacyl.com\/soria\/\"},{\"@type\":\"ListItem\",\"position\":2,\"name\":\"ASAJA Soria pide a la Junta que considere la adaptaci\u00f3n del periodo de no tratamientos y lo retrase al menos un mes en la provincia, pasando a mayo-julio\"}]},{\"@type\":\"WebSite\",\"@id\":\"https:\/\/www.asajacyl.com\/soria\/#website\",\"url\":\"https:\/\/www.asajacyl.com\/soria\/\",\"name\":\"ASAJA Soria\",\"description\":\"Otro sitio m\u00e1s de Provincias ASAJA Castilla y Le\u00f3n\",\"potentialAction\":[{\"@type\":\"SearchAction\",\"target\":{\"@type\":\"EntryPoint\",\"urlTemplate\":\"https:\/\/www.asajacyl.com\/soria\/?s={search_term_string}\"},\"query-input\":{\"@type\":\"PropertyValueSpecification\",\"valueRequired\":true,\"valueName\":\"search_term_string\"}}],\"inLanguage\":\"es\"},{\"@type\":\"Person\",\"@id\":\"https:\/\/www.asajacyl.com\/soria\/#\/schema\/person\/fd3081c40255119ce8133b87e6aedfab\",\"name\":\"Juan Ignacio Prieto Nieto\",\"image\":{\"@type\":\"ImageObject\",\"inLanguage\":\"es\",\"@id\":\"https:\/\/www.asajacyl.com\/soria\/#\/schema\/person\/image\/\",\"url\":\"https:\/\/secure.gravatar.com\/avatar\/8266b36e4d9001acb4700699a2468dc8?s=96&d=mm&r=g\",\"contentUrl\":\"https:\/\/secure.gravatar.com\/avatar\/8266b36e4d9001acb4700699a2468dc8?s=96&d=mm&r=g\",\"caption\":\"Juan Ignacio Prieto Nieto\"},\"url\":\"https:\/\/www.asajacyl.com\/soria\/author\/juanfranciscoby\"}]}<\/script>\n<!-- \/ Yoast SEO plugin. -->","yoast_head_json":{"title":"ASAJA Soria pide a la Junta que considere la adaptaci\u00f3n del periodo de no tratamientos y lo retrase al menos un mes en la provincia, pasando a mayo-julio - ASAJA Soria","description":"La OPA ha enviado una carta al director general de Pol\u00edtica Agraria Comunitaria y Desarrollo Rural para exponerle los efectos no deseados desde el punto","robots":{"index":"index","follow":"follow","max-snippet":"max-snippet:-1","max-image-preview":"max-image-preview:large","max-video-preview":"max-video-preview:-1"},"canonical":"https:\/\/www.asajacyl.com\/soria\/asaja-soria-informa\/asaja-soria-pide-a-la-junta-que-considere-la-adaptacion-del-periodo-de-no-tratamientos-y-lo-retrase-al-menos-un-mes-en-la-provincia-pasando-a-mayo-julio","og_locale":"es_ES","og_type":"article","og_title":"ASAJA Soria pide a la Junta que considere la adaptaci\u00f3n del periodo de no tratamientos y lo retrase al menos un mes en la provincia, pasando a mayo-julio - ASAJA Soria","og_description":"La OPA ha enviado una carta al director general de Pol\u00edtica Agraria Comunitaria y Desarrollo Rural para exponerle los efectos no deseados desde el punto","og_url":"https:\/\/www.asajacyl.com\/soria\/asaja-soria-informa\/asaja-soria-pide-a-la-junta-que-considere-la-adaptacion-del-periodo-de-no-tratamientos-y-lo-retrase-al-menos-un-mes-en-la-provincia-pasando-a-mayo-julio","og_site_name":"ASAJA Soria","article_published_time":"2024-04-04T11:12:57+00:00","article_modified_time":"2024-04-11T11:53:20+00:00","og_image":[{"width":736,"height":410,"url":"https:\/\/www.asajacyl.com\/soria\/wp-content\/uploads\/sites\/9\/2024\/04\/asaja-salamanca-RTp9D7F56uEFqos1SKn9qRP-1200x840@Gaceta-Salamanca-1.jpg","type":"image\/jpeg"}],"author":"Juan Ignacio Prieto Nieto","twitter_card":"summary_large_image","twitter_misc":{"Escrito por":"Juan Ignacio Prieto Nieto","Tiempo de lectura":"4 minutos"},"schema":{"@context":"https:\/\/schema.org","@graph":[{"@type":"WebPage","@id":"https:\/\/www.asajacyl.com\/soria\/asaja-soria-informa\/asaja-soria-pide-a-la-junta-que-considere-la-adaptacion-del-periodo-de-no-tratamientos-y-lo-retrase-al-menos-un-mes-en-la-provincia-pasando-a-mayo-julio","url":"https:\/\/www.asajacyl.com\/soria\/asaja-soria-informa\/asaja-soria-pide-a-la-junta-que-considere-la-adaptacion-del-periodo-de-no-tratamientos-y-lo-retrase-al-menos-un-mes-en-la-provincia-pasando-a-mayo-julio","name":"ASAJA Soria pide a la Junta que considere la adaptaci\u00f3n del periodo de no tratamientos y lo retrase al menos un mes en la provincia, pasando a mayo-julio - ASAJA Soria","isPartOf":{"@id":"https:\/\/www.asajacyl.com\/soria\/#website"},"primaryImageOfPage":{"@id":"https:\/\/www.asajacyl.com\/soria\/asaja-soria-informa\/asaja-soria-pide-a-la-junta-que-considere-la-adaptacion-del-periodo-de-no-tratamientos-y-lo-retrase-al-menos-un-mes-en-la-provincia-pasando-a-mayo-julio#primaryimage"},"image":{"@id":"https:\/\/www.asajacyl.com\/soria\/asaja-soria-informa\/asaja-soria-pide-a-la-junta-que-considere-la-adaptacion-del-periodo-de-no-tratamientos-y-lo-retrase-al-menos-un-mes-en-la-provincia-pasando-a-mayo-julio#primaryimage"},"thumbnailUrl":"https:\/\/www.asajacyl.com\/soria\/wp-content\/uploads\/sites\/9\/2024\/04\/asaja-salamanca-RTp9D7F56uEFqos1SKn9qRP-1200x840@Gaceta-Salamanca-1.jpg","datePublished":"2024-04-04T11:12:57+00:00","dateModified":"2024-04-11T11:53:20+00:00","author":{"@id":"https:\/\/www.asajacyl.com\/soria\/#\/schema\/person\/fd3081c40255119ce8133b87e6aedfab"},"description":"La OPA ha enviado una carta al director general de Pol\u00edtica Agraria Comunitaria y Desarrollo Rural para exponerle los efectos no deseados desde el punto","breadcrumb":{"@id":"https:\/\/www.asajacyl.com\/soria\/asaja-soria-informa\/asaja-soria-pide-a-la-junta-que-considere-la-adaptacion-del-periodo-de-no-tratamientos-y-lo-retrase-al-menos-un-mes-en-la-provincia-pasando-a-mayo-julio#breadcrumb"},"inLanguage":"es","potentialAction":[{"@type":"ReadAction","target":["https:\/\/www.asajacyl.com\/soria\/asaja-soria-informa\/asaja-soria-pide-a-la-junta-que-considere-la-adaptacion-del-periodo-de-no-tratamientos-y-lo-retrase-al-menos-un-mes-en-la-provincia-pasando-a-mayo-julio"]}]},{"@type":"ImageObject","inLanguage":"es","@id":"https:\/\/www.asajacyl.com\/soria\/asaja-soria-informa\/asaja-soria-pide-a-la-junta-que-considere-la-adaptacion-del-periodo-de-no-tratamientos-y-lo-retrase-al-menos-un-mes-en-la-provincia-pasando-a-mayo-julio#primaryimage","url":"https:\/\/www.asajacyl.com\/soria\/wp-content\/uploads\/sites\/9\/2024\/04\/asaja-salamanca-RTp9D7F56uEFqos1SKn9qRP-1200x840@Gaceta-Salamanca-1.jpg","contentUrl":"https:\/\/www.asajacyl.com\/soria\/wp-content\/uploads\/sites\/9\/2024\/04\/asaja-salamanca-RTp9D7F56uEFqos1SKn9qRP-1200x840@Gaceta-Salamanca-1.jpg","width":736,"height":410},{"@type":"BreadcrumbList","@id":"https:\/\/www.asajacyl.com\/soria\/asaja-soria-informa\/asaja-soria-pide-a-la-junta-que-considere-la-adaptacion-del-periodo-de-no-tratamientos-y-lo-retrase-al-menos-un-mes-en-la-provincia-pasando-a-mayo-julio#breadcrumb","itemListElement":[{"@type":"ListItem","position":1,"name":"Portada","item":"https:\/\/www.asajacyl.com\/soria\/"},{"@type":"ListItem","position":2,"name":"ASAJA Soria pide a la Junta que considere la adaptaci\u00f3n del periodo de no tratamientos y lo retrase al menos un mes en la provincia, pasando a mayo-julio"}]},{"@type":"WebSite","@id":"https:\/\/www.asajacyl.com\/soria\/#website","url":"https:\/\/www.asajacyl.com\/soria\/","name":"ASAJA Soria","description":"Otro sitio m\u00e1s de Provincias ASAJA Castilla y Le\u00f3n","potentialAction":[{"@type":"SearchAction","target":{"@type":"EntryPoint","urlTemplate":"https:\/\/www.asajacyl.com\/soria\/?s={search_term_string}"},"query-input":{"@type":"PropertyValueSpecification","valueRequired":true,"valueName":"search_term_string"}}],"inLanguage":"es"},{"@type":"Person","@id":"https:\/\/www.asajacyl.com\/soria\/#\/schema\/person\/fd3081c40255119ce8133b87e6aedfab","name":"Juan Ignacio Prieto Nieto","image":{"@type":"ImageObject","inLanguage":"es","@id":"https:\/\/www.asajacyl.com\/soria\/#\/schema\/person\/image\/","url":"https:\/\/secure.gravatar.com\/avatar\/8266b36e4d9001acb4700699a2468dc8?s=96&d=mm&r=g","contentUrl":"https:\/\/secure.gravatar.com\/avatar\/8266b36e4d9001acb4700699a2468dc8?s=96&d=mm&r=g","caption":"Juan Ignacio Prieto Nieto"},"url":"https:\/\/www.asajacyl.com\/soria\/author\/juanfranciscoby"}]}},"_links":{"self":[{"href":"https:\/\/www.asajacyl.com\/soria\/wp-json\/wp\/v2\/posts\/7907"}],"collection":[{"href":"https:\/\/www.asajacyl.com\/soria\/wp-json\/wp\/v2\/posts"}],"about":[{"href":"https:\/\/www.asajacyl.com\/soria\/wp-json\/wp\/v2\/types\/post"}],"author":[{"embeddable":true,"href":"https:\/\/www.asajacyl.com\/soria\/wp-json\/wp\/v2\/users\/12"}],"replies":[{"embeddable":true,"href":"https:\/\/www.asajacyl.com\/soria\/wp-json\/wp\/v2\/comments?post=7907"}],"version-history":[{"count":1,"href":"https:\/\/www.asajacyl.com\/soria\/wp-json\/wp\/v2\/posts\/7907\/revisions"}],"predecessor-version":[{"id":7910,"href":"https:\/\/www.asajacyl.com\/soria\/wp-json\/wp\/v2\/posts\/7907\/revisions\/7910"}],"wp:featuredmedia":[{"embeddable":true,"href":"https:\/\/www.asajacyl.com\/soria\/wp-json\/wp\/v2\/media\/7909"}],"wp:attachment":[{"href":"https:\/\/www.asajacyl.com\/soria\/wp-json\/wp\/v2\/media?parent=7907"}],"wp:term":[{"taxonomy":"category","embeddable":true,"href":"https:\/\/www.asajacyl.com\/soria\/wp-json\/wp\/v2\/categories?post=7907"},{"taxonomy":"post_tag","embeddable":true,"href":"https:\/\/www.asajacyl.com\/soria\/wp-json\/wp\/v2\/tags?post=7907"}],"curies":[{"name":"wp","href":"https:\/\/api.w.org\/{rel}","templated":true}]}}