{"id":7917,"date":"2024-04-05T14:15:50","date_gmt":"2024-04-05T12:15:50","guid":{"rendered":"https:\/\/www.asajacyl.com\/soria\/?p=7917"},"modified":"2024-04-05T14:15:52","modified_gmt":"2024-04-05T12:15:52","slug":"la-junta-directiva-nacional-de-asaja-considera-insuficiente-el-documento-de-propuestas-presentado-por-el-ministerio-de-agricultura","status":"publish","type":"post","link":"https:\/\/www.asajacyl.com\/soria\/asaja-soria-informa\/la-junta-directiva-nacional-de-asaja-considera-insuficiente-el-documento-de-propuestas-presentado-por-el-ministerio-de-agricultura","title":{"rendered":"La Junta directiva nacional de ASAJA considera insuficiente el documento de propuestas presentado por el Ministerio de Agricultura"},"content":{"rendered":"\n\n\n<h2><strong>Madrid, 5 de abril de 2024.- La Junta Directiva Nacional de ASAJA, reunida hoy en Madrid, ha estudiado y debatido el documento de propuestas presentado el pasado 25 de marzo por el ministerio de Agricultura en respuesta a la campa\u00f1a de movilizaciones llevadas a cabo por los agricultores y ganaderos espa\u00f1oles, en demanda de medidas para hacer frente a la grave crisis en la que se encuentra inmerso el sector agrario. El m\u00e1ximo \u00f3rgano de decisi\u00f3n entre asambleas de ASAJA considera positivas una parte de las propuestas del ministerio, aunque encuentra carencias muy significativas en materias concretas y ausencia de medidas en sectores productivos que necesitar\u00edan una respuesta m\u00e1s decidida.<\/strong><\/h2>\n<p>Analizados pormenorizadamente los distintos bloques de medidas, ASAJA acoge con satisfacci\u00f3n el esfuerzo de<strong> simplificaci\u00f3n de algunas medidas de aplicaci\u00f3n de la PAC<\/strong>, tal y como ha promovido la Comisi\u00f3n Europea y que el ministerio de Agricultura ha trasladado al Plan Estrat\u00e9gico de aplicaci\u00f3n en Espa\u00f1a (PEPAC). Lamentablemente algunas de estas medidas, que ASAJA ven\u00eda demandado ya desde hace meses, llegan tarde y una vez pasada la planificaci\u00f3n y siembra por parte de los titulares de las explotaciones. La flexibilizaci\u00f3n de algunos requisitos de los eco reg\u00edmenes responde a una l\u00f3gica agron\u00f3mica y a la necesidad de adaptar dichos requisitos a la realidad clim\u00e1ticas y productiva de las explotaciones, necesaria para la aceptaci\u00f3n de dichos sistemas voluntarios en favor del clima y el medio ambiente.<\/p>\n<p>Valoramos el <strong>mantenimiento de la devoluci\u00f3n del Impuesto de Hidrocarburos para el gas\u00f3leo agr\u00edcola<\/strong>, <strong>as\u00ed como las reducciones en las facturas en el IRPF<\/strong> de los carburantes y los fertilizantes, del 15% del rendimiento neto en el r\u00e9gimen de m\u00f3dulos del IRPF, al igual que la nueva medida de no incluir el IVA compensatorio en la base imponible del IRPF en m\u00f3dulos para alcanzar el l\u00edmite de 250.000 euros para la permanencia en el r\u00e9gimen.<\/p>\n<p>Hasta aqu\u00ed algunos de los aspectos m\u00e1s favorables incluidos en el citado documento de propuestas, a juicio de ASAJA. Sin embargo, hay otros aspectos muy relevantes para el d\u00eda a d\u00eda de la actividad productiva y comercial de los profesionales agrarios que quedan en barbecho o sin v\u00edas de soluci\u00f3n.<\/p>\n<p>En lo relativo a los <strong>aspectos comerciales de los productos agrarios<\/strong>, ni desde Bruselas, ni desde el Gobierno de Espa\u00f1a se han abordado cuestiones de gran trascendencia como es la aplicaci\u00f3n rigurosa del principio de reciprocidad (cl\u00e1usulas espejo) para los productos importados de terceros pa\u00edses que entran en clara competencia desleal con las producciones comunitarias.<\/p>\n<p>En relaci\u00f3n con los <strong>costes de producci\u00f3n<\/strong>, no se recogen en el documento presentado por el ministerio de Agricultura medidas claras destinadas a rebajar los mismos. Echamos en falta medidas, competencia de otros ministerios, como son las bonificaciones en materia de Seguridad Social para hacer frente a las subidas reiteradas del SMI (ministerio de Seguridad Social); la adaptaci\u00f3n de los contratos de 90 d\u00edas de la reforma laboral para las campa\u00f1as agrarias (ministerio de Trabajo); el incremento de los gastos de dif\u00edcil justificaci\u00f3n y revisi\u00f3n de las amortizaciones para los agricultores y ganaderos en el r\u00e9gimen de estimaci\u00f3n directa del IRPF (ministerio de Hacienda) y la aplicaci\u00f3n de la doble tarifa el\u00e9ctrica, con car\u00e1cter estructural (ministerio de Transici\u00f3n Ecol\u00f3gica).<\/p>\n<p>La <strong>ganader\u00eda<\/strong> es, en opini\u00f3n de ASAJA, la gran olvidada del documento de propuestas del ministerio de Agricultura y que requiere un plan espec\u00edfico para afrontar la crisis que soporta que incluya un Plan Integral de Sanidad Animal; modificar el n\u00famero de inspecciones ganaderas; acabar con la burocracia y los tr\u00e1mites administrativos; la disminuci\u00f3n de la carga ganadera (PAC); la paralizaci\u00f3n de la normativa europea de bienestar animal y la salida del lobo del LESPRE.\u00a0\u00a0\u00a0<\/p>\n<p>Por \u00faltimo, entre las medidas propuestas tampoco encontramos soluciones a tres problemas estructurales que aquejan al sector agrario:\u00a0 <strong>la falta de vertebraci\u00f3n del valioso recurso del agua<\/strong>, que sigue sin tener un tratamiento global que incluya nuevos planes e infraestructuras que permitan la optimizaci\u00f3n de los recursos; una <strong>revisi\u00f3n, en profundidad, del actual sistema de seguros agrarios<\/strong> para atender la siniestralidad extraordinaria provocada por el cambio clim\u00e1tico desde fuera del sistema\u00a0 y medidas efectivas para incorporar j\u00f3venes al campo con un plan integral coordinado con las comunidades aut\u00f3nomas, capaz de revertir \u00a0las bajas cotas de relevo generacional en el sector agrario.<\/p>\n<p><strong>Por todo ello, la Junta Directiva de ASAJA no considera que las propuestas presentadas por el ministerio de Agricultura sean suficientes para abordar los numerosos y complejos problemas que afectan al sector y que le han llevado a una situaci\u00f3n l\u00edmite como ha quedado patente con la campa\u00f1a de movilizaciones que durante mas de dos meses se ha llevado a cabo en todo el territorio nacional.\u00a0\u00a0\u00a0 <\/strong><\/p>\n<p><strong>\u00a0 <\/strong><\/p>\n","protected":false},"excerpt":{"rendered":"<p>Madrid, 5 de abril de 2024.- La Junta Directiva Nacional de ASAJA, reunida hoy en Madrid, ha estudiado y debatido el documento de propuestas presentado el pasado 25 de marzo por el ministerio de Agricultura en respuesta a la campa\u00f1a de movilizaciones llevadas a cabo por los agricultores y ganaderos espa\u00f1oles, en demanda de medidas [&hellip;]<\/p>\n","protected":false},"author":12,"featured_media":7082,"comment_status":"open","ping_status":"open","sticky":false,"template":"","format":"standard","meta":{"footnotes":""},"categories":[10,25],"tags":[],"yoast_head":"<!-- This site is optimized with the Yoast SEO plugin v24.5 - https:\/\/yoast.com\/wordpress\/plugins\/seo\/ -->\n<title>La Junta directiva nacional de ASAJA considera insuficiente el documento de propuestas presentado por el Ministerio de Agricultura - ASAJA Soria<\/title>\n<meta name=\"description\" content=\"Madrid, 5 de abril de 2024.- La Junta Directiva Nacional de ASAJA, reunida hoy en Madrid, ha estudiado y debatido el documento de propuestas presentado el\" \/>\n<meta name=\"robots\" content=\"index, follow, max-snippet:-1, max-image-preview:large, max-video-preview:-1\" \/>\n<link rel=\"canonical\" href=\"https:\/\/www.asajacyl.com\/soria\/asaja-soria-informa\/la-junta-directiva-nacional-de-asaja-considera-insuficiente-el-documento-de-propuestas-presentado-por-el-ministerio-de-agricultura\" \/>\n<meta property=\"og:locale\" content=\"es_ES\" \/>\n<meta property=\"og:type\" content=\"article\" \/>\n<meta property=\"og:title\" content=\"La Junta directiva nacional de ASAJA considera insuficiente el documento de propuestas presentado por el Ministerio de Agricultura - ASAJA Soria\" \/>\n<meta property=\"og:description\" content=\"Madrid, 5 de abril de 2024.- La Junta Directiva Nacional de ASAJA, reunida hoy en Madrid, ha estudiado y debatido el documento de propuestas presentado el\" \/>\n<meta property=\"og:url\" content=\"https:\/\/www.asajacyl.com\/soria\/asaja-soria-informa\/la-junta-directiva-nacional-de-asaja-considera-insuficiente-el-documento-de-propuestas-presentado-por-el-ministerio-de-agricultura\" \/>\n<meta property=\"og:site_name\" content=\"ASAJA Soria\" \/>\n<meta property=\"article:published_time\" content=\"2024-04-05T12:15:50+00:00\" \/>\n<meta property=\"article:modified_time\" content=\"2024-04-05T12:15:52+00:00\" \/>\n<meta property=\"og:image\" content=\"https:\/\/www.asajacyl.com\/soria\/wp-content\/uploads\/sites\/9\/2023\/08\/1703.jpg\" \/>\n\t<meta property=\"og:image:width\" content=\"2500\" \/>\n\t<meta property=\"og:image:height\" content=\"1406\" \/>\n\t<meta property=\"og:image:type\" content=\"image\/jpeg\" \/>\n<meta name=\"author\" content=\"Juan Ignacio Prieto Nieto\" \/>\n<meta name=\"twitter:card\" content=\"summary_large_image\" \/>\n<meta name=\"twitter:label1\" content=\"Escrito por\" \/>\n\t<meta name=\"twitter:data1\" content=\"Juan Ignacio Prieto Nieto\" \/>\n\t<meta name=\"twitter:label2\" content=\"Tiempo de lectura\" \/>\n\t<meta name=\"twitter:data2\" content=\"4 minutos\" \/>\n<script type=\"application\/ld+json\" class=\"yoast-schema-graph\">{\"@context\":\"https:\/\/schema.org\",\"@graph\":[{\"@type\":\"WebPage\",\"@id\":\"https:\/\/www.asajacyl.com\/soria\/asaja-soria-informa\/la-junta-directiva-nacional-de-asaja-considera-insuficiente-el-documento-de-propuestas-presentado-por-el-ministerio-de-agricultura\",\"url\":\"https:\/\/www.asajacyl.com\/soria\/asaja-soria-informa\/la-junta-directiva-nacional-de-asaja-considera-insuficiente-el-documento-de-propuestas-presentado-por-el-ministerio-de-agricultura\",\"name\":\"La Junta directiva nacional de ASAJA considera insuficiente el documento de propuestas presentado por el Ministerio de Agricultura - ASAJA Soria\",\"isPartOf\":{\"@id\":\"https:\/\/www.asajacyl.com\/soria\/#website\"},\"primaryImageOfPage\":{\"@id\":\"https:\/\/www.asajacyl.com\/soria\/asaja-soria-informa\/la-junta-directiva-nacional-de-asaja-considera-insuficiente-el-documento-de-propuestas-presentado-por-el-ministerio-de-agricultura#primaryimage\"},\"image\":{\"@id\":\"https:\/\/www.asajacyl.com\/soria\/asaja-soria-informa\/la-junta-directiva-nacional-de-asaja-considera-insuficiente-el-documento-de-propuestas-presentado-por-el-ministerio-de-agricultura#primaryimage\"},\"thumbnailUrl\":\"https:\/\/www.asajacyl.com\/soria\/wp-content\/uploads\/sites\/9\/2023\/08\/1703.jpg\",\"datePublished\":\"2024-04-05T12:15:50+00:00\",\"dateModified\":\"2024-04-05T12:15:52+00:00\",\"author\":{\"@id\":\"https:\/\/www.asajacyl.com\/soria\/#\/schema\/person\/fd3081c40255119ce8133b87e6aedfab\"},\"description\":\"Madrid, 5 de abril de 2024.- La Junta Directiva Nacional de ASAJA, reunida hoy en Madrid, ha estudiado y debatido el documento de propuestas presentado el\",\"breadcrumb\":{\"@id\":\"https:\/\/www.asajacyl.com\/soria\/asaja-soria-informa\/la-junta-directiva-nacional-de-asaja-considera-insuficiente-el-documento-de-propuestas-presentado-por-el-ministerio-de-agricultura#breadcrumb\"},\"inLanguage\":\"es\",\"potentialAction\":[{\"@type\":\"ReadAction\",\"target\":[\"https:\/\/www.asajacyl.com\/soria\/asaja-soria-informa\/la-junta-directiva-nacional-de-asaja-considera-insuficiente-el-documento-de-propuestas-presentado-por-el-ministerio-de-agricultura\"]}]},{\"@type\":\"ImageObject\",\"inLanguage\":\"es\",\"@id\":\"https:\/\/www.asajacyl.com\/soria\/asaja-soria-informa\/la-junta-directiva-nacional-de-asaja-considera-insuficiente-el-documento-de-propuestas-presentado-por-el-ministerio-de-agricultura#primaryimage\",\"url\":\"https:\/\/www.asajacyl.com\/soria\/wp-content\/uploads\/sites\/9\/2023\/08\/1703.jpg\",\"contentUrl\":\"https:\/\/www.asajacyl.com\/soria\/wp-content\/uploads\/sites\/9\/2023\/08\/1703.jpg\",\"width\":2500,\"height\":1406},{\"@type\":\"BreadcrumbList\",\"@id\":\"https:\/\/www.asajacyl.com\/soria\/asaja-soria-informa\/la-junta-directiva-nacional-de-asaja-considera-insuficiente-el-documento-de-propuestas-presentado-por-el-ministerio-de-agricultura#breadcrumb\",\"itemListElement\":[{\"@type\":\"ListItem\",\"position\":1,\"name\":\"Portada\",\"item\":\"https:\/\/www.asajacyl.com\/soria\/\"},{\"@type\":\"ListItem\",\"position\":2,\"name\":\"La Junta directiva nacional de ASAJA considera insuficiente el documento de propuestas presentado por el Ministerio de Agricultura\"}]},{\"@type\":\"WebSite\",\"@id\":\"https:\/\/www.asajacyl.com\/soria\/#website\",\"url\":\"https:\/\/www.asajacyl.com\/soria\/\",\"name\":\"ASAJA Soria\",\"description\":\"Otro sitio m\u00e1s de Provincias ASAJA Castilla y Le\u00f3n\",\"potentialAction\":[{\"@type\":\"SearchAction\",\"target\":{\"@type\":\"EntryPoint\",\"urlTemplate\":\"https:\/\/www.asajacyl.com\/soria\/?s={search_term_string}\"},\"query-input\":{\"@type\":\"PropertyValueSpecification\",\"valueRequired\":true,\"valueName\":\"search_term_string\"}}],\"inLanguage\":\"es\"},{\"@type\":\"Person\",\"@id\":\"https:\/\/www.asajacyl.com\/soria\/#\/schema\/person\/fd3081c40255119ce8133b87e6aedfab\",\"name\":\"Juan Ignacio Prieto Nieto\",\"image\":{\"@type\":\"ImageObject\",\"inLanguage\":\"es\",\"@id\":\"https:\/\/www.asajacyl.com\/soria\/#\/schema\/person\/image\/\",\"url\":\"https:\/\/secure.gravatar.com\/avatar\/8266b36e4d9001acb4700699a2468dc8?s=96&d=mm&r=g\",\"contentUrl\":\"https:\/\/secure.gravatar.com\/avatar\/8266b36e4d9001acb4700699a2468dc8?s=96&d=mm&r=g\",\"caption\":\"Juan Ignacio Prieto Nieto\"},\"url\":\"https:\/\/www.asajacyl.com\/soria\/author\/juanfranciscoby\"}]}<\/script>\n<!-- \/ Yoast SEO plugin. -->","yoast_head_json":{"title":"La Junta directiva nacional de ASAJA considera insuficiente el documento de propuestas presentado por el Ministerio de Agricultura - ASAJA Soria","description":"Madrid, 5 de abril de 2024.- La Junta Directiva Nacional de ASAJA, reunida hoy en Madrid, ha estudiado y debatido el documento de propuestas presentado el","robots":{"index":"index","follow":"follow","max-snippet":"max-snippet:-1","max-image-preview":"max-image-preview:large","max-video-preview":"max-video-preview:-1"},"canonical":"https:\/\/www.asajacyl.com\/soria\/asaja-soria-informa\/la-junta-directiva-nacional-de-asaja-considera-insuficiente-el-documento-de-propuestas-presentado-por-el-ministerio-de-agricultura","og_locale":"es_ES","og_type":"article","og_title":"La Junta directiva nacional de ASAJA considera insuficiente el documento de propuestas presentado por el Ministerio de Agricultura - ASAJA Soria","og_description":"Madrid, 5 de abril de 2024.- La Junta Directiva Nacional de ASAJA, reunida hoy en Madrid, ha estudiado y debatido el documento de propuestas presentado el","og_url":"https:\/\/www.asajacyl.com\/soria\/asaja-soria-informa\/la-junta-directiva-nacional-de-asaja-considera-insuficiente-el-documento-de-propuestas-presentado-por-el-ministerio-de-agricultura","og_site_name":"ASAJA Soria","article_published_time":"2024-04-05T12:15:50+00:00","article_modified_time":"2024-04-05T12:15:52+00:00","og_image":[{"width":2500,"height":1406,"url":"https:\/\/www.asajacyl.com\/soria\/wp-content\/uploads\/sites\/9\/2023\/08\/1703.jpg","type":"image\/jpeg"}],"author":"Juan Ignacio Prieto Nieto","twitter_card":"summary_large_image","twitter_misc":{"Escrito por":"Juan Ignacio Prieto Nieto","Tiempo de lectura":"4 minutos"},"schema":{"@context":"https:\/\/schema.org","@graph":[{"@type":"WebPage","@id":"https:\/\/www.asajacyl.com\/soria\/asaja-soria-informa\/la-junta-directiva-nacional-de-asaja-considera-insuficiente-el-documento-de-propuestas-presentado-por-el-ministerio-de-agricultura","url":"https:\/\/www.asajacyl.com\/soria\/asaja-soria-informa\/la-junta-directiva-nacional-de-asaja-considera-insuficiente-el-documento-de-propuestas-presentado-por-el-ministerio-de-agricultura","name":"La Junta directiva nacional de ASAJA considera insuficiente el documento de propuestas presentado por el Ministerio de Agricultura - ASAJA Soria","isPartOf":{"@id":"https:\/\/www.asajacyl.com\/soria\/#website"},"primaryImageOfPage":{"@id":"https:\/\/www.asajacyl.com\/soria\/asaja-soria-informa\/la-junta-directiva-nacional-de-asaja-considera-insuficiente-el-documento-de-propuestas-presentado-por-el-ministerio-de-agricultura#primaryimage"},"image":{"@id":"https:\/\/www.asajacyl.com\/soria\/asaja-soria-informa\/la-junta-directiva-nacional-de-asaja-considera-insuficiente-el-documento-de-propuestas-presentado-por-el-ministerio-de-agricultura#primaryimage"},"thumbnailUrl":"https:\/\/www.asajacyl.com\/soria\/wp-content\/uploads\/sites\/9\/2023\/08\/1703.jpg","datePublished":"2024-04-05T12:15:50+00:00","dateModified":"2024-04-05T12:15:52+00:00","author":{"@id":"https:\/\/www.asajacyl.com\/soria\/#\/schema\/person\/fd3081c40255119ce8133b87e6aedfab"},"description":"Madrid, 5 de abril de 2024.- La Junta Directiva Nacional de ASAJA, reunida hoy en Madrid, ha estudiado y debatido el documento de propuestas presentado el","breadcrumb":{"@id":"https:\/\/www.asajacyl.com\/soria\/asaja-soria-informa\/la-junta-directiva-nacional-de-asaja-considera-insuficiente-el-documento-de-propuestas-presentado-por-el-ministerio-de-agricultura#breadcrumb"},"inLanguage":"es","potentialAction":[{"@type":"ReadAction","target":["https:\/\/www.asajacyl.com\/soria\/asaja-soria-informa\/la-junta-directiva-nacional-de-asaja-considera-insuficiente-el-documento-de-propuestas-presentado-por-el-ministerio-de-agricultura"]}]},{"@type":"ImageObject","inLanguage":"es","@id":"https:\/\/www.asajacyl.com\/soria\/asaja-soria-informa\/la-junta-directiva-nacional-de-asaja-considera-insuficiente-el-documento-de-propuestas-presentado-por-el-ministerio-de-agricultura#primaryimage","url":"https:\/\/www.asajacyl.com\/soria\/wp-content\/uploads\/sites\/9\/2023\/08\/1703.jpg","contentUrl":"https:\/\/www.asajacyl.com\/soria\/wp-content\/uploads\/sites\/9\/2023\/08\/1703.jpg","width":2500,"height":1406},{"@type":"BreadcrumbList","@id":"https:\/\/www.asajacyl.com\/soria\/asaja-soria-informa\/la-junta-directiva-nacional-de-asaja-considera-insuficiente-el-documento-de-propuestas-presentado-por-el-ministerio-de-agricultura#breadcrumb","itemListElement":[{"@type":"ListItem","position":1,"name":"Portada","item":"https:\/\/www.asajacyl.com\/soria\/"},{"@type":"ListItem","position":2,"name":"La Junta directiva nacional de ASAJA considera insuficiente el documento de propuestas presentado por el Ministerio de Agricultura"}]},{"@type":"WebSite","@id":"https:\/\/www.asajacyl.com\/soria\/#website","url":"https:\/\/www.asajacyl.com\/soria\/","name":"ASAJA Soria","description":"Otro sitio m\u00e1s de Provincias ASAJA Castilla y Le\u00f3n","potentialAction":[{"@type":"SearchAction","target":{"@type":"EntryPoint","urlTemplate":"https:\/\/www.asajacyl.com\/soria\/?s={search_term_string}"},"query-input":{"@type":"PropertyValueSpecification","valueRequired":true,"valueName":"search_term_string"}}],"inLanguage":"es"},{"@type":"Person","@id":"https:\/\/www.asajacyl.com\/soria\/#\/schema\/person\/fd3081c40255119ce8133b87e6aedfab","name":"Juan Ignacio Prieto Nieto","image":{"@type":"ImageObject","inLanguage":"es","@id":"https:\/\/www.asajacyl.com\/soria\/#\/schema\/person\/image\/","url":"https:\/\/secure.gravatar.com\/avatar\/8266b36e4d9001acb4700699a2468dc8?s=96&d=mm&r=g","contentUrl":"https:\/\/secure.gravatar.com\/avatar\/8266b36e4d9001acb4700699a2468dc8?s=96&d=mm&r=g","caption":"Juan Ignacio Prieto Nieto"},"url":"https:\/\/www.asajacyl.com\/soria\/author\/juanfranciscoby"}]}},"_links":{"self":[{"href":"https:\/\/www.asajacyl.com\/soria\/wp-json\/wp\/v2\/posts\/7917"}],"collection":[{"href":"https:\/\/www.asajacyl.com\/soria\/wp-json\/wp\/v2\/posts"}],"about":[{"href":"https:\/\/www.asajacyl.com\/soria\/wp-json\/wp\/v2\/types\/post"}],"author":[{"embeddable":true,"href":"https:\/\/www.asajacyl.com\/soria\/wp-json\/wp\/v2\/users\/12"}],"replies":[{"embeddable":true,"href":"https:\/\/www.asajacyl.com\/soria\/wp-json\/wp\/v2\/comments?post=7917"}],"version-history":[{"count":1,"href":"https:\/\/www.asajacyl.com\/soria\/wp-json\/wp\/v2\/posts\/7917\/revisions"}],"predecessor-version":[{"id":7918,"href":"https:\/\/www.asajacyl.com\/soria\/wp-json\/wp\/v2\/posts\/7917\/revisions\/7918"}],"wp:featuredmedia":[{"embeddable":true,"href":"https:\/\/www.asajacyl.com\/soria\/wp-json\/wp\/v2\/media\/7082"}],"wp:attachment":[{"href":"https:\/\/www.asajacyl.com\/soria\/wp-json\/wp\/v2\/media?parent=7917"}],"wp:term":[{"taxonomy":"category","embeddable":true,"href":"https:\/\/www.asajacyl.com\/soria\/wp-json\/wp\/v2\/categories?post=7917"},{"taxonomy":"post_tag","embeddable":true,"href":"https:\/\/www.asajacyl.com\/soria\/wp-json\/wp\/v2\/tags?post=7917"}],"curies":[{"name":"wp","href":"https:\/\/api.w.org\/{rel}","templated":true}]}}