{"id":7936,"date":"2024-04-11T13:59:02","date_gmt":"2024-04-11T11:59:02","guid":{"rendered":"https:\/\/www.asajacyl.com\/soria\/?p=7936"},"modified":"2024-04-25T11:25:25","modified_gmt":"2024-04-25T09:25:25","slug":"celebrado-hoy-consejo-provincial-agrario-del-que-se-espera-algunos-avances","status":"publish","type":"post","link":"https:\/\/www.asajacyl.com\/soria\/asaja-soria-informa\/celebrado-hoy-consejo-provincial-agrario-del-que-se-espera-algunos-avances","title":{"rendered":"CONSEJO PROVINCIAL AGRARIO DEL QUE SE ESPERAN ALGUNOS AVANCES"},"content":{"rendered":"\n<p><strong>La reuni\u00f3n se ha celebrado a instancias de ASAJA<\/strong><\/p>\n<p>En la ma\u00f1ana de hoy, y a instancias de la organizaci\u00f3n profesional ASAJA Soria, se ha celebrado Consejo Provincial Agrario, y ha sido presidido por la delegada territorial de la Junta de Castilla y Le\u00f3n, Yolanda de Gregorio, acompa\u00f1ada del jefe del Servicio de Agricultura y Ganader\u00eda de Soria, Jos\u00e9 Manuel Ruiz.<\/p>\n<p>Este Consejo se ha celebrado a petici\u00f3n de ASAJA con el fin de tratar y avanzar en asuntos que son urgentes e importantes y cuyas competencias pertenecen a la Junta de Castilla y Le\u00f3n aunque algunas no son espec\u00edficamente del \u00e1rea de agricultura, ganader\u00eda y desarrollo rural.<\/p>\n<p>Entre los temas tratados se encuentra la petici\u00f3n de ASAJA de modificar el periodo de no tratamientos en los barbechos que impone la normativa PAC. En este aspecto se ha adelantado, por parte de los responsables de la administraci\u00f3n, que ya est\u00e1 en proceso de publicaci\u00f3n oficial una excepci\u00f3n para Soria retrasando este periodo un mes, por lo que el mes de abril quedar\u00eda liberado de la prohibici\u00f3n, esperando que esa modificaci\u00f3n sea con car\u00e1cter retroactivo desde el d\u00eda 1 de este mes. ASAJA ha destacado la importancia de que se culmine este retraso y ha recibido con agrado la noticia, en favor de la agricultura y tambi\u00e9n de la ganader\u00eda de extensivo; en concreto, la de ovino.<\/p>\n<p>Otro tema abordado ha sido el de los m\u00e1rgenes de seguridad en los r\u00edos (BCAM4). En este punto, la discusi\u00f3n ha sido un tanto descoordinada pues ante la denuncia de ASAJA de que se han incluido cauces de menor entidad, cuando los \u00fanicos que deber\u00edan aparecer son los catalogados de principales, la propia administraci\u00f3n ha asegurado que as\u00ed debe ser. Sin embargo, ASAJA ha asegurado que en la aplicaci\u00f3n PAC aparecen muchos r\u00edos de Clase inferior y que se ha pedido sean por tanto retirados de la aplicaci\u00f3n.<\/p>\n<p>Entre otras cuestiones que se han puesto sobre la mesa han estado las interpretaciones de los previstos cambios de flexibilizaci\u00f3n PAC al respecto de siembras directas o la situaci\u00f3n de leguminosas plurianuales en la pr\u00e1ctica de espacios de biodiversidad.<\/p>\n<p>En materia ganadera en extensivo se ha hablado de la correcci\u00f3n realizada por la administraci\u00f3n del CSP (anteriormente CAP). Se ha pedido urgencia en subir los datos en el SIGPAC p\u00fablico para que est\u00e9n en abierto, y sobre los temas puntuales en los que siguen existiendo problemas la administraci\u00f3n se ha comprometido a tratarlos individualmente a trav\u00e9s de modificaciones en las solicitudes de la PAC.<\/p>\n<p>En materia de sanidad animal se ha vuelto a insistir en que se den explicaciones de por qu\u00e9 Soria no haya alcanzado el \u201cdoble cero\u201d en tuberculosis bovina este a\u00f1o pasado, despu\u00e9s del enorme esfuerzo y sacrificio que han realizado los ganaderos. La respuesta ha sido que se debe a la recurrente positividad de una explotaci\u00f3n de alto valor gen\u00e9tico que permanece positiva.<\/p>\n<p>En intensivo se ha pedido que, aunque la competencia es de medio ambiente, se clarifique la posibilidad de la aplicaci\u00f3n de purines en zonas vulnerables en los barbechos, toda vez que el MAPA se ha abierto a permitir este tipo de tratamientos en los barbechos durante todo el a\u00f1o. La normativa auton\u00f3mica prev\u00e9 alg\u00fan tipo de uso en zona vulnerable asociada a la descomposici\u00f3n del rastrojo, v\u00eda que entiende ASAJA debe servir para que los ganaderos en estas zonas puedan realizar estas aportaciones con seguridad jur\u00eddica.<\/p>\n<p>Tambi\u00e9n se ha pedido la correcci\u00f3n de los \u00edndices de producci\u00f3n de purines por plaza, respaldando los datos que maneja y pueda aportar APORSO, as\u00ed como el desbloqueo de las licencias de granjas.<\/p>\n<p>Estos, entre otros, han sido algunos de los temas tratados, incluida la exigencia de que se act\u00fae con contundencia sobre el tsunami de las macro-explotaciones fotovoltaicas que, en un sinsentido en esta provincia con tan solo un 25% de su territorio de tierras arables, se est\u00e1n cebando en las mejores tierras de labor para desarrollar esta actividad, y ha pedido que se les retire la herramienta de inter\u00e9s p\u00fablico pues el trigo (la alimentaci\u00f3n) est\u00e1 antes que enchufar la tostadora o el m\u00f3vil. ASAJA ya pidi\u00f3, por motivo de las plantas en la zona de Matalebreras, que la nueva configuraci\u00f3n de zonas de protecci\u00f3n de renovables, que ha pasado de ser solo medioambiental a AGROambiental a ra\u00edz del PEPAC, se actualice con criterios agr\u00edcolas como prev\u00e9 la norma protegiendo toda la agricultura provincial.<\/p>\n<p>\u00a0<\/p>\n<p>\u00a0<\/p>\n<p>\u00a0<\/p>\n<p>\u00a0<\/p>\n","protected":false},"excerpt":{"rendered":"<p>La reuni\u00f3n se ha celebrado a instancias de ASAJA En la ma\u00f1ana de hoy, y a instancias de la organizaci\u00f3n profesional ASAJA Soria, se ha celebrado Consejo Provincial Agrario, y ha sido presidido por la delegada territorial de la Junta de Castilla y Le\u00f3n, Yolanda de Gregorio, acompa\u00f1ada del jefe del Servicio de Agricultura y [&hellip;]<\/p>\n","protected":false},"author":12,"featured_media":3020,"comment_status":"open","ping_status":"open","sticky":false,"template":"","format":"standard","meta":{"footnotes":""},"categories":[10,25],"tags":[],"yoast_head":"<!-- This site is optimized with the Yoast SEO plugin v24.5 - https:\/\/yoast.com\/wordpress\/plugins\/seo\/ -->\n<title>CONSEJO PROVINCIAL AGRARIO DEL QUE SE ESPERAN ALGUNOS AVANCES - ASAJA Soria<\/title>\n<meta name=\"description\" content=\"La reuni\u00f3n se ha celebrado a instancias de ASAJA En la ma\u00f1ana de hoy, y a instancias de la organizaci\u00f3n profesional ASAJA Soria, se ha celebrado Consejo\" \/>\n<meta name=\"robots\" content=\"index, follow, max-snippet:-1, max-image-preview:large, max-video-preview:-1\" \/>\n<link rel=\"canonical\" href=\"https:\/\/www.asajacyl.com\/soria\/asaja-soria-informa\/celebrado-hoy-consejo-provincial-agrario-del-que-se-espera-algunos-avances\" \/>\n<meta property=\"og:locale\" content=\"es_ES\" \/>\n<meta property=\"og:type\" content=\"article\" \/>\n<meta property=\"og:title\" content=\"CONSEJO PROVINCIAL AGRARIO DEL QUE SE ESPERAN ALGUNOS AVANCES - ASAJA Soria\" \/>\n<meta property=\"og:description\" content=\"La reuni\u00f3n se ha celebrado a instancias de ASAJA En la ma\u00f1ana de hoy, y a instancias de la organizaci\u00f3n profesional ASAJA Soria, se ha celebrado Consejo\" \/>\n<meta property=\"og:url\" content=\"https:\/\/www.asajacyl.com\/soria\/asaja-soria-informa\/celebrado-hoy-consejo-provincial-agrario-del-que-se-espera-algunos-avances\" \/>\n<meta property=\"og:site_name\" content=\"ASAJA Soria\" \/>\n<meta property=\"article:published_time\" content=\"2024-04-11T11:59:02+00:00\" \/>\n<meta property=\"article:modified_time\" content=\"2024-04-25T09:25:25+00:00\" \/>\n<meta property=\"og:image\" content=\"https:\/\/www.asajacyl.com\/soria\/wp-content\/uploads\/sites\/9\/2020\/03\/lamb-4454529_1280.jpg\" \/>\n\t<meta property=\"og:image:width\" content=\"1280\" \/>\n\t<meta property=\"og:image:height\" content=\"853\" \/>\n\t<meta property=\"og:image:type\" content=\"image\/jpeg\" \/>\n<meta name=\"author\" content=\"Juan Ignacio Prieto Nieto\" \/>\n<meta name=\"twitter:card\" content=\"summary_large_image\" \/>\n<meta name=\"twitter:label1\" content=\"Escrito por\" \/>\n\t<meta name=\"twitter:data1\" content=\"Juan Ignacio Prieto Nieto\" \/>\n\t<meta name=\"twitter:label2\" content=\"Tiempo de lectura\" \/>\n\t<meta name=\"twitter:data2\" content=\"4 minutos\" \/>\n<script type=\"application\/ld+json\" class=\"yoast-schema-graph\">{\"@context\":\"https:\/\/schema.org\",\"@graph\":[{\"@type\":\"WebPage\",\"@id\":\"https:\/\/www.asajacyl.com\/soria\/asaja-soria-informa\/celebrado-hoy-consejo-provincial-agrario-del-que-se-espera-algunos-avances\",\"url\":\"https:\/\/www.asajacyl.com\/soria\/asaja-soria-informa\/celebrado-hoy-consejo-provincial-agrario-del-que-se-espera-algunos-avances\",\"name\":\"CONSEJO PROVINCIAL AGRARIO DEL QUE SE ESPERAN ALGUNOS AVANCES - ASAJA Soria\",\"isPartOf\":{\"@id\":\"https:\/\/www.asajacyl.com\/soria\/#website\"},\"primaryImageOfPage\":{\"@id\":\"https:\/\/www.asajacyl.com\/soria\/asaja-soria-informa\/celebrado-hoy-consejo-provincial-agrario-del-que-se-espera-algunos-avances#primaryimage\"},\"image\":{\"@id\":\"https:\/\/www.asajacyl.com\/soria\/asaja-soria-informa\/celebrado-hoy-consejo-provincial-agrario-del-que-se-espera-algunos-avances#primaryimage\"},\"thumbnailUrl\":\"https:\/\/www.asajacyl.com\/soria\/wp-content\/uploads\/sites\/9\/2020\/03\/lamb-4454529_1280.jpg\",\"datePublished\":\"2024-04-11T11:59:02+00:00\",\"dateModified\":\"2024-04-25T09:25:25+00:00\",\"author\":{\"@id\":\"https:\/\/www.asajacyl.com\/soria\/#\/schema\/person\/fd3081c40255119ce8133b87e6aedfab\"},\"description\":\"La reuni\u00f3n se ha celebrado a instancias de ASAJA En la ma\u00f1ana de hoy, y a instancias de la organizaci\u00f3n profesional ASAJA Soria, se ha celebrado Consejo\",\"breadcrumb\":{\"@id\":\"https:\/\/www.asajacyl.com\/soria\/asaja-soria-informa\/celebrado-hoy-consejo-provincial-agrario-del-que-se-espera-algunos-avances#breadcrumb\"},\"inLanguage\":\"es\",\"potentialAction\":[{\"@type\":\"ReadAction\",\"target\":[\"https:\/\/www.asajacyl.com\/soria\/asaja-soria-informa\/celebrado-hoy-consejo-provincial-agrario-del-que-se-espera-algunos-avances\"]}]},{\"@type\":\"ImageObject\",\"inLanguage\":\"es\",\"@id\":\"https:\/\/www.asajacyl.com\/soria\/asaja-soria-informa\/celebrado-hoy-consejo-provincial-agrario-del-que-se-espera-algunos-avances#primaryimage\",\"url\":\"https:\/\/www.asajacyl.com\/soria\/wp-content\/uploads\/sites\/9\/2020\/03\/lamb-4454529_1280.jpg\",\"contentUrl\":\"https:\/\/www.asajacyl.com\/soria\/wp-content\/uploads\/sites\/9\/2020\/03\/lamb-4454529_1280.jpg\",\"width\":1280,\"height\":853},{\"@type\":\"BreadcrumbList\",\"@id\":\"https:\/\/www.asajacyl.com\/soria\/asaja-soria-informa\/celebrado-hoy-consejo-provincial-agrario-del-que-se-espera-algunos-avances#breadcrumb\",\"itemListElement\":[{\"@type\":\"ListItem\",\"position\":1,\"name\":\"Portada\",\"item\":\"https:\/\/www.asajacyl.com\/soria\/\"},{\"@type\":\"ListItem\",\"position\":2,\"name\":\"CONSEJO PROVINCIAL AGRARIO DEL QUE SE ESPERAN ALGUNOS AVANCES\"}]},{\"@type\":\"WebSite\",\"@id\":\"https:\/\/www.asajacyl.com\/soria\/#website\",\"url\":\"https:\/\/www.asajacyl.com\/soria\/\",\"name\":\"ASAJA Soria\",\"description\":\"Otro sitio m\u00e1s de Provincias ASAJA Castilla y Le\u00f3n\",\"potentialAction\":[{\"@type\":\"SearchAction\",\"target\":{\"@type\":\"EntryPoint\",\"urlTemplate\":\"https:\/\/www.asajacyl.com\/soria\/?s={search_term_string}\"},\"query-input\":{\"@type\":\"PropertyValueSpecification\",\"valueRequired\":true,\"valueName\":\"search_term_string\"}}],\"inLanguage\":\"es\"},{\"@type\":\"Person\",\"@id\":\"https:\/\/www.asajacyl.com\/soria\/#\/schema\/person\/fd3081c40255119ce8133b87e6aedfab\",\"name\":\"Juan Ignacio Prieto Nieto\",\"image\":{\"@type\":\"ImageObject\",\"inLanguage\":\"es\",\"@id\":\"https:\/\/www.asajacyl.com\/soria\/#\/schema\/person\/image\/\",\"url\":\"https:\/\/secure.gravatar.com\/avatar\/8266b36e4d9001acb4700699a2468dc8?s=96&d=mm&r=g\",\"contentUrl\":\"https:\/\/secure.gravatar.com\/avatar\/8266b36e4d9001acb4700699a2468dc8?s=96&d=mm&r=g\",\"caption\":\"Juan Ignacio Prieto Nieto\"},\"url\":\"https:\/\/www.asajacyl.com\/soria\/author\/juanfranciscoby\"}]}<\/script>\n<!-- \/ Yoast SEO plugin. -->","yoast_head_json":{"title":"CONSEJO PROVINCIAL AGRARIO DEL QUE SE ESPERAN ALGUNOS AVANCES - ASAJA Soria","description":"La reuni\u00f3n se ha celebrado a instancias de ASAJA En la ma\u00f1ana de hoy, y a instancias de la organizaci\u00f3n profesional ASAJA Soria, se ha celebrado Consejo","robots":{"index":"index","follow":"follow","max-snippet":"max-snippet:-1","max-image-preview":"max-image-preview:large","max-video-preview":"max-video-preview:-1"},"canonical":"https:\/\/www.asajacyl.com\/soria\/asaja-soria-informa\/celebrado-hoy-consejo-provincial-agrario-del-que-se-espera-algunos-avances","og_locale":"es_ES","og_type":"article","og_title":"CONSEJO PROVINCIAL AGRARIO DEL QUE SE ESPERAN ALGUNOS AVANCES - ASAJA Soria","og_description":"La reuni\u00f3n se ha celebrado a instancias de ASAJA En la ma\u00f1ana de hoy, y a instancias de la organizaci\u00f3n profesional ASAJA Soria, se ha celebrado Consejo","og_url":"https:\/\/www.asajacyl.com\/soria\/asaja-soria-informa\/celebrado-hoy-consejo-provincial-agrario-del-que-se-espera-algunos-avances","og_site_name":"ASAJA Soria","article_published_time":"2024-04-11T11:59:02+00:00","article_modified_time":"2024-04-25T09:25:25+00:00","og_image":[{"width":1280,"height":853,"url":"https:\/\/www.asajacyl.com\/soria\/wp-content\/uploads\/sites\/9\/2020\/03\/lamb-4454529_1280.jpg","type":"image\/jpeg"}],"author":"Juan Ignacio Prieto Nieto","twitter_card":"summary_large_image","twitter_misc":{"Escrito por":"Juan Ignacio Prieto Nieto","Tiempo de lectura":"4 minutos"},"schema":{"@context":"https:\/\/schema.org","@graph":[{"@type":"WebPage","@id":"https:\/\/www.asajacyl.com\/soria\/asaja-soria-informa\/celebrado-hoy-consejo-provincial-agrario-del-que-se-espera-algunos-avances","url":"https:\/\/www.asajacyl.com\/soria\/asaja-soria-informa\/celebrado-hoy-consejo-provincial-agrario-del-que-se-espera-algunos-avances","name":"CONSEJO PROVINCIAL AGRARIO DEL QUE SE ESPERAN ALGUNOS AVANCES - ASAJA Soria","isPartOf":{"@id":"https:\/\/www.asajacyl.com\/soria\/#website"},"primaryImageOfPage":{"@id":"https:\/\/www.asajacyl.com\/soria\/asaja-soria-informa\/celebrado-hoy-consejo-provincial-agrario-del-que-se-espera-algunos-avances#primaryimage"},"image":{"@id":"https:\/\/www.asajacyl.com\/soria\/asaja-soria-informa\/celebrado-hoy-consejo-provincial-agrario-del-que-se-espera-algunos-avances#primaryimage"},"thumbnailUrl":"https:\/\/www.asajacyl.com\/soria\/wp-content\/uploads\/sites\/9\/2020\/03\/lamb-4454529_1280.jpg","datePublished":"2024-04-11T11:59:02+00:00","dateModified":"2024-04-25T09:25:25+00:00","author":{"@id":"https:\/\/www.asajacyl.com\/soria\/#\/schema\/person\/fd3081c40255119ce8133b87e6aedfab"},"description":"La reuni\u00f3n se ha celebrado a instancias de ASAJA En la ma\u00f1ana de hoy, y a instancias de la organizaci\u00f3n profesional ASAJA Soria, se ha celebrado Consejo","breadcrumb":{"@id":"https:\/\/www.asajacyl.com\/soria\/asaja-soria-informa\/celebrado-hoy-consejo-provincial-agrario-del-que-se-espera-algunos-avances#breadcrumb"},"inLanguage":"es","potentialAction":[{"@type":"ReadAction","target":["https:\/\/www.asajacyl.com\/soria\/asaja-soria-informa\/celebrado-hoy-consejo-provincial-agrario-del-que-se-espera-algunos-avances"]}]},{"@type":"ImageObject","inLanguage":"es","@id":"https:\/\/www.asajacyl.com\/soria\/asaja-soria-informa\/celebrado-hoy-consejo-provincial-agrario-del-que-se-espera-algunos-avances#primaryimage","url":"https:\/\/www.asajacyl.com\/soria\/wp-content\/uploads\/sites\/9\/2020\/03\/lamb-4454529_1280.jpg","contentUrl":"https:\/\/www.asajacyl.com\/soria\/wp-content\/uploads\/sites\/9\/2020\/03\/lamb-4454529_1280.jpg","width":1280,"height":853},{"@type":"BreadcrumbList","@id":"https:\/\/www.asajacyl.com\/soria\/asaja-soria-informa\/celebrado-hoy-consejo-provincial-agrario-del-que-se-espera-algunos-avances#breadcrumb","itemListElement":[{"@type":"ListItem","position":1,"name":"Portada","item":"https:\/\/www.asajacyl.com\/soria\/"},{"@type":"ListItem","position":2,"name":"CONSEJO PROVINCIAL AGRARIO DEL QUE SE ESPERAN ALGUNOS AVANCES"}]},{"@type":"WebSite","@id":"https:\/\/www.asajacyl.com\/soria\/#website","url":"https:\/\/www.asajacyl.com\/soria\/","name":"ASAJA Soria","description":"Otro sitio m\u00e1s de Provincias ASAJA Castilla y Le\u00f3n","potentialAction":[{"@type":"SearchAction","target":{"@type":"EntryPoint","urlTemplate":"https:\/\/www.asajacyl.com\/soria\/?s={search_term_string}"},"query-input":{"@type":"PropertyValueSpecification","valueRequired":true,"valueName":"search_term_string"}}],"inLanguage":"es"},{"@type":"Person","@id":"https:\/\/www.asajacyl.com\/soria\/#\/schema\/person\/fd3081c40255119ce8133b87e6aedfab","name":"Juan Ignacio Prieto Nieto","image":{"@type":"ImageObject","inLanguage":"es","@id":"https:\/\/www.asajacyl.com\/soria\/#\/schema\/person\/image\/","url":"https:\/\/secure.gravatar.com\/avatar\/8266b36e4d9001acb4700699a2468dc8?s=96&d=mm&r=g","contentUrl":"https:\/\/secure.gravatar.com\/avatar\/8266b36e4d9001acb4700699a2468dc8?s=96&d=mm&r=g","caption":"Juan Ignacio Prieto Nieto"},"url":"https:\/\/www.asajacyl.com\/soria\/author\/juanfranciscoby"}]}},"_links":{"self":[{"href":"https:\/\/www.asajacyl.com\/soria\/wp-json\/wp\/v2\/posts\/7936"}],"collection":[{"href":"https:\/\/www.asajacyl.com\/soria\/wp-json\/wp\/v2\/posts"}],"about":[{"href":"https:\/\/www.asajacyl.com\/soria\/wp-json\/wp\/v2\/types\/post"}],"author":[{"embeddable":true,"href":"https:\/\/www.asajacyl.com\/soria\/wp-json\/wp\/v2\/users\/12"}],"replies":[{"embeddable":true,"href":"https:\/\/www.asajacyl.com\/soria\/wp-json\/wp\/v2\/comments?post=7936"}],"version-history":[{"count":6,"href":"https:\/\/www.asajacyl.com\/soria\/wp-json\/wp\/v2\/posts\/7936\/revisions"}],"predecessor-version":[{"id":7946,"href":"https:\/\/www.asajacyl.com\/soria\/wp-json\/wp\/v2\/posts\/7936\/revisions\/7946"}],"wp:featuredmedia":[{"embeddable":true,"href":"https:\/\/www.asajacyl.com\/soria\/wp-json\/wp\/v2\/media\/3020"}],"wp:attachment":[{"href":"https:\/\/www.asajacyl.com\/soria\/wp-json\/wp\/v2\/media?parent=7936"}],"wp:term":[{"taxonomy":"category","embeddable":true,"href":"https:\/\/www.asajacyl.com\/soria\/wp-json\/wp\/v2\/categories?post=7936"},{"taxonomy":"post_tag","embeddable":true,"href":"https:\/\/www.asajacyl.com\/soria\/wp-json\/wp\/v2\/tags?post=7936"}],"curies":[{"name":"wp","href":"https:\/\/api.w.org\/{rel}","templated":true}]}}