{"id":7991,"date":"2024-04-16T14:22:38","date_gmt":"2024-04-16T12:22:38","guid":{"rendered":"https:\/\/www.asajacyl.com\/soria\/?p=7991"},"modified":"2024-04-16T14:22:40","modified_gmt":"2024-04-16T12:22:40","slug":"la-junta-de-castilla-y-leon-publica-la-resolucion-en-la-que-se-retrasa-el-periodo-de-no-tratamientos-en-los-barbechos","status":"publish","type":"post","link":"https:\/\/www.asajacyl.com\/soria\/asaja-soria-informa\/la-junta-de-castilla-y-leon-publica-la-resolucion-en-la-que-se-retrasa-el-periodo-de-no-tratamientos-en-los-barbechos","title":{"rendered":"La Junta de Castilla y Le\u00f3n publica la resoluci\u00f3n en la que se retrasa el periodo de no tratamientos en los barbechos"},"content":{"rendered":"\n\n\n<h2><em>De esta manera<\/em><em>, queda restringido a los meses de mayo y junio<\/em><\/h2>\n<p>La Direcci\u00f3n General de Pol\u00edtica Agr\u00edcola Comunitaria de la Consejer\u00eda de Agricultura, Ganader\u00eda y Desarrollo Rural ha publicado una resoluci\u00f3n por la que se establece el periodo de no tratamientos en los barbechos, que queda restringido a los meses de mayo y junio.<\/p>\n<p>Conocido es que ASAJA hab\u00eda pedido esta medida para liberar de la obligaci\u00f3n de tener que afrontar los tratamientos en el mes de marzo, lo que afecta a los ganaderos y tambi\u00e9n a los agricultores, porque muchas veces tienen que hacer dos tratamientos y que se ha dado la raz\u00f3n a la organizaci\u00f3n profesional agraria.<\/p>\n<p>La resoluci\u00f3n trae adem\u00e1s una sorpresa. Y es que, aunque no la hab\u00eda solicitado ASAJA, se ha incluido una excepci\u00f3n para la siembra directa. El periodo de no aplicaci\u00f3n en el a\u00f1o 2024 es el mes de abril y el mes de junio, por lo que queda libre el mes de mayo para hacer tratamientos.<\/p>\n<p>Aunque la medida, por urgencia, \u00fanicamente afecta a esta campa\u00f1a, ASAJA conf\u00eda en que esta decisi\u00f3n, de que el periodo se restrinja a los meses de mayo y junio, quede de manera permanente para todos los a\u00f1os en los que se aplique este Plan Estrat\u00e9gico de la PAC de Espa\u00f1a, conocido como PEPAC. ASAJA recuerda que m\u00e1s all\u00e1 de estos ajustes o correcciones, lo que pide es la derogaci\u00f3n completa de la BCAM.<\/p>\n<p>\u00a0<\/p>\n<p>\u00a0<\/p>\n","protected":false},"excerpt":{"rendered":"<p>De esta manera, queda restringido a los meses de mayo y junio La Direcci\u00f3n General de Pol\u00edtica Agr\u00edcola Comunitaria de la Consejer\u00eda de Agricultura, Ganader\u00eda y Desarrollo Rural ha publicado una resoluci\u00f3n por la que se establece el periodo de no tratamientos en los barbechos, que queda restringido a los meses de mayo y junio. [&hellip;]<\/p>\n","protected":false},"author":12,"featured_media":7992,"comment_status":"open","ping_status":"open","sticky":false,"template":"","format":"standard","meta":{"footnotes":""},"categories":[10,25],"tags":[],"yoast_head":"<!-- This site is optimized with the Yoast SEO plugin v24.5 - https:\/\/yoast.com\/wordpress\/plugins\/seo\/ -->\n<title>La Junta de Castilla y Le\u00f3n publica la resoluci\u00f3n en la que se retrasa el periodo de no tratamientos en los barbechos - ASAJA Soria<\/title>\n<meta name=\"description\" content=\"De esta manera, queda restringido a los meses de mayo y junio La Direcci\u00f3n General de Pol\u00edtica Agr\u00edcola Comunitaria de la Consejer\u00eda de Agricultura,\" \/>\n<meta name=\"robots\" content=\"index, follow, max-snippet:-1, max-image-preview:large, max-video-preview:-1\" \/>\n<link rel=\"canonical\" href=\"https:\/\/www.asajacyl.com\/soria\/asaja-soria-informa\/la-junta-de-castilla-y-leon-publica-la-resolucion-en-la-que-se-retrasa-el-periodo-de-no-tratamientos-en-los-barbechos\" \/>\n<meta property=\"og:locale\" content=\"es_ES\" \/>\n<meta property=\"og:type\" content=\"article\" \/>\n<meta property=\"og:title\" content=\"La Junta de Castilla y Le\u00f3n publica la resoluci\u00f3n en la que se retrasa el periodo de no tratamientos en los barbechos - ASAJA Soria\" \/>\n<meta property=\"og:description\" content=\"De esta manera, queda restringido a los meses de mayo y junio La Direcci\u00f3n General de Pol\u00edtica Agr\u00edcola Comunitaria de la Consejer\u00eda de Agricultura,\" \/>\n<meta property=\"og:url\" content=\"https:\/\/www.asajacyl.com\/soria\/asaja-soria-informa\/la-junta-de-castilla-y-leon-publica-la-resolucion-en-la-que-se-retrasa-el-periodo-de-no-tratamientos-en-los-barbechos\" \/>\n<meta property=\"og:site_name\" content=\"ASAJA Soria\" \/>\n<meta property=\"article:published_time\" content=\"2024-04-16T12:22:38+00:00\" \/>\n<meta property=\"article:modified_time\" content=\"2024-04-16T12:22:40+00:00\" \/>\n<meta property=\"og:image\" content=\"https:\/\/www.asajacyl.com\/soria\/wp-content\/uploads\/sites\/9\/2024\/04\/herbicida-2.jpg\" \/>\n\t<meta property=\"og:image:width\" content=\"1905\" \/>\n\t<meta property=\"og:image:height\" content=\"1080\" \/>\n\t<meta property=\"og:image:type\" content=\"image\/jpeg\" \/>\n<meta name=\"author\" content=\"Juan Ignacio Prieto Nieto\" \/>\n<meta name=\"twitter:card\" content=\"summary_large_image\" \/>\n<meta name=\"twitter:label1\" content=\"Escrito por\" \/>\n\t<meta name=\"twitter:data1\" content=\"Juan Ignacio Prieto Nieto\" \/>\n\t<meta name=\"twitter:label2\" content=\"Tiempo de lectura\" \/>\n\t<meta name=\"twitter:data2\" content=\"2 minutos\" \/>\n<script type=\"application\/ld+json\" class=\"yoast-schema-graph\">{\"@context\":\"https:\/\/schema.org\",\"@graph\":[{\"@type\":\"WebPage\",\"@id\":\"https:\/\/www.asajacyl.com\/soria\/asaja-soria-informa\/la-junta-de-castilla-y-leon-publica-la-resolucion-en-la-que-se-retrasa-el-periodo-de-no-tratamientos-en-los-barbechos\",\"url\":\"https:\/\/www.asajacyl.com\/soria\/asaja-soria-informa\/la-junta-de-castilla-y-leon-publica-la-resolucion-en-la-que-se-retrasa-el-periodo-de-no-tratamientos-en-los-barbechos\",\"name\":\"La Junta de Castilla y Le\u00f3n publica la resoluci\u00f3n en la que se retrasa el periodo de no tratamientos en los barbechos - ASAJA Soria\",\"isPartOf\":{\"@id\":\"https:\/\/www.asajacyl.com\/soria\/#website\"},\"primaryImageOfPage\":{\"@id\":\"https:\/\/www.asajacyl.com\/soria\/asaja-soria-informa\/la-junta-de-castilla-y-leon-publica-la-resolucion-en-la-que-se-retrasa-el-periodo-de-no-tratamientos-en-los-barbechos#primaryimage\"},\"image\":{\"@id\":\"https:\/\/www.asajacyl.com\/soria\/asaja-soria-informa\/la-junta-de-castilla-y-leon-publica-la-resolucion-en-la-que-se-retrasa-el-periodo-de-no-tratamientos-en-los-barbechos#primaryimage\"},\"thumbnailUrl\":\"https:\/\/www.asajacyl.com\/soria\/wp-content\/uploads\/sites\/9\/2024\/04\/herbicida-2.jpg\",\"datePublished\":\"2024-04-16T12:22:38+00:00\",\"dateModified\":\"2024-04-16T12:22:40+00:00\",\"author\":{\"@id\":\"https:\/\/www.asajacyl.com\/soria\/#\/schema\/person\/fd3081c40255119ce8133b87e6aedfab\"},\"description\":\"De esta manera, queda restringido a los meses de mayo y junio La Direcci\u00f3n General de Pol\u00edtica Agr\u00edcola Comunitaria de la Consejer\u00eda de Agricultura,\",\"breadcrumb\":{\"@id\":\"https:\/\/www.asajacyl.com\/soria\/asaja-soria-informa\/la-junta-de-castilla-y-leon-publica-la-resolucion-en-la-que-se-retrasa-el-periodo-de-no-tratamientos-en-los-barbechos#breadcrumb\"},\"inLanguage\":\"es\",\"potentialAction\":[{\"@type\":\"ReadAction\",\"target\":[\"https:\/\/www.asajacyl.com\/soria\/asaja-soria-informa\/la-junta-de-castilla-y-leon-publica-la-resolucion-en-la-que-se-retrasa-el-periodo-de-no-tratamientos-en-los-barbechos\"]}]},{\"@type\":\"ImageObject\",\"inLanguage\":\"es\",\"@id\":\"https:\/\/www.asajacyl.com\/soria\/asaja-soria-informa\/la-junta-de-castilla-y-leon-publica-la-resolucion-en-la-que-se-retrasa-el-periodo-de-no-tratamientos-en-los-barbechos#primaryimage\",\"url\":\"https:\/\/www.asajacyl.com\/soria\/wp-content\/uploads\/sites\/9\/2024\/04\/herbicida-2.jpg\",\"contentUrl\":\"https:\/\/www.asajacyl.com\/soria\/wp-content\/uploads\/sites\/9\/2024\/04\/herbicida-2.jpg\",\"width\":1905,\"height\":1080},{\"@type\":\"BreadcrumbList\",\"@id\":\"https:\/\/www.asajacyl.com\/soria\/asaja-soria-informa\/la-junta-de-castilla-y-leon-publica-la-resolucion-en-la-que-se-retrasa-el-periodo-de-no-tratamientos-en-los-barbechos#breadcrumb\",\"itemListElement\":[{\"@type\":\"ListItem\",\"position\":1,\"name\":\"Portada\",\"item\":\"https:\/\/www.asajacyl.com\/soria\/\"},{\"@type\":\"ListItem\",\"position\":2,\"name\":\"La Junta de Castilla y Le\u00f3n publica la resoluci\u00f3n en la que se retrasa el periodo de no tratamientos en los barbechos\"}]},{\"@type\":\"WebSite\",\"@id\":\"https:\/\/www.asajacyl.com\/soria\/#website\",\"url\":\"https:\/\/www.asajacyl.com\/soria\/\",\"name\":\"ASAJA Soria\",\"description\":\"Otro sitio m\u00e1s de Provincias ASAJA Castilla y Le\u00f3n\",\"potentialAction\":[{\"@type\":\"SearchAction\",\"target\":{\"@type\":\"EntryPoint\",\"urlTemplate\":\"https:\/\/www.asajacyl.com\/soria\/?s={search_term_string}\"},\"query-input\":{\"@type\":\"PropertyValueSpecification\",\"valueRequired\":true,\"valueName\":\"search_term_string\"}}],\"inLanguage\":\"es\"},{\"@type\":\"Person\",\"@id\":\"https:\/\/www.asajacyl.com\/soria\/#\/schema\/person\/fd3081c40255119ce8133b87e6aedfab\",\"name\":\"Juan Ignacio Prieto Nieto\",\"image\":{\"@type\":\"ImageObject\",\"inLanguage\":\"es\",\"@id\":\"https:\/\/www.asajacyl.com\/soria\/#\/schema\/person\/image\/\",\"url\":\"https:\/\/secure.gravatar.com\/avatar\/8266b36e4d9001acb4700699a2468dc8?s=96&d=mm&r=g\",\"contentUrl\":\"https:\/\/secure.gravatar.com\/avatar\/8266b36e4d9001acb4700699a2468dc8?s=96&d=mm&r=g\",\"caption\":\"Juan Ignacio Prieto Nieto\"},\"url\":\"https:\/\/www.asajacyl.com\/soria\/author\/juanfranciscoby\"}]}<\/script>\n<!-- \/ Yoast SEO plugin. -->","yoast_head_json":{"title":"La Junta de Castilla y Le\u00f3n publica la resoluci\u00f3n en la que se retrasa el periodo de no tratamientos en los barbechos - ASAJA Soria","description":"De esta manera, queda restringido a los meses de mayo y junio La Direcci\u00f3n General de Pol\u00edtica Agr\u00edcola Comunitaria de la Consejer\u00eda de Agricultura,","robots":{"index":"index","follow":"follow","max-snippet":"max-snippet:-1","max-image-preview":"max-image-preview:large","max-video-preview":"max-video-preview:-1"},"canonical":"https:\/\/www.asajacyl.com\/soria\/asaja-soria-informa\/la-junta-de-castilla-y-leon-publica-la-resolucion-en-la-que-se-retrasa-el-periodo-de-no-tratamientos-en-los-barbechos","og_locale":"es_ES","og_type":"article","og_title":"La Junta de Castilla y Le\u00f3n publica la resoluci\u00f3n en la que se retrasa el periodo de no tratamientos en los barbechos - ASAJA Soria","og_description":"De esta manera, queda restringido a los meses de mayo y junio La Direcci\u00f3n General de Pol\u00edtica Agr\u00edcola Comunitaria de la Consejer\u00eda de Agricultura,","og_url":"https:\/\/www.asajacyl.com\/soria\/asaja-soria-informa\/la-junta-de-castilla-y-leon-publica-la-resolucion-en-la-que-se-retrasa-el-periodo-de-no-tratamientos-en-los-barbechos","og_site_name":"ASAJA Soria","article_published_time":"2024-04-16T12:22:38+00:00","article_modified_time":"2024-04-16T12:22:40+00:00","og_image":[{"width":1905,"height":1080,"url":"https:\/\/www.asajacyl.com\/soria\/wp-content\/uploads\/sites\/9\/2024\/04\/herbicida-2.jpg","type":"image\/jpeg"}],"author":"Juan Ignacio Prieto Nieto","twitter_card":"summary_large_image","twitter_misc":{"Escrito por":"Juan Ignacio Prieto Nieto","Tiempo de lectura":"2 minutos"},"schema":{"@context":"https:\/\/schema.org","@graph":[{"@type":"WebPage","@id":"https:\/\/www.asajacyl.com\/soria\/asaja-soria-informa\/la-junta-de-castilla-y-leon-publica-la-resolucion-en-la-que-se-retrasa-el-periodo-de-no-tratamientos-en-los-barbechos","url":"https:\/\/www.asajacyl.com\/soria\/asaja-soria-informa\/la-junta-de-castilla-y-leon-publica-la-resolucion-en-la-que-se-retrasa-el-periodo-de-no-tratamientos-en-los-barbechos","name":"La Junta de Castilla y Le\u00f3n publica la resoluci\u00f3n en la que se retrasa el periodo de no tratamientos en los barbechos - ASAJA Soria","isPartOf":{"@id":"https:\/\/www.asajacyl.com\/soria\/#website"},"primaryImageOfPage":{"@id":"https:\/\/www.asajacyl.com\/soria\/asaja-soria-informa\/la-junta-de-castilla-y-leon-publica-la-resolucion-en-la-que-se-retrasa-el-periodo-de-no-tratamientos-en-los-barbechos#primaryimage"},"image":{"@id":"https:\/\/www.asajacyl.com\/soria\/asaja-soria-informa\/la-junta-de-castilla-y-leon-publica-la-resolucion-en-la-que-se-retrasa-el-periodo-de-no-tratamientos-en-los-barbechos#primaryimage"},"thumbnailUrl":"https:\/\/www.asajacyl.com\/soria\/wp-content\/uploads\/sites\/9\/2024\/04\/herbicida-2.jpg","datePublished":"2024-04-16T12:22:38+00:00","dateModified":"2024-04-16T12:22:40+00:00","author":{"@id":"https:\/\/www.asajacyl.com\/soria\/#\/schema\/person\/fd3081c40255119ce8133b87e6aedfab"},"description":"De esta manera, queda restringido a los meses de mayo y junio La Direcci\u00f3n General de Pol\u00edtica Agr\u00edcola Comunitaria de la Consejer\u00eda de Agricultura,","breadcrumb":{"@id":"https:\/\/www.asajacyl.com\/soria\/asaja-soria-informa\/la-junta-de-castilla-y-leon-publica-la-resolucion-en-la-que-se-retrasa-el-periodo-de-no-tratamientos-en-los-barbechos#breadcrumb"},"inLanguage":"es","potentialAction":[{"@type":"ReadAction","target":["https:\/\/www.asajacyl.com\/soria\/asaja-soria-informa\/la-junta-de-castilla-y-leon-publica-la-resolucion-en-la-que-se-retrasa-el-periodo-de-no-tratamientos-en-los-barbechos"]}]},{"@type":"ImageObject","inLanguage":"es","@id":"https:\/\/www.asajacyl.com\/soria\/asaja-soria-informa\/la-junta-de-castilla-y-leon-publica-la-resolucion-en-la-que-se-retrasa-el-periodo-de-no-tratamientos-en-los-barbechos#primaryimage","url":"https:\/\/www.asajacyl.com\/soria\/wp-content\/uploads\/sites\/9\/2024\/04\/herbicida-2.jpg","contentUrl":"https:\/\/www.asajacyl.com\/soria\/wp-content\/uploads\/sites\/9\/2024\/04\/herbicida-2.jpg","width":1905,"height":1080},{"@type":"BreadcrumbList","@id":"https:\/\/www.asajacyl.com\/soria\/asaja-soria-informa\/la-junta-de-castilla-y-leon-publica-la-resolucion-en-la-que-se-retrasa-el-periodo-de-no-tratamientos-en-los-barbechos#breadcrumb","itemListElement":[{"@type":"ListItem","position":1,"name":"Portada","item":"https:\/\/www.asajacyl.com\/soria\/"},{"@type":"ListItem","position":2,"name":"La Junta de Castilla y Le\u00f3n publica la resoluci\u00f3n en la que se retrasa el periodo de no tratamientos en los barbechos"}]},{"@type":"WebSite","@id":"https:\/\/www.asajacyl.com\/soria\/#website","url":"https:\/\/www.asajacyl.com\/soria\/","name":"ASAJA Soria","description":"Otro sitio m\u00e1s de Provincias ASAJA Castilla y Le\u00f3n","potentialAction":[{"@type":"SearchAction","target":{"@type":"EntryPoint","urlTemplate":"https:\/\/www.asajacyl.com\/soria\/?s={search_term_string}"},"query-input":{"@type":"PropertyValueSpecification","valueRequired":true,"valueName":"search_term_string"}}],"inLanguage":"es"},{"@type":"Person","@id":"https:\/\/www.asajacyl.com\/soria\/#\/schema\/person\/fd3081c40255119ce8133b87e6aedfab","name":"Juan Ignacio Prieto Nieto","image":{"@type":"ImageObject","inLanguage":"es","@id":"https:\/\/www.asajacyl.com\/soria\/#\/schema\/person\/image\/","url":"https:\/\/secure.gravatar.com\/avatar\/8266b36e4d9001acb4700699a2468dc8?s=96&d=mm&r=g","contentUrl":"https:\/\/secure.gravatar.com\/avatar\/8266b36e4d9001acb4700699a2468dc8?s=96&d=mm&r=g","caption":"Juan Ignacio Prieto Nieto"},"url":"https:\/\/www.asajacyl.com\/soria\/author\/juanfranciscoby"}]}},"_links":{"self":[{"href":"https:\/\/www.asajacyl.com\/soria\/wp-json\/wp\/v2\/posts\/7991"}],"collection":[{"href":"https:\/\/www.asajacyl.com\/soria\/wp-json\/wp\/v2\/posts"}],"about":[{"href":"https:\/\/www.asajacyl.com\/soria\/wp-json\/wp\/v2\/types\/post"}],"author":[{"embeddable":true,"href":"https:\/\/www.asajacyl.com\/soria\/wp-json\/wp\/v2\/users\/12"}],"replies":[{"embeddable":true,"href":"https:\/\/www.asajacyl.com\/soria\/wp-json\/wp\/v2\/comments?post=7991"}],"version-history":[{"count":1,"href":"https:\/\/www.asajacyl.com\/soria\/wp-json\/wp\/v2\/posts\/7991\/revisions"}],"predecessor-version":[{"id":7993,"href":"https:\/\/www.asajacyl.com\/soria\/wp-json\/wp\/v2\/posts\/7991\/revisions\/7993"}],"wp:featuredmedia":[{"embeddable":true,"href":"https:\/\/www.asajacyl.com\/soria\/wp-json\/wp\/v2\/media\/7992"}],"wp:attachment":[{"href":"https:\/\/www.asajacyl.com\/soria\/wp-json\/wp\/v2\/media?parent=7991"}],"wp:term":[{"taxonomy":"category","embeddable":true,"href":"https:\/\/www.asajacyl.com\/soria\/wp-json\/wp\/v2\/categories?post=7991"},{"taxonomy":"post_tag","embeddable":true,"href":"https:\/\/www.asajacyl.com\/soria\/wp-json\/wp\/v2\/tags?post=7991"}],"curies":[{"name":"wp","href":"https:\/\/api.w.org\/{rel}","templated":true}]}}