{"id":8000,"date":"2024-04-19T13:35:46","date_gmt":"2024-04-19T11:35:46","guid":{"rendered":"https:\/\/www.asajacyl.com\/soria\/?p=8000"},"modified":"2024-04-19T14:13:58","modified_gmt":"2024-04-19T12:13:58","slug":"asaja-soria-da-la-bienvenida-a-la-reduccion-de-modulos-fiscales-para-el-campo-provincial-pero-reclama-que-falta-el-girasol","status":"publish","type":"post","link":"https:\/\/www.asajacyl.com\/soria\/asaja-soria-informa\/asaja-soria-da-la-bienvenida-a-la-reduccion-de-modulos-fiscales-para-el-campo-provincial-pero-reclama-que-falta-el-girasol","title":{"rendered":"ASAJA Soria da la bienvenida a la reducci\u00f3n de m\u00f3dulos fiscales para el campo provincial, pero reclama que falta el girasol"},"content":{"rendered":"\n\n\n<h2><em>La OPA<\/em><em> dice que este cultivo ha atravesado un carrusel de sucesos que han mermado su rendimiento y ha resultado fallido en muchas zonas de la provincia<\/em><\/h2>\n<p>El Bolet\u00edn Oficial del Estado recoge hoy la reducci\u00f3n de los \u00edndices de rendimiento neto, aplicables en 2023, por las actividades agr\u00edcolas y ganaderas afectadas por circunstancias excepcionales, as\u00ed como la reducci\u00f3n del rendimiento neto calculado por el m\u00e9todo de estimaci\u00f3n objetiva para las actividades agr\u00edcolas, ganaderas y forestales.<\/p>\n<p>La redacci\u00f3n general sobre el rendimiento neto de m\u00f3dulos, establecida con car\u00e1cter general, en 2023, en el 10 por ciento se eleva al 15 por ciento para las actividades que determinen el rendimiento neto por el m\u00e9todo de estimaci\u00f3n objetiva.<\/p>\n<p>La normativa recoge una reducci\u00f3n de los m\u00f3dulos en las siguientes producciones para toda la provincia: apicultura, bovino de carne extensivo, bovino de cr\u00eda extensivo, porcino de carne extensivo, porcino de cr\u00eda extensivo, adem\u00e1s del ovino y caprino de carne extensivo.<\/p>\n<p>Asimismo, el Ministerio de Hacienda se\u00f1ala que todos los t\u00e9rminos municipales de la provincia contar\u00e1n con un \u00edndice de rendimiento neto del 0,09 en avena y triticale, y 0,05 para cebada, centeno y trigo. Tambi\u00e9n recoge reducciones en uva de vino con denominaci\u00f3n de origen, que van del 0,16 al 0,11.<\/p>\n<p>ASAJA Soria quiere poner el acento en la falta de reducci\u00f3n para el girasol, un cultivo muy importante en la provincia y en el que se registr\u00f3 un n\u00famero notable de partes porque las primeras fincas cultivadas sufrieron los efectos de la sequ\u00eda. A esto se suma el golpe de calor en agosto, que diezm\u00f3 severamente la producci\u00f3n, y luego algunas parcelas en el primer tramo de la sementera que no se cosecharon por la insistente precipitaci\u00f3n y en las que las plantas todav\u00eda contin\u00faan en pie, con una producci\u00f3n absolutamente perdida y que para colmo se quedaron fuera del per\u00edodo de coberturas del seguro agrario.<\/p>\n<p>ASAJA Soria agradece a la Subdelegaci\u00f3n del Gobierno, con Miguel Latorre Zubiri a la cabeza, las gestiones realizadas para la consecuci\u00f3n de estas rebajas de m\u00f3dulos y la trayectoria de reconocimiento de reducciones en estos a\u00f1os anteriores en nuestra provincia por diversas incidencias climatol\u00f3gicas o situaciones adversas, pero insiste en la necesaria y urgente revisi\u00f3n e incorporaci\u00f3n del girasol a las reducciones.<\/p>\n","protected":false},"excerpt":{"rendered":"<p>La OPA dice que este cultivo ha atravesado un carrusel de sucesos que han mermado su rendimiento y ha resultado fallido en muchas zonas de la provincia El Bolet\u00edn Oficial del Estado recoge hoy la reducci\u00f3n de los \u00edndices de rendimiento neto, aplicables en 2023, por las actividades agr\u00edcolas y ganaderas afectadas por circunstancias excepcionales, [&hellip;]<\/p>\n","protected":false},"author":12,"featured_media":8003,"comment_status":"open","ping_status":"open","sticky":false,"template":"","format":"standard","meta":{"footnotes":""},"categories":[10,25],"tags":[],"yoast_head":"<!-- This site is optimized with the Yoast SEO plugin v24.5 - https:\/\/yoast.com\/wordpress\/plugins\/seo\/ -->\n<title>ASAJA Soria da la bienvenida a la reducci\u00f3n de m\u00f3dulos fiscales para el campo provincial, pero reclama que falta el girasol - ASAJA Soria<\/title>\n<meta name=\"description\" content=\"La OPA dice que este cultivo ha atravesado un carrusel de sucesos que han mermado su rendimiento y ha resultado fallido en muchas zonas de la provincia El\" \/>\n<meta name=\"robots\" content=\"index, follow, max-snippet:-1, max-image-preview:large, max-video-preview:-1\" \/>\n<link rel=\"canonical\" href=\"https:\/\/www.asajacyl.com\/soria\/asaja-soria-informa\/asaja-soria-da-la-bienvenida-a-la-reduccion-de-modulos-fiscales-para-el-campo-provincial-pero-reclama-que-falta-el-girasol\" \/>\n<meta property=\"og:locale\" content=\"es_ES\" \/>\n<meta property=\"og:type\" content=\"article\" \/>\n<meta property=\"og:title\" content=\"ASAJA Soria da la bienvenida a la reducci\u00f3n de m\u00f3dulos fiscales para el campo provincial, pero reclama que falta el girasol - ASAJA Soria\" \/>\n<meta property=\"og:description\" content=\"La OPA dice que este cultivo ha atravesado un carrusel de sucesos que han mermado su rendimiento y ha resultado fallido en muchas zonas de la provincia El\" \/>\n<meta property=\"og:url\" content=\"https:\/\/www.asajacyl.com\/soria\/asaja-soria-informa\/asaja-soria-da-la-bienvenida-a-la-reduccion-de-modulos-fiscales-para-el-campo-provincial-pero-reclama-que-falta-el-girasol\" \/>\n<meta property=\"og:site_name\" content=\"ASAJA Soria\" \/>\n<meta property=\"article:published_time\" content=\"2024-04-19T11:35:46+00:00\" \/>\n<meta property=\"article:modified_time\" content=\"2024-04-19T12:13:58+00:00\" \/>\n<meta property=\"og:image\" content=\"https:\/\/www.asajacyl.com\/soria\/wp-content\/uploads\/sites\/9\/2024\/04\/Girasol-danado-DANA.jpg\" \/>\n\t<meta property=\"og:image:width\" content=\"1200\" \/>\n\t<meta property=\"og:image:height\" content=\"786\" \/>\n\t<meta property=\"og:image:type\" content=\"image\/jpeg\" \/>\n<meta name=\"author\" content=\"Juan Ignacio Prieto Nieto\" \/>\n<meta name=\"twitter:card\" content=\"summary_large_image\" \/>\n<meta name=\"twitter:label1\" content=\"Escrito por\" \/>\n\t<meta name=\"twitter:data1\" content=\"Juan Ignacio Prieto Nieto\" \/>\n\t<meta name=\"twitter:label2\" content=\"Tiempo de lectura\" \/>\n\t<meta name=\"twitter:data2\" content=\"2 minutos\" \/>\n<script type=\"application\/ld+json\" class=\"yoast-schema-graph\">{\"@context\":\"https:\/\/schema.org\",\"@graph\":[{\"@type\":\"WebPage\",\"@id\":\"https:\/\/www.asajacyl.com\/soria\/asaja-soria-informa\/asaja-soria-da-la-bienvenida-a-la-reduccion-de-modulos-fiscales-para-el-campo-provincial-pero-reclama-que-falta-el-girasol\",\"url\":\"https:\/\/www.asajacyl.com\/soria\/asaja-soria-informa\/asaja-soria-da-la-bienvenida-a-la-reduccion-de-modulos-fiscales-para-el-campo-provincial-pero-reclama-que-falta-el-girasol\",\"name\":\"ASAJA Soria da la bienvenida a la reducci\u00f3n de m\u00f3dulos fiscales para el campo provincial, pero reclama que falta el girasol - ASAJA Soria\",\"isPartOf\":{\"@id\":\"https:\/\/www.asajacyl.com\/soria\/#website\"},\"primaryImageOfPage\":{\"@id\":\"https:\/\/www.asajacyl.com\/soria\/asaja-soria-informa\/asaja-soria-da-la-bienvenida-a-la-reduccion-de-modulos-fiscales-para-el-campo-provincial-pero-reclama-que-falta-el-girasol#primaryimage\"},\"image\":{\"@id\":\"https:\/\/www.asajacyl.com\/soria\/asaja-soria-informa\/asaja-soria-da-la-bienvenida-a-la-reduccion-de-modulos-fiscales-para-el-campo-provincial-pero-reclama-que-falta-el-girasol#primaryimage\"},\"thumbnailUrl\":\"https:\/\/www.asajacyl.com\/soria\/wp-content\/uploads\/sites\/9\/2024\/04\/Girasol-danado-DANA.jpg\",\"datePublished\":\"2024-04-19T11:35:46+00:00\",\"dateModified\":\"2024-04-19T12:13:58+00:00\",\"author\":{\"@id\":\"https:\/\/www.asajacyl.com\/soria\/#\/schema\/person\/fd3081c40255119ce8133b87e6aedfab\"},\"description\":\"La OPA dice que este cultivo ha atravesado un carrusel de sucesos que han mermado su rendimiento y ha resultado fallido en muchas zonas de la provincia El\",\"breadcrumb\":{\"@id\":\"https:\/\/www.asajacyl.com\/soria\/asaja-soria-informa\/asaja-soria-da-la-bienvenida-a-la-reduccion-de-modulos-fiscales-para-el-campo-provincial-pero-reclama-que-falta-el-girasol#breadcrumb\"},\"inLanguage\":\"es\",\"potentialAction\":[{\"@type\":\"ReadAction\",\"target\":[\"https:\/\/www.asajacyl.com\/soria\/asaja-soria-informa\/asaja-soria-da-la-bienvenida-a-la-reduccion-de-modulos-fiscales-para-el-campo-provincial-pero-reclama-que-falta-el-girasol\"]}]},{\"@type\":\"ImageObject\",\"inLanguage\":\"es\",\"@id\":\"https:\/\/www.asajacyl.com\/soria\/asaja-soria-informa\/asaja-soria-da-la-bienvenida-a-la-reduccion-de-modulos-fiscales-para-el-campo-provincial-pero-reclama-que-falta-el-girasol#primaryimage\",\"url\":\"https:\/\/www.asajacyl.com\/soria\/wp-content\/uploads\/sites\/9\/2024\/04\/Girasol-danado-DANA.jpg\",\"contentUrl\":\"https:\/\/www.asajacyl.com\/soria\/wp-content\/uploads\/sites\/9\/2024\/04\/Girasol-danado-DANA.jpg\",\"width\":1200,\"height\":786},{\"@type\":\"BreadcrumbList\",\"@id\":\"https:\/\/www.asajacyl.com\/soria\/asaja-soria-informa\/asaja-soria-da-la-bienvenida-a-la-reduccion-de-modulos-fiscales-para-el-campo-provincial-pero-reclama-que-falta-el-girasol#breadcrumb\",\"itemListElement\":[{\"@type\":\"ListItem\",\"position\":1,\"name\":\"Portada\",\"item\":\"https:\/\/www.asajacyl.com\/soria\/\"},{\"@type\":\"ListItem\",\"position\":2,\"name\":\"ASAJA Soria da la bienvenida a la reducci\u00f3n de m\u00f3dulos fiscales para el campo provincial, pero reclama que falta el girasol\"}]},{\"@type\":\"WebSite\",\"@id\":\"https:\/\/www.asajacyl.com\/soria\/#website\",\"url\":\"https:\/\/www.asajacyl.com\/soria\/\",\"name\":\"ASAJA Soria\",\"description\":\"Otro sitio m\u00e1s de Provincias ASAJA Castilla y Le\u00f3n\",\"potentialAction\":[{\"@type\":\"SearchAction\",\"target\":{\"@type\":\"EntryPoint\",\"urlTemplate\":\"https:\/\/www.asajacyl.com\/soria\/?s={search_term_string}\"},\"query-input\":{\"@type\":\"PropertyValueSpecification\",\"valueRequired\":true,\"valueName\":\"search_term_string\"}}],\"inLanguage\":\"es\"},{\"@type\":\"Person\",\"@id\":\"https:\/\/www.asajacyl.com\/soria\/#\/schema\/person\/fd3081c40255119ce8133b87e6aedfab\",\"name\":\"Juan Ignacio Prieto Nieto\",\"image\":{\"@type\":\"ImageObject\",\"inLanguage\":\"es\",\"@id\":\"https:\/\/www.asajacyl.com\/soria\/#\/schema\/person\/image\/\",\"url\":\"https:\/\/secure.gravatar.com\/avatar\/8266b36e4d9001acb4700699a2468dc8?s=96&d=mm&r=g\",\"contentUrl\":\"https:\/\/secure.gravatar.com\/avatar\/8266b36e4d9001acb4700699a2468dc8?s=96&d=mm&r=g\",\"caption\":\"Juan Ignacio Prieto Nieto\"},\"url\":\"https:\/\/www.asajacyl.com\/soria\/author\/juanfranciscoby\"}]}<\/script>\n<!-- \/ Yoast SEO plugin. -->","yoast_head_json":{"title":"ASAJA Soria da la bienvenida a la reducci\u00f3n de m\u00f3dulos fiscales para el campo provincial, pero reclama que falta el girasol - ASAJA Soria","description":"La OPA dice que este cultivo ha atravesado un carrusel de sucesos que han mermado su rendimiento y ha resultado fallido en muchas zonas de la provincia El","robots":{"index":"index","follow":"follow","max-snippet":"max-snippet:-1","max-image-preview":"max-image-preview:large","max-video-preview":"max-video-preview:-1"},"canonical":"https:\/\/www.asajacyl.com\/soria\/asaja-soria-informa\/asaja-soria-da-la-bienvenida-a-la-reduccion-de-modulos-fiscales-para-el-campo-provincial-pero-reclama-que-falta-el-girasol","og_locale":"es_ES","og_type":"article","og_title":"ASAJA Soria da la bienvenida a la reducci\u00f3n de m\u00f3dulos fiscales para el campo provincial, pero reclama que falta el girasol - ASAJA Soria","og_description":"La OPA dice que este cultivo ha atravesado un carrusel de sucesos que han mermado su rendimiento y ha resultado fallido en muchas zonas de la provincia El","og_url":"https:\/\/www.asajacyl.com\/soria\/asaja-soria-informa\/asaja-soria-da-la-bienvenida-a-la-reduccion-de-modulos-fiscales-para-el-campo-provincial-pero-reclama-que-falta-el-girasol","og_site_name":"ASAJA Soria","article_published_time":"2024-04-19T11:35:46+00:00","article_modified_time":"2024-04-19T12:13:58+00:00","og_image":[{"width":1200,"height":786,"url":"https:\/\/www.asajacyl.com\/soria\/wp-content\/uploads\/sites\/9\/2024\/04\/Girasol-danado-DANA.jpg","type":"image\/jpeg"}],"author":"Juan Ignacio Prieto Nieto","twitter_card":"summary_large_image","twitter_misc":{"Escrito por":"Juan Ignacio Prieto Nieto","Tiempo de lectura":"2 minutos"},"schema":{"@context":"https:\/\/schema.org","@graph":[{"@type":"WebPage","@id":"https:\/\/www.asajacyl.com\/soria\/asaja-soria-informa\/asaja-soria-da-la-bienvenida-a-la-reduccion-de-modulos-fiscales-para-el-campo-provincial-pero-reclama-que-falta-el-girasol","url":"https:\/\/www.asajacyl.com\/soria\/asaja-soria-informa\/asaja-soria-da-la-bienvenida-a-la-reduccion-de-modulos-fiscales-para-el-campo-provincial-pero-reclama-que-falta-el-girasol","name":"ASAJA Soria da la bienvenida a la reducci\u00f3n de m\u00f3dulos fiscales para el campo provincial, pero reclama que falta el girasol - ASAJA Soria","isPartOf":{"@id":"https:\/\/www.asajacyl.com\/soria\/#website"},"primaryImageOfPage":{"@id":"https:\/\/www.asajacyl.com\/soria\/asaja-soria-informa\/asaja-soria-da-la-bienvenida-a-la-reduccion-de-modulos-fiscales-para-el-campo-provincial-pero-reclama-que-falta-el-girasol#primaryimage"},"image":{"@id":"https:\/\/www.asajacyl.com\/soria\/asaja-soria-informa\/asaja-soria-da-la-bienvenida-a-la-reduccion-de-modulos-fiscales-para-el-campo-provincial-pero-reclama-que-falta-el-girasol#primaryimage"},"thumbnailUrl":"https:\/\/www.asajacyl.com\/soria\/wp-content\/uploads\/sites\/9\/2024\/04\/Girasol-danado-DANA.jpg","datePublished":"2024-04-19T11:35:46+00:00","dateModified":"2024-04-19T12:13:58+00:00","author":{"@id":"https:\/\/www.asajacyl.com\/soria\/#\/schema\/person\/fd3081c40255119ce8133b87e6aedfab"},"description":"La OPA dice que este cultivo ha atravesado un carrusel de sucesos que han mermado su rendimiento y ha resultado fallido en muchas zonas de la provincia El","breadcrumb":{"@id":"https:\/\/www.asajacyl.com\/soria\/asaja-soria-informa\/asaja-soria-da-la-bienvenida-a-la-reduccion-de-modulos-fiscales-para-el-campo-provincial-pero-reclama-que-falta-el-girasol#breadcrumb"},"inLanguage":"es","potentialAction":[{"@type":"ReadAction","target":["https:\/\/www.asajacyl.com\/soria\/asaja-soria-informa\/asaja-soria-da-la-bienvenida-a-la-reduccion-de-modulos-fiscales-para-el-campo-provincial-pero-reclama-que-falta-el-girasol"]}]},{"@type":"ImageObject","inLanguage":"es","@id":"https:\/\/www.asajacyl.com\/soria\/asaja-soria-informa\/asaja-soria-da-la-bienvenida-a-la-reduccion-de-modulos-fiscales-para-el-campo-provincial-pero-reclama-que-falta-el-girasol#primaryimage","url":"https:\/\/www.asajacyl.com\/soria\/wp-content\/uploads\/sites\/9\/2024\/04\/Girasol-danado-DANA.jpg","contentUrl":"https:\/\/www.asajacyl.com\/soria\/wp-content\/uploads\/sites\/9\/2024\/04\/Girasol-danado-DANA.jpg","width":1200,"height":786},{"@type":"BreadcrumbList","@id":"https:\/\/www.asajacyl.com\/soria\/asaja-soria-informa\/asaja-soria-da-la-bienvenida-a-la-reduccion-de-modulos-fiscales-para-el-campo-provincial-pero-reclama-que-falta-el-girasol#breadcrumb","itemListElement":[{"@type":"ListItem","position":1,"name":"Portada","item":"https:\/\/www.asajacyl.com\/soria\/"},{"@type":"ListItem","position":2,"name":"ASAJA Soria da la bienvenida a la reducci\u00f3n de m\u00f3dulos fiscales para el campo provincial, pero reclama que falta el girasol"}]},{"@type":"WebSite","@id":"https:\/\/www.asajacyl.com\/soria\/#website","url":"https:\/\/www.asajacyl.com\/soria\/","name":"ASAJA Soria","description":"Otro sitio m\u00e1s de Provincias ASAJA Castilla y Le\u00f3n","potentialAction":[{"@type":"SearchAction","target":{"@type":"EntryPoint","urlTemplate":"https:\/\/www.asajacyl.com\/soria\/?s={search_term_string}"},"query-input":{"@type":"PropertyValueSpecification","valueRequired":true,"valueName":"search_term_string"}}],"inLanguage":"es"},{"@type":"Person","@id":"https:\/\/www.asajacyl.com\/soria\/#\/schema\/person\/fd3081c40255119ce8133b87e6aedfab","name":"Juan Ignacio Prieto Nieto","image":{"@type":"ImageObject","inLanguage":"es","@id":"https:\/\/www.asajacyl.com\/soria\/#\/schema\/person\/image\/","url":"https:\/\/secure.gravatar.com\/avatar\/8266b36e4d9001acb4700699a2468dc8?s=96&d=mm&r=g","contentUrl":"https:\/\/secure.gravatar.com\/avatar\/8266b36e4d9001acb4700699a2468dc8?s=96&d=mm&r=g","caption":"Juan Ignacio Prieto Nieto"},"url":"https:\/\/www.asajacyl.com\/soria\/author\/juanfranciscoby"}]}},"_links":{"self":[{"href":"https:\/\/www.asajacyl.com\/soria\/wp-json\/wp\/v2\/posts\/8000"}],"collection":[{"href":"https:\/\/www.asajacyl.com\/soria\/wp-json\/wp\/v2\/posts"}],"about":[{"href":"https:\/\/www.asajacyl.com\/soria\/wp-json\/wp\/v2\/types\/post"}],"author":[{"embeddable":true,"href":"https:\/\/www.asajacyl.com\/soria\/wp-json\/wp\/v2\/users\/12"}],"replies":[{"embeddable":true,"href":"https:\/\/www.asajacyl.com\/soria\/wp-json\/wp\/v2\/comments?post=8000"}],"version-history":[{"count":3,"href":"https:\/\/www.asajacyl.com\/soria\/wp-json\/wp\/v2\/posts\/8000\/revisions"}],"predecessor-version":[{"id":8004,"href":"https:\/\/www.asajacyl.com\/soria\/wp-json\/wp\/v2\/posts\/8000\/revisions\/8004"}],"wp:featuredmedia":[{"embeddable":true,"href":"https:\/\/www.asajacyl.com\/soria\/wp-json\/wp\/v2\/media\/8003"}],"wp:attachment":[{"href":"https:\/\/www.asajacyl.com\/soria\/wp-json\/wp\/v2\/media?parent=8000"}],"wp:term":[{"taxonomy":"category","embeddable":true,"href":"https:\/\/www.asajacyl.com\/soria\/wp-json\/wp\/v2\/categories?post=8000"},{"taxonomy":"post_tag","embeddable":true,"href":"https:\/\/www.asajacyl.com\/soria\/wp-json\/wp\/v2\/tags?post=8000"}],"curies":[{"name":"wp","href":"https:\/\/api.w.org\/{rel}","templated":true}]}}