{"id":8046,"date":"2024-05-03T11:21:01","date_gmt":"2024-05-03T09:21:01","guid":{"rendered":"https:\/\/www.asajacyl.com\/soria\/?p=8046"},"modified":"2024-05-07T08:57:15","modified_gmt":"2024-05-07T06:57:15","slug":"asaja-soria-destaca-en-la-comision-provincial-de-estadistica-la-prudencia-total-ante-la-situacion-de-la-campana-del-cereal","status":"publish","type":"post","link":"https:\/\/www.asajacyl.com\/soria\/asaja-soria-informa\/asaja-soria-destaca-en-la-comision-provincial-de-estadistica-la-prudencia-total-ante-la-situacion-de-la-campana-del-cereal","title":{"rendered":"ASAJA Soria destaca en la Comisi\u00f3n Provincial de Estad\u00edstica la prudencia total ante la situaci\u00f3n de la campa\u00f1a del cereal"},"content":{"rendered":"\n<p><strong><em>La asociaci\u00f3n promueve la atenci\u00f3n sobre la zona de \u00c1greda y su declaraci\u00f3n de zona catastr\u00f3fica, gravemente afectada por la sequ\u00eda<\/em><\/strong><\/p>\n<p><strong><em>\u00a0<\/em><\/strong>ASAJA Soria ha acudido esta ma\u00f1ana a la Comisi\u00f3n Provincial de Estad\u00edstica del Servicio Territorial de Agricultura, Ganader\u00eda y Desarrollo Rural. En la reuni\u00f3n se han puesto de manifiesto las diferentes cuestiones que est\u00e1n afectando a los cultivos, con vistas a proyectar los posibles resultados de la campa\u00f1a actual.<\/p>\n<p>En vi\u00f1edo lamentablemente los datos arrojados son reflejo del desastroso resultado dejado por las heladas sufridas en estos d\u00edas pasados que han afectado a todas las vi\u00f1as y en algunas con da\u00f1os del 100%, como as\u00ed ha sido refrendado por los asistentes.<\/p>\n<p>En cuanto al cereal, ASAJA ha destacado el problema con las plagas de Zabrus, que se va extendiendo cada a\u00f1o, y afecta ya a pr\u00e1cticamente toda la provincia. A este respecto, la OPA ha anunciado que su departamento t\u00e9cnico est\u00e1 trabajando junto a SIPCAM-una empresa que ha apostado por registrar definitivamente producto microgranulado espec\u00edfico para la protecci\u00f3n fitosanitaria del cereal ante Zabro-, con la mirada puesta en solicitar el uso excepcional de este producto para la pr\u00f3xima sementera, toda vez que el registro, por asunto de plazos, podr\u00eda no materializarse administrativamente antes de que concluya 2024, lo que impedir\u00eda que los agricultores pudieran disponer de esta herramienta para la pr\u00f3xima campa\u00f1a.<\/p>\n<p>Tambi\u00e9n se ha destacado la mal\u00edsima situaci\u00f3n de los cultivos en la zona de \u00c1greda, Valverde, Vozmediano, D\u00e9vanos\u2026, afectada incre\u00edblemente por una terrible sequ\u00eda. ASAJA ha pedido atenci\u00f3n para esta zona, con la elevaci\u00f3n de los datos precisos para la catalogaci\u00f3n de zona catastr\u00f3fica afectada gravemente de sequ\u00eda.<\/p>\n<p><img loading=\"lazy\" decoding=\"async\" class=\"aligncenter size-full wp-image-8047\" src=\"https:\/\/www.asajacyl.com\/soria\/wp-content\/uploads\/sites\/9\/2024\/05\/PHOTO-2024-05-03-11-08-38-sequia-agreda.jpg\" alt=\"\" width=\"899\" height=\"1599\" srcset=\"https:\/\/www.asajacyl.com\/soria\/wp-content\/uploads\/sites\/9\/2024\/05\/PHOTO-2024-05-03-11-08-38-sequia-agreda.jpg 899w, https:\/\/www.asajacyl.com\/soria\/wp-content\/uploads\/sites\/9\/2024\/05\/PHOTO-2024-05-03-11-08-38-sequia-agreda-169x300.jpg 169w, https:\/\/www.asajacyl.com\/soria\/wp-content\/uploads\/sites\/9\/2024\/05\/PHOTO-2024-05-03-11-08-38-sequia-agreda-576x1024.jpg 576w, https:\/\/www.asajacyl.com\/soria\/wp-content\/uploads\/sites\/9\/2024\/05\/PHOTO-2024-05-03-11-08-38-sequia-agreda-768x1366.jpg 768w, https:\/\/www.asajacyl.com\/soria\/wp-content\/uploads\/sites\/9\/2024\/05\/PHOTO-2024-05-03-11-08-38-sequia-agreda-864x1536.jpg 864w, https:\/\/www.asajacyl.com\/soria\/wp-content\/uploads\/sites\/9\/2024\/05\/PHOTO-2024-05-03-11-08-38-sequia-agreda-236x420.jpg 236w, https:\/\/www.asajacyl.com\/soria\/wp-content\/uploads\/sites\/9\/2024\/05\/PHOTO-2024-05-03-11-08-38-sequia-agreda-696x1238.jpg 696w\" sizes=\"(max-width: 899px) 100vw, 899px\" \/><strong><em>Foto tomada esta misma ma\u00f1ana de una finca de \u00c1greda.<\/em><\/strong><\/p>\n<p>La OPA anuncia que remitir\u00e1 una carta a los ayuntamientos afectados con el fin de ofrecer su apoyo en la demanda de un apoyo extraordinario para la petici\u00f3n de esta catalogaci\u00f3n.<\/p>\n<p>A la vez, ASAJA ha manifestado total prudencia a la hora de valorar cualquier proyecci\u00f3n de rendimientos pues todo est\u00e1 en el aire. La situaci\u00f3n actual es mejor que el desastroso a\u00f1o pasado, pero no hay nada que valorar en estos momentos. La compactaci\u00f3n del terreno por las excesivas lluvias pasadas, la imposibilidad de realizar algunos trabajos o la dificultad con que se han realizado, el par\u00f3n por las bajas temperaturas, la sanidad vegetal o la incertidumbre sobre el clima en las pr\u00f3ximas semanas cruciales, hacen imposible aventurar ning\u00fan tipo de resultado en estos momentos, concluye la OPA.<\/p>\n<p>\u00a0<\/p>\n<p>\u00a0<\/p>\n<p>\u00a0<\/p>\n","protected":false},"excerpt":{"rendered":"<p>La asociaci\u00f3n promueve la atenci\u00f3n sobre la zona de \u00c1greda y su declaraci\u00f3n de zona catastr\u00f3fica, gravemente afectada por la sequ\u00eda \u00a0ASAJA Soria ha acudido esta ma\u00f1ana a la Comisi\u00f3n Provincial de Estad\u00edstica del Servicio Territorial de Agricultura, Ganader\u00eda y Desarrollo Rural. En la reuni\u00f3n se han puesto de manifiesto las diferentes cuestiones que est\u00e1n [&hellip;]<\/p>\n","protected":false},"author":12,"featured_media":8047,"comment_status":"open","ping_status":"open","sticky":false,"template":"","format":"standard","meta":{"footnotes":""},"categories":[10,25],"tags":[],"yoast_head":"<!-- This site is optimized with the Yoast SEO plugin v24.5 - https:\/\/yoast.com\/wordpress\/plugins\/seo\/ -->\n<title>ASAJA Soria destaca en la Comisi\u00f3n Provincial de Estad\u00edstica la prudencia total ante la situaci\u00f3n de la campa\u00f1a del cereal - ASAJA Soria<\/title>\n<meta name=\"description\" content=\"La asociaci\u00f3n promueve la atenci\u00f3n sobre la zona de \u00c1greda y su declaraci\u00f3n de zona catastr\u00f3fica, gravemente afectada por la sequ\u00eda \u00a0ASAJA Soria ha\" \/>\n<meta name=\"robots\" content=\"index, follow, max-snippet:-1, max-image-preview:large, max-video-preview:-1\" \/>\n<link rel=\"canonical\" href=\"https:\/\/www.asajacyl.com\/soria\/asaja-soria-informa\/asaja-soria-destaca-en-la-comision-provincial-de-estadistica-la-prudencia-total-ante-la-situacion-de-la-campana-del-cereal\" \/>\n<meta property=\"og:locale\" content=\"es_ES\" \/>\n<meta property=\"og:type\" content=\"article\" \/>\n<meta property=\"og:title\" content=\"ASAJA Soria destaca en la Comisi\u00f3n Provincial de Estad\u00edstica la prudencia total ante la situaci\u00f3n de la campa\u00f1a del cereal - ASAJA Soria\" \/>\n<meta property=\"og:description\" content=\"La asociaci\u00f3n promueve la atenci\u00f3n sobre la zona de \u00c1greda y su declaraci\u00f3n de zona catastr\u00f3fica, gravemente afectada por la sequ\u00eda \u00a0ASAJA Soria ha\" \/>\n<meta property=\"og:url\" content=\"https:\/\/www.asajacyl.com\/soria\/asaja-soria-informa\/asaja-soria-destaca-en-la-comision-provincial-de-estadistica-la-prudencia-total-ante-la-situacion-de-la-campana-del-cereal\" \/>\n<meta property=\"og:site_name\" content=\"ASAJA Soria\" \/>\n<meta property=\"article:published_time\" content=\"2024-05-03T09:21:01+00:00\" \/>\n<meta property=\"article:modified_time\" content=\"2024-05-07T06:57:15+00:00\" \/>\n<meta property=\"og:image\" content=\"https:\/\/www.asajacyl.com\/soria\/wp-content\/uploads\/sites\/9\/2024\/05\/PHOTO-2024-05-03-11-08-38-sequia-agreda.jpg\" \/>\n\t<meta property=\"og:image:width\" content=\"899\" \/>\n\t<meta property=\"og:image:height\" content=\"1599\" \/>\n\t<meta property=\"og:image:type\" content=\"image\/jpeg\" \/>\n<meta name=\"author\" content=\"Juan Ignacio Prieto Nieto\" \/>\n<meta name=\"twitter:card\" content=\"summary_large_image\" \/>\n<meta name=\"twitter:label1\" content=\"Escrito por\" \/>\n\t<meta name=\"twitter:data1\" content=\"Juan Ignacio Prieto Nieto\" \/>\n\t<meta name=\"twitter:label2\" content=\"Tiempo de lectura\" \/>\n\t<meta name=\"twitter:data2\" content=\"3 minutos\" \/>\n<script type=\"application\/ld+json\" class=\"yoast-schema-graph\">{\"@context\":\"https:\/\/schema.org\",\"@graph\":[{\"@type\":\"WebPage\",\"@id\":\"https:\/\/www.asajacyl.com\/soria\/asaja-soria-informa\/asaja-soria-destaca-en-la-comision-provincial-de-estadistica-la-prudencia-total-ante-la-situacion-de-la-campana-del-cereal\",\"url\":\"https:\/\/www.asajacyl.com\/soria\/asaja-soria-informa\/asaja-soria-destaca-en-la-comision-provincial-de-estadistica-la-prudencia-total-ante-la-situacion-de-la-campana-del-cereal\",\"name\":\"ASAJA Soria destaca en la Comisi\u00f3n Provincial de Estad\u00edstica la prudencia total ante la situaci\u00f3n de la campa\u00f1a del cereal - ASAJA Soria\",\"isPartOf\":{\"@id\":\"https:\/\/www.asajacyl.com\/soria\/#website\"},\"primaryImageOfPage\":{\"@id\":\"https:\/\/www.asajacyl.com\/soria\/asaja-soria-informa\/asaja-soria-destaca-en-la-comision-provincial-de-estadistica-la-prudencia-total-ante-la-situacion-de-la-campana-del-cereal#primaryimage\"},\"image\":{\"@id\":\"https:\/\/www.asajacyl.com\/soria\/asaja-soria-informa\/asaja-soria-destaca-en-la-comision-provincial-de-estadistica-la-prudencia-total-ante-la-situacion-de-la-campana-del-cereal#primaryimage\"},\"thumbnailUrl\":\"https:\/\/www.asajacyl.com\/soria\/wp-content\/uploads\/sites\/9\/2024\/05\/PHOTO-2024-05-03-11-08-38-sequia-agreda.jpg\",\"datePublished\":\"2024-05-03T09:21:01+00:00\",\"dateModified\":\"2024-05-07T06:57:15+00:00\",\"author\":{\"@id\":\"https:\/\/www.asajacyl.com\/soria\/#\/schema\/person\/fd3081c40255119ce8133b87e6aedfab\"},\"description\":\"La asociaci\u00f3n promueve la atenci\u00f3n sobre la zona de \u00c1greda y su declaraci\u00f3n de zona catastr\u00f3fica, gravemente afectada por la sequ\u00eda \u00a0ASAJA Soria ha\",\"breadcrumb\":{\"@id\":\"https:\/\/www.asajacyl.com\/soria\/asaja-soria-informa\/asaja-soria-destaca-en-la-comision-provincial-de-estadistica-la-prudencia-total-ante-la-situacion-de-la-campana-del-cereal#breadcrumb\"},\"inLanguage\":\"es\",\"potentialAction\":[{\"@type\":\"ReadAction\",\"target\":[\"https:\/\/www.asajacyl.com\/soria\/asaja-soria-informa\/asaja-soria-destaca-en-la-comision-provincial-de-estadistica-la-prudencia-total-ante-la-situacion-de-la-campana-del-cereal\"]}]},{\"@type\":\"ImageObject\",\"inLanguage\":\"es\",\"@id\":\"https:\/\/www.asajacyl.com\/soria\/asaja-soria-informa\/asaja-soria-destaca-en-la-comision-provincial-de-estadistica-la-prudencia-total-ante-la-situacion-de-la-campana-del-cereal#primaryimage\",\"url\":\"https:\/\/www.asajacyl.com\/soria\/wp-content\/uploads\/sites\/9\/2024\/05\/PHOTO-2024-05-03-11-08-38-sequia-agreda.jpg\",\"contentUrl\":\"https:\/\/www.asajacyl.com\/soria\/wp-content\/uploads\/sites\/9\/2024\/05\/PHOTO-2024-05-03-11-08-38-sequia-agreda.jpg\",\"width\":899,\"height\":1599},{\"@type\":\"BreadcrumbList\",\"@id\":\"https:\/\/www.asajacyl.com\/soria\/asaja-soria-informa\/asaja-soria-destaca-en-la-comision-provincial-de-estadistica-la-prudencia-total-ante-la-situacion-de-la-campana-del-cereal#breadcrumb\",\"itemListElement\":[{\"@type\":\"ListItem\",\"position\":1,\"name\":\"Portada\",\"item\":\"https:\/\/www.asajacyl.com\/soria\/\"},{\"@type\":\"ListItem\",\"position\":2,\"name\":\"ASAJA Soria destaca en la Comisi\u00f3n Provincial de Estad\u00edstica la prudencia total ante la situaci\u00f3n de la campa\u00f1a del cereal\"}]},{\"@type\":\"WebSite\",\"@id\":\"https:\/\/www.asajacyl.com\/soria\/#website\",\"url\":\"https:\/\/www.asajacyl.com\/soria\/\",\"name\":\"ASAJA Soria\",\"description\":\"Otro sitio m\u00e1s de Provincias ASAJA Castilla y Le\u00f3n\",\"potentialAction\":[{\"@type\":\"SearchAction\",\"target\":{\"@type\":\"EntryPoint\",\"urlTemplate\":\"https:\/\/www.asajacyl.com\/soria\/?s={search_term_string}\"},\"query-input\":{\"@type\":\"PropertyValueSpecification\",\"valueRequired\":true,\"valueName\":\"search_term_string\"}}],\"inLanguage\":\"es\"},{\"@type\":\"Person\",\"@id\":\"https:\/\/www.asajacyl.com\/soria\/#\/schema\/person\/fd3081c40255119ce8133b87e6aedfab\",\"name\":\"Juan Ignacio Prieto Nieto\",\"image\":{\"@type\":\"ImageObject\",\"inLanguage\":\"es\",\"@id\":\"https:\/\/www.asajacyl.com\/soria\/#\/schema\/person\/image\/\",\"url\":\"https:\/\/secure.gravatar.com\/avatar\/8266b36e4d9001acb4700699a2468dc8?s=96&d=mm&r=g\",\"contentUrl\":\"https:\/\/secure.gravatar.com\/avatar\/8266b36e4d9001acb4700699a2468dc8?s=96&d=mm&r=g\",\"caption\":\"Juan Ignacio Prieto Nieto\"},\"url\":\"https:\/\/www.asajacyl.com\/soria\/author\/juanfranciscoby\"}]}<\/script>\n<!-- \/ Yoast SEO plugin. -->","yoast_head_json":{"title":"ASAJA Soria destaca en la Comisi\u00f3n Provincial de Estad\u00edstica la prudencia total ante la situaci\u00f3n de la campa\u00f1a del cereal - ASAJA Soria","description":"La asociaci\u00f3n promueve la atenci\u00f3n sobre la zona de \u00c1greda y su declaraci\u00f3n de zona catastr\u00f3fica, gravemente afectada por la sequ\u00eda \u00a0ASAJA Soria ha","robots":{"index":"index","follow":"follow","max-snippet":"max-snippet:-1","max-image-preview":"max-image-preview:large","max-video-preview":"max-video-preview:-1"},"canonical":"https:\/\/www.asajacyl.com\/soria\/asaja-soria-informa\/asaja-soria-destaca-en-la-comision-provincial-de-estadistica-la-prudencia-total-ante-la-situacion-de-la-campana-del-cereal","og_locale":"es_ES","og_type":"article","og_title":"ASAJA Soria destaca en la Comisi\u00f3n Provincial de Estad\u00edstica la prudencia total ante la situaci\u00f3n de la campa\u00f1a del cereal - ASAJA Soria","og_description":"La asociaci\u00f3n promueve la atenci\u00f3n sobre la zona de \u00c1greda y su declaraci\u00f3n de zona catastr\u00f3fica, gravemente afectada por la sequ\u00eda \u00a0ASAJA Soria ha","og_url":"https:\/\/www.asajacyl.com\/soria\/asaja-soria-informa\/asaja-soria-destaca-en-la-comision-provincial-de-estadistica-la-prudencia-total-ante-la-situacion-de-la-campana-del-cereal","og_site_name":"ASAJA Soria","article_published_time":"2024-05-03T09:21:01+00:00","article_modified_time":"2024-05-07T06:57:15+00:00","og_image":[{"width":899,"height":1599,"url":"https:\/\/www.asajacyl.com\/soria\/wp-content\/uploads\/sites\/9\/2024\/05\/PHOTO-2024-05-03-11-08-38-sequia-agreda.jpg","type":"image\/jpeg"}],"author":"Juan Ignacio Prieto Nieto","twitter_card":"summary_large_image","twitter_misc":{"Escrito por":"Juan Ignacio Prieto Nieto","Tiempo de lectura":"3 minutos"},"schema":{"@context":"https:\/\/schema.org","@graph":[{"@type":"WebPage","@id":"https:\/\/www.asajacyl.com\/soria\/asaja-soria-informa\/asaja-soria-destaca-en-la-comision-provincial-de-estadistica-la-prudencia-total-ante-la-situacion-de-la-campana-del-cereal","url":"https:\/\/www.asajacyl.com\/soria\/asaja-soria-informa\/asaja-soria-destaca-en-la-comision-provincial-de-estadistica-la-prudencia-total-ante-la-situacion-de-la-campana-del-cereal","name":"ASAJA Soria destaca en la Comisi\u00f3n Provincial de Estad\u00edstica la prudencia total ante la situaci\u00f3n de la campa\u00f1a del cereal - ASAJA Soria","isPartOf":{"@id":"https:\/\/www.asajacyl.com\/soria\/#website"},"primaryImageOfPage":{"@id":"https:\/\/www.asajacyl.com\/soria\/asaja-soria-informa\/asaja-soria-destaca-en-la-comision-provincial-de-estadistica-la-prudencia-total-ante-la-situacion-de-la-campana-del-cereal#primaryimage"},"image":{"@id":"https:\/\/www.asajacyl.com\/soria\/asaja-soria-informa\/asaja-soria-destaca-en-la-comision-provincial-de-estadistica-la-prudencia-total-ante-la-situacion-de-la-campana-del-cereal#primaryimage"},"thumbnailUrl":"https:\/\/www.asajacyl.com\/soria\/wp-content\/uploads\/sites\/9\/2024\/05\/PHOTO-2024-05-03-11-08-38-sequia-agreda.jpg","datePublished":"2024-05-03T09:21:01+00:00","dateModified":"2024-05-07T06:57:15+00:00","author":{"@id":"https:\/\/www.asajacyl.com\/soria\/#\/schema\/person\/fd3081c40255119ce8133b87e6aedfab"},"description":"La asociaci\u00f3n promueve la atenci\u00f3n sobre la zona de \u00c1greda y su declaraci\u00f3n de zona catastr\u00f3fica, gravemente afectada por la sequ\u00eda \u00a0ASAJA Soria ha","breadcrumb":{"@id":"https:\/\/www.asajacyl.com\/soria\/asaja-soria-informa\/asaja-soria-destaca-en-la-comision-provincial-de-estadistica-la-prudencia-total-ante-la-situacion-de-la-campana-del-cereal#breadcrumb"},"inLanguage":"es","potentialAction":[{"@type":"ReadAction","target":["https:\/\/www.asajacyl.com\/soria\/asaja-soria-informa\/asaja-soria-destaca-en-la-comision-provincial-de-estadistica-la-prudencia-total-ante-la-situacion-de-la-campana-del-cereal"]}]},{"@type":"ImageObject","inLanguage":"es","@id":"https:\/\/www.asajacyl.com\/soria\/asaja-soria-informa\/asaja-soria-destaca-en-la-comision-provincial-de-estadistica-la-prudencia-total-ante-la-situacion-de-la-campana-del-cereal#primaryimage","url":"https:\/\/www.asajacyl.com\/soria\/wp-content\/uploads\/sites\/9\/2024\/05\/PHOTO-2024-05-03-11-08-38-sequia-agreda.jpg","contentUrl":"https:\/\/www.asajacyl.com\/soria\/wp-content\/uploads\/sites\/9\/2024\/05\/PHOTO-2024-05-03-11-08-38-sequia-agreda.jpg","width":899,"height":1599},{"@type":"BreadcrumbList","@id":"https:\/\/www.asajacyl.com\/soria\/asaja-soria-informa\/asaja-soria-destaca-en-la-comision-provincial-de-estadistica-la-prudencia-total-ante-la-situacion-de-la-campana-del-cereal#breadcrumb","itemListElement":[{"@type":"ListItem","position":1,"name":"Portada","item":"https:\/\/www.asajacyl.com\/soria\/"},{"@type":"ListItem","position":2,"name":"ASAJA Soria destaca en la Comisi\u00f3n Provincial de Estad\u00edstica la prudencia total ante la situaci\u00f3n de la campa\u00f1a del cereal"}]},{"@type":"WebSite","@id":"https:\/\/www.asajacyl.com\/soria\/#website","url":"https:\/\/www.asajacyl.com\/soria\/","name":"ASAJA Soria","description":"Otro sitio m\u00e1s de Provincias ASAJA Castilla y Le\u00f3n","potentialAction":[{"@type":"SearchAction","target":{"@type":"EntryPoint","urlTemplate":"https:\/\/www.asajacyl.com\/soria\/?s={search_term_string}"},"query-input":{"@type":"PropertyValueSpecification","valueRequired":true,"valueName":"search_term_string"}}],"inLanguage":"es"},{"@type":"Person","@id":"https:\/\/www.asajacyl.com\/soria\/#\/schema\/person\/fd3081c40255119ce8133b87e6aedfab","name":"Juan Ignacio Prieto Nieto","image":{"@type":"ImageObject","inLanguage":"es","@id":"https:\/\/www.asajacyl.com\/soria\/#\/schema\/person\/image\/","url":"https:\/\/secure.gravatar.com\/avatar\/8266b36e4d9001acb4700699a2468dc8?s=96&d=mm&r=g","contentUrl":"https:\/\/secure.gravatar.com\/avatar\/8266b36e4d9001acb4700699a2468dc8?s=96&d=mm&r=g","caption":"Juan Ignacio Prieto Nieto"},"url":"https:\/\/www.asajacyl.com\/soria\/author\/juanfranciscoby"}]}},"_links":{"self":[{"href":"https:\/\/www.asajacyl.com\/soria\/wp-json\/wp\/v2\/posts\/8046"}],"collection":[{"href":"https:\/\/www.asajacyl.com\/soria\/wp-json\/wp\/v2\/posts"}],"about":[{"href":"https:\/\/www.asajacyl.com\/soria\/wp-json\/wp\/v2\/types\/post"}],"author":[{"embeddable":true,"href":"https:\/\/www.asajacyl.com\/soria\/wp-json\/wp\/v2\/users\/12"}],"replies":[{"embeddable":true,"href":"https:\/\/www.asajacyl.com\/soria\/wp-json\/wp\/v2\/comments?post=8046"}],"version-history":[{"count":2,"href":"https:\/\/www.asajacyl.com\/soria\/wp-json\/wp\/v2\/posts\/8046\/revisions"}],"predecessor-version":[{"id":8049,"href":"https:\/\/www.asajacyl.com\/soria\/wp-json\/wp\/v2\/posts\/8046\/revisions\/8049"}],"wp:featuredmedia":[{"embeddable":true,"href":"https:\/\/www.asajacyl.com\/soria\/wp-json\/wp\/v2\/media\/8047"}],"wp:attachment":[{"href":"https:\/\/www.asajacyl.com\/soria\/wp-json\/wp\/v2\/media?parent=8046"}],"wp:term":[{"taxonomy":"category","embeddable":true,"href":"https:\/\/www.asajacyl.com\/soria\/wp-json\/wp\/v2\/categories?post=8046"},{"taxonomy":"post_tag","embeddable":true,"href":"https:\/\/www.asajacyl.com\/soria\/wp-json\/wp\/v2\/tags?post=8046"}],"curies":[{"name":"wp","href":"https:\/\/api.w.org\/{rel}","templated":true}]}}