{"id":8060,"date":"2024-05-07T08:56:38","date_gmt":"2024-05-07T06:56:38","guid":{"rendered":"https:\/\/www.asajacyl.com\/soria\/?p=8060"},"modified":"2024-05-09T17:12:12","modified_gmt":"2024-05-09T15:12:12","slug":"el-tribunal-superior-de-justicia-de-castilla-y-leon-da-la-razon-a-asaja-soria-y-anula-la-resolucion-que-prohibio-la-cosecha-en-2022","status":"publish","type":"post","link":"https:\/\/www.asajacyl.com\/soria\/asaja-soria-informa\/el-tribunal-superior-de-justicia-de-castilla-y-leon-da-la-razon-a-asaja-soria-y-anula-la-resolucion-que-prohibio-la-cosecha-en-2022","title":{"rendered":"El Tribunal Superior de Justicia de Castilla y Le\u00f3n da la raz\u00f3n a ASAJA Soria y anula la resoluci\u00f3n que prohibi\u00f3 la cosecha en 2022"},"content":{"rendered":"\n\n\n<p><strong><em>El fallo estima el recurso contencioso interpuesto por la asociaci\u00f3n provincial<\/em><\/strong><\/p>\n<p>ASAJA Soria, en defensa de los agricultores y cosechadores, disconforme con la resoluci\u00f3n dictada por el director general de Patrimonio Natural y Pol\u00edtica Forestal por la que se prohib\u00edan las operaciones de cosechado del 16 al 19 de julio de 2022, decidi\u00f3 recurrir la citada medida.<\/p>\n<p>Toda vez que este recurso fue desestimado en primera instancia por la administraci\u00f3n regional, la junta directiva de ASAJA Soria decidi\u00f3 elevar al Tribunal Superior de Justicia de Castilla y Le\u00f3n el caso, recurriendo esta desestimaci\u00f3n siendo la parte demandada en el procedimiento la Administraci\u00f3n de la Comunidad de Castilla y Le\u00f3n.<\/p>\n<p>Tras casi dos a\u00f1os de lucha legal, en los que se ha tenido que instar al impulso judicial en varias ocasiones del proceso por las continuas demoras, tal vez estrat\u00e9gicamente deliberadas, al final se ha conocido el fallo.<\/p>\n<p>En \u00e9l, se estima el recurso contencioso-administrativo n\u00ba 1366\/2022 interpuesto por la representaci\u00f3n del Centro Provincial de J\u00f3venes Agricultores de Soria -ASAJA Soria-, contra todo el procedimiento administrativo que culminaba con la Resoluci\u00f3n dictada por el director general de Patrimonio Natural y Pol\u00edtica Forestal de fecha 15 de julio de 2022, por la que se incrementaba la situaci\u00f3n de riesgo meteorol\u00f3gico de incendios forestales declarando la situaci\u00f3n de alarma en la Comunidad Aut\u00f3noma de Castilla y Le\u00f3n del 16 al 19 de julio, y que prohib\u00eda la recolecci\u00f3n en estas fechas.<\/p>\n<p>Esta resoluci\u00f3n se considera nula por su disconformidad con el ordenamiento jur\u00eddico y por lo tanto del 16 al 19 de julio de 2022 no estaba prohibido cosechar.<\/p>\n<p>ASAJA Soria, en defensa de los intereses del colectivo agr\u00edcola, valora este fallo y agradece el trabajo desarrollado por el gabinete de D. \u00c1lvaro L\u00f3pez Molina y por el procurador D. \u00c1ngel Mu\u00f1oz Mu\u00f1oz.<\/p>\n<p>\u00a0<\/p>\n","protected":false},"excerpt":{"rendered":"<p>El fallo estima el recurso contencioso interpuesto por la asociaci\u00f3n provincial ASAJA Soria, en defensa de los agricultores y cosechadores, disconforme con la resoluci\u00f3n dictada por el director general de Patrimonio Natural y Pol\u00edtica Forestal por la que se prohib\u00edan las operaciones de cosechado del 16 al 19 de julio de 2022, decidi\u00f3 recurrir la [&hellip;]<\/p>\n","protected":false},"author":12,"featured_media":8061,"comment_status":"open","ping_status":"open","sticky":false,"template":"","format":"standard","meta":{"footnotes":""},"categories":[10,25],"tags":[],"yoast_head":"<!-- This site is optimized with the Yoast SEO plugin v24.5 - https:\/\/yoast.com\/wordpress\/plugins\/seo\/ -->\n<title>El Tribunal Superior de Justicia de Castilla y Le\u00f3n da la raz\u00f3n a ASAJA Soria y anula la resoluci\u00f3n que prohibi\u00f3 la cosecha en 2022 - ASAJA Soria<\/title>\n<meta name=\"description\" content=\"El fallo estima el recurso contencioso interpuesto por la asociaci\u00f3n provincial ASAJA Soria, en defensa de los agricultores y cosechadores, disconforme\" \/>\n<meta name=\"robots\" content=\"index, follow, max-snippet:-1, max-image-preview:large, max-video-preview:-1\" \/>\n<link rel=\"canonical\" href=\"https:\/\/www.asajacyl.com\/soria\/asaja-soria-informa\/el-tribunal-superior-de-justicia-de-castilla-y-leon-da-la-razon-a-asaja-soria-y-anula-la-resolucion-que-prohibio-la-cosecha-en-2022\" \/>\n<meta property=\"og:locale\" content=\"es_ES\" \/>\n<meta property=\"og:type\" content=\"article\" \/>\n<meta property=\"og:title\" content=\"El Tribunal Superior de Justicia de Castilla y Le\u00f3n da la raz\u00f3n a ASAJA Soria y anula la resoluci\u00f3n que prohibi\u00f3 la cosecha en 2022 - ASAJA Soria\" \/>\n<meta property=\"og:description\" content=\"El fallo estima el recurso contencioso interpuesto por la asociaci\u00f3n provincial ASAJA Soria, en defensa de los agricultores y cosechadores, disconforme\" \/>\n<meta property=\"og:url\" content=\"https:\/\/www.asajacyl.com\/soria\/asaja-soria-informa\/el-tribunal-superior-de-justicia-de-castilla-y-leon-da-la-razon-a-asaja-soria-y-anula-la-resolucion-que-prohibio-la-cosecha-en-2022\" \/>\n<meta property=\"og:site_name\" content=\"ASAJA Soria\" \/>\n<meta property=\"article:published_time\" content=\"2024-05-07T06:56:38+00:00\" \/>\n<meta property=\"article:modified_time\" content=\"2024-05-09T15:12:12+00:00\" \/>\n<meta property=\"og:image\" content=\"https:\/\/www.asajacyl.com\/soria\/wp-content\/uploads\/sites\/9\/2024\/05\/cosechando.jpg\" \/>\n\t<meta property=\"og:image:width\" content=\"2500\" \/>\n\t<meta property=\"og:image:height\" content=\"1875\" \/>\n\t<meta property=\"og:image:type\" content=\"image\/jpeg\" \/>\n<meta name=\"author\" content=\"Juan Ignacio Prieto Nieto\" \/>\n<meta name=\"twitter:card\" content=\"summary_large_image\" \/>\n<meta name=\"twitter:label1\" content=\"Escrito por\" \/>\n\t<meta name=\"twitter:data1\" content=\"Juan Ignacio Prieto Nieto\" \/>\n\t<meta name=\"twitter:label2\" content=\"Tiempo de lectura\" \/>\n\t<meta name=\"twitter:data2\" content=\"2 minutos\" \/>\n<script type=\"application\/ld+json\" class=\"yoast-schema-graph\">{\"@context\":\"https:\/\/schema.org\",\"@graph\":[{\"@type\":\"WebPage\",\"@id\":\"https:\/\/www.asajacyl.com\/soria\/asaja-soria-informa\/el-tribunal-superior-de-justicia-de-castilla-y-leon-da-la-razon-a-asaja-soria-y-anula-la-resolucion-que-prohibio-la-cosecha-en-2022\",\"url\":\"https:\/\/www.asajacyl.com\/soria\/asaja-soria-informa\/el-tribunal-superior-de-justicia-de-castilla-y-leon-da-la-razon-a-asaja-soria-y-anula-la-resolucion-que-prohibio-la-cosecha-en-2022\",\"name\":\"El Tribunal Superior de Justicia de Castilla y Le\u00f3n da la raz\u00f3n a ASAJA Soria y anula la resoluci\u00f3n que prohibi\u00f3 la cosecha en 2022 - ASAJA Soria\",\"isPartOf\":{\"@id\":\"https:\/\/www.asajacyl.com\/soria\/#website\"},\"primaryImageOfPage\":{\"@id\":\"https:\/\/www.asajacyl.com\/soria\/asaja-soria-informa\/el-tribunal-superior-de-justicia-de-castilla-y-leon-da-la-razon-a-asaja-soria-y-anula-la-resolucion-que-prohibio-la-cosecha-en-2022#primaryimage\"},\"image\":{\"@id\":\"https:\/\/www.asajacyl.com\/soria\/asaja-soria-informa\/el-tribunal-superior-de-justicia-de-castilla-y-leon-da-la-razon-a-asaja-soria-y-anula-la-resolucion-que-prohibio-la-cosecha-en-2022#primaryimage\"},\"thumbnailUrl\":\"https:\/\/www.asajacyl.com\/soria\/wp-content\/uploads\/sites\/9\/2024\/05\/cosechando.jpg\",\"datePublished\":\"2024-05-07T06:56:38+00:00\",\"dateModified\":\"2024-05-09T15:12:12+00:00\",\"author\":{\"@id\":\"https:\/\/www.asajacyl.com\/soria\/#\/schema\/person\/fd3081c40255119ce8133b87e6aedfab\"},\"description\":\"El fallo estima el recurso contencioso interpuesto por la asociaci\u00f3n provincial ASAJA Soria, en defensa de los agricultores y cosechadores, disconforme\",\"breadcrumb\":{\"@id\":\"https:\/\/www.asajacyl.com\/soria\/asaja-soria-informa\/el-tribunal-superior-de-justicia-de-castilla-y-leon-da-la-razon-a-asaja-soria-y-anula-la-resolucion-que-prohibio-la-cosecha-en-2022#breadcrumb\"},\"inLanguage\":\"es\",\"potentialAction\":[{\"@type\":\"ReadAction\",\"target\":[\"https:\/\/www.asajacyl.com\/soria\/asaja-soria-informa\/el-tribunal-superior-de-justicia-de-castilla-y-leon-da-la-razon-a-asaja-soria-y-anula-la-resolucion-que-prohibio-la-cosecha-en-2022\"]}]},{\"@type\":\"ImageObject\",\"inLanguage\":\"es\",\"@id\":\"https:\/\/www.asajacyl.com\/soria\/asaja-soria-informa\/el-tribunal-superior-de-justicia-de-castilla-y-leon-da-la-razon-a-asaja-soria-y-anula-la-resolucion-que-prohibio-la-cosecha-en-2022#primaryimage\",\"url\":\"https:\/\/www.asajacyl.com\/soria\/wp-content\/uploads\/sites\/9\/2024\/05\/cosechando.jpg\",\"contentUrl\":\"https:\/\/www.asajacyl.com\/soria\/wp-content\/uploads\/sites\/9\/2024\/05\/cosechando.jpg\",\"width\":2500,\"height\":1875},{\"@type\":\"BreadcrumbList\",\"@id\":\"https:\/\/www.asajacyl.com\/soria\/asaja-soria-informa\/el-tribunal-superior-de-justicia-de-castilla-y-leon-da-la-razon-a-asaja-soria-y-anula-la-resolucion-que-prohibio-la-cosecha-en-2022#breadcrumb\",\"itemListElement\":[{\"@type\":\"ListItem\",\"position\":1,\"name\":\"Portada\",\"item\":\"https:\/\/www.asajacyl.com\/soria\/\"},{\"@type\":\"ListItem\",\"position\":2,\"name\":\"El Tribunal Superior de Justicia de Castilla y Le\u00f3n da la raz\u00f3n a ASAJA Soria y anula la resoluci\u00f3n que prohibi\u00f3 la cosecha en 2022\"}]},{\"@type\":\"WebSite\",\"@id\":\"https:\/\/www.asajacyl.com\/soria\/#website\",\"url\":\"https:\/\/www.asajacyl.com\/soria\/\",\"name\":\"ASAJA Soria\",\"description\":\"Otro sitio m\u00e1s de Provincias ASAJA Castilla y Le\u00f3n\",\"potentialAction\":[{\"@type\":\"SearchAction\",\"target\":{\"@type\":\"EntryPoint\",\"urlTemplate\":\"https:\/\/www.asajacyl.com\/soria\/?s={search_term_string}\"},\"query-input\":{\"@type\":\"PropertyValueSpecification\",\"valueRequired\":true,\"valueName\":\"search_term_string\"}}],\"inLanguage\":\"es\"},{\"@type\":\"Person\",\"@id\":\"https:\/\/www.asajacyl.com\/soria\/#\/schema\/person\/fd3081c40255119ce8133b87e6aedfab\",\"name\":\"Juan Ignacio Prieto Nieto\",\"image\":{\"@type\":\"ImageObject\",\"inLanguage\":\"es\",\"@id\":\"https:\/\/www.asajacyl.com\/soria\/#\/schema\/person\/image\/\",\"url\":\"https:\/\/secure.gravatar.com\/avatar\/8266b36e4d9001acb4700699a2468dc8?s=96&d=mm&r=g\",\"contentUrl\":\"https:\/\/secure.gravatar.com\/avatar\/8266b36e4d9001acb4700699a2468dc8?s=96&d=mm&r=g\",\"caption\":\"Juan Ignacio Prieto Nieto\"},\"url\":\"https:\/\/www.asajacyl.com\/soria\/author\/juanfranciscoby\"}]}<\/script>\n<!-- \/ Yoast SEO plugin. -->","yoast_head_json":{"title":"El Tribunal Superior de Justicia de Castilla y Le\u00f3n da la raz\u00f3n a ASAJA Soria y anula la resoluci\u00f3n que prohibi\u00f3 la cosecha en 2022 - ASAJA Soria","description":"El fallo estima el recurso contencioso interpuesto por la asociaci\u00f3n provincial ASAJA Soria, en defensa de los agricultores y cosechadores, disconforme","robots":{"index":"index","follow":"follow","max-snippet":"max-snippet:-1","max-image-preview":"max-image-preview:large","max-video-preview":"max-video-preview:-1"},"canonical":"https:\/\/www.asajacyl.com\/soria\/asaja-soria-informa\/el-tribunal-superior-de-justicia-de-castilla-y-leon-da-la-razon-a-asaja-soria-y-anula-la-resolucion-que-prohibio-la-cosecha-en-2022","og_locale":"es_ES","og_type":"article","og_title":"El Tribunal Superior de Justicia de Castilla y Le\u00f3n da la raz\u00f3n a ASAJA Soria y anula la resoluci\u00f3n que prohibi\u00f3 la cosecha en 2022 - ASAJA Soria","og_description":"El fallo estima el recurso contencioso interpuesto por la asociaci\u00f3n provincial ASAJA Soria, en defensa de los agricultores y cosechadores, disconforme","og_url":"https:\/\/www.asajacyl.com\/soria\/asaja-soria-informa\/el-tribunal-superior-de-justicia-de-castilla-y-leon-da-la-razon-a-asaja-soria-y-anula-la-resolucion-que-prohibio-la-cosecha-en-2022","og_site_name":"ASAJA Soria","article_published_time":"2024-05-07T06:56:38+00:00","article_modified_time":"2024-05-09T15:12:12+00:00","og_image":[{"width":2500,"height":1875,"url":"https:\/\/www.asajacyl.com\/soria\/wp-content\/uploads\/sites\/9\/2024\/05\/cosechando.jpg","type":"image\/jpeg"}],"author":"Juan Ignacio Prieto Nieto","twitter_card":"summary_large_image","twitter_misc":{"Escrito por":"Juan Ignacio Prieto Nieto","Tiempo de lectura":"2 minutos"},"schema":{"@context":"https:\/\/schema.org","@graph":[{"@type":"WebPage","@id":"https:\/\/www.asajacyl.com\/soria\/asaja-soria-informa\/el-tribunal-superior-de-justicia-de-castilla-y-leon-da-la-razon-a-asaja-soria-y-anula-la-resolucion-que-prohibio-la-cosecha-en-2022","url":"https:\/\/www.asajacyl.com\/soria\/asaja-soria-informa\/el-tribunal-superior-de-justicia-de-castilla-y-leon-da-la-razon-a-asaja-soria-y-anula-la-resolucion-que-prohibio-la-cosecha-en-2022","name":"El Tribunal Superior de Justicia de Castilla y Le\u00f3n da la raz\u00f3n a ASAJA Soria y anula la resoluci\u00f3n que prohibi\u00f3 la cosecha en 2022 - ASAJA Soria","isPartOf":{"@id":"https:\/\/www.asajacyl.com\/soria\/#website"},"primaryImageOfPage":{"@id":"https:\/\/www.asajacyl.com\/soria\/asaja-soria-informa\/el-tribunal-superior-de-justicia-de-castilla-y-leon-da-la-razon-a-asaja-soria-y-anula-la-resolucion-que-prohibio-la-cosecha-en-2022#primaryimage"},"image":{"@id":"https:\/\/www.asajacyl.com\/soria\/asaja-soria-informa\/el-tribunal-superior-de-justicia-de-castilla-y-leon-da-la-razon-a-asaja-soria-y-anula-la-resolucion-que-prohibio-la-cosecha-en-2022#primaryimage"},"thumbnailUrl":"https:\/\/www.asajacyl.com\/soria\/wp-content\/uploads\/sites\/9\/2024\/05\/cosechando.jpg","datePublished":"2024-05-07T06:56:38+00:00","dateModified":"2024-05-09T15:12:12+00:00","author":{"@id":"https:\/\/www.asajacyl.com\/soria\/#\/schema\/person\/fd3081c40255119ce8133b87e6aedfab"},"description":"El fallo estima el recurso contencioso interpuesto por la asociaci\u00f3n provincial ASAJA Soria, en defensa de los agricultores y cosechadores, disconforme","breadcrumb":{"@id":"https:\/\/www.asajacyl.com\/soria\/asaja-soria-informa\/el-tribunal-superior-de-justicia-de-castilla-y-leon-da-la-razon-a-asaja-soria-y-anula-la-resolucion-que-prohibio-la-cosecha-en-2022#breadcrumb"},"inLanguage":"es","potentialAction":[{"@type":"ReadAction","target":["https:\/\/www.asajacyl.com\/soria\/asaja-soria-informa\/el-tribunal-superior-de-justicia-de-castilla-y-leon-da-la-razon-a-asaja-soria-y-anula-la-resolucion-que-prohibio-la-cosecha-en-2022"]}]},{"@type":"ImageObject","inLanguage":"es","@id":"https:\/\/www.asajacyl.com\/soria\/asaja-soria-informa\/el-tribunal-superior-de-justicia-de-castilla-y-leon-da-la-razon-a-asaja-soria-y-anula-la-resolucion-que-prohibio-la-cosecha-en-2022#primaryimage","url":"https:\/\/www.asajacyl.com\/soria\/wp-content\/uploads\/sites\/9\/2024\/05\/cosechando.jpg","contentUrl":"https:\/\/www.asajacyl.com\/soria\/wp-content\/uploads\/sites\/9\/2024\/05\/cosechando.jpg","width":2500,"height":1875},{"@type":"BreadcrumbList","@id":"https:\/\/www.asajacyl.com\/soria\/asaja-soria-informa\/el-tribunal-superior-de-justicia-de-castilla-y-leon-da-la-razon-a-asaja-soria-y-anula-la-resolucion-que-prohibio-la-cosecha-en-2022#breadcrumb","itemListElement":[{"@type":"ListItem","position":1,"name":"Portada","item":"https:\/\/www.asajacyl.com\/soria\/"},{"@type":"ListItem","position":2,"name":"El Tribunal Superior de Justicia de Castilla y Le\u00f3n da la raz\u00f3n a ASAJA Soria y anula la resoluci\u00f3n que prohibi\u00f3 la cosecha en 2022"}]},{"@type":"WebSite","@id":"https:\/\/www.asajacyl.com\/soria\/#website","url":"https:\/\/www.asajacyl.com\/soria\/","name":"ASAJA Soria","description":"Otro sitio m\u00e1s de Provincias ASAJA Castilla y Le\u00f3n","potentialAction":[{"@type":"SearchAction","target":{"@type":"EntryPoint","urlTemplate":"https:\/\/www.asajacyl.com\/soria\/?s={search_term_string}"},"query-input":{"@type":"PropertyValueSpecification","valueRequired":true,"valueName":"search_term_string"}}],"inLanguage":"es"},{"@type":"Person","@id":"https:\/\/www.asajacyl.com\/soria\/#\/schema\/person\/fd3081c40255119ce8133b87e6aedfab","name":"Juan Ignacio Prieto Nieto","image":{"@type":"ImageObject","inLanguage":"es","@id":"https:\/\/www.asajacyl.com\/soria\/#\/schema\/person\/image\/","url":"https:\/\/secure.gravatar.com\/avatar\/8266b36e4d9001acb4700699a2468dc8?s=96&d=mm&r=g","contentUrl":"https:\/\/secure.gravatar.com\/avatar\/8266b36e4d9001acb4700699a2468dc8?s=96&d=mm&r=g","caption":"Juan Ignacio Prieto Nieto"},"url":"https:\/\/www.asajacyl.com\/soria\/author\/juanfranciscoby"}]}},"_links":{"self":[{"href":"https:\/\/www.asajacyl.com\/soria\/wp-json\/wp\/v2\/posts\/8060"}],"collection":[{"href":"https:\/\/www.asajacyl.com\/soria\/wp-json\/wp\/v2\/posts"}],"about":[{"href":"https:\/\/www.asajacyl.com\/soria\/wp-json\/wp\/v2\/types\/post"}],"author":[{"embeddable":true,"href":"https:\/\/www.asajacyl.com\/soria\/wp-json\/wp\/v2\/users\/12"}],"replies":[{"embeddable":true,"href":"https:\/\/www.asajacyl.com\/soria\/wp-json\/wp\/v2\/comments?post=8060"}],"version-history":[{"count":1,"href":"https:\/\/www.asajacyl.com\/soria\/wp-json\/wp\/v2\/posts\/8060\/revisions"}],"predecessor-version":[{"id":8062,"href":"https:\/\/www.asajacyl.com\/soria\/wp-json\/wp\/v2\/posts\/8060\/revisions\/8062"}],"wp:featuredmedia":[{"embeddable":true,"href":"https:\/\/www.asajacyl.com\/soria\/wp-json\/wp\/v2\/media\/8061"}],"wp:attachment":[{"href":"https:\/\/www.asajacyl.com\/soria\/wp-json\/wp\/v2\/media?parent=8060"}],"wp:term":[{"taxonomy":"category","embeddable":true,"href":"https:\/\/www.asajacyl.com\/soria\/wp-json\/wp\/v2\/categories?post=8060"},{"taxonomy":"post_tag","embeddable":true,"href":"https:\/\/www.asajacyl.com\/soria\/wp-json\/wp\/v2\/tags?post=8060"}],"curies":[{"name":"wp","href":"https:\/\/api.w.org\/{rel}","templated":true}]}}