{"id":8074,"date":"2024-05-09T17:39:56","date_gmt":"2024-05-09T15:39:56","guid":{"rendered":"https:\/\/www.asajacyl.com\/soria\/?p=8074"},"modified":"2024-05-14T14:35:04","modified_gmt":"2024-05-14T12:35:04","slug":"asaja-soria-celebra-su-asamblea-general-con-la-vista-puesta-en-el-trabajo-diario-para-mejorar-las-perspectivas-de-futuro-en-el-campo","status":"publish","type":"post","link":"https:\/\/www.asajacyl.com\/soria\/asaja-soria-informa\/asaja-soria-celebra-su-asamblea-general-con-la-vista-puesta-en-el-trabajo-diario-para-mejorar-las-perspectivas-de-futuro-en-el-campo","title":{"rendered":"ASAJA Soria celebra su asamblea general con la vista puesta en el trabajo diario para mejorar las perspectivas de futuro en el campo"},"content":{"rendered":"\n\n\n\n\n<p><strong><em>La intensa actividad reivindicativa, los precios de los medios de producci\u00f3n y la PAC marcaron gran parte de la reuni\u00f3n <\/em><\/strong><\/p>\n<p>ASAJA Soria ha celebrado esta ma\u00f1ana de jueves su asamblea general ordinaria en el sal\u00f3n de actos de la Delegaci\u00f3n Territorial de la Junta de Castilla y Le\u00f3n. En la que es la reuni\u00f3n m\u00e1s importante del a\u00f1o entre los socios de la organizaci\u00f3n profesional agraria, se ha llevado a cabo la habitual lectura del acta de la asamblea anterior, a cargo del secretario general, Alejandro Aguado, adem\u00e1s del balance de cuentas del ejercicio pasado y la presentaci\u00f3n del presupuesto del actual por parte del tesorero de la OPA, Sergio Moreno. Asimismo, se abord\u00f3 el balance de la actividad reivindicativa de los \u00faltimos 12 meses. Durante este per\u00edodo, ASAJA Soria ha mantenido el liderazgo en la defensa de los intereses agrarios, en unos meses extraordinariamente complicados para el sector, como ha explicado pormenorizadamente la presidenta, Ana Pastor.<\/p>\n<p>Tambi\u00e9n ha comentado que el principal inter\u00e9s siempre ser\u00e1 el bien com\u00fan del campo provincial y ha asegurado que la junta directiva, cada vez con gente m\u00e1s joven y preparada, \u201cmantiene la ilusi\u00f3n de trabajar por un campo cada d\u00eda mejor, con menos trabas y m\u00e1s competitivo\u201d, y\u00a0 asegur\u00f3 que \u201cen todo este a\u00f1o entre asamblea y asamblea se ha luchado por los asuntos m\u00e1s importantes para nuestras explotaciones, ya sea la rentabilidad en general de los cereales y el girasol, las medidas fiscales, los precios ganaderos, el seguro agrario, la sanidad de los cultivos, el medio ambiente, la seguridad social, la PAC, el control cineg\u00e9tico, las importaciones sin control, etc\u00e9tera\u201d.<\/p>\n<p><img loading=\"lazy\" decoding=\"async\" class=\"aligncenter size-full wp-image-8076\" src=\"https:\/\/www.asajacyl.com\/soria\/wp-content\/uploads\/sites\/9\/2024\/05\/asamblea-0.jpg\" alt=\"\" width=\"1536\" height=\"2048\" srcset=\"https:\/\/www.asajacyl.com\/soria\/wp-content\/uploads\/sites\/9\/2024\/05\/asamblea-0.jpg 1536w, https:\/\/www.asajacyl.com\/soria\/wp-content\/uploads\/sites\/9\/2024\/05\/asamblea-0-225x300.jpg 225w, https:\/\/www.asajacyl.com\/soria\/wp-content\/uploads\/sites\/9\/2024\/05\/asamblea-0-768x1024.jpg 768w, https:\/\/www.asajacyl.com\/soria\/wp-content\/uploads\/sites\/9\/2024\/05\/asamblea-0-1152x1536.jpg 1152w, https:\/\/www.asajacyl.com\/soria\/wp-content\/uploads\/sites\/9\/2024\/05\/asamblea-0-315x420.jpg 315w, https:\/\/www.asajacyl.com\/soria\/wp-content\/uploads\/sites\/9\/2024\/05\/asamblea-0-696x928.jpg 696w, https:\/\/www.asajacyl.com\/soria\/wp-content\/uploads\/sites\/9\/2024\/05\/asamblea-0-1068x1424.jpg 1068w\" sizes=\"(max-width: 1536px) 100vw, 1536px\" \/><\/p>\n<p>En la asamblea ha quedado patente una edici\u00f3n m\u00e1s que ASAJA es una organizaci\u00f3n que vela para que sus asociados tengan la mejor defensa para poder continuar su labor diaria en el campo; todo ello con una nueva exhibici\u00f3n de unidad entre los cerca de 200 asistentes.<\/p>\n<p>Asisti\u00f3 a esta asamblea el presidente de ASAJA en Castilla y Le\u00f3n, Donaciano Dujo, quien solicit\u00f3 a los profesionales de la agroganader\u00eda presentes que no escatimasen en ning\u00fan momento ayuda y confianza en el proyecto de Ana Pastor, para que Soria siga siendo un referente en el tema reivindicativo en Castilla y Le\u00f3n y en Espa\u00f1a.<\/p>\n<p><img loading=\"lazy\" decoding=\"async\" class=\"aligncenter size-full wp-image-8077\" src=\"https:\/\/www.asajacyl.com\/soria\/wp-content\/uploads\/sites\/9\/2024\/05\/asamblea-1.jpg\" alt=\"\" width=\"2016\" height=\"1512\" srcset=\"https:\/\/www.asajacyl.com\/soria\/wp-content\/uploads\/sites\/9\/2024\/05\/asamblea-1.jpg 2016w, https:\/\/www.asajacyl.com\/soria\/wp-content\/uploads\/sites\/9\/2024\/05\/asamblea-1-300x225.jpg 300w, https:\/\/www.asajacyl.com\/soria\/wp-content\/uploads\/sites\/9\/2024\/05\/asamblea-1-1024x768.jpg 1024w, https:\/\/www.asajacyl.com\/soria\/wp-content\/uploads\/sites\/9\/2024\/05\/asamblea-1-768x576.jpg 768w, https:\/\/www.asajacyl.com\/soria\/wp-content\/uploads\/sites\/9\/2024\/05\/asamblea-1-1536x1152.jpg 1536w, https:\/\/www.asajacyl.com\/soria\/wp-content\/uploads\/sites\/9\/2024\/05\/asamblea-1-560x420.jpg 560w, https:\/\/www.asajacyl.com\/soria\/wp-content\/uploads\/sites\/9\/2024\/05\/asamblea-1-80x60.jpg 80w, https:\/\/www.asajacyl.com\/soria\/wp-content\/uploads\/sites\/9\/2024\/05\/asamblea-1-696x522.jpg 696w, https:\/\/www.asajacyl.com\/soria\/wp-content\/uploads\/sites\/9\/2024\/05\/asamblea-1-1068x801.jpg 1068w, https:\/\/www.asajacyl.com\/soria\/wp-content\/uploads\/sites\/9\/2024\/05\/asamblea-1-1920x1440.jpg 1920w\" sizes=\"(max-width: 2016px) 100vw, 2016px\" \/><\/p>\n<p>Asimismo, el m\u00e1ximo responsable regional de la organizaci\u00f3n se dirigi\u00f3 a los profesionales del campo que se hab\u00edan citado en la sede de la Junta en Soria para lamentar que no haya cambios en materia de Seguridad Social o Hacienda o que \u201cen el seguro agrario sean todo promesas\u201d. Con esta situaci\u00f3n, Dujo considera que la legislatura que ahora acaba en el Parlamento Europeo y la Comisi\u00f3n ha sido \u201cla peor legislatura de la historia para la ganader\u00eda y la agricultura de Europa, de Espa\u00f1a y de Castilla y Le\u00f3n\u201d.<\/p>\n<p>A la vez, ha apuntado que espera que los nuevos eurodiputados hayan tomado nota de las \u201cmovilizaciones de los agricultores y cambien la PAC para logar la soberan\u00eda alimentaria. Los que salgan elegidos en las elecciones europeas deben ayudar a los agricultores para producir alimentos en libertad, con calidad y cantidad, para no depender de terceros. Dujo no ocult\u00f3, por otra parte, que es optimista. Un optimismo con un \u201ccampo bien presentado y una buena primavera para los pastos que no quita para reconocer p\u00fablicamente que necesitamos una buena cosecha para igualar los gastos. La falta de rentabilidad contin\u00faa siendo el gran problema de un sector para el que los pr\u00f3ximos dos meses son clave. Necesitamos lluvias y que no vengan m\u00e1s heladas\u201d.<\/p>\n<p><img loading=\"lazy\" decoding=\"async\" class=\"aligncenter size-full wp-image-8078\" src=\"https:\/\/www.asajacyl.com\/soria\/wp-content\/uploads\/sites\/9\/2024\/05\/asamblea-2.jpg\" alt=\"\" width=\"1863\" height=\"2500\" srcset=\"https:\/\/www.asajacyl.com\/soria\/wp-content\/uploads\/sites\/9\/2024\/05\/asamblea-2.jpg 1863w, https:\/\/www.asajacyl.com\/soria\/wp-content\/uploads\/sites\/9\/2024\/05\/asamblea-2-224x300.jpg 224w, https:\/\/www.asajacyl.com\/soria\/wp-content\/uploads\/sites\/9\/2024\/05\/asamblea-2-763x1024.jpg 763w, https:\/\/www.asajacyl.com\/soria\/wp-content\/uploads\/sites\/9\/2024\/05\/asamblea-2-768x1031.jpg 768w, https:\/\/www.asajacyl.com\/soria\/wp-content\/uploads\/sites\/9\/2024\/05\/asamblea-2-1145x1536.jpg 1145w, https:\/\/www.asajacyl.com\/soria\/wp-content\/uploads\/sites\/9\/2024\/05\/asamblea-2-1526x2048.jpg 1526w, https:\/\/www.asajacyl.com\/soria\/wp-content\/uploads\/sites\/9\/2024\/05\/asamblea-2-313x420.jpg 313w, https:\/\/www.asajacyl.com\/soria\/wp-content\/uploads\/sites\/9\/2024\/05\/asamblea-2-696x934.jpg 696w, https:\/\/www.asajacyl.com\/soria\/wp-content\/uploads\/sites\/9\/2024\/05\/asamblea-2-1068x1433.jpg 1068w\" sizes=\"(max-width: 1863px) 100vw, 1863px\" \/><\/p>\n<p>A la vez, elogi\u00f3 la labor de los t\u00e9cnicos de ASAJA Soria y del resto de la regi\u00f3n en todo lo referente a la tramitaci\u00f3n de la PAC. En este sentido, argument\u00f3 que \u201ces una barbaridad y no tiene sentido. Con este panorama lo que pedimos es flexibilidad en la PAC para que no nos obliguen a gastar de m\u00e1s. Es evidente que es m\u00e1s medioambientalista, con menos dinero y m\u00e1s restrictiva. El campo no quiere esta PAC y los responsables pol\u00edticos ya se pueden poner a trabajar en serio en su dise\u00f1o para que la PAC 2028-2034 sea diferente\u201d.<\/p>\n<p>Dujo mencion\u00f3 un sinf\u00edn de asuntos de actualidad y confes\u00f3 que todo el sector debe tener en cuenta que se han conseguido cosas con las manifestaciones, si bien asever\u00f3 que \u201cen el caso de la PAC es la letra peque\u00f1a, por ejemplo, y por eso ASAJA no ha firmado el acuerdo con el ministro Planas. Vamos a seguir en la calle y para ello cuento con los socios, para que se movilicen y para defender a la organizaci\u00f3n, que es en realidad defenderse a s\u00ed mismos\u201d.<\/p>\n<p><img loading=\"lazy\" decoding=\"async\" class=\"aligncenter size-full wp-image-8079\" src=\"https:\/\/www.asajacyl.com\/soria\/wp-content\/uploads\/sites\/9\/2024\/05\/asamblea-fin.jpg\" alt=\"\" width=\"1504\" height=\"2016\" srcset=\"https:\/\/www.asajacyl.com\/soria\/wp-content\/uploads\/sites\/9\/2024\/05\/asamblea-fin.jpg 1504w, https:\/\/www.asajacyl.com\/soria\/wp-content\/uploads\/sites\/9\/2024\/05\/asamblea-fin-224x300.jpg 224w, https:\/\/www.asajacyl.com\/soria\/wp-content\/uploads\/sites\/9\/2024\/05\/asamblea-fin-764x1024.jpg 764w, https:\/\/www.asajacyl.com\/soria\/wp-content\/uploads\/sites\/9\/2024\/05\/asamblea-fin-768x1029.jpg 768w, https:\/\/www.asajacyl.com\/soria\/wp-content\/uploads\/sites\/9\/2024\/05\/asamblea-fin-1146x1536.jpg 1146w, https:\/\/www.asajacyl.com\/soria\/wp-content\/uploads\/sites\/9\/2024\/05\/asamblea-fin-313x420.jpg 313w, https:\/\/www.asajacyl.com\/soria\/wp-content\/uploads\/sites\/9\/2024\/05\/asamblea-fin-696x933.jpg 696w, https:\/\/www.asajacyl.com\/soria\/wp-content\/uploads\/sites\/9\/2024\/05\/asamblea-fin-1068x1432.jpg 1068w\" sizes=\"(max-width: 1504px) 100vw, 1504px\" \/><\/p>\n<p>Por \u00faltimo, no descart\u00f3 nuevas manifestaciones en fechas pr\u00f3ximas: \u201cTodo depender\u00e1, del resultado del Foro de la Ganader\u00eda Extensiva, que tendr\u00e1 lugar la pr\u00f3xima semana en Toledo, donde el sector se reunir\u00e1 con el Ministerio y las Comunidades Aut\u00f3nomas. Si ah\u00ed no se alcanza un acuerdo, la manifestaci\u00f3n podr\u00eda ser convocada inmediatamente, aunque centrada en el sector ganadero ya que los agricultores se encuentran en temporada alta de trabajo\u201d. \u00a0Todo ello despu\u00e9s de matizar que esta organizaci\u00f3n \u201cest\u00e1 d\u00eda a d\u00eda al pie del ca\u00f1\u00f3n, buscando soluciones en com\u00fan, batallando, colaborando, dando su punto de vista para mejorar el sector, pero con los pies en el suelo, sin demagogias\u201d.<\/p>\n","protected":false},"excerpt":{"rendered":"<p>La intensa actividad reivindicativa, los precios de los medios de producci\u00f3n y la PAC marcaron gran parte de la reuni\u00f3n ASAJA Soria ha celebrado esta ma\u00f1ana de jueves su asamblea general ordinaria en el sal\u00f3n de actos de la Delegaci\u00f3n Territorial de la Junta de Castilla y Le\u00f3n. En la que es la reuni\u00f3n m\u00e1s [&hellip;]<\/p>\n","protected":false},"author":12,"featured_media":8082,"comment_status":"open","ping_status":"open","sticky":false,"template":"","format":"standard","meta":{"footnotes":""},"categories":[10,25],"tags":[],"yoast_head":"<!-- This site is optimized with the Yoast SEO plugin v24.5 - https:\/\/yoast.com\/wordpress\/plugins\/seo\/ -->\n<title>ASAJA Soria celebra su asamblea general con la vista puesta en el trabajo diario para mejorar las perspectivas de futuro en el campo - ASAJA Soria<\/title>\n<meta name=\"description\" content=\"La intensa actividad reivindicativa, los precios de los medios de producci\u00f3n y la PAC marcaron gran parte de la reuni\u00f3n ASAJA Soria ha celebrado esta\" \/>\n<meta name=\"robots\" content=\"index, follow, max-snippet:-1, max-image-preview:large, max-video-preview:-1\" \/>\n<link rel=\"canonical\" href=\"https:\/\/www.asajacyl.com\/soria\/asaja-soria-informa\/asaja-soria-celebra-su-asamblea-general-con-la-vista-puesta-en-el-trabajo-diario-para-mejorar-las-perspectivas-de-futuro-en-el-campo\" \/>\n<meta property=\"og:locale\" content=\"es_ES\" \/>\n<meta property=\"og:type\" content=\"article\" \/>\n<meta property=\"og:title\" content=\"ASAJA Soria celebra su asamblea general con la vista puesta en el trabajo diario para mejorar las perspectivas de futuro en el campo - ASAJA Soria\" \/>\n<meta property=\"og:description\" content=\"La intensa actividad reivindicativa, los precios de los medios de producci\u00f3n y la PAC marcaron gran parte de la reuni\u00f3n ASAJA Soria ha celebrado esta\" \/>\n<meta property=\"og:url\" content=\"https:\/\/www.asajacyl.com\/soria\/asaja-soria-informa\/asaja-soria-celebra-su-asamblea-general-con-la-vista-puesta-en-el-trabajo-diario-para-mejorar-las-perspectivas-de-futuro-en-el-campo\" \/>\n<meta property=\"og:site_name\" content=\"ASAJA Soria\" \/>\n<meta property=\"article:published_time\" content=\"2024-05-09T15:39:56+00:00\" \/>\n<meta property=\"article:modified_time\" content=\"2024-05-14T12:35:04+00:00\" \/>\n<meta property=\"og:image\" content=\"https:\/\/www.asajacyl.com\/soria\/wp-content\/uploads\/sites\/9\/2024\/05\/portada-asamblea-1.jpg\" \/>\n\t<meta property=\"og:image:width\" content=\"1512\" \/>\n\t<meta property=\"og:image:height\" content=\"1616\" \/>\n\t<meta property=\"og:image:type\" content=\"image\/jpeg\" \/>\n<meta name=\"author\" content=\"Juan Ignacio Prieto Nieto\" \/>\n<meta name=\"twitter:card\" content=\"summary_large_image\" \/>\n<meta name=\"twitter:label1\" content=\"Escrito por\" \/>\n\t<meta name=\"twitter:data1\" content=\"Juan Ignacio Prieto Nieto\" \/>\n\t<meta name=\"twitter:label2\" content=\"Tiempo de lectura\" \/>\n\t<meta name=\"twitter:data2\" content=\"6 minutos\" \/>\n<script type=\"application\/ld+json\" class=\"yoast-schema-graph\">{\"@context\":\"https:\/\/schema.org\",\"@graph\":[{\"@type\":\"WebPage\",\"@id\":\"https:\/\/www.asajacyl.com\/soria\/asaja-soria-informa\/asaja-soria-celebra-su-asamblea-general-con-la-vista-puesta-en-el-trabajo-diario-para-mejorar-las-perspectivas-de-futuro-en-el-campo\",\"url\":\"https:\/\/www.asajacyl.com\/soria\/asaja-soria-informa\/asaja-soria-celebra-su-asamblea-general-con-la-vista-puesta-en-el-trabajo-diario-para-mejorar-las-perspectivas-de-futuro-en-el-campo\",\"name\":\"ASAJA Soria celebra su asamblea general con la vista puesta en el trabajo diario para mejorar las perspectivas de futuro en el campo - ASAJA Soria\",\"isPartOf\":{\"@id\":\"https:\/\/www.asajacyl.com\/soria\/#website\"},\"primaryImageOfPage\":{\"@id\":\"https:\/\/www.asajacyl.com\/soria\/asaja-soria-informa\/asaja-soria-celebra-su-asamblea-general-con-la-vista-puesta-en-el-trabajo-diario-para-mejorar-las-perspectivas-de-futuro-en-el-campo#primaryimage\"},\"image\":{\"@id\":\"https:\/\/www.asajacyl.com\/soria\/asaja-soria-informa\/asaja-soria-celebra-su-asamblea-general-con-la-vista-puesta-en-el-trabajo-diario-para-mejorar-las-perspectivas-de-futuro-en-el-campo#primaryimage\"},\"thumbnailUrl\":\"https:\/\/www.asajacyl.com\/soria\/wp-content\/uploads\/sites\/9\/2024\/05\/portada-asamblea-1.jpg\",\"datePublished\":\"2024-05-09T15:39:56+00:00\",\"dateModified\":\"2024-05-14T12:35:04+00:00\",\"author\":{\"@id\":\"https:\/\/www.asajacyl.com\/soria\/#\/schema\/person\/fd3081c40255119ce8133b87e6aedfab\"},\"description\":\"La intensa actividad reivindicativa, los precios de los medios de producci\u00f3n y la PAC marcaron gran parte de la reuni\u00f3n ASAJA Soria ha celebrado esta\",\"breadcrumb\":{\"@id\":\"https:\/\/www.asajacyl.com\/soria\/asaja-soria-informa\/asaja-soria-celebra-su-asamblea-general-con-la-vista-puesta-en-el-trabajo-diario-para-mejorar-las-perspectivas-de-futuro-en-el-campo#breadcrumb\"},\"inLanguage\":\"es\",\"potentialAction\":[{\"@type\":\"ReadAction\",\"target\":[\"https:\/\/www.asajacyl.com\/soria\/asaja-soria-informa\/asaja-soria-celebra-su-asamblea-general-con-la-vista-puesta-en-el-trabajo-diario-para-mejorar-las-perspectivas-de-futuro-en-el-campo\"]}]},{\"@type\":\"ImageObject\",\"inLanguage\":\"es\",\"@id\":\"https:\/\/www.asajacyl.com\/soria\/asaja-soria-informa\/asaja-soria-celebra-su-asamblea-general-con-la-vista-puesta-en-el-trabajo-diario-para-mejorar-las-perspectivas-de-futuro-en-el-campo#primaryimage\",\"url\":\"https:\/\/www.asajacyl.com\/soria\/wp-content\/uploads\/sites\/9\/2024\/05\/portada-asamblea-1.jpg\",\"contentUrl\":\"https:\/\/www.asajacyl.com\/soria\/wp-content\/uploads\/sites\/9\/2024\/05\/portada-asamblea-1.jpg\",\"width\":1512,\"height\":1616},{\"@type\":\"BreadcrumbList\",\"@id\":\"https:\/\/www.asajacyl.com\/soria\/asaja-soria-informa\/asaja-soria-celebra-su-asamblea-general-con-la-vista-puesta-en-el-trabajo-diario-para-mejorar-las-perspectivas-de-futuro-en-el-campo#breadcrumb\",\"itemListElement\":[{\"@type\":\"ListItem\",\"position\":1,\"name\":\"Portada\",\"item\":\"https:\/\/www.asajacyl.com\/soria\/\"},{\"@type\":\"ListItem\",\"position\":2,\"name\":\"ASAJA Soria celebra su asamblea general con la vista puesta en el trabajo diario para mejorar las perspectivas de futuro en el campo\"}]},{\"@type\":\"WebSite\",\"@id\":\"https:\/\/www.asajacyl.com\/soria\/#website\",\"url\":\"https:\/\/www.asajacyl.com\/soria\/\",\"name\":\"ASAJA Soria\",\"description\":\"Otro sitio m\u00e1s de Provincias ASAJA Castilla y Le\u00f3n\",\"potentialAction\":[{\"@type\":\"SearchAction\",\"target\":{\"@type\":\"EntryPoint\",\"urlTemplate\":\"https:\/\/www.asajacyl.com\/soria\/?s={search_term_string}\"},\"query-input\":{\"@type\":\"PropertyValueSpecification\",\"valueRequired\":true,\"valueName\":\"search_term_string\"}}],\"inLanguage\":\"es\"},{\"@type\":\"Person\",\"@id\":\"https:\/\/www.asajacyl.com\/soria\/#\/schema\/person\/fd3081c40255119ce8133b87e6aedfab\",\"name\":\"Juan Ignacio Prieto Nieto\",\"image\":{\"@type\":\"ImageObject\",\"inLanguage\":\"es\",\"@id\":\"https:\/\/www.asajacyl.com\/soria\/#\/schema\/person\/image\/\",\"url\":\"https:\/\/secure.gravatar.com\/avatar\/8266b36e4d9001acb4700699a2468dc8?s=96&d=mm&r=g\",\"contentUrl\":\"https:\/\/secure.gravatar.com\/avatar\/8266b36e4d9001acb4700699a2468dc8?s=96&d=mm&r=g\",\"caption\":\"Juan Ignacio Prieto Nieto\"},\"url\":\"https:\/\/www.asajacyl.com\/soria\/author\/juanfranciscoby\"}]}<\/script>\n<!-- \/ Yoast SEO plugin. -->","yoast_head_json":{"title":"ASAJA Soria celebra su asamblea general con la vista puesta en el trabajo diario para mejorar las perspectivas de futuro en el campo - ASAJA Soria","description":"La intensa actividad reivindicativa, los precios de los medios de producci\u00f3n y la PAC marcaron gran parte de la reuni\u00f3n ASAJA Soria ha celebrado esta","robots":{"index":"index","follow":"follow","max-snippet":"max-snippet:-1","max-image-preview":"max-image-preview:large","max-video-preview":"max-video-preview:-1"},"canonical":"https:\/\/www.asajacyl.com\/soria\/asaja-soria-informa\/asaja-soria-celebra-su-asamblea-general-con-la-vista-puesta-en-el-trabajo-diario-para-mejorar-las-perspectivas-de-futuro-en-el-campo","og_locale":"es_ES","og_type":"article","og_title":"ASAJA Soria celebra su asamblea general con la vista puesta en el trabajo diario para mejorar las perspectivas de futuro en el campo - ASAJA Soria","og_description":"La intensa actividad reivindicativa, los precios de los medios de producci\u00f3n y la PAC marcaron gran parte de la reuni\u00f3n ASAJA Soria ha celebrado esta","og_url":"https:\/\/www.asajacyl.com\/soria\/asaja-soria-informa\/asaja-soria-celebra-su-asamblea-general-con-la-vista-puesta-en-el-trabajo-diario-para-mejorar-las-perspectivas-de-futuro-en-el-campo","og_site_name":"ASAJA Soria","article_published_time":"2024-05-09T15:39:56+00:00","article_modified_time":"2024-05-14T12:35:04+00:00","og_image":[{"width":1512,"height":1616,"url":"https:\/\/www.asajacyl.com\/soria\/wp-content\/uploads\/sites\/9\/2024\/05\/portada-asamblea-1.jpg","type":"image\/jpeg"}],"author":"Juan Ignacio Prieto Nieto","twitter_card":"summary_large_image","twitter_misc":{"Escrito por":"Juan Ignacio Prieto Nieto","Tiempo de lectura":"6 minutos"},"schema":{"@context":"https:\/\/schema.org","@graph":[{"@type":"WebPage","@id":"https:\/\/www.asajacyl.com\/soria\/asaja-soria-informa\/asaja-soria-celebra-su-asamblea-general-con-la-vista-puesta-en-el-trabajo-diario-para-mejorar-las-perspectivas-de-futuro-en-el-campo","url":"https:\/\/www.asajacyl.com\/soria\/asaja-soria-informa\/asaja-soria-celebra-su-asamblea-general-con-la-vista-puesta-en-el-trabajo-diario-para-mejorar-las-perspectivas-de-futuro-en-el-campo","name":"ASAJA Soria celebra su asamblea general con la vista puesta en el trabajo diario para mejorar las perspectivas de futuro en el campo - ASAJA Soria","isPartOf":{"@id":"https:\/\/www.asajacyl.com\/soria\/#website"},"primaryImageOfPage":{"@id":"https:\/\/www.asajacyl.com\/soria\/asaja-soria-informa\/asaja-soria-celebra-su-asamblea-general-con-la-vista-puesta-en-el-trabajo-diario-para-mejorar-las-perspectivas-de-futuro-en-el-campo#primaryimage"},"image":{"@id":"https:\/\/www.asajacyl.com\/soria\/asaja-soria-informa\/asaja-soria-celebra-su-asamblea-general-con-la-vista-puesta-en-el-trabajo-diario-para-mejorar-las-perspectivas-de-futuro-en-el-campo#primaryimage"},"thumbnailUrl":"https:\/\/www.asajacyl.com\/soria\/wp-content\/uploads\/sites\/9\/2024\/05\/portada-asamblea-1.jpg","datePublished":"2024-05-09T15:39:56+00:00","dateModified":"2024-05-14T12:35:04+00:00","author":{"@id":"https:\/\/www.asajacyl.com\/soria\/#\/schema\/person\/fd3081c40255119ce8133b87e6aedfab"},"description":"La intensa actividad reivindicativa, los precios de los medios de producci\u00f3n y la PAC marcaron gran parte de la reuni\u00f3n ASAJA Soria ha celebrado esta","breadcrumb":{"@id":"https:\/\/www.asajacyl.com\/soria\/asaja-soria-informa\/asaja-soria-celebra-su-asamblea-general-con-la-vista-puesta-en-el-trabajo-diario-para-mejorar-las-perspectivas-de-futuro-en-el-campo#breadcrumb"},"inLanguage":"es","potentialAction":[{"@type":"ReadAction","target":["https:\/\/www.asajacyl.com\/soria\/asaja-soria-informa\/asaja-soria-celebra-su-asamblea-general-con-la-vista-puesta-en-el-trabajo-diario-para-mejorar-las-perspectivas-de-futuro-en-el-campo"]}]},{"@type":"ImageObject","inLanguage":"es","@id":"https:\/\/www.asajacyl.com\/soria\/asaja-soria-informa\/asaja-soria-celebra-su-asamblea-general-con-la-vista-puesta-en-el-trabajo-diario-para-mejorar-las-perspectivas-de-futuro-en-el-campo#primaryimage","url":"https:\/\/www.asajacyl.com\/soria\/wp-content\/uploads\/sites\/9\/2024\/05\/portada-asamblea-1.jpg","contentUrl":"https:\/\/www.asajacyl.com\/soria\/wp-content\/uploads\/sites\/9\/2024\/05\/portada-asamblea-1.jpg","width":1512,"height":1616},{"@type":"BreadcrumbList","@id":"https:\/\/www.asajacyl.com\/soria\/asaja-soria-informa\/asaja-soria-celebra-su-asamblea-general-con-la-vista-puesta-en-el-trabajo-diario-para-mejorar-las-perspectivas-de-futuro-en-el-campo#breadcrumb","itemListElement":[{"@type":"ListItem","position":1,"name":"Portada","item":"https:\/\/www.asajacyl.com\/soria\/"},{"@type":"ListItem","position":2,"name":"ASAJA Soria celebra su asamblea general con la vista puesta en el trabajo diario para mejorar las perspectivas de futuro en el campo"}]},{"@type":"WebSite","@id":"https:\/\/www.asajacyl.com\/soria\/#website","url":"https:\/\/www.asajacyl.com\/soria\/","name":"ASAJA Soria","description":"Otro sitio m\u00e1s de Provincias ASAJA Castilla y Le\u00f3n","potentialAction":[{"@type":"SearchAction","target":{"@type":"EntryPoint","urlTemplate":"https:\/\/www.asajacyl.com\/soria\/?s={search_term_string}"},"query-input":{"@type":"PropertyValueSpecification","valueRequired":true,"valueName":"search_term_string"}}],"inLanguage":"es"},{"@type":"Person","@id":"https:\/\/www.asajacyl.com\/soria\/#\/schema\/person\/fd3081c40255119ce8133b87e6aedfab","name":"Juan Ignacio Prieto Nieto","image":{"@type":"ImageObject","inLanguage":"es","@id":"https:\/\/www.asajacyl.com\/soria\/#\/schema\/person\/image\/","url":"https:\/\/secure.gravatar.com\/avatar\/8266b36e4d9001acb4700699a2468dc8?s=96&d=mm&r=g","contentUrl":"https:\/\/secure.gravatar.com\/avatar\/8266b36e4d9001acb4700699a2468dc8?s=96&d=mm&r=g","caption":"Juan Ignacio Prieto Nieto"},"url":"https:\/\/www.asajacyl.com\/soria\/author\/juanfranciscoby"}]}},"_links":{"self":[{"href":"https:\/\/www.asajacyl.com\/soria\/wp-json\/wp\/v2\/posts\/8074"}],"collection":[{"href":"https:\/\/www.asajacyl.com\/soria\/wp-json\/wp\/v2\/posts"}],"about":[{"href":"https:\/\/www.asajacyl.com\/soria\/wp-json\/wp\/v2\/types\/post"}],"author":[{"embeddable":true,"href":"https:\/\/www.asajacyl.com\/soria\/wp-json\/wp\/v2\/users\/12"}],"replies":[{"embeddable":true,"href":"https:\/\/www.asajacyl.com\/soria\/wp-json\/wp\/v2\/comments?post=8074"}],"version-history":[{"count":4,"href":"https:\/\/www.asajacyl.com\/soria\/wp-json\/wp\/v2\/posts\/8074\/revisions"}],"predecessor-version":[{"id":8087,"href":"https:\/\/www.asajacyl.com\/soria\/wp-json\/wp\/v2\/posts\/8074\/revisions\/8087"}],"wp:featuredmedia":[{"embeddable":true,"href":"https:\/\/www.asajacyl.com\/soria\/wp-json\/wp\/v2\/media\/8082"}],"wp:attachment":[{"href":"https:\/\/www.asajacyl.com\/soria\/wp-json\/wp\/v2\/media?parent=8074"}],"wp:term":[{"taxonomy":"category","embeddable":true,"href":"https:\/\/www.asajacyl.com\/soria\/wp-json\/wp\/v2\/categories?post=8074"},{"taxonomy":"post_tag","embeddable":true,"href":"https:\/\/www.asajacyl.com\/soria\/wp-json\/wp\/v2\/tags?post=8074"}],"curies":[{"name":"wp","href":"https:\/\/api.w.org\/{rel}","templated":true}]}}