{"id":8085,"date":"2024-05-09T18:00:23","date_gmt":"2024-05-09T16:00:23","guid":{"rendered":"https:\/\/www.asajacyl.com\/soria\/?p=8085"},"modified":"2024-05-09T18:03:50","modified_gmt":"2024-05-09T16:03:50","slug":"lista-de-agraciados-con-el-viaje-de-la-asamblea","status":"publish","type":"post","link":"https:\/\/www.asajacyl.com\/soria\/asaja-soria-informa\/lista-de-agraciados-con-el-viaje-de-la-asamblea","title":{"rendered":"LISTA DE AGRACIADOS CON EL VIAJE DE LA ASAMBLEA 2024"},"content":{"rendered":"\n\n\n<p>1- ELISEO ROMERO JIM\u00c9NEZ<\/p>\n<p>2- \u00c1NGEL LUIS PASTOR GARC\u00cdA<\/p>\n<p>3- ENRIQUE GONZ\u00c1LEZ DE CASTEJ\u00d3N LARRA\u00d1AGA<\/p>\n<p>4- SANTOS SOTILLOS DEL CURA<\/p>\n<p>5- SANTIAGO MONTEAGUDO SANZ<\/p>\n<p>6- JOS\u00c9 AMADO BL\u00c1ZQUEZ ANDR\u00c9S<\/p>\n<p>7-DOMINGO LARRAD SANZ<\/p>\n<p>8- CONRADO MATEO CABRERIZO<\/p>\n<p>9- \u00c1NGEL BENITO HERN\u00c1NDEZ<\/p>\n<p>10-C\u00c9SAR MORALES MORALES<\/p>\n<p>11- DAVID DOM\u00cdNGEZ GARC\u00cdA<\/p>\n<p>12- ISIDORO CABRERIZO CABRERIZO<\/p>\n<p>13- EMETERIO G\u00d3MEZ LASECA<\/p>\n<p>14- AGR\u00cdCOLA ALMONACID<\/p>\n<p>15- VITALIANO L\u00d3PEZ CORELLA<\/p>\n<p>16- VIRGILIO LAPE\u00d1A GALLEGO<\/p>\n<p>17- ISMAEL ALCALDE LLORENTE<\/p>\n<p>18- JOS\u00c9 MAR\u00cdA D\u00cdEZ MART\u00cdNEZ<\/p>\n<p>19- MONSERRAT CORREDOR BARRANCO<\/p>\n<p>20- SAT SAN PEDRO<\/p>\n<p>21- JACINTO CACHO HUERTA<\/p>\n<p>22- ROBERTO GARC\u00cdA MINGO<\/p>\n<p>23- JOS\u00c9 ANTONIO CASAL MART\u00cdNEZ<\/p>\n<p>24- JOS\u00c9 MAR\u00cdA PE\u00d1A GARC\u00cdA<\/p>\n<p>25- GERARDO GARC\u00cdA PASCUAL<\/p>\n<p>26- FERNANDO GARC\u00c9S CARD\u00d3S<\/p>\n<p>27- JES\u00daS LITE ALEJANDRE<\/p>\n<p>28- CLAUDIA MARIELA QUEVEDO RODR\u00cdGUEZ<\/p>\n<p>29- HERM\u00d3GENES GIL VEL\u00c1ZQUEZ<\/p>\n<p>30- LAURA G\u00d3MEZ P\u00c9REZ<\/p>\n<p>SUPLENTES:<\/p>\n<p>1- JOS\u00c9 ANTONIO CASTILLO LOZANO<\/p>\n<p>2- JOS\u00c9 ANTONIO DEL RINC\u00d3N MART\u00cdNEZ<\/p>\n<p>3- CARLOS LITE ARCOS<\/p>\n<p>4- VICTORIANO MORENO EGIDO<\/p>\n<p>5- CARLOS CALONGE \u00c1LVARO<\/p>\n<p>6- FELIPE DELSO RUIZ<\/p>\n<p>7-RA\u00daL P\u00c9REZ MORALES<\/p>\n<p>8- JOS\u00c9 ANTONIO PACHECO MART\u00cdNEZ<\/p>\n<p>9- FRANCISCO JOS\u00c9 GARC\u00cdA GUTI\u00c9RREZ<\/p>\n<p>10- JAVIER L\u00c1ZARO ARAGON\u00c9S<\/p>\n","protected":false},"excerpt":{"rendered":"<p>1- ELISEO ROMERO JIM\u00c9NEZ 2- \u00c1NGEL LUIS PASTOR GARC\u00cdA 3- ENRIQUE GONZ\u00c1LEZ DE CASTEJ\u00d3N LARRA\u00d1AGA 4- SANTOS SOTILLOS DEL CURA 5- SANTIAGO MONTEAGUDO SANZ 6- JOS\u00c9 AMADO BL\u00c1ZQUEZ ANDR\u00c9S 7-DOMINGO LARRAD SANZ 8- CONRADO MATEO CABRERIZO 9- \u00c1NGEL BENITO HERN\u00c1NDEZ 10-C\u00c9SAR MORALES MORALES 11- DAVID DOM\u00cdNGEZ GARC\u00cdA 12- ISIDORO CABRERIZO CABRERIZO 13- EMETERIO G\u00d3MEZ LASECA [&hellip;]<\/p>\n","protected":false},"author":12,"featured_media":293,"comment_status":"open","ping_status":"open","sticky":false,"template":"","format":"standard","meta":{"footnotes":""},"categories":[10,36],"tags":[],"yoast_head":"<!-- This site is optimized with the Yoast SEO plugin v24.5 - https:\/\/yoast.com\/wordpress\/plugins\/seo\/ -->\n<title>LISTA DE AGRACIADOS CON EL VIAJE DE LA ASAMBLEA 2024 - ASAJA Soria<\/title>\n<meta name=\"description\" content=\"1- ELISEO ROMERO JIM\u00c9NEZ 2- \u00c1NGEL LUIS PASTOR GARC\u00cdA 3- ENRIQUE GONZ\u00c1LEZ DE CASTEJ\u00d3N LARRA\u00d1AGA 4- SANTOS SOTILLOS DEL CURA 5- SANTIAGO MONTEAGUDO SANZ 6-\" \/>\n<meta name=\"robots\" content=\"index, follow, max-snippet:-1, max-image-preview:large, max-video-preview:-1\" \/>\n<link rel=\"canonical\" href=\"https:\/\/www.asajacyl.com\/soria\/asaja-soria-informa\/lista-de-agraciados-con-el-viaje-de-la-asamblea\" \/>\n<meta property=\"og:locale\" content=\"es_ES\" \/>\n<meta property=\"og:type\" content=\"article\" \/>\n<meta property=\"og:title\" content=\"LISTA DE AGRACIADOS CON EL VIAJE DE LA ASAMBLEA 2024 - ASAJA Soria\" \/>\n<meta property=\"og:description\" content=\"1- ELISEO ROMERO JIM\u00c9NEZ 2- \u00c1NGEL LUIS PASTOR GARC\u00cdA 3- ENRIQUE GONZ\u00c1LEZ DE CASTEJ\u00d3N LARRA\u00d1AGA 4- SANTOS SOTILLOS DEL CURA 5- SANTIAGO MONTEAGUDO SANZ 6-\" \/>\n<meta property=\"og:url\" content=\"https:\/\/www.asajacyl.com\/soria\/asaja-soria-informa\/lista-de-agraciados-con-el-viaje-de-la-asamblea\" \/>\n<meta property=\"og:site_name\" content=\"ASAJA Soria\" \/>\n<meta property=\"article:published_time\" content=\"2024-05-09T16:00:23+00:00\" \/>\n<meta property=\"article:modified_time\" content=\"2024-05-09T16:03:50+00:00\" \/>\n<meta name=\"author\" content=\"Juan Ignacio Prieto Nieto\" \/>\n<meta name=\"twitter:card\" content=\"summary_large_image\" \/>\n<meta name=\"twitter:label1\" content=\"Escrito por\" \/>\n\t<meta name=\"twitter:data1\" content=\"Juan Ignacio Prieto Nieto\" \/>\n\t<meta name=\"twitter:label2\" content=\"Tiempo de lectura\" \/>\n\t<meta name=\"twitter:data2\" content=\"1 minuto\" \/>\n<script type=\"application\/ld+json\" class=\"yoast-schema-graph\">{\"@context\":\"https:\/\/schema.org\",\"@graph\":[{\"@type\":\"WebPage\",\"@id\":\"https:\/\/www.asajacyl.com\/soria\/asaja-soria-informa\/lista-de-agraciados-con-el-viaje-de-la-asamblea\",\"url\":\"https:\/\/www.asajacyl.com\/soria\/asaja-soria-informa\/lista-de-agraciados-con-el-viaje-de-la-asamblea\",\"name\":\"LISTA DE AGRACIADOS CON EL VIAJE DE LA ASAMBLEA 2024 - ASAJA Soria\",\"isPartOf\":{\"@id\":\"https:\/\/www.asajacyl.com\/soria\/#website\"},\"primaryImageOfPage\":{\"@id\":\"https:\/\/www.asajacyl.com\/soria\/asaja-soria-informa\/lista-de-agraciados-con-el-viaje-de-la-asamblea#primaryimage\"},\"image\":{\"@id\":\"https:\/\/www.asajacyl.com\/soria\/asaja-soria-informa\/lista-de-agraciados-con-el-viaje-de-la-asamblea#primaryimage\"},\"thumbnailUrl\":\"https:\/\/www.asajacyl.com\/soria\/wp-content\/uploads\/sites\/9\/2017\/11\/im_predefinida_1920x1080.jpg\",\"datePublished\":\"2024-05-09T16:00:23+00:00\",\"dateModified\":\"2024-05-09T16:03:50+00:00\",\"author\":{\"@id\":\"https:\/\/www.asajacyl.com\/soria\/#\/schema\/person\/fd3081c40255119ce8133b87e6aedfab\"},\"description\":\"1- ELISEO ROMERO JIM\u00c9NEZ 2- \u00c1NGEL LUIS PASTOR GARC\u00cdA 3- ENRIQUE GONZ\u00c1LEZ DE CASTEJ\u00d3N LARRA\u00d1AGA 4- SANTOS SOTILLOS DEL CURA 5- SANTIAGO MONTEAGUDO SANZ 6-\",\"breadcrumb\":{\"@id\":\"https:\/\/www.asajacyl.com\/soria\/asaja-soria-informa\/lista-de-agraciados-con-el-viaje-de-la-asamblea#breadcrumb\"},\"inLanguage\":\"es\",\"potentialAction\":[{\"@type\":\"ReadAction\",\"target\":[\"https:\/\/www.asajacyl.com\/soria\/asaja-soria-informa\/lista-de-agraciados-con-el-viaje-de-la-asamblea\"]}]},{\"@type\":\"ImageObject\",\"inLanguage\":\"es\",\"@id\":\"https:\/\/www.asajacyl.com\/soria\/asaja-soria-informa\/lista-de-agraciados-con-el-viaje-de-la-asamblea#primaryimage\",\"url\":\"https:\/\/www.asajacyl.com\/soria\/wp-content\/uploads\/sites\/9\/2017\/11\/im_predefinida_1920x1080.jpg\",\"contentUrl\":\"https:\/\/www.asajacyl.com\/soria\/wp-content\/uploads\/sites\/9\/2017\/11\/im_predefinida_1920x1080.jpg\",\"width\":1920,\"height\":1080,\"caption\":\"Logotipo ASAJA Soria\"},{\"@type\":\"BreadcrumbList\",\"@id\":\"https:\/\/www.asajacyl.com\/soria\/asaja-soria-informa\/lista-de-agraciados-con-el-viaje-de-la-asamblea#breadcrumb\",\"itemListElement\":[{\"@type\":\"ListItem\",\"position\":1,\"name\":\"Portada\",\"item\":\"https:\/\/www.asajacyl.com\/soria\/\"},{\"@type\":\"ListItem\",\"position\":2,\"name\":\"LISTA DE AGRACIADOS CON EL VIAJE DE LA ASAMBLEA 2024\"}]},{\"@type\":\"WebSite\",\"@id\":\"https:\/\/www.asajacyl.com\/soria\/#website\",\"url\":\"https:\/\/www.asajacyl.com\/soria\/\",\"name\":\"ASAJA Soria\",\"description\":\"Otro sitio m\u00e1s de Provincias ASAJA Castilla y Le\u00f3n\",\"potentialAction\":[{\"@type\":\"SearchAction\",\"target\":{\"@type\":\"EntryPoint\",\"urlTemplate\":\"https:\/\/www.asajacyl.com\/soria\/?s={search_term_string}\"},\"query-input\":{\"@type\":\"PropertyValueSpecification\",\"valueRequired\":true,\"valueName\":\"search_term_string\"}}],\"inLanguage\":\"es\"},{\"@type\":\"Person\",\"@id\":\"https:\/\/www.asajacyl.com\/soria\/#\/schema\/person\/fd3081c40255119ce8133b87e6aedfab\",\"name\":\"Juan Ignacio Prieto Nieto\",\"image\":{\"@type\":\"ImageObject\",\"inLanguage\":\"es\",\"@id\":\"https:\/\/www.asajacyl.com\/soria\/#\/schema\/person\/image\/\",\"url\":\"https:\/\/secure.gravatar.com\/avatar\/8266b36e4d9001acb4700699a2468dc8?s=96&d=mm&r=g\",\"contentUrl\":\"https:\/\/secure.gravatar.com\/avatar\/8266b36e4d9001acb4700699a2468dc8?s=96&d=mm&r=g\",\"caption\":\"Juan Ignacio Prieto Nieto\"},\"url\":\"https:\/\/www.asajacyl.com\/soria\/author\/juanfranciscoby\"}]}<\/script>\n<!-- \/ Yoast SEO plugin. -->","yoast_head_json":{"title":"LISTA DE AGRACIADOS CON EL VIAJE DE LA ASAMBLEA 2024 - ASAJA Soria","description":"1- ELISEO ROMERO JIM\u00c9NEZ 2- \u00c1NGEL LUIS PASTOR GARC\u00cdA 3- ENRIQUE GONZ\u00c1LEZ DE CASTEJ\u00d3N LARRA\u00d1AGA 4- SANTOS SOTILLOS DEL CURA 5- SANTIAGO MONTEAGUDO SANZ 6-","robots":{"index":"index","follow":"follow","max-snippet":"max-snippet:-1","max-image-preview":"max-image-preview:large","max-video-preview":"max-video-preview:-1"},"canonical":"https:\/\/www.asajacyl.com\/soria\/asaja-soria-informa\/lista-de-agraciados-con-el-viaje-de-la-asamblea","og_locale":"es_ES","og_type":"article","og_title":"LISTA DE AGRACIADOS CON EL VIAJE DE LA ASAMBLEA 2024 - ASAJA Soria","og_description":"1- ELISEO ROMERO JIM\u00c9NEZ 2- \u00c1NGEL LUIS PASTOR GARC\u00cdA 3- ENRIQUE GONZ\u00c1LEZ DE CASTEJ\u00d3N LARRA\u00d1AGA 4- SANTOS SOTILLOS DEL CURA 5- SANTIAGO MONTEAGUDO SANZ 6-","og_url":"https:\/\/www.asajacyl.com\/soria\/asaja-soria-informa\/lista-de-agraciados-con-el-viaje-de-la-asamblea","og_site_name":"ASAJA Soria","article_published_time":"2024-05-09T16:00:23+00:00","article_modified_time":"2024-05-09T16:03:50+00:00","author":"Juan Ignacio Prieto Nieto","twitter_card":"summary_large_image","twitter_misc":{"Escrito por":"Juan Ignacio Prieto Nieto","Tiempo de lectura":"1 minuto"},"schema":{"@context":"https:\/\/schema.org","@graph":[{"@type":"WebPage","@id":"https:\/\/www.asajacyl.com\/soria\/asaja-soria-informa\/lista-de-agraciados-con-el-viaje-de-la-asamblea","url":"https:\/\/www.asajacyl.com\/soria\/asaja-soria-informa\/lista-de-agraciados-con-el-viaje-de-la-asamblea","name":"LISTA DE AGRACIADOS CON EL VIAJE DE LA ASAMBLEA 2024 - ASAJA Soria","isPartOf":{"@id":"https:\/\/www.asajacyl.com\/soria\/#website"},"primaryImageOfPage":{"@id":"https:\/\/www.asajacyl.com\/soria\/asaja-soria-informa\/lista-de-agraciados-con-el-viaje-de-la-asamblea#primaryimage"},"image":{"@id":"https:\/\/www.asajacyl.com\/soria\/asaja-soria-informa\/lista-de-agraciados-con-el-viaje-de-la-asamblea#primaryimage"},"thumbnailUrl":"https:\/\/www.asajacyl.com\/soria\/wp-content\/uploads\/sites\/9\/2017\/11\/im_predefinida_1920x1080.jpg","datePublished":"2024-05-09T16:00:23+00:00","dateModified":"2024-05-09T16:03:50+00:00","author":{"@id":"https:\/\/www.asajacyl.com\/soria\/#\/schema\/person\/fd3081c40255119ce8133b87e6aedfab"},"description":"1- ELISEO ROMERO JIM\u00c9NEZ 2- \u00c1NGEL LUIS PASTOR GARC\u00cdA 3- ENRIQUE GONZ\u00c1LEZ DE CASTEJ\u00d3N LARRA\u00d1AGA 4- SANTOS SOTILLOS DEL CURA 5- SANTIAGO MONTEAGUDO SANZ 6-","breadcrumb":{"@id":"https:\/\/www.asajacyl.com\/soria\/asaja-soria-informa\/lista-de-agraciados-con-el-viaje-de-la-asamblea#breadcrumb"},"inLanguage":"es","potentialAction":[{"@type":"ReadAction","target":["https:\/\/www.asajacyl.com\/soria\/asaja-soria-informa\/lista-de-agraciados-con-el-viaje-de-la-asamblea"]}]},{"@type":"ImageObject","inLanguage":"es","@id":"https:\/\/www.asajacyl.com\/soria\/asaja-soria-informa\/lista-de-agraciados-con-el-viaje-de-la-asamblea#primaryimage","url":"https:\/\/www.asajacyl.com\/soria\/wp-content\/uploads\/sites\/9\/2017\/11\/im_predefinida_1920x1080.jpg","contentUrl":"https:\/\/www.asajacyl.com\/soria\/wp-content\/uploads\/sites\/9\/2017\/11\/im_predefinida_1920x1080.jpg","width":1920,"height":1080,"caption":"Logotipo ASAJA Soria"},{"@type":"BreadcrumbList","@id":"https:\/\/www.asajacyl.com\/soria\/asaja-soria-informa\/lista-de-agraciados-con-el-viaje-de-la-asamblea#breadcrumb","itemListElement":[{"@type":"ListItem","position":1,"name":"Portada","item":"https:\/\/www.asajacyl.com\/soria\/"},{"@type":"ListItem","position":2,"name":"LISTA DE AGRACIADOS CON EL VIAJE DE LA ASAMBLEA 2024"}]},{"@type":"WebSite","@id":"https:\/\/www.asajacyl.com\/soria\/#website","url":"https:\/\/www.asajacyl.com\/soria\/","name":"ASAJA Soria","description":"Otro sitio m\u00e1s de Provincias ASAJA Castilla y Le\u00f3n","potentialAction":[{"@type":"SearchAction","target":{"@type":"EntryPoint","urlTemplate":"https:\/\/www.asajacyl.com\/soria\/?s={search_term_string}"},"query-input":{"@type":"PropertyValueSpecification","valueRequired":true,"valueName":"search_term_string"}}],"inLanguage":"es"},{"@type":"Person","@id":"https:\/\/www.asajacyl.com\/soria\/#\/schema\/person\/fd3081c40255119ce8133b87e6aedfab","name":"Juan Ignacio Prieto Nieto","image":{"@type":"ImageObject","inLanguage":"es","@id":"https:\/\/www.asajacyl.com\/soria\/#\/schema\/person\/image\/","url":"https:\/\/secure.gravatar.com\/avatar\/8266b36e4d9001acb4700699a2468dc8?s=96&d=mm&r=g","contentUrl":"https:\/\/secure.gravatar.com\/avatar\/8266b36e4d9001acb4700699a2468dc8?s=96&d=mm&r=g","caption":"Juan Ignacio Prieto Nieto"},"url":"https:\/\/www.asajacyl.com\/soria\/author\/juanfranciscoby"}]}},"_links":{"self":[{"href":"https:\/\/www.asajacyl.com\/soria\/wp-json\/wp\/v2\/posts\/8085"}],"collection":[{"href":"https:\/\/www.asajacyl.com\/soria\/wp-json\/wp\/v2\/posts"}],"about":[{"href":"https:\/\/www.asajacyl.com\/soria\/wp-json\/wp\/v2\/types\/post"}],"author":[{"embeddable":true,"href":"https:\/\/www.asajacyl.com\/soria\/wp-json\/wp\/v2\/users\/12"}],"replies":[{"embeddable":true,"href":"https:\/\/www.asajacyl.com\/soria\/wp-json\/wp\/v2\/comments?post=8085"}],"version-history":[{"count":3,"href":"https:\/\/www.asajacyl.com\/soria\/wp-json\/wp\/v2\/posts\/8085\/revisions"}],"predecessor-version":[{"id":8090,"href":"https:\/\/www.asajacyl.com\/soria\/wp-json\/wp\/v2\/posts\/8085\/revisions\/8090"}],"wp:featuredmedia":[{"embeddable":true,"href":"https:\/\/www.asajacyl.com\/soria\/wp-json\/wp\/v2\/media\/293"}],"wp:attachment":[{"href":"https:\/\/www.asajacyl.com\/soria\/wp-json\/wp\/v2\/media?parent=8085"}],"wp:term":[{"taxonomy":"category","embeddable":true,"href":"https:\/\/www.asajacyl.com\/soria\/wp-json\/wp\/v2\/categories?post=8085"},{"taxonomy":"post_tag","embeddable":true,"href":"https:\/\/www.asajacyl.com\/soria\/wp-json\/wp\/v2\/tags?post=8085"}],"curies":[{"name":"wp","href":"https:\/\/api.w.org\/{rel}","templated":true}]}}