{"id":8113,"date":"2024-05-14T14:32:30","date_gmt":"2024-05-14T12:32:30","guid":{"rendered":"https:\/\/www.asajacyl.com\/soria\/?p=8113"},"modified":"2024-05-14T14:32:32","modified_gmt":"2024-05-14T12:32:32","slug":"el-campo-celebra-san-isidro-con-la-esperanza-de-que-el-ultimo-tramo-no-desbarate-una-cosecha-bien-planteada","status":"publish","type":"post","link":"https:\/\/www.asajacyl.com\/soria\/asaja-soria-informa\/el-campo-celebra-san-isidro-con-la-esperanza-de-que-el-ultimo-tramo-no-desbarate-una-cosecha-bien-planteada","title":{"rendered":"EL CAMPO CELEBRA SAN ISIDRO CON LA ESPERANZA DE QUE EL \u00daLTIMO TRAMO NO DESBARATE UNA COSECHA BIEN PLANTEADA"},"content":{"rendered":"\n\n\n\n\n<p><strong><u>En el d\u00eda del Patr\u00f3n, ASAJA advierte que el sector se la juega en las elecciones #9J<\/u><\/strong><\/p>\n<p>La cosecha de cereal en Castilla y Le\u00f3n ha llegado en general bien planteada a una fecha tan significativa como es San Isidro, por lo que ma\u00f1ana los agricultores y ganaderos podr\u00e1n festejar a su Patr\u00f3n con esperanza, algo que por estas fechas hab\u00edan perdido el a\u00f1o pasado. El tiempo de las semanas que faltan de mayo y principios de junio sentenciar\u00e1 las producciones. ASAJA conf\u00eda en que haya un buen resultado que pal\u00ede los malos resultados de campa\u00f1as anteriores, pero para ello tambi\u00e9n es esencial que acompa\u00f1en los precios.<\/p>\n<p>Para el presidente de ASAJA Castilla y Le\u00f3n, Donaciano Dujo, en principio la cosecha viene bien presentada, pero es necesario un mes de mayo con lluvia y calor moderado, que remate una buena producci\u00f3n. \u201cDe lo contrario, podr\u00edamos pasar en poco tiempo de una estimaci\u00f3n positiva a otra muy distinta\u201d, apunta Dujo, que advierte sobre lo da\u00f1ino que puede resultar en estas fechas el pedrisco, tanto en el cereal como en cultivos de regad\u00edo, vi\u00f1edos y frutales, adem\u00e1s de otros factores como las plagas y enfermedades. Tambi\u00e9n incide el responsable de ASAJA en la evoluci\u00f3n de los precios del cereal, \u201cporque de poco sirve sumar toneladas si las cotizaciones son irrisorias y no compensan los costes de producci\u00f3n que hemos tenido\u201d.<\/p>\n<p>Que la lluvia haya acompa\u00f1ado estos meses al campo es buena noticia igualmente para los agricultores de regad\u00edo, que afrontan la campa\u00f1a con los embalses a buen nivel, y para los ganaderos, puesto que los pastos tienen un aspecto muy diferente al de la primavera pasada, agostados ya en mayo, y tambi\u00e9n es \u00f3ptima la evoluci\u00f3n y calidad de los forrajes.<\/p>\n<p><strong>Elecciones europeas<\/strong><\/p>\n<p>Para Donaciano Dujo, \u201ceste a\u00f1o pedimos a San isidro una doble intercesi\u00f3n, por un lado que acompa\u00f1e las producciones y por otro que mueva los hilos para que el nuevo parlamento europeo que salga tras las elecciones de junio sea sensible con las necesidades del campo y valiente para afrontar una pol\u00edtica agraria inteligente y enfocada a la producci\u00f3n. Europa, Espa\u00f1a y por supuesto Castilla y Le\u00f3n, necesitan m\u00e1s que nunca un sector primario potente y profesional\u201d, afirma el presidente regional de ASAJA, quien ha animado a los agricultores y ganaderos a \u201cejercer con responsabilidad su derecho a voto, porque el campo se la juega el pr\u00f3ximo 9 de junio\u201d.<\/p>\n","protected":false},"excerpt":{"rendered":"<p>En el d\u00eda del Patr\u00f3n, ASAJA advierte que el sector se la juega en las elecciones #9J La cosecha de cereal en Castilla y Le\u00f3n ha llegado en general bien planteada a una fecha tan significativa como es San Isidro, por lo que ma\u00f1ana los agricultores y ganaderos podr\u00e1n festejar a su Patr\u00f3n con esperanza, [&hellip;]<\/p>\n","protected":false},"author":12,"featured_media":8012,"comment_status":"open","ping_status":"open","sticky":false,"template":"","format":"standard","meta":{"footnotes":""},"categories":[10,25],"tags":[],"yoast_head":"<!-- This site is optimized with the Yoast SEO plugin v24.5 - https:\/\/yoast.com\/wordpress\/plugins\/seo\/ -->\n<title>EL CAMPO CELEBRA SAN ISIDRO CON LA ESPERANZA DE QUE EL \u00daLTIMO TRAMO NO DESBARATE UNA COSECHA BIEN PLANTEADA - ASAJA Soria<\/title>\n<meta name=\"description\" content=\"En el d\u00eda del Patr\u00f3n, ASAJA advierte que el sector se la juega en las elecciones #9J La cosecha de cereal en Castilla y Le\u00f3n ha llegado en general bien\" \/>\n<meta name=\"robots\" content=\"index, follow, max-snippet:-1, max-image-preview:large, max-video-preview:-1\" \/>\n<link rel=\"canonical\" href=\"https:\/\/www.asajacyl.com\/soria\/asaja-soria-informa\/el-campo-celebra-san-isidro-con-la-esperanza-de-que-el-ultimo-tramo-no-desbarate-una-cosecha-bien-planteada\" \/>\n<meta property=\"og:locale\" content=\"es_ES\" \/>\n<meta property=\"og:type\" content=\"article\" \/>\n<meta property=\"og:title\" content=\"EL CAMPO CELEBRA SAN ISIDRO CON LA ESPERANZA DE QUE EL \u00daLTIMO TRAMO NO DESBARATE UNA COSECHA BIEN PLANTEADA - ASAJA Soria\" \/>\n<meta property=\"og:description\" content=\"En el d\u00eda del Patr\u00f3n, ASAJA advierte que el sector se la juega en las elecciones #9J La cosecha de cereal en Castilla y Le\u00f3n ha llegado en general bien\" \/>\n<meta property=\"og:url\" content=\"https:\/\/www.asajacyl.com\/soria\/asaja-soria-informa\/el-campo-celebra-san-isidro-con-la-esperanza-de-que-el-ultimo-tramo-no-desbarate-una-cosecha-bien-planteada\" \/>\n<meta property=\"og:site_name\" content=\"ASAJA Soria\" \/>\n<meta property=\"article:published_time\" content=\"2024-05-14T12:32:30+00:00\" \/>\n<meta property=\"article:modified_time\" content=\"2024-05-14T12:32:32+00:00\" \/>\n<meta property=\"og:image\" content=\"https:\/\/www.asajacyl.com\/soria\/wp-content\/uploads\/sites\/9\/2024\/04\/trigo.jpeg\" \/>\n\t<meta property=\"og:image:width\" content=\"414\" \/>\n\t<meta property=\"og:image:height\" content=\"276\" \/>\n\t<meta property=\"og:image:type\" content=\"image\/jpeg\" \/>\n<meta name=\"author\" content=\"Juan Ignacio Prieto Nieto\" \/>\n<meta name=\"twitter:card\" content=\"summary_large_image\" \/>\n<meta name=\"twitter:label1\" content=\"Escrito por\" \/>\n\t<meta name=\"twitter:data1\" content=\"Juan Ignacio Prieto Nieto\" \/>\n\t<meta name=\"twitter:label2\" content=\"Tiempo de lectura\" \/>\n\t<meta name=\"twitter:data2\" content=\"3 minutos\" \/>\n<script type=\"application\/ld+json\" class=\"yoast-schema-graph\">{\"@context\":\"https:\/\/schema.org\",\"@graph\":[{\"@type\":\"WebPage\",\"@id\":\"https:\/\/www.asajacyl.com\/soria\/asaja-soria-informa\/el-campo-celebra-san-isidro-con-la-esperanza-de-que-el-ultimo-tramo-no-desbarate-una-cosecha-bien-planteada\",\"url\":\"https:\/\/www.asajacyl.com\/soria\/asaja-soria-informa\/el-campo-celebra-san-isidro-con-la-esperanza-de-que-el-ultimo-tramo-no-desbarate-una-cosecha-bien-planteada\",\"name\":\"EL CAMPO CELEBRA SAN ISIDRO CON LA ESPERANZA DE QUE EL \u00daLTIMO TRAMO NO DESBARATE UNA COSECHA BIEN PLANTEADA - ASAJA Soria\",\"isPartOf\":{\"@id\":\"https:\/\/www.asajacyl.com\/soria\/#website\"},\"primaryImageOfPage\":{\"@id\":\"https:\/\/www.asajacyl.com\/soria\/asaja-soria-informa\/el-campo-celebra-san-isidro-con-la-esperanza-de-que-el-ultimo-tramo-no-desbarate-una-cosecha-bien-planteada#primaryimage\"},\"image\":{\"@id\":\"https:\/\/www.asajacyl.com\/soria\/asaja-soria-informa\/el-campo-celebra-san-isidro-con-la-esperanza-de-que-el-ultimo-tramo-no-desbarate-una-cosecha-bien-planteada#primaryimage\"},\"thumbnailUrl\":\"https:\/\/www.asajacyl.com\/soria\/wp-content\/uploads\/sites\/9\/2024\/04\/trigo.jpeg\",\"datePublished\":\"2024-05-14T12:32:30+00:00\",\"dateModified\":\"2024-05-14T12:32:32+00:00\",\"author\":{\"@id\":\"https:\/\/www.asajacyl.com\/soria\/#\/schema\/person\/fd3081c40255119ce8133b87e6aedfab\"},\"description\":\"En el d\u00eda del Patr\u00f3n, ASAJA advierte que el sector se la juega en las elecciones #9J La cosecha de cereal en Castilla y Le\u00f3n ha llegado en general bien\",\"breadcrumb\":{\"@id\":\"https:\/\/www.asajacyl.com\/soria\/asaja-soria-informa\/el-campo-celebra-san-isidro-con-la-esperanza-de-que-el-ultimo-tramo-no-desbarate-una-cosecha-bien-planteada#breadcrumb\"},\"inLanguage\":\"es\",\"potentialAction\":[{\"@type\":\"ReadAction\",\"target\":[\"https:\/\/www.asajacyl.com\/soria\/asaja-soria-informa\/el-campo-celebra-san-isidro-con-la-esperanza-de-que-el-ultimo-tramo-no-desbarate-una-cosecha-bien-planteada\"]}]},{\"@type\":\"ImageObject\",\"inLanguage\":\"es\",\"@id\":\"https:\/\/www.asajacyl.com\/soria\/asaja-soria-informa\/el-campo-celebra-san-isidro-con-la-esperanza-de-que-el-ultimo-tramo-no-desbarate-una-cosecha-bien-planteada#primaryimage\",\"url\":\"https:\/\/www.asajacyl.com\/soria\/wp-content\/uploads\/sites\/9\/2024\/04\/trigo.jpeg\",\"contentUrl\":\"https:\/\/www.asajacyl.com\/soria\/wp-content\/uploads\/sites\/9\/2024\/04\/trigo.jpeg\",\"width\":414,\"height\":276},{\"@type\":\"BreadcrumbList\",\"@id\":\"https:\/\/www.asajacyl.com\/soria\/asaja-soria-informa\/el-campo-celebra-san-isidro-con-la-esperanza-de-que-el-ultimo-tramo-no-desbarate-una-cosecha-bien-planteada#breadcrumb\",\"itemListElement\":[{\"@type\":\"ListItem\",\"position\":1,\"name\":\"Portada\",\"item\":\"https:\/\/www.asajacyl.com\/soria\/\"},{\"@type\":\"ListItem\",\"position\":2,\"name\":\"EL CAMPO CELEBRA SAN ISIDRO CON LA ESPERANZA DE QUE EL \u00daLTIMO TRAMO NO DESBARATE UNA COSECHA BIEN PLANTEADA\"}]},{\"@type\":\"WebSite\",\"@id\":\"https:\/\/www.asajacyl.com\/soria\/#website\",\"url\":\"https:\/\/www.asajacyl.com\/soria\/\",\"name\":\"ASAJA Soria\",\"description\":\"Otro sitio m\u00e1s de Provincias ASAJA Castilla y Le\u00f3n\",\"potentialAction\":[{\"@type\":\"SearchAction\",\"target\":{\"@type\":\"EntryPoint\",\"urlTemplate\":\"https:\/\/www.asajacyl.com\/soria\/?s={search_term_string}\"},\"query-input\":{\"@type\":\"PropertyValueSpecification\",\"valueRequired\":true,\"valueName\":\"search_term_string\"}}],\"inLanguage\":\"es\"},{\"@type\":\"Person\",\"@id\":\"https:\/\/www.asajacyl.com\/soria\/#\/schema\/person\/fd3081c40255119ce8133b87e6aedfab\",\"name\":\"Juan Ignacio Prieto Nieto\",\"image\":{\"@type\":\"ImageObject\",\"inLanguage\":\"es\",\"@id\":\"https:\/\/www.asajacyl.com\/soria\/#\/schema\/person\/image\/\",\"url\":\"https:\/\/secure.gravatar.com\/avatar\/8266b36e4d9001acb4700699a2468dc8?s=96&d=mm&r=g\",\"contentUrl\":\"https:\/\/secure.gravatar.com\/avatar\/8266b36e4d9001acb4700699a2468dc8?s=96&d=mm&r=g\",\"caption\":\"Juan Ignacio Prieto Nieto\"},\"url\":\"https:\/\/www.asajacyl.com\/soria\/author\/juanfranciscoby\"}]}<\/script>\n<!-- \/ Yoast SEO plugin. -->","yoast_head_json":{"title":"EL CAMPO CELEBRA SAN ISIDRO CON LA ESPERANZA DE QUE EL \u00daLTIMO TRAMO NO DESBARATE UNA COSECHA BIEN PLANTEADA - ASAJA Soria","description":"En el d\u00eda del Patr\u00f3n, ASAJA advierte que el sector se la juega en las elecciones #9J La cosecha de cereal en Castilla y Le\u00f3n ha llegado en general bien","robots":{"index":"index","follow":"follow","max-snippet":"max-snippet:-1","max-image-preview":"max-image-preview:large","max-video-preview":"max-video-preview:-1"},"canonical":"https:\/\/www.asajacyl.com\/soria\/asaja-soria-informa\/el-campo-celebra-san-isidro-con-la-esperanza-de-que-el-ultimo-tramo-no-desbarate-una-cosecha-bien-planteada","og_locale":"es_ES","og_type":"article","og_title":"EL CAMPO CELEBRA SAN ISIDRO CON LA ESPERANZA DE QUE EL \u00daLTIMO TRAMO NO DESBARATE UNA COSECHA BIEN PLANTEADA - ASAJA Soria","og_description":"En el d\u00eda del Patr\u00f3n, ASAJA advierte que el sector se la juega en las elecciones #9J La cosecha de cereal en Castilla y Le\u00f3n ha llegado en general bien","og_url":"https:\/\/www.asajacyl.com\/soria\/asaja-soria-informa\/el-campo-celebra-san-isidro-con-la-esperanza-de-que-el-ultimo-tramo-no-desbarate-una-cosecha-bien-planteada","og_site_name":"ASAJA Soria","article_published_time":"2024-05-14T12:32:30+00:00","article_modified_time":"2024-05-14T12:32:32+00:00","og_image":[{"width":414,"height":276,"url":"https:\/\/www.asajacyl.com\/soria\/wp-content\/uploads\/sites\/9\/2024\/04\/trigo.jpeg","type":"image\/jpeg"}],"author":"Juan Ignacio Prieto Nieto","twitter_card":"summary_large_image","twitter_misc":{"Escrito por":"Juan Ignacio Prieto Nieto","Tiempo de lectura":"3 minutos"},"schema":{"@context":"https:\/\/schema.org","@graph":[{"@type":"WebPage","@id":"https:\/\/www.asajacyl.com\/soria\/asaja-soria-informa\/el-campo-celebra-san-isidro-con-la-esperanza-de-que-el-ultimo-tramo-no-desbarate-una-cosecha-bien-planteada","url":"https:\/\/www.asajacyl.com\/soria\/asaja-soria-informa\/el-campo-celebra-san-isidro-con-la-esperanza-de-que-el-ultimo-tramo-no-desbarate-una-cosecha-bien-planteada","name":"EL CAMPO CELEBRA SAN ISIDRO CON LA ESPERANZA DE QUE EL \u00daLTIMO TRAMO NO DESBARATE UNA COSECHA BIEN PLANTEADA - ASAJA Soria","isPartOf":{"@id":"https:\/\/www.asajacyl.com\/soria\/#website"},"primaryImageOfPage":{"@id":"https:\/\/www.asajacyl.com\/soria\/asaja-soria-informa\/el-campo-celebra-san-isidro-con-la-esperanza-de-que-el-ultimo-tramo-no-desbarate-una-cosecha-bien-planteada#primaryimage"},"image":{"@id":"https:\/\/www.asajacyl.com\/soria\/asaja-soria-informa\/el-campo-celebra-san-isidro-con-la-esperanza-de-que-el-ultimo-tramo-no-desbarate-una-cosecha-bien-planteada#primaryimage"},"thumbnailUrl":"https:\/\/www.asajacyl.com\/soria\/wp-content\/uploads\/sites\/9\/2024\/04\/trigo.jpeg","datePublished":"2024-05-14T12:32:30+00:00","dateModified":"2024-05-14T12:32:32+00:00","author":{"@id":"https:\/\/www.asajacyl.com\/soria\/#\/schema\/person\/fd3081c40255119ce8133b87e6aedfab"},"description":"En el d\u00eda del Patr\u00f3n, ASAJA advierte que el sector se la juega en las elecciones #9J La cosecha de cereal en Castilla y Le\u00f3n ha llegado en general bien","breadcrumb":{"@id":"https:\/\/www.asajacyl.com\/soria\/asaja-soria-informa\/el-campo-celebra-san-isidro-con-la-esperanza-de-que-el-ultimo-tramo-no-desbarate-una-cosecha-bien-planteada#breadcrumb"},"inLanguage":"es","potentialAction":[{"@type":"ReadAction","target":["https:\/\/www.asajacyl.com\/soria\/asaja-soria-informa\/el-campo-celebra-san-isidro-con-la-esperanza-de-que-el-ultimo-tramo-no-desbarate-una-cosecha-bien-planteada"]}]},{"@type":"ImageObject","inLanguage":"es","@id":"https:\/\/www.asajacyl.com\/soria\/asaja-soria-informa\/el-campo-celebra-san-isidro-con-la-esperanza-de-que-el-ultimo-tramo-no-desbarate-una-cosecha-bien-planteada#primaryimage","url":"https:\/\/www.asajacyl.com\/soria\/wp-content\/uploads\/sites\/9\/2024\/04\/trigo.jpeg","contentUrl":"https:\/\/www.asajacyl.com\/soria\/wp-content\/uploads\/sites\/9\/2024\/04\/trigo.jpeg","width":414,"height":276},{"@type":"BreadcrumbList","@id":"https:\/\/www.asajacyl.com\/soria\/asaja-soria-informa\/el-campo-celebra-san-isidro-con-la-esperanza-de-que-el-ultimo-tramo-no-desbarate-una-cosecha-bien-planteada#breadcrumb","itemListElement":[{"@type":"ListItem","position":1,"name":"Portada","item":"https:\/\/www.asajacyl.com\/soria\/"},{"@type":"ListItem","position":2,"name":"EL CAMPO CELEBRA SAN ISIDRO CON LA ESPERANZA DE QUE EL \u00daLTIMO TRAMO NO DESBARATE UNA COSECHA BIEN PLANTEADA"}]},{"@type":"WebSite","@id":"https:\/\/www.asajacyl.com\/soria\/#website","url":"https:\/\/www.asajacyl.com\/soria\/","name":"ASAJA Soria","description":"Otro sitio m\u00e1s de Provincias ASAJA Castilla y Le\u00f3n","potentialAction":[{"@type":"SearchAction","target":{"@type":"EntryPoint","urlTemplate":"https:\/\/www.asajacyl.com\/soria\/?s={search_term_string}"},"query-input":{"@type":"PropertyValueSpecification","valueRequired":true,"valueName":"search_term_string"}}],"inLanguage":"es"},{"@type":"Person","@id":"https:\/\/www.asajacyl.com\/soria\/#\/schema\/person\/fd3081c40255119ce8133b87e6aedfab","name":"Juan Ignacio Prieto Nieto","image":{"@type":"ImageObject","inLanguage":"es","@id":"https:\/\/www.asajacyl.com\/soria\/#\/schema\/person\/image\/","url":"https:\/\/secure.gravatar.com\/avatar\/8266b36e4d9001acb4700699a2468dc8?s=96&d=mm&r=g","contentUrl":"https:\/\/secure.gravatar.com\/avatar\/8266b36e4d9001acb4700699a2468dc8?s=96&d=mm&r=g","caption":"Juan Ignacio Prieto Nieto"},"url":"https:\/\/www.asajacyl.com\/soria\/author\/juanfranciscoby"}]}},"_links":{"self":[{"href":"https:\/\/www.asajacyl.com\/soria\/wp-json\/wp\/v2\/posts\/8113"}],"collection":[{"href":"https:\/\/www.asajacyl.com\/soria\/wp-json\/wp\/v2\/posts"}],"about":[{"href":"https:\/\/www.asajacyl.com\/soria\/wp-json\/wp\/v2\/types\/post"}],"author":[{"embeddable":true,"href":"https:\/\/www.asajacyl.com\/soria\/wp-json\/wp\/v2\/users\/12"}],"replies":[{"embeddable":true,"href":"https:\/\/www.asajacyl.com\/soria\/wp-json\/wp\/v2\/comments?post=8113"}],"version-history":[{"count":1,"href":"https:\/\/www.asajacyl.com\/soria\/wp-json\/wp\/v2\/posts\/8113\/revisions"}],"predecessor-version":[{"id":8114,"href":"https:\/\/www.asajacyl.com\/soria\/wp-json\/wp\/v2\/posts\/8113\/revisions\/8114"}],"wp:featuredmedia":[{"embeddable":true,"href":"https:\/\/www.asajacyl.com\/soria\/wp-json\/wp\/v2\/media\/8012"}],"wp:attachment":[{"href":"https:\/\/www.asajacyl.com\/soria\/wp-json\/wp\/v2\/media?parent=8113"}],"wp:term":[{"taxonomy":"category","embeddable":true,"href":"https:\/\/www.asajacyl.com\/soria\/wp-json\/wp\/v2\/categories?post=8113"},{"taxonomy":"post_tag","embeddable":true,"href":"https:\/\/www.asajacyl.com\/soria\/wp-json\/wp\/v2\/tags?post=8113"}],"curies":[{"name":"wp","href":"https:\/\/api.w.org\/{rel}","templated":true}]}}